{"id":169063,"date":"2026-01-26T13:51:36","date_gmt":"2026-01-26T16:51:36","guid":{"rendered":"https:\/\/lavras.tv\/site\/?p=169063"},"modified":"2026-01-26T13:51:37","modified_gmt":"2026-01-26T16:51:37","slug":"com-credito-do-bdmg-empresarios-mineiros-iniciam-2026-investindo-para-chegar-a-novos-mercados-e-modernizar-producao","status":"publish","type":"post","link":"https:\/\/lavras.tv\/site\/2026\/01\/26\/com-credito-do-bdmg-empresarios-mineiros-iniciam-2026-investindo-para-chegar-a-novos-mercados-e-modernizar-producao\/","title":{"rendered":"Com cr\u00e9dito do BDMG, empres\u00e1rios mineiros iniciam 2026 investindo para chegar a novos mercados e modernizar produ\u00e7\u00e3o"},"content":{"rendered":"<div class=\"lavra-antes-do-conteudo_2\" id=\"lavra-869545591\"><div id=\"lavra-slider-27\" class=\"custom-slider lavra-slider-4081657245 lavra-slider\"><ul><li><div style=\"margin-left: auto;margin-right: auto;text-align: center;\" id=\"lavra-3260174936\"><a href=\"https:\/\/sistemas.lavras.mg.gov.br\/portalcidadao\/#df1b1a7c7b2a290bcb31e32771e610784662739a88807c0dacac58ede5f391a7530e299dc302d611ee73cb143fc22eaf93592e53e7b5bdb01b00a0b8d28dae460c141dd2ff83412e4dc1c31b16b25f33144a9e5620ea73b13f5bc1c59411d98439ad226e8af03840603796067d87afe130812cf3de24982d0e306f9e61e764e5\" aria-label=\"Lavras-TV&#8211;720x104px (1) (1)\"><img src=\"https:\/\/lavras.tv\/site\/wp-content\/uploads\/2025\/01\/Lavras-TV-720x104px-1-1.png\" alt=\"\"  srcset=\"https:\/\/lavras.tv\/site\/wp-content\/uploads\/2025\/01\/Lavras-TV-720x104px-1-1.png 720w, https:\/\/lavras.tv\/site\/wp-content\/uploads\/2025\/01\/Lavras-TV-720x104px-1-1-470x68.png 470w, https:\/\/lavras.tv\/site\/wp-content\/uploads\/2025\/01\/Lavras-TV-720x104px-1-1-170x25.png 170w, https:\/\/lavras.tv\/site\/wp-content\/uploads\/2025\/01\/Lavras-TV-720x104px-1-1-200x29.png 200w\" sizes=\"(max-width: 720px) 100vw, 720px\" width=\"720\" height=\"104\"  style=\"display: inline-block;\" \/><\/a><\/div><\/li><li><a href=\"https:\/\/sistemas.lavras.mg.gov.br\/portalcidadao\/#df1b1a7c7b2a290bcb31e32771e610784662739a88807c0dacac58ede5f391a7530e299dc302d611ee73cb143fc22eaf93592e53e7b5bdb01b00a0b8d28dae460c141dd2ff83412e4dc1c31b16b25f33144a9e5620ea73b13f5bc1c59411d98439ad226e8af03840603796067d87afe130812cf3de24982d0e306f9e61e764e5\" aria-label=\"Banner_Emprego_PortallavrasTV\"><img src=\"https:\/\/lavras.tv\/site\/wp-content\/uploads\/2025\/03\/Banner_Emprego_PortallavrasTV.png\" alt=\"\"  srcset=\"https:\/\/lavras.tv\/site\/wp-content\/uploads\/2025\/03\/Banner_Emprego_PortallavrasTV.png 720w, https:\/\/lavras.tv\/site\/wp-content\/uploads\/2025\/03\/Banner_Emprego_PortallavrasTV-470x68.png 470w, https:\/\/lavras.tv\/site\/wp-content\/uploads\/2025\/03\/Banner_Emprego_PortallavrasTV-170x25.png 170w, https:\/\/lavras.tv\/site\/wp-content\/uploads\/2025\/03\/Banner_Emprego_PortallavrasTV-200x29.png 200w\" sizes=\"(max-width: 720px) 100vw, 720px\" width=\"720\" height=\"104\"   \/><\/a><\/li><li><a href=\"https:\/\/sistemas.lavras.mg.gov.br\/portalcidadao\/#df1b1a7c7b2a290bcb31e32771e610784662739a88807c0dacac58ede5f391a7530e299dc302d611ee73cb143fc22eaf93592e53e7b5bdb01b00a0b8d28dae460c141dd2ff83412e4dc1c31b16b25f33144a9e5620ea73b13f5bc1c59411d98439ad226e8af03840603796067d87afe130812cf3de24982d0e306f9e61e764e5\" aria-label=\"Banner_Obras_PortallavrasTV\"><img src=\"https:\/\/lavras.tv\/site\/wp-content\/uploads\/2025\/03\/Banner_Obras_PortallavrasTV.png\" alt=\"\"  srcset=\"https:\/\/lavras.tv\/site\/wp-content\/uploads\/2025\/03\/Banner_Obras_PortallavrasTV.png 720w, https:\/\/lavras.tv\/site\/wp-content\/uploads\/2025\/03\/Banner_Obras_PortallavrasTV-470x68.png 470w, https:\/\/lavras.tv\/site\/wp-content\/uploads\/2025\/03\/Banner_Obras_PortallavrasTV-170x25.png 170w, https:\/\/lavras.tv\/site\/wp-content\/uploads\/2025\/03\/Banner_Obras_PortallavrasTV-200x29.png 200w\" sizes=\"(max-width: 720px) 100vw, 720px\" width=\"720\" height=\"104\"   \/><\/a><\/li><li><div style=\"margin-left: auto;margin-right: auto;text-align: center;\" id=\"lavra-406548402\"><a href=\"https:\/\/sistemas.lavras.mg.gov.br\/portalcidadao\/#df1b1a7c7b2a290bcb31e32771e610784662739a88807c0dacac58ede5f391a7530e299dc302d611ee73cb143fc22eaf93592e53e7b5bdb01b00a0b8d28dae460c141dd2ff83412e4dc1c31b16b25f33144a9e5620ea73b13f5bc1c59411d98439ad226e8af03840603796067d87afe130812cf3de24982d0e306f9e61e764e5\" aria-label=\"Banner_Educa\u00e7\u00e3o_PortallavrasTV\"><img src=\"https:\/\/lavras.tv\/site\/wp-content\/uploads\/2025\/01\/Banner_Educacao_PortallavrasTV.png\" alt=\"\"  srcset=\"https:\/\/lavras.tv\/site\/wp-content\/uploads\/2025\/01\/Banner_Educacao_PortallavrasTV.png 720w, https:\/\/lavras.tv\/site\/wp-content\/uploads\/2025\/01\/Banner_Educacao_PortallavrasTV-470x68.png 470w, https:\/\/lavras.tv\/site\/wp-content\/uploads\/2025\/01\/Banner_Educacao_PortallavrasTV-170x25.png 170w, https:\/\/lavras.tv\/site\/wp-content\/uploads\/2025\/01\/Banner_Educacao_PortallavrasTV-200x29.png 200w\" sizes=\"(max-width: 720px) 100vw, 720px\" width=\"720\" height=\"104\"  style=\"display: inline-block;\" \/><\/a><\/div><\/li><li><a href=\"https:\/\/sistemas.lavras.mg.gov.br\/portalcidadao\/#df1b1a7c7b2a290bcb31e32771e610784662739a88807c0dacac58ede5f391a7530e299dc302d611ee73cb143fc22eaf93592e53e7b5bdb01b00a0b8d28dae460c141dd2ff83412e4dc1c31b16b25f33144a9e5620ea73b13f5bc1c59411d98439ad226e8af03840603796067d87afe130812cf3de24982d0e306f9e61e764e5\" aria-label=\"Banner_Sa\u00fade_PortallavrasTV\"><img src=\"https:\/\/lavras.tv\/site\/wp-content\/uploads\/2025\/03\/Banner_Saude_PortallavrasTV.png\" alt=\"\"  srcset=\"https:\/\/lavras.tv\/site\/wp-content\/uploads\/2025\/03\/Banner_Saude_PortallavrasTV.png 720w, https:\/\/lavras.tv\/site\/wp-content\/uploads\/2025\/03\/Banner_Saude_PortallavrasTV-470x68.png 470w, https:\/\/lavras.tv\/site\/wp-content\/uploads\/2025\/03\/Banner_Saude_PortallavrasTV-170x25.png 170w, https:\/\/lavras.tv\/site\/wp-content\/uploads\/2025\/03\/Banner_Saude_PortallavrasTV-200x29.png 200w\" sizes=\"(max-width: 720px) 100vw, 720px\" width=\"720\" height=\"104\"   \/><\/a><\/li><li><div id=\"lavra-3418062853\" style=\"width:720px;height:104px;background-color:#ddd;overflow:scroll;\">\n\t<strong>Sa\u00edda da depura\u00e7\u00e3o de an\u00fancios<\/strong>\n\t<br><br>\n\tO an\u00fancio n\u00e3o \u00e9 exibido na p\u00e1gina<br><br>post atual: Com cr\u00e9dito do BDMG, empres\u00e1rios mineiros iniciam 2026 investindo para chegar a novos mercados e modernizar produ\u00e7\u00e3o, ID: 169063<br><br><span style=\"color: red;\">O post atual n\u00e3o \u00e9 id\u00eantico ao post principal.<\/span><br><br>An\u00fancios: ROXO - TOPO INTERNA - ROTATIVO 2 (197)<br \/>Grupo de an\u00fancios: Princ_Meio01_720x104 (27)<br><br>Condi\u00e7\u00f5es de exibi\u00e7\u00e3o<div style=\"margin-bottom: 20px; white-space: pre-wrap; font-family: monospace; width: 100%; background: #ffe9e9;\"><strong>condi\u00e7\u00f5es gerais<\/strong><table border=\"1\"><thead><tr><th><\/th><th>An\u00fancios<\/th><th>wp_the_query<\/th><\/tr><\/thead><tr><td>is_main_query<\/td><td>1<\/td><td>1<\/td><\/tr><tr><td>is_rest_api<\/td><td>0<\/td><td>1<\/td><\/tr><tr><td>page<\/td><td>0<\/td><td>1<\/td><\/tr><tr><td>numpages<\/td><td>0<\/td><td>1<\/td><\/tr><tr><td>is_archive<\/td><td>1<\/td><td><\/td><\/tr><tr><td>is_search<\/td><td>1<\/td><td><\/td><\/tr><tr><td>is_home<\/td><td>1<\/td><td><\/td><\/tr><tr><td>is_404<\/td><td>1<\/td><td><\/td><\/tr><tr><td>is_attachment<\/td><td>1<\/td><td><\/td><\/tr><tr><td>is_singular<\/td><td>1<\/td><td><\/td><\/tr><tr><td>is_front_page<\/td><td>1<\/td><td><\/td><\/tr><tr><td>is_feed<\/td><td>1<\/td><td><\/td><\/tr><\/table><\/div><br><br><span style=\"color: red;\">Seu site usa HTTPS, mas o c\u00f3digo do an\u00fancio cont\u00e9m HTTP e pode n\u00e3o funcionar.<\/span>\t<br><br>\n\t<a style=\"color: green;\" href=\"https:\/\/wpadvancedads.com\/manual\/ad-debug-mode\/?utm_source=advanced-ads&utm_medium=link&utm_campaign=ad-debug-mode\" target=\"_blank\" rel=\"nofollow\">Encontre solu\u00e7\u00f5es no manual<\/a>\n<\/div>\n<\/li><\/ul><\/div><script>( window.advanced_ads_ready || jQuery( document ).ready ).call( null, function() {var $lavraslider4081657245 = jQuery( \".lavra-slider-4081657245\" );$lavraslider4081657245.on( \"unslider.ready\", function() { jQuery( \"div.custom-slider ul li\" ).css( \"display\", \"block\" ); });$lavraslider4081657245.unslider({ delay:4000, autoplay:true, nav:false, arrows:false, infinite:true });$lavraslider4081657245.on(\"mouseover\", function() {$lavraslider4081657245.unslider(\"stop\");}).on(\"mouseout\", function() {$lavraslider4081657245.unslider(\"start\");});});<\/script><\/div>\n<h2 class=\"wp-block-heading\">A ISF Consultoria Empresarial \u00e9 uma das empresas que come\u00e7a o ano projetando crescer;&nbsp;banco liberou R$ 4,38 bilh\u00f5es em financiamentos em 2025<\/h2>\n\n\n\n<p><img decoding=\"async\" alt=\"imagem de destaque\" class=\"\" src=\"https:\/\/www.agenciaminas.mg.gov.br\/system\/news\/images\/000\/128\/811\/large\/88e6618a-0c02-457c-ad29-53e0130b148caeeeeee.jpg?1769199426\">ISF \/ Divulga\u00e7\u00e3o<\/p>\n\n\n\n<p>Ampliar o faturamento, alcan\u00e7ar novos mercados e modernizar as estruturas s\u00e3o alguns dos projetos das empresas mineiras que iniciam 2026 turbinando os neg\u00f3cios a partir do cr\u00e9dito do&nbsp;<a href=\"https:\/\/www.bdmg.mg.gov.br\/\">Banco de Desenvolvimento de Minas Gerais (BDMG)<\/a>. Para a ISF Consultoria Empresarial, o cr\u00e9dito rec\u00e9m-contratado foi decisivo para aprimorar os sistemas de solu\u00e7\u00f5es digitais da empresa, localizada em Belo Horizonte, e que projeta crescer 30% o faturamento em rela\u00e7\u00e3o a 2025.<\/p>\n\n\n\n<figure class=\"wp-block-image\"><img decoding=\"async\" src=\"https:\/\/www.agenciaminas.mg.gov.br\/ckeditor_assets\/pictures\/23820\/content_marceloaaa.jpg\" alt=\"\"\/><figcaption class=\"wp-element-caption\"><em><sup>Marcelo de Castro:&nbsp;\u201cNosso maior objetivo em 2026 \u00e9 ser refer\u00eancia regional em solu\u00e7\u00f5es r\u00e1pidas para quest\u00f5es complexas, com foco nas m\u00e9dias empresas&#8221;. Cr\u00e9dito: ISF \/ Divulga\u00e7\u00e3o<\/sup><\/em><\/figcaption><\/figure>\n\n\n\n<p>Os financiamentos no come\u00e7o do ano est\u00e3o em linha com o cen\u00e1rio positivo registrado pelo BDMG e de fortalecimento ao setor produtivo do estado. O banco fechou 2025 com a marca in\u00e9dita de R$ 4,38 bilh\u00f5es em cr\u00e9ditos liberados a quase 6 mil empresas de todos os portes e prefeituras, volume 23% superior ao \u00faltimo ano.<\/p>\n\n\n\n<p>\u201cO cr\u00e9dito do BDMG \u00e9 um instrumento estrat\u00e9gico para impulsionar o crescimento das empresas mineiras, permitindo investimentos em inova\u00e7\u00e3o, moderniza\u00e7\u00e3o e expans\u00e3o dos neg\u00f3cios. Os resultados alcan\u00e7ados em 2025 demonstram a confian\u00e7a dos empreendedores e o papel do banco no fortalecimento da economia de Minas Gerais, com apoio a empresas de todos os portes e aos munic\u00edpios\u201d, destacou a secret\u00e1ria de Estado de&nbsp;<a href=\"https:\/\/desenvolvimento.mg.gov.br\/\">Desenvolvimento Econ\u00f4mico<\/a>, Mila Corr\u00eaa da Costa.<\/p>\n\n\n\n<p>\u201cAs empresas mostram resili\u00eancia e investem para crescer com seguran\u00e7a e sustentabilidade. Ano a ano o BDMG apresenta um portf\u00f3lio com produtos que viabilizam solu\u00e7\u00f5es acess\u00edveis e adequadas para o dinamismo dos empres\u00e1rios e da economia mineira\u201d, afirma o presidente Gabriel Vi\u00e9gas Neto.<\/p>\n\n\n\n<p><strong>Cr\u00e9dito promissor<\/strong><\/p>\n\n\n\n<p>O cr\u00e9dito do BDMG permitiu que a ISF Consultoria Empresarial, empresa de pequeno porte, investisse na evolu\u00e7\u00e3o dos seus sistemas de solu\u00e7\u00f5es digitais, ferramentas essenciais para o trabalho que desenvolve.<\/p>\n\n\n\n<p>A partir da an\u00e1lise de dados, a consultora mapeia tend\u00eancias de mercado, identifica oportunidades de capta\u00e7\u00e3o de recursos, caminhos para a redu\u00e7\u00e3o de custos, entre outras estrat\u00e9gias de crescimento para os clientes.<\/p>\n\n\n\n<p>O s\u00f3cio Marcelo Batista de Castro conta que as melhorias implementadas ap\u00f3s a contrata\u00e7\u00e3o do cr\u00e9dito no final de 2025 j\u00e1 geram resultados, como a amplia\u00e7\u00e3o da carteira de clientes, a otimiza\u00e7\u00e3o de processos, al\u00e9m de maior agilidade nos servi\u00e7os.<\/p>\n\n\n\n<p>\u201cNosso maior objetivo em 2026 \u00e9 ser refer\u00eancia regional em solu\u00e7\u00f5es r\u00e1pidas para quest\u00f5es complexas, com foco nas m\u00e9dias empresas. A partir dos investimentos, fechamos novas parcerias com institui\u00e7\u00f5es financeiras e empresas de tecnologia, o que potencializou o alcance e a efetividade das nossas ferramentas\u201d, pontua Castro.<\/p>\n","protected":false},"excerpt":{"rendered":"<p>A ISF Consultoria Empresarial \u00e9 uma das empresas que come\u00e7a o ano projetando crescer;&nbsp;banco liberou R$ 4,38 bilh\u00f5es em financiamentos em 2025 ISF \/ Divulga\u00e7\u00e3o Ampliar o faturamento, alcan\u00e7ar novos mercados e modernizar as estruturas s\u00e3o alguns dos projetos das empresas mineiras que iniciam 2026 turbinando os neg\u00f3cios a partir do cr\u00e9dito do&nbsp;Banco de Desenvolvimento [&hellip;]<\/p>\n","protected":false},"author":5,"featured_media":169064,"comment_status":"closed","ping_status":"open","sticky":false,"template":"","format":"standard","meta":{"advgb_blocks_editor_width":"","advgb_blocks_columns_visual_guide":"","_exactmetrics_skip_tracking":false,"_exactmetrics_sitenote_active":false,"_exactmetrics_sitenote_note":"","_exactmetrics_sitenote_category":0,"footnotes":""},"categories":[7,2],"tags":[],"class_list":["post-169063","post","type-post","status-publish","format-standard","has-post-thumbnail","hentry","category-destaques","category-noticias"],"better_featured_image":{"id":169064,"alt_text":"","caption":"","description":"","media_type":"image","media_details":{"width":940,"height":350,"file":"2026\/01\/88e6618a-0c02-457c-ad29-53e0130b148caeeeeee.jpg","filesize":155344,"sizes":{"medium":{"file":"88e6618a-0c02-457c-ad29-53e0130b148caeeeeee-470x175.jpg","width":470,"height":175,"mime-type":"image\/jpeg","filesize":12122,"source_url":"https:\/\/lavras.tv\/site\/wp-content\/uploads\/2026\/01\/88e6618a-0c02-457c-ad29-53e0130b148caeeeeee-470x175.jpg"},"thumbnail":{"file":"88e6618a-0c02-457c-ad29-53e0130b148caeeeeee-170x63.jpg","width":170,"height":63,"mime-type":"image\/jpeg","filesize":3316,"source_url":"https:\/\/lavras.tv\/site\/wp-content\/uploads\/2026\/01\/88e6618a-0c02-457c-ad29-53e0130b148caeeeeee-170x63.jpg"},"alm-thumbnail":{"file":"88e6618a-0c02-457c-ad29-53e0130b148caeeeeee-150x150.jpg","width":150,"height":150,"mime-type":"image\/jpeg","filesize":4610,"source_url":"https:\/\/lavras.tv\/site\/wp-content\/uploads\/2026\/01\/88e6618a-0c02-457c-ad29-53e0130b148caeeeeee-150x150.jpg"},"sow-carousel-default":{"file":"88e6618a-0c02-457c-ad29-53e0130b148caeeeeee-272x182.jpg","width":272,"height":182,"mime-type":"image\/jpeg","filesize":8393,"source_url":"https:\/\/lavras.tv\/site\/wp-content\/uploads\/2026\/01\/88e6618a-0c02-457c-ad29-53e0130b148caeeeeee-272x182.jpg"}},"image_meta":{"aperture":"0","credit":"","camera":"","caption":"","created_timestamp":"0","copyright":"","focal_length":"0","iso":"0","shutter_speed":"0","title":"","orientation":"0","keywords":[]}},"post":169063,"source_url":"https:\/\/lavras.tv\/site\/wp-content\/uploads\/2026\/01\/88e6618a-0c02-457c-ad29-53e0130b148caeeeeee.jpg"},"author_meta":{"display_name":"Vinicius Bustamante","author_link":"https:\/\/lavras.tv\/site\/author\/vinicius-bustamante\/"},"featured_img":"https:\/\/lavras.tv\/site\/wp-content\/uploads\/2026\/01\/88e6618a-0c02-457c-ad29-53e0130b148caeeeeee-470x175.jpg","coauthors":[],"tax_additional":{"categories":{"linked":["<a href=\"https:\/\/lavras.tv\/site\/category\/destaques\/\" class=\"advgb-post-tax-term\">Destaques<\/a>","<a href=\"https:\/\/lavras.tv\/site\/category\/noticias\/\" class=\"advgb-post-tax-term\">Not\u00edcias<\/a>"],"unlinked":["<span class=\"advgb-post-tax-term\">Destaques<\/span>","<span class=\"advgb-post-tax-term\">Not\u00edcias<\/span>"]}},"comment_count":"0","relative_dates":{"created":"Publicado 3 meses atr\u00e1s","modified":"Atualizado 3 meses atr\u00e1s"},"absolute_dates":{"created":"Publicado em 26 de janeiro de 2026","modified":"Atualizado em 26 de janeiro de 2026"},"absolute_dates_time":{"created":"Publicado em 26 de janeiro de 2026 13:51","modified":"Atualizado em 26 de janeiro de 2026 13:51"},"featured_img_caption":"","series_order":"","_links":{"self":[{"href":"https:\/\/lavras.tv\/site\/wp-json\/wp\/v2\/posts\/169063","targetHints":{"allow":["GET"]}}],"collection":[{"href":"https:\/\/lavras.tv\/site\/wp-json\/wp\/v2\/posts"}],"about":[{"href":"https:\/\/lavras.tv\/site\/wp-json\/wp\/v2\/types\/post"}],"author":[{"embeddable":true,"href":"https:\/\/lavras.tv\/site\/wp-json\/wp\/v2\/users\/5"}],"replies":[{"embeddable":true,"href":"https:\/\/lavras.tv\/site\/wp-json\/wp\/v2\/comments?post=169063"}],"version-history":[{"count":1,"href":"https:\/\/lavras.tv\/site\/wp-json\/wp\/v2\/posts\/169063\/revisions"}],"predecessor-version":[{"id":169065,"href":"https:\/\/lavras.tv\/site\/wp-json\/wp\/v2\/posts\/169063\/revisions\/169065"}],"wp:featuredmedia":[{"embeddable":true,"href":"https:\/\/lavras.tv\/site\/wp-json\/wp\/v2\/media\/169064"}],"wp:attachment":[{"href":"https:\/\/lavras.tv\/site\/wp-json\/wp\/v2\/media?parent=169063"}],"wp:term":[{"taxonomy":"category","embeddable":true,"href":"https:\/\/lavras.tv\/site\/wp-json\/wp\/v2\/categories?post=169063"},{"taxonomy":"post_tag","embeddable":true,"href":"https:\/\/lavras.tv\/site\/wp-json\/wp\/v2\/tags?post=169063"}],"curies":[{"name":"wp","href":"https:\/\/api.w.org\/{rel}","templated":true}]}}