{"id":169083,"date":"2026-01-28T13:22:18","date_gmt":"2026-01-28T16:22:18","guid":{"rendered":"https:\/\/lavras.tv\/site\/?p=169083"},"modified":"2026-01-28T13:22:19","modified_gmt":"2026-01-28T16:22:19","slug":"as-vesperas-de-privatizacao-copasa-recebe-o-dobro-de-recursos-gastos-em-anos-anteriores","status":"publish","type":"post","link":"https:\/\/lavras.tv\/site\/2026\/01\/28\/as-vesperas-de-privatizacao-copasa-recebe-o-dobro-de-recursos-gastos-em-anos-anteriores\/","title":{"rendered":"\u00c0s v\u00e9speras de privatiza\u00e7\u00e3o, Copasa recebe o dobro de recursos gastos em anos anteriores"},"content":{"rendered":"<div class=\"lavra-antes-do-conteudo_2\" id=\"lavra-2602906111\"><div id=\"lavra-slider-27\" class=\"custom-slider lavra-slider-2992429091 lavra-slider\"><ul><li><div style=\"margin-left: auto;margin-right: auto;text-align: center;\" id=\"lavra-1290784674\"><a href=\"https:\/\/sistemas.lavras.mg.gov.br\/portalcidadao\/#df1b1a7c7b2a290bcb31e32771e610784662739a88807c0dacac58ede5f391a7530e299dc302d611ee73cb143fc22eaf93592e53e7b5bdb01b00a0b8d28dae460c141dd2ff83412e4dc1c31b16b25f33144a9e5620ea73b13f5bc1c59411d98439ad226e8af03840603796067d87afe130812cf3de24982d0e306f9e61e764e5\" aria-label=\"Lavras-TV&#8211;720x104px (1) (1)\"><img src=\"https:\/\/lavras.tv\/site\/wp-content\/uploads\/2025\/01\/Lavras-TV-720x104px-1-1.png\" alt=\"\"  srcset=\"https:\/\/lavras.tv\/site\/wp-content\/uploads\/2025\/01\/Lavras-TV-720x104px-1-1.png 720w, https:\/\/lavras.tv\/site\/wp-content\/uploads\/2025\/01\/Lavras-TV-720x104px-1-1-470x68.png 470w, https:\/\/lavras.tv\/site\/wp-content\/uploads\/2025\/01\/Lavras-TV-720x104px-1-1-170x25.png 170w, https:\/\/lavras.tv\/site\/wp-content\/uploads\/2025\/01\/Lavras-TV-720x104px-1-1-200x29.png 200w\" sizes=\"(max-width: 720px) 100vw, 720px\" width=\"720\" height=\"104\"  style=\"display: inline-block;\" \/><\/a><\/div><\/li><li><a href=\"https:\/\/sistemas.lavras.mg.gov.br\/portalcidadao\/#df1b1a7c7b2a290bcb31e32771e610784662739a88807c0dacac58ede5f391a7530e299dc302d611ee73cb143fc22eaf93592e53e7b5bdb01b00a0b8d28dae460c141dd2ff83412e4dc1c31b16b25f33144a9e5620ea73b13f5bc1c59411d98439ad226e8af03840603796067d87afe130812cf3de24982d0e306f9e61e764e5\" aria-label=\"Banner_Emprego_PortallavrasTV\"><img src=\"https:\/\/lavras.tv\/site\/wp-content\/uploads\/2025\/03\/Banner_Emprego_PortallavrasTV.png\" alt=\"\"  srcset=\"https:\/\/lavras.tv\/site\/wp-content\/uploads\/2025\/03\/Banner_Emprego_PortallavrasTV.png 720w, https:\/\/lavras.tv\/site\/wp-content\/uploads\/2025\/03\/Banner_Emprego_PortallavrasTV-470x68.png 470w, https:\/\/lavras.tv\/site\/wp-content\/uploads\/2025\/03\/Banner_Emprego_PortallavrasTV-170x25.png 170w, https:\/\/lavras.tv\/site\/wp-content\/uploads\/2025\/03\/Banner_Emprego_PortallavrasTV-200x29.png 200w\" sizes=\"(max-width: 720px) 100vw, 720px\" width=\"720\" height=\"104\"   \/><\/a><\/li><li><a href=\"https:\/\/sistemas.lavras.mg.gov.br\/portalcidadao\/#df1b1a7c7b2a290bcb31e32771e610784662739a88807c0dacac58ede5f391a7530e299dc302d611ee73cb143fc22eaf93592e53e7b5bdb01b00a0b8d28dae460c141dd2ff83412e4dc1c31b16b25f33144a9e5620ea73b13f5bc1c59411d98439ad226e8af03840603796067d87afe130812cf3de24982d0e306f9e61e764e5\" aria-label=\"Banner_Obras_PortallavrasTV\"><img src=\"https:\/\/lavras.tv\/site\/wp-content\/uploads\/2025\/03\/Banner_Obras_PortallavrasTV.png\" alt=\"\"  srcset=\"https:\/\/lavras.tv\/site\/wp-content\/uploads\/2025\/03\/Banner_Obras_PortallavrasTV.png 720w, https:\/\/lavras.tv\/site\/wp-content\/uploads\/2025\/03\/Banner_Obras_PortallavrasTV-470x68.png 470w, https:\/\/lavras.tv\/site\/wp-content\/uploads\/2025\/03\/Banner_Obras_PortallavrasTV-170x25.png 170w, https:\/\/lavras.tv\/site\/wp-content\/uploads\/2025\/03\/Banner_Obras_PortallavrasTV-200x29.png 200w\" sizes=\"(max-width: 720px) 100vw, 720px\" width=\"720\" height=\"104\"   \/><\/a><\/li><li><div style=\"margin-left: auto;margin-right: auto;text-align: center;\" id=\"lavra-4254507829\"><a href=\"https:\/\/sistemas.lavras.mg.gov.br\/portalcidadao\/#df1b1a7c7b2a290bcb31e32771e610784662739a88807c0dacac58ede5f391a7530e299dc302d611ee73cb143fc22eaf93592e53e7b5bdb01b00a0b8d28dae460c141dd2ff83412e4dc1c31b16b25f33144a9e5620ea73b13f5bc1c59411d98439ad226e8af03840603796067d87afe130812cf3de24982d0e306f9e61e764e5\" aria-label=\"Banner_Educa\u00e7\u00e3o_PortallavrasTV\"><img src=\"https:\/\/lavras.tv\/site\/wp-content\/uploads\/2025\/01\/Banner_Educacao_PortallavrasTV.png\" alt=\"\"  srcset=\"https:\/\/lavras.tv\/site\/wp-content\/uploads\/2025\/01\/Banner_Educacao_PortallavrasTV.png 720w, https:\/\/lavras.tv\/site\/wp-content\/uploads\/2025\/01\/Banner_Educacao_PortallavrasTV-470x68.png 470w, https:\/\/lavras.tv\/site\/wp-content\/uploads\/2025\/01\/Banner_Educacao_PortallavrasTV-170x25.png 170w, https:\/\/lavras.tv\/site\/wp-content\/uploads\/2025\/01\/Banner_Educacao_PortallavrasTV-200x29.png 200w\" sizes=\"(max-width: 720px) 100vw, 720px\" width=\"720\" height=\"104\"  style=\"display: inline-block;\" \/><\/a><\/div><\/li><li><a href=\"https:\/\/sistemas.lavras.mg.gov.br\/portalcidadao\/#df1b1a7c7b2a290bcb31e32771e610784662739a88807c0dacac58ede5f391a7530e299dc302d611ee73cb143fc22eaf93592e53e7b5bdb01b00a0b8d28dae460c141dd2ff83412e4dc1c31b16b25f33144a9e5620ea73b13f5bc1c59411d98439ad226e8af03840603796067d87afe130812cf3de24982d0e306f9e61e764e5\" aria-label=\"Banner_Sa\u00fade_PortallavrasTV\"><img src=\"https:\/\/lavras.tv\/site\/wp-content\/uploads\/2025\/03\/Banner_Saude_PortallavrasTV.png\" alt=\"\"  srcset=\"https:\/\/lavras.tv\/site\/wp-content\/uploads\/2025\/03\/Banner_Saude_PortallavrasTV.png 720w, https:\/\/lavras.tv\/site\/wp-content\/uploads\/2025\/03\/Banner_Saude_PortallavrasTV-470x68.png 470w, https:\/\/lavras.tv\/site\/wp-content\/uploads\/2025\/03\/Banner_Saude_PortallavrasTV-170x25.png 170w, https:\/\/lavras.tv\/site\/wp-content\/uploads\/2025\/03\/Banner_Saude_PortallavrasTV-200x29.png 200w\" sizes=\"(max-width: 720px) 100vw, 720px\" width=\"720\" height=\"104\"   \/><\/a><\/li><li><div id=\"lavra-2806703022\" style=\"width:720px;height:104px;background-color:#ddd;overflow:scroll;\">\n\t<strong>Sa\u00edda da depura\u00e7\u00e3o de an\u00fancios<\/strong>\n\t<br><br>\n\tO an\u00fancio n\u00e3o \u00e9 exibido na p\u00e1gina<br><br>post atual: \u00c0s v\u00e9speras de privatiza\u00e7\u00e3o, Copasa recebe o dobro de recursos gastos em anos anteriores, ID: 169083<br><br><span style=\"color: red;\">O post atual n\u00e3o \u00e9 id\u00eantico ao post principal.<\/span><br><br>An\u00fancios: ROXO - TOPO INTERNA - ROTATIVO 2 (197)<br \/>Grupo de an\u00fancios: Princ_Meio01_720x104 (27)<br><br>Condi\u00e7\u00f5es de exibi\u00e7\u00e3o<div style=\"margin-bottom: 20px; white-space: pre-wrap; font-family: monospace; width: 100%; background: #ffe9e9;\"><strong>condi\u00e7\u00f5es gerais<\/strong><table border=\"1\"><thead><tr><th><\/th><th>An\u00fancios<\/th><th>wp_the_query<\/th><\/tr><\/thead><tr><td>is_main_query<\/td><td>1<\/td><td>1<\/td><\/tr><tr><td>is_rest_api<\/td><td>0<\/td><td>1<\/td><\/tr><tr><td>page<\/td><td>0<\/td><td>1<\/td><\/tr><tr><td>numpages<\/td><td>0<\/td><td>1<\/td><\/tr><tr><td>is_archive<\/td><td>1<\/td><td><\/td><\/tr><tr><td>is_search<\/td><td>1<\/td><td><\/td><\/tr><tr><td>is_home<\/td><td>1<\/td><td><\/td><\/tr><tr><td>is_404<\/td><td>1<\/td><td><\/td><\/tr><tr><td>is_attachment<\/td><td>1<\/td><td><\/td><\/tr><tr><td>is_singular<\/td><td>1<\/td><td><\/td><\/tr><tr><td>is_front_page<\/td><td>1<\/td><td><\/td><\/tr><tr><td>is_feed<\/td><td>1<\/td><td><\/td><\/tr><\/table><\/div><br><br><span style=\"color: red;\">Seu site usa HTTPS, mas o c\u00f3digo do an\u00fancio cont\u00e9m HTTP e pode n\u00e3o funcionar.<\/span>\t<br><br>\n\t<a style=\"color: green;\" href=\"https:\/\/wpadvancedads.com\/manual\/ad-debug-mode\/?utm_source=advanced-ads&utm_medium=link&utm_campaign=ad-debug-mode\" target=\"_blank\" rel=\"nofollow\">Encontre solu\u00e7\u00f5es no manual<\/a>\n<\/div>\n<\/li><\/ul><\/div><script>( window.advanced_ads_ready || jQuery( document ).ready ).call( null, function() {var $lavraslider2992429091 = jQuery( \".lavra-slider-2992429091\" );$lavraslider2992429091.on( \"unslider.ready\", function() { jQuery( \"div.custom-slider ul li\" ).css( \"display\", \"block\" ); });$lavraslider2992429091.unslider({ delay:4000, autoplay:true, nav:false, arrows:false, infinite:true });$lavraslider2992429091.on(\"mouseover\", function() {$lavraslider2992429091.unslider(\"stop\");}).on(\"mouseout\", function() {$lavraslider2992429091.unslider(\"start\");});});<\/script><\/div>\n<h2 class=\"wp-block-heading\">Investimentos divulgados no Di\u00e1rio Oficial entre novembro de 2025 e janeiro deste ano chegam a R$ 1,6 bilh\u00e3o e n\u00e3o passaram dos R$ 810 milh\u00f5es no mesmo per\u00edodo nos dois anos anteriores<\/h2>\n\n\n\n<p><img fetchpriority=\"high\" decoding=\"async\" alt=\"Privatiza\u00e7\u00e3o da Copasa foi aprovada na Assembleia em dezembro e empresa prepara efetiva\u00e7\u00e3o da desestatiza\u00e7\u00e3o \" width=\"1000\" height=\"563\" src=\"https:\/\/medias.itatiaia.com.br\/dims4\/default\/813ebfa\/2147483647\/strip\/true\/crop\/3837x2160+2+0\/resize\/1000x563!\/quality\/90\/?url=https%3A%2F%2Fk2-prod-radio-itatiaia.s3.us-east-1.amazonaws.com%2Fbrightspot%2F33%2F93%2F19115a854258aa8faba9fda7ac61%2Fcopasa.jpg\"><\/p>\n\n\n\n<p>Copasa | Reprodu\u00e7\u00e3o<\/p>\n\n\n\n<p>Privatiza\u00e7\u00e3o da Copasa foi aprovada na Assembleia em dezembro e empresa prepara efetiva\u00e7\u00e3o da desestatiza\u00e7\u00e3o<\/p>\n\n\n\n<p>Desde que a&nbsp;<a href=\"https:\/\/www.itatiaia.com.br\/politica\/almg-aprova-em-definitivo-projeto-que-preve-a-privatizacao-da-copasa\"><strong>privatiza\u00e7\u00e3o da Copasa<\/strong><\/a>&nbsp;chegou ao plen\u00e1rio da Assembleia Legislativa de Minas Gerais (ALMG) em primeiro turno,<a href=\"https:\/\/www.itatiaia.com.br\/politica\/privatizacao-da-copasa-aprovada-em-1-turno-veja-como-votou-cada-deputado-estadual\"><strong>em novembro do ano passado<\/strong><\/a>, os investimentos feitos na companhia somaram mais de R$ 1,6 bilh\u00e3o. As cifras foram registradas a partir das publica\u00e7\u00f5es feitas no Di\u00e1rio Oficial do estado e simbolizam o dobro do registrado no mesmo per\u00edodo dos dois anos anteriores.<\/p>\n\n\n\n<p>Entre novembro de 2023 e 20 de janeiro de 2024, os investimentos registrados somaram R$ 802,8 milh\u00f5es. J\u00e1 de novembro de 2024 a 20 de janeiro de 2025, as cifras chegaram a R$ 729,2 milh\u00f5es. O aumento dos valores se d\u00e1 em um momento em que a empresa se prepara para a entrega da estrutura \u00e0 iniciativa privada, o que deve ocorrer ainda no primeiro semestre deste ano, segundo as previs\u00f5es da Copasa.<\/p>\n\n\n\n<p>A Copasa afirma que o aumento nos valores fazem parte de um programa de universaliza\u00e7\u00e3o do saneamento b\u00e1sico em Minas e n\u00e3o est\u00e1 relacionado a nenhuma obriga\u00e7\u00e3o contratual atrelada \u00e0 privatiza\u00e7\u00e3o.<\/p>\n\n\n\n<p>Em nota enviada, a Copasa afirma que os recursos aplicados na companhia refletem um movimento planejado de intensifica\u00e7\u00e3o das atividades e da capacidade de execu\u00e7\u00e3o da empresa.<\/p>\n\n\n\n<p>\u201cConfirmando essa tend\u00eancia de crescimento robusto, o Conselho de Administra\u00e7\u00e3o aprovou, em dezembro de 2025, um Programa de Investimentos na ordem de R$ 3,1 bilh\u00f5es previstos especificamente para o exerc\u00edcio de 2026. Este ciclo de expans\u00e3o projeta, inclusive, um aumento progressivo dos aportes para os pr\u00f3ximos anos, com estimativas que partem de R$ 3,9 bilh\u00f5es em 2027 e chegam a R$ 4,8 bilh\u00f5es em 2028\u201d, diz trecho da nota.<\/p>\n\n\n\n<p>A companhia ainda afirma que a designa\u00e7\u00e3o de recursos n\u00e3o tem v\u00ednculo com os processos de privatiza\u00e7\u00e3o e atende ao cumprimento de exig\u00eancias regulat\u00f3rias e operacionais. Segundo a Copasa, os investimentos t\u00eam como objetivo priorit\u00e1rio a universaliza\u00e7\u00e3o dos servi\u00e7os de esgotamento sanit\u00e1rio, em conformidade com o Novo Marco do Saneamento.<\/p>\n\n\n\n<h2 class=\"wp-block-heading\"><strong>O processo de privatiza\u00e7\u00e3o<\/strong><\/h2>\n\n\n\n<p>Defendido como uma forma de obter recursos para adequa\u00e7\u00e3o aos moldes do Programa de Pleno Pagamento de D\u00edvidas dos Estados (Propag), o processo de privatiza\u00e7\u00e3o da Copasa foi o mais longo e conturbado na Assembleia Legislativa de Minas Gerais (ALMG) durante o ano de 2025.<\/p>\n\n\n\n<p>O PL 4.380\/2025, em que o governador Romeu Zema (Novo) apresentou \u00e0 ALMG sua ideia de privatizar a companhia de saneamento, teve sua tramita\u00e7\u00e3o precedida por uma&nbsp;<a href=\"https:\/\/www.itatiaia.com.br\/politica\/zema-avanca-com-privatizacao-da-copasa-apos-voto-de-engler-analisado-no-var\" target=\"_blank\" rel=\"noreferrer noopener\"><strong><u>atribulada discuss\u00e3o da Proposta de Emenda \u00e0 Constitui\u00e7\u00e3o (PEC) 24\/2023<\/u><\/strong><\/a>. Tamb\u00e9m de autoria do Executivo, o texto derrubou a exig\u00eancia de um referendo popular para autorizar a privatiza\u00e7\u00e3o da Copasa.<\/p>\n\n\n\n<p>Com esfor\u00e7os de postergar a vota\u00e7\u00e3o e evitar a venda da companhia, a oposi\u00e7\u00e3o a Zema na Assembleia conseguiu fazer a discuss\u00e3o se arrastar por meses na Assembleia, mas a&nbsp;<a href=\"https:\/\/www.itatiaia.com.br\/politica\/assembleia-aprova-privatizacao-da-copasa-veja-como-votou-cada-deputado\" target=\"_blank\" rel=\"noreferrer noopener\"><strong><u>base governista logrou \u00eaxito na venda da empresa<\/u><\/strong><\/a>.<\/p>\n\n\n\n<h2 class=\"wp-block-heading\"><strong>Os investimentos<\/strong><\/h2>\n\n\n\n<p>Entre novembro do ano passado e 20 de janeiro de 2026, metade dos investimentos na Copasa descritos em publica\u00e7\u00f5es no Di\u00e1rio Oficial versam sobre a&nbsp;<a href=\"https:\/\/www.itatiaia.com.br\/politica\/zema-privatizacao-da-copasa-vai-permitir-universalizacao-do-saneamento-em-mg\"><strong>universaliza\u00e7\u00e3o dos servi\u00e7os de saneamento<\/strong><\/a>. Para essa finalidade, os decretos de cr\u00e9ditos suplementares do estado somam R$ 832 milh\u00f5es.<\/p>\n\n\n\n<p>O restante dos investimentos est\u00e3o divididos em a\u00e7\u00f5es descritas como adequa\u00e7\u00e3o da infraestrutura administrativa e operacional; subs\u00eddios tarif\u00e1rios; conv\u00eanios com a Cemig; aquisi\u00e7\u00e3o de hidr\u00f4metros e a compra de artefatos como tubos de a\u00e7o carbono, cloro l\u00edquido e policloreto de alum\u00ednio.<\/p>\n","protected":false},"excerpt":{"rendered":"<p>Investimentos divulgados no Di\u00e1rio Oficial entre novembro de 2025 e janeiro deste ano chegam a R$ 1,6 bilh\u00e3o e n\u00e3o passaram dos R$ 810 milh\u00f5es no mesmo per\u00edodo nos dois anos anteriores Copasa | Reprodu\u00e7\u00e3o Privatiza\u00e7\u00e3o da Copasa foi aprovada na Assembleia em dezembro e empresa prepara efetiva\u00e7\u00e3o da desestatiza\u00e7\u00e3o Desde que a&nbsp;privatiza\u00e7\u00e3o da Copasa&nbsp;chegou [&hellip;]<\/p>\n","protected":false},"author":5,"featured_media":169084,"comment_status":"closed","ping_status":"open","sticky":false,"template":"","format":"standard","meta":{"advgb_blocks_editor_width":"","advgb_blocks_columns_visual_guide":"","_exactmetrics_skip_tracking":false,"_exactmetrics_sitenote_active":false,"_exactmetrics_sitenote_note":"","_exactmetrics_sitenote_category":0,"footnotes":""},"categories":[7,2],"tags":[],"class_list":["post-169083","post","type-post","status-publish","format-standard","has-post-thumbnail","hentry","category-destaques","category-noticias"],"better_featured_image":{"id":169084,"alt_text":"","caption":"","description":"","media_type":"image","media_details":{"width":1000,"height":563,"file":"2026\/01\/download-5-2.webp","filesize":166806,"sizes":{"medium":{"file":"download-5-2-470x265.webp","width":470,"height":265,"mime-type":"image\/webp","filesize":34748,"source_url":"https:\/\/lavras.tv\/site\/wp-content\/uploads\/2026\/01\/download-5-2-470x265.webp"},"large":{"file":"download-5-2-970x546.webp","width":970,"height":546,"mime-type":"image\/webp","filesize":105474,"source_url":"https:\/\/lavras.tv\/site\/wp-content\/uploads\/2026\/01\/download-5-2-970x546.webp"},"thumbnail":{"file":"download-5-2-170x96.webp","width":170,"height":96,"mime-type":"image\/webp","filesize":6506,"source_url":"https:\/\/lavras.tv\/site\/wp-content\/uploads\/2026\/01\/download-5-2-170x96.webp"},"alm-thumbnail":{"file":"download-5-2-150x150.webp","width":150,"height":150,"mime-type":"image\/webp","filesize":7982,"source_url":"https:\/\/lavras.tv\/site\/wp-content\/uploads\/2026\/01\/download-5-2-150x150.webp"},"sow-carousel-default":{"file":"download-5-2-272x182.webp","width":272,"height":182,"mime-type":"image\/webp","filesize":15704,"source_url":"https:\/\/lavras.tv\/site\/wp-content\/uploads\/2026\/01\/download-5-2-272x182.webp"}},"image_meta":{"aperture":"0","credit":"","camera":"","caption":"","created_timestamp":"0","copyright":"","focal_length":"0","iso":"0","shutter_speed":"0","title":"","orientation":"0","keywords":[]}},"post":169083,"source_url":"https:\/\/lavras.tv\/site\/wp-content\/uploads\/2026\/01\/download-5-2.webp"},"author_meta":{"display_name":"Vinicius Bustamante","author_link":"https:\/\/lavras.tv\/site\/author\/vinicius-bustamante\/"},"featured_img":"https:\/\/lavras.tv\/site\/wp-content\/uploads\/2026\/01\/download-5-2-470x265.webp","coauthors":[],"tax_additional":{"categories":{"linked":["<a href=\"https:\/\/lavras.tv\/site\/category\/destaques\/\" class=\"advgb-post-tax-term\">Destaques<\/a>","<a href=\"https:\/\/lavras.tv\/site\/category\/noticias\/\" class=\"advgb-post-tax-term\">Not\u00edcias<\/a>"],"unlinked":["<span class=\"advgb-post-tax-term\">Destaques<\/span>","<span class=\"advgb-post-tax-term\">Not\u00edcias<\/span>"]}},"comment_count":"0","relative_dates":{"created":"Publicado 3 meses atr\u00e1s","modified":"Atualizado 3 meses atr\u00e1s"},"absolute_dates":{"created":"Publicado em 28 de janeiro de 2026","modified":"Atualizado em 28 de janeiro de 2026"},"absolute_dates_time":{"created":"Publicado em 28 de janeiro de 2026 13:22","modified":"Atualizado em 28 de janeiro de 2026 13:22"},"featured_img_caption":"","series_order":"","_links":{"self":[{"href":"https:\/\/lavras.tv\/site\/wp-json\/wp\/v2\/posts\/169083","targetHints":{"allow":["GET"]}}],"collection":[{"href":"https:\/\/lavras.tv\/site\/wp-json\/wp\/v2\/posts"}],"about":[{"href":"https:\/\/lavras.tv\/site\/wp-json\/wp\/v2\/types\/post"}],"author":[{"embeddable":true,"href":"https:\/\/lavras.tv\/site\/wp-json\/wp\/v2\/users\/5"}],"replies":[{"embeddable":true,"href":"https:\/\/lavras.tv\/site\/wp-json\/wp\/v2\/comments?post=169083"}],"version-history":[{"count":1,"href":"https:\/\/lavras.tv\/site\/wp-json\/wp\/v2\/posts\/169083\/revisions"}],"predecessor-version":[{"id":169085,"href":"https:\/\/lavras.tv\/site\/wp-json\/wp\/v2\/posts\/169083\/revisions\/169085"}],"wp:featuredmedia":[{"embeddable":true,"href":"https:\/\/lavras.tv\/site\/wp-json\/wp\/v2\/media\/169084"}],"wp:attachment":[{"href":"https:\/\/lavras.tv\/site\/wp-json\/wp\/v2\/media?parent=169083"}],"wp:term":[{"taxonomy":"category","embeddable":true,"href":"https:\/\/lavras.tv\/site\/wp-json\/wp\/v2\/categories?post=169083"},{"taxonomy":"post_tag","embeddable":true,"href":"https:\/\/lavras.tv\/site\/wp-json\/wp\/v2\/tags?post=169083"}],"curies":[{"name":"wp","href":"https:\/\/api.w.org\/{rel}","templated":true}]}}