{"id":169087,"date":"2026-01-28T13:26:12","date_gmt":"2026-01-28T16:26:12","guid":{"rendered":"https:\/\/lavras.tv\/site\/?p=169087"},"modified":"2026-01-28T13:26:13","modified_gmt":"2026-01-28T16:26:13","slug":"ciclone-coloca-mg-rj-e-sp-em-alerta-para-tempestades-a-partir-de-sexta-feira-30","status":"publish","type":"post","link":"https:\/\/lavras.tv\/site\/2026\/01\/28\/ciclone-coloca-mg-rj-e-sp-em-alerta-para-tempestades-a-partir-de-sexta-feira-30\/","title":{"rendered":"Ciclone coloca MG, RJ e SP em alerta para tempestades a partir de sexta-feira (30)"},"content":{"rendered":"<div class=\"lavra-antes-do-conteudo_2\" id=\"lavra-80056406\"><div id=\"lavra-slider-27\" class=\"custom-slider lavra-slider-3651893807 lavra-slider\"><ul><li><div style=\"margin-left: auto;margin-right: auto;text-align: center;\" id=\"lavra-1212362883\"><a href=\"https:\/\/sistemas.lavras.mg.gov.br\/portalcidadao\/#df1b1a7c7b2a290bcb31e32771e610784662739a88807c0dacac58ede5f391a7530e299dc302d611ee73cb143fc22eaf93592e53e7b5bdb01b00a0b8d28dae460c141dd2ff83412e4dc1c31b16b25f33144a9e5620ea73b13f5bc1c59411d98439ad226e8af03840603796067d87afe130812cf3de24982d0e306f9e61e764e5\" aria-label=\"Lavras-TV&#8211;720x104px (1) (1)\"><img src=\"https:\/\/lavras.tv\/site\/wp-content\/uploads\/2025\/01\/Lavras-TV-720x104px-1-1.png\" alt=\"\"  srcset=\"https:\/\/lavras.tv\/site\/wp-content\/uploads\/2025\/01\/Lavras-TV-720x104px-1-1.png 720w, https:\/\/lavras.tv\/site\/wp-content\/uploads\/2025\/01\/Lavras-TV-720x104px-1-1-470x68.png 470w, https:\/\/lavras.tv\/site\/wp-content\/uploads\/2025\/01\/Lavras-TV-720x104px-1-1-170x25.png 170w, https:\/\/lavras.tv\/site\/wp-content\/uploads\/2025\/01\/Lavras-TV-720x104px-1-1-200x29.png 200w\" sizes=\"(max-width: 720px) 100vw, 720px\" width=\"720\" height=\"104\"  style=\"display: inline-block;\" \/><\/a><\/div><\/li><li><a href=\"https:\/\/sistemas.lavras.mg.gov.br\/portalcidadao\/#df1b1a7c7b2a290bcb31e32771e610784662739a88807c0dacac58ede5f391a7530e299dc302d611ee73cb143fc22eaf93592e53e7b5bdb01b00a0b8d28dae460c141dd2ff83412e4dc1c31b16b25f33144a9e5620ea73b13f5bc1c59411d98439ad226e8af03840603796067d87afe130812cf3de24982d0e306f9e61e764e5\" aria-label=\"Banner_Emprego_PortallavrasTV\"><img src=\"https:\/\/lavras.tv\/site\/wp-content\/uploads\/2025\/03\/Banner_Emprego_PortallavrasTV.png\" alt=\"\"  srcset=\"https:\/\/lavras.tv\/site\/wp-content\/uploads\/2025\/03\/Banner_Emprego_PortallavrasTV.png 720w, https:\/\/lavras.tv\/site\/wp-content\/uploads\/2025\/03\/Banner_Emprego_PortallavrasTV-470x68.png 470w, https:\/\/lavras.tv\/site\/wp-content\/uploads\/2025\/03\/Banner_Emprego_PortallavrasTV-170x25.png 170w, https:\/\/lavras.tv\/site\/wp-content\/uploads\/2025\/03\/Banner_Emprego_PortallavrasTV-200x29.png 200w\" sizes=\"(max-width: 720px) 100vw, 720px\" width=\"720\" height=\"104\"   \/><\/a><\/li><li><a href=\"https:\/\/sistemas.lavras.mg.gov.br\/portalcidadao\/#df1b1a7c7b2a290bcb31e32771e610784662739a88807c0dacac58ede5f391a7530e299dc302d611ee73cb143fc22eaf93592e53e7b5bdb01b00a0b8d28dae460c141dd2ff83412e4dc1c31b16b25f33144a9e5620ea73b13f5bc1c59411d98439ad226e8af03840603796067d87afe130812cf3de24982d0e306f9e61e764e5\" aria-label=\"Banner_Obras_PortallavrasTV\"><img src=\"https:\/\/lavras.tv\/site\/wp-content\/uploads\/2025\/03\/Banner_Obras_PortallavrasTV.png\" alt=\"\"  srcset=\"https:\/\/lavras.tv\/site\/wp-content\/uploads\/2025\/03\/Banner_Obras_PortallavrasTV.png 720w, https:\/\/lavras.tv\/site\/wp-content\/uploads\/2025\/03\/Banner_Obras_PortallavrasTV-470x68.png 470w, https:\/\/lavras.tv\/site\/wp-content\/uploads\/2025\/03\/Banner_Obras_PortallavrasTV-170x25.png 170w, https:\/\/lavras.tv\/site\/wp-content\/uploads\/2025\/03\/Banner_Obras_PortallavrasTV-200x29.png 200w\" sizes=\"(max-width: 720px) 100vw, 720px\" width=\"720\" height=\"104\"   \/><\/a><\/li><li><div style=\"margin-left: auto;margin-right: auto;text-align: center;\" id=\"lavra-1656753427\"><a href=\"https:\/\/sistemas.lavras.mg.gov.br\/portalcidadao\/#df1b1a7c7b2a290bcb31e32771e610784662739a88807c0dacac58ede5f391a7530e299dc302d611ee73cb143fc22eaf93592e53e7b5bdb01b00a0b8d28dae460c141dd2ff83412e4dc1c31b16b25f33144a9e5620ea73b13f5bc1c59411d98439ad226e8af03840603796067d87afe130812cf3de24982d0e306f9e61e764e5\" aria-label=\"Banner_Educa\u00e7\u00e3o_PortallavrasTV\"><img src=\"https:\/\/lavras.tv\/site\/wp-content\/uploads\/2025\/01\/Banner_Educacao_PortallavrasTV.png\" alt=\"\"  srcset=\"https:\/\/lavras.tv\/site\/wp-content\/uploads\/2025\/01\/Banner_Educacao_PortallavrasTV.png 720w, https:\/\/lavras.tv\/site\/wp-content\/uploads\/2025\/01\/Banner_Educacao_PortallavrasTV-470x68.png 470w, https:\/\/lavras.tv\/site\/wp-content\/uploads\/2025\/01\/Banner_Educacao_PortallavrasTV-170x25.png 170w, https:\/\/lavras.tv\/site\/wp-content\/uploads\/2025\/01\/Banner_Educacao_PortallavrasTV-200x29.png 200w\" sizes=\"(max-width: 720px) 100vw, 720px\" width=\"720\" height=\"104\"  style=\"display: inline-block;\" \/><\/a><\/div><\/li><li><a href=\"https:\/\/sistemas.lavras.mg.gov.br\/portalcidadao\/#df1b1a7c7b2a290bcb31e32771e610784662739a88807c0dacac58ede5f391a7530e299dc302d611ee73cb143fc22eaf93592e53e7b5bdb01b00a0b8d28dae460c141dd2ff83412e4dc1c31b16b25f33144a9e5620ea73b13f5bc1c59411d98439ad226e8af03840603796067d87afe130812cf3de24982d0e306f9e61e764e5\" aria-label=\"Banner_Sa\u00fade_PortallavrasTV\"><img src=\"https:\/\/lavras.tv\/site\/wp-content\/uploads\/2025\/03\/Banner_Saude_PortallavrasTV.png\" alt=\"\"  srcset=\"https:\/\/lavras.tv\/site\/wp-content\/uploads\/2025\/03\/Banner_Saude_PortallavrasTV.png 720w, https:\/\/lavras.tv\/site\/wp-content\/uploads\/2025\/03\/Banner_Saude_PortallavrasTV-470x68.png 470w, https:\/\/lavras.tv\/site\/wp-content\/uploads\/2025\/03\/Banner_Saude_PortallavrasTV-170x25.png 170w, https:\/\/lavras.tv\/site\/wp-content\/uploads\/2025\/03\/Banner_Saude_PortallavrasTV-200x29.png 200w\" sizes=\"(max-width: 720px) 100vw, 720px\" width=\"720\" height=\"104\"   \/><\/a><\/li><li><div id=\"lavra-2536162730\" style=\"width:720px;height:104px;background-color:#ddd;overflow:scroll;\">\n\t<strong>Sa\u00edda da depura\u00e7\u00e3o de an\u00fancios<\/strong>\n\t<br><br>\n\tO an\u00fancio n\u00e3o \u00e9 exibido na p\u00e1gina<br><br>post atual: Ciclone coloca MG, RJ e SP em alerta para tempestades a partir de sexta-feira (30), ID: 169087<br><br><span style=\"color: red;\">O post atual n\u00e3o \u00e9 id\u00eantico ao post principal.<\/span><br><br>An\u00fancios: ROXO - TOPO INTERNA - ROTATIVO 2 (197)<br \/>Grupo de an\u00fancios: Princ_Meio01_720x104 (27)<br><br>Condi\u00e7\u00f5es de exibi\u00e7\u00e3o<div style=\"margin-bottom: 20px; white-space: pre-wrap; font-family: monospace; width: 100%; background: #ffe9e9;\"><strong>condi\u00e7\u00f5es gerais<\/strong><table border=\"1\"><thead><tr><th><\/th><th>An\u00fancios<\/th><th>wp_the_query<\/th><\/tr><\/thead><tr><td>is_main_query<\/td><td>1<\/td><td>1<\/td><\/tr><tr><td>is_rest_api<\/td><td>0<\/td><td>1<\/td><\/tr><tr><td>page<\/td><td>0<\/td><td>1<\/td><\/tr><tr><td>numpages<\/td><td>0<\/td><td>1<\/td><\/tr><tr><td>is_archive<\/td><td>1<\/td><td><\/td><\/tr><tr><td>is_search<\/td><td>1<\/td><td><\/td><\/tr><tr><td>is_home<\/td><td>1<\/td><td><\/td><\/tr><tr><td>is_404<\/td><td>1<\/td><td><\/td><\/tr><tr><td>is_attachment<\/td><td>1<\/td><td><\/td><\/tr><tr><td>is_singular<\/td><td>1<\/td><td><\/td><\/tr><tr><td>is_front_page<\/td><td>1<\/td><td><\/td><\/tr><tr><td>is_feed<\/td><td>1<\/td><td><\/td><\/tr><\/table><\/div><br><br><span style=\"color: red;\">Seu site usa HTTPS, mas o c\u00f3digo do an\u00fancio cont\u00e9m HTTP e pode n\u00e3o funcionar.<\/span>\t<br><br>\n\t<a style=\"color: green;\" href=\"https:\/\/wpadvancedads.com\/manual\/ad-debug-mode\/?utm_source=advanced-ads&utm_medium=link&utm_campaign=ad-debug-mode\" target=\"_blank\" rel=\"nofollow\">Encontre solu\u00e7\u00f5es no manual<\/a>\n<\/div>\n<\/li><\/ul><\/div><script>( window.advanced_ads_ready || jQuery( document ).ready ).call( null, function() {var $lavraslider3651893807 = jQuery( \".lavra-slider-3651893807\" );$lavraslider3651893807.on( \"unslider.ready\", function() { jQuery( \"div.custom-slider ul li\" ).css( \"display\", \"block\" ); });$lavraslider3651893807.unslider({ delay:4000, autoplay:true, nav:false, arrows:false, infinite:true });$lavraslider3651893807.on(\"mouseover\", function() {$lavraslider3651893807.unslider(\"stop\");}).on(\"mouseout\", function() {$lavraslider3651893807.unslider(\"start\");});});<\/script><\/div>\n<h2 class=\"wp-block-heading\">Alerta \u00e9 do Instituto Nacional de Meteorologia (Inmet), que indica risco de volumes elevados de precipita\u00e7\u00e3o<\/h2>\n\n\n\n<figure class=\"wp-block-image\"><img decoding=\"async\" src=\"https:\/\/medias.itatiaia.com.br\/dims4\/default\/65c6d55\/2147483647\/strip\/true\/crop\/1170x659+0+21\/resize\/1000x563!\/quality\/90\/?url=https%3A%2F%2Fk2-prod-radio-itatiaia.s3.us-east-1.amazonaws.com%2Fbrightspot%2Fa2%2Fa0%2F64df7f7a4356ad6aefd559920fe8%2Fwhatsapp-image-2026-01-27-at-21-14-45.jpeg\" alt=\"Ciclone deve se formar na regi\u00e3o Sudeste a partir da pr\u00f3xima sexta-feira (30)\"\/><\/figure>\n\n\n\n<p>Paulo Pinto \/ Ag\u00eancia Brasil<\/p>\n\n\n\n<p>Ciclone deve se formar na regi\u00e3o Sudeste a partir da pr\u00f3xima sexta-feira (30)<\/p>\n\n\n\n<p>Um\u00a0<a href=\"https:\/\/www.itatiaia.com.br\/tags\/ciclone\"><strong>ciclone previsto para se formar a partir da pr\u00f3xima sexta-feira (30)<\/strong><\/a> deve provocar chuvas intensas e tempestades nos estados de S\u00e3o Paulo, Rio de Janeiro e no sul de Minas Gerais. O alerta \u00e9 do\u00a0<a href=\"https:\/\/www.itatiaia.com.br\/tags\/inmet\"><strong>Instituto Nacional de Meteorologia (Inmet)<\/strong><\/a>, que indica risco de volumes elevados de precipita\u00e7\u00e3o logo no in\u00edcio da atua\u00e7\u00e3o do sistema.<\/p>\n\n\n\n<p>Segundo o Inmet, o ciclone deve se organizar no litoral do Sudeste e favorecer acumulados que podem ultrapassar 100 mil\u00edmetros em \u00e1reas da Serra da Mantiqueira j\u00e1 na sexta-feira. No litoral paulista, os volumes de chuva podem superar 60 mil\u00edmetros em poucas horas.<\/p>\n\n\n\n<p>Na capital paulista e em outras regi\u00f5es do estado de S\u00e3o Paulo, a sexta-feira deve ser marcada por tempestades, com possibilidade de queda de granizo, rajadas de vento e transtornos urbanos. A instabilidade tamb\u00e9m pode atingir munic\u00edpios de Minas Gerais, especialmente no Tri\u00e2ngulo Mineiro.<\/p>\n\n\n\n<p>A previs\u00e3o indica que, no s\u00e1bado (31), as \u00e1reas de chuva mais intensa devem se deslocar entre o Tri\u00e2ngulo Mineiro e o estado do Rio de Janeiro, mantendo acumulados elevados. O ciclone deve seguir influenciando o tempo at\u00e9 o in\u00edcio da pr\u00f3xima semana, sustentando um canal de umidade entre o Esp\u00edrito Santo e Mato Grosso.<\/p>\n\n\n\n<p>Antes disso, j\u00e1 a partir desta quinta-feira (29), a passagem de uma frente fria deve provocar chuvas fortes e tempestades isoladas no Paran\u00e1 e em Santa Catarina, com risco de raios e granizo, especialmente na regi\u00e3o metropolitana de Curitiba, no Vale do Itaja\u00ed e na serra catarinense.<\/p>\n\n\n\n<p>O Inmet recomenda aten\u00e7\u00e3o redobrada a partir da pr\u00f3xima sexta-feira, principalmente em \u00e1reas suscet\u00edveis a alagamentos e deslizamentos.<\/p>\n\n\n\n<p><strong><em>* Com informa\u00e7\u00f5es de Ag\u00eancia Brasil<\/em><\/strong><a><\/a><\/p>\n","protected":false},"excerpt":{"rendered":"<p>Alerta \u00e9 do Instituto Nacional de Meteorologia (Inmet), que indica risco de volumes elevados de precipita\u00e7\u00e3o Paulo Pinto \/ Ag\u00eancia Brasil Ciclone deve se formar na regi\u00e3o Sudeste a partir da pr\u00f3xima sexta-feira (30) Um\u00a0ciclone previsto para se formar a partir da pr\u00f3xima sexta-feira (30) deve provocar chuvas intensas e tempestades nos estados de S\u00e3o [&hellip;]<\/p>\n","protected":false},"author":5,"featured_media":169088,"comment_status":"closed","ping_status":"open","sticky":false,"template":"","format":"standard","meta":{"advgb_blocks_editor_width":"","advgb_blocks_columns_visual_guide":"","_exactmetrics_skip_tracking":false,"_exactmetrics_sitenote_active":false,"_exactmetrics_sitenote_note":"","_exactmetrics_sitenote_category":0,"footnotes":""},"categories":[7,2],"tags":[],"class_list":["post-169087","post","type-post","status-publish","format-standard","has-post-thumbnail","hentry","category-destaques","category-noticias"],"better_featured_image":{"id":169088,"alt_text":"","caption":"","description":"","media_type":"image","media_details":{"width":1000,"height":563,"file":"2026\/01\/download-6-1.webp","filesize":23144,"sizes":{"medium":{"file":"download-6-1-470x265.webp","width":470,"height":265,"mime-type":"image\/webp","filesize":6040,"source_url":"https:\/\/lavras.tv\/site\/wp-content\/uploads\/2026\/01\/download-6-1-470x265.webp"},"large":{"file":"download-6-1-970x546.webp","width":970,"height":546,"mime-type":"image\/webp","filesize":14356,"source_url":"https:\/\/lavras.tv\/site\/wp-content\/uploads\/2026\/01\/download-6-1-970x546.webp"},"thumbnail":{"file":"download-6-1-170x96.webp","width":170,"height":96,"mime-type":"image\/webp","filesize":1426,"source_url":"https:\/\/lavras.tv\/site\/wp-content\/uploads\/2026\/01\/download-6-1-170x96.webp"},"alm-thumbnail":{"file":"download-6-1-150x150.webp","width":150,"height":150,"mime-type":"image\/webp","filesize":1560,"source_url":"https:\/\/lavras.tv\/site\/wp-content\/uploads\/2026\/01\/download-6-1-150x150.webp"},"sow-carousel-default":{"file":"download-6-1-272x182.webp","width":272,"height":182,"mime-type":"image\/webp","filesize":2936,"source_url":"https:\/\/lavras.tv\/site\/wp-content\/uploads\/2026\/01\/download-6-1-272x182.webp"}},"image_meta":{"aperture":"0","credit":"","camera":"","caption":"","created_timestamp":"0","copyright":"","focal_length":"0","iso":"0","shutter_speed":"0","title":"","orientation":"0","keywords":[]}},"post":169087,"source_url":"https:\/\/lavras.tv\/site\/wp-content\/uploads\/2026\/01\/download-6-1.webp"},"author_meta":{"display_name":"Vinicius Bustamante","author_link":"https:\/\/lavras.tv\/site\/author\/vinicius-bustamante\/"},"featured_img":"https:\/\/lavras.tv\/site\/wp-content\/uploads\/2026\/01\/download-6-1-470x265.webp","coauthors":[],"tax_additional":{"categories":{"linked":["<a href=\"https:\/\/lavras.tv\/site\/category\/destaques\/\" class=\"advgb-post-tax-term\">Destaques<\/a>","<a href=\"https:\/\/lavras.tv\/site\/category\/noticias\/\" class=\"advgb-post-tax-term\">Not\u00edcias<\/a>"],"unlinked":["<span class=\"advgb-post-tax-term\">Destaques<\/span>","<span class=\"advgb-post-tax-term\">Not\u00edcias<\/span>"]}},"comment_count":"0","relative_dates":{"created":"Publicado 3 meses atr\u00e1s","modified":"Atualizado 3 meses atr\u00e1s"},"absolute_dates":{"created":"Publicado em 28 de janeiro de 2026","modified":"Atualizado em 28 de janeiro de 2026"},"absolute_dates_time":{"created":"Publicado em 28 de janeiro de 2026 13:26","modified":"Atualizado em 28 de janeiro de 2026 13:26"},"featured_img_caption":"","series_order":"","_links":{"self":[{"href":"https:\/\/lavras.tv\/site\/wp-json\/wp\/v2\/posts\/169087","targetHints":{"allow":["GET"]}}],"collection":[{"href":"https:\/\/lavras.tv\/site\/wp-json\/wp\/v2\/posts"}],"about":[{"href":"https:\/\/lavras.tv\/site\/wp-json\/wp\/v2\/types\/post"}],"author":[{"embeddable":true,"href":"https:\/\/lavras.tv\/site\/wp-json\/wp\/v2\/users\/5"}],"replies":[{"embeddable":true,"href":"https:\/\/lavras.tv\/site\/wp-json\/wp\/v2\/comments?post=169087"}],"version-history":[{"count":1,"href":"https:\/\/lavras.tv\/site\/wp-json\/wp\/v2\/posts\/169087\/revisions"}],"predecessor-version":[{"id":169089,"href":"https:\/\/lavras.tv\/site\/wp-json\/wp\/v2\/posts\/169087\/revisions\/169089"}],"wp:featuredmedia":[{"embeddable":true,"href":"https:\/\/lavras.tv\/site\/wp-json\/wp\/v2\/media\/169088"}],"wp:attachment":[{"href":"https:\/\/lavras.tv\/site\/wp-json\/wp\/v2\/media?parent=169087"}],"wp:term":[{"taxonomy":"category","embeddable":true,"href":"https:\/\/lavras.tv\/site\/wp-json\/wp\/v2\/categories?post=169087"},{"taxonomy":"post_tag","embeddable":true,"href":"https:\/\/lavras.tv\/site\/wp-json\/wp\/v2\/tags?post=169087"}],"curies":[{"name":"wp","href":"https:\/\/api.w.org\/{rel}","templated":true}]}}