{"id":169090,"date":"2026-01-28T13:31:17","date_gmt":"2026-01-28T16:31:17","guid":{"rendered":"https:\/\/lavras.tv\/site\/?p=169090"},"modified":"2026-01-28T13:31:18","modified_gmt":"2026-01-28T16:31:18","slug":"carnaval-2026-deve-movimentar-r-575-bilhoes-em-minas-gerais","status":"publish","type":"post","link":"https:\/\/lavras.tv\/site\/2026\/01\/28\/carnaval-2026-deve-movimentar-r-575-bilhoes-em-minas-gerais\/","title":{"rendered":"Carnaval 2026 deve movimentar R$ 5,75 bilh\u00f5es em Minas Gerais"},"content":{"rendered":"<div class=\"lavra-antes-do-conteudo_2\" id=\"lavra-3680368379\"><div id=\"lavra-slider-27\" class=\"custom-slider lavra-slider-280857704 lavra-slider\"><ul><li><div style=\"margin-left: auto;margin-right: auto;text-align: center;\" id=\"lavra-3852710552\"><a href=\"https:\/\/sistemas.lavras.mg.gov.br\/portalcidadao\/#df1b1a7c7b2a290bcb31e32771e610784662739a88807c0dacac58ede5f391a7530e299dc302d611ee73cb143fc22eaf93592e53e7b5bdb01b00a0b8d28dae460c141dd2ff83412e4dc1c31b16b25f33144a9e5620ea73b13f5bc1c59411d98439ad226e8af03840603796067d87afe130812cf3de24982d0e306f9e61e764e5\" aria-label=\"Lavras-TV&#8211;720x104px (1) (1)\"><img src=\"https:\/\/lavras.tv\/site\/wp-content\/uploads\/2025\/01\/Lavras-TV-720x104px-1-1.png\" alt=\"\"  srcset=\"https:\/\/lavras.tv\/site\/wp-content\/uploads\/2025\/01\/Lavras-TV-720x104px-1-1.png 720w, https:\/\/lavras.tv\/site\/wp-content\/uploads\/2025\/01\/Lavras-TV-720x104px-1-1-470x68.png 470w, https:\/\/lavras.tv\/site\/wp-content\/uploads\/2025\/01\/Lavras-TV-720x104px-1-1-170x25.png 170w, https:\/\/lavras.tv\/site\/wp-content\/uploads\/2025\/01\/Lavras-TV-720x104px-1-1-200x29.png 200w\" sizes=\"(max-width: 720px) 100vw, 720px\" width=\"720\" height=\"104\"  style=\"display: inline-block;\" \/><\/a><\/div><\/li><li><a href=\"https:\/\/sistemas.lavras.mg.gov.br\/portalcidadao\/#df1b1a7c7b2a290bcb31e32771e610784662739a88807c0dacac58ede5f391a7530e299dc302d611ee73cb143fc22eaf93592e53e7b5bdb01b00a0b8d28dae460c141dd2ff83412e4dc1c31b16b25f33144a9e5620ea73b13f5bc1c59411d98439ad226e8af03840603796067d87afe130812cf3de24982d0e306f9e61e764e5\" aria-label=\"Banner_Emprego_PortallavrasTV\"><img src=\"https:\/\/lavras.tv\/site\/wp-content\/uploads\/2025\/03\/Banner_Emprego_PortallavrasTV.png\" alt=\"\"  srcset=\"https:\/\/lavras.tv\/site\/wp-content\/uploads\/2025\/03\/Banner_Emprego_PortallavrasTV.png 720w, https:\/\/lavras.tv\/site\/wp-content\/uploads\/2025\/03\/Banner_Emprego_PortallavrasTV-470x68.png 470w, https:\/\/lavras.tv\/site\/wp-content\/uploads\/2025\/03\/Banner_Emprego_PortallavrasTV-170x25.png 170w, https:\/\/lavras.tv\/site\/wp-content\/uploads\/2025\/03\/Banner_Emprego_PortallavrasTV-200x29.png 200w\" sizes=\"(max-width: 720px) 100vw, 720px\" width=\"720\" height=\"104\"   \/><\/a><\/li><li><a href=\"https:\/\/sistemas.lavras.mg.gov.br\/portalcidadao\/#df1b1a7c7b2a290bcb31e32771e610784662739a88807c0dacac58ede5f391a7530e299dc302d611ee73cb143fc22eaf93592e53e7b5bdb01b00a0b8d28dae460c141dd2ff83412e4dc1c31b16b25f33144a9e5620ea73b13f5bc1c59411d98439ad226e8af03840603796067d87afe130812cf3de24982d0e306f9e61e764e5\" aria-label=\"Banner_Obras_PortallavrasTV\"><img src=\"https:\/\/lavras.tv\/site\/wp-content\/uploads\/2025\/03\/Banner_Obras_PortallavrasTV.png\" alt=\"\"  srcset=\"https:\/\/lavras.tv\/site\/wp-content\/uploads\/2025\/03\/Banner_Obras_PortallavrasTV.png 720w, https:\/\/lavras.tv\/site\/wp-content\/uploads\/2025\/03\/Banner_Obras_PortallavrasTV-470x68.png 470w, https:\/\/lavras.tv\/site\/wp-content\/uploads\/2025\/03\/Banner_Obras_PortallavrasTV-170x25.png 170w, https:\/\/lavras.tv\/site\/wp-content\/uploads\/2025\/03\/Banner_Obras_PortallavrasTV-200x29.png 200w\" sizes=\"(max-width: 720px) 100vw, 720px\" width=\"720\" height=\"104\"   \/><\/a><\/li><li><div style=\"margin-left: auto;margin-right: auto;text-align: center;\" id=\"lavra-795067426\"><a href=\"https:\/\/sistemas.lavras.mg.gov.br\/portalcidadao\/#df1b1a7c7b2a290bcb31e32771e610784662739a88807c0dacac58ede5f391a7530e299dc302d611ee73cb143fc22eaf93592e53e7b5bdb01b00a0b8d28dae460c141dd2ff83412e4dc1c31b16b25f33144a9e5620ea73b13f5bc1c59411d98439ad226e8af03840603796067d87afe130812cf3de24982d0e306f9e61e764e5\" aria-label=\"Banner_Educa\u00e7\u00e3o_PortallavrasTV\"><img src=\"https:\/\/lavras.tv\/site\/wp-content\/uploads\/2025\/01\/Banner_Educacao_PortallavrasTV.png\" alt=\"\"  srcset=\"https:\/\/lavras.tv\/site\/wp-content\/uploads\/2025\/01\/Banner_Educacao_PortallavrasTV.png 720w, https:\/\/lavras.tv\/site\/wp-content\/uploads\/2025\/01\/Banner_Educacao_PortallavrasTV-470x68.png 470w, https:\/\/lavras.tv\/site\/wp-content\/uploads\/2025\/01\/Banner_Educacao_PortallavrasTV-170x25.png 170w, https:\/\/lavras.tv\/site\/wp-content\/uploads\/2025\/01\/Banner_Educacao_PortallavrasTV-200x29.png 200w\" sizes=\"(max-width: 720px) 100vw, 720px\" width=\"720\" height=\"104\"  style=\"display: inline-block;\" \/><\/a><\/div><\/li><li><a href=\"https:\/\/sistemas.lavras.mg.gov.br\/portalcidadao\/#df1b1a7c7b2a290bcb31e32771e610784662739a88807c0dacac58ede5f391a7530e299dc302d611ee73cb143fc22eaf93592e53e7b5bdb01b00a0b8d28dae460c141dd2ff83412e4dc1c31b16b25f33144a9e5620ea73b13f5bc1c59411d98439ad226e8af03840603796067d87afe130812cf3de24982d0e306f9e61e764e5\" aria-label=\"Banner_Sa\u00fade_PortallavrasTV\"><img src=\"https:\/\/lavras.tv\/site\/wp-content\/uploads\/2025\/03\/Banner_Saude_PortallavrasTV.png\" alt=\"\"  srcset=\"https:\/\/lavras.tv\/site\/wp-content\/uploads\/2025\/03\/Banner_Saude_PortallavrasTV.png 720w, https:\/\/lavras.tv\/site\/wp-content\/uploads\/2025\/03\/Banner_Saude_PortallavrasTV-470x68.png 470w, https:\/\/lavras.tv\/site\/wp-content\/uploads\/2025\/03\/Banner_Saude_PortallavrasTV-170x25.png 170w, https:\/\/lavras.tv\/site\/wp-content\/uploads\/2025\/03\/Banner_Saude_PortallavrasTV-200x29.png 200w\" sizes=\"(max-width: 720px) 100vw, 720px\" width=\"720\" height=\"104\"   \/><\/a><\/li><li><div id=\"lavra-3840954413\" style=\"width:720px;height:104px;background-color:#ddd;overflow:scroll;\">\n\t<strong>Sa\u00edda da depura\u00e7\u00e3o de an\u00fancios<\/strong>\n\t<br><br>\n\tO an\u00fancio n\u00e3o \u00e9 exibido na p\u00e1gina<br><br>post atual: Carnaval 2026 deve movimentar R$ 5,75 bilh\u00f5es em Minas Gerais, ID: 169090<br><br><span style=\"color: red;\">O post atual n\u00e3o \u00e9 id\u00eantico ao post principal.<\/span><br><br>An\u00fancios: ROXO - TOPO INTERNA - ROTATIVO 2 (197)<br \/>Grupo de an\u00fancios: Princ_Meio01_720x104 (27)<br><br>Condi\u00e7\u00f5es de exibi\u00e7\u00e3o<div style=\"margin-bottom: 20px; white-space: pre-wrap; font-family: monospace; width: 100%; background: #ffe9e9;\"><strong>condi\u00e7\u00f5es gerais<\/strong><table border=\"1\"><thead><tr><th><\/th><th>An\u00fancios<\/th><th>wp_the_query<\/th><\/tr><\/thead><tr><td>is_main_query<\/td><td>1<\/td><td>1<\/td><\/tr><tr><td>is_rest_api<\/td><td>0<\/td><td>1<\/td><\/tr><tr><td>page<\/td><td>0<\/td><td>1<\/td><\/tr><tr><td>numpages<\/td><td>0<\/td><td>1<\/td><\/tr><tr><td>is_archive<\/td><td>1<\/td><td><\/td><\/tr><tr><td>is_search<\/td><td>1<\/td><td><\/td><\/tr><tr><td>is_home<\/td><td>1<\/td><td><\/td><\/tr><tr><td>is_404<\/td><td>1<\/td><td><\/td><\/tr><tr><td>is_attachment<\/td><td>1<\/td><td><\/td><\/tr><tr><td>is_singular<\/td><td>1<\/td><td><\/td><\/tr><tr><td>is_front_page<\/td><td>1<\/td><td><\/td><\/tr><tr><td>is_feed<\/td><td>1<\/td><td><\/td><\/tr><\/table><\/div><br><br><span style=\"color: red;\">Seu site usa HTTPS, mas o c\u00f3digo do an\u00fancio cont\u00e9m HTTP e pode n\u00e3o funcionar.<\/span>\t<br><br>\n\t<a style=\"color: green;\" href=\"https:\/\/wpadvancedads.com\/manual\/ad-debug-mode\/?utm_source=advanced-ads&utm_medium=link&utm_campaign=ad-debug-mode\" target=\"_blank\" rel=\"nofollow\">Encontre solu\u00e7\u00f5es no manual<\/a>\n<\/div>\n<\/li><\/ul><\/div><script>( window.advanced_ads_ready || jQuery( document ).ready ).call( null, function() {var $lavraslider280857704 = jQuery( \".lavra-slider-280857704\" );$lavraslider280857704.on( \"unslider.ready\", function() { jQuery( \"div.custom-slider ul li\" ).css( \"display\", \"block\" ); });$lavraslider280857704.unslider({ delay:4000, autoplay:true, nav:false, arrows:false, infinite:true });$lavraslider280857704.on(\"mouseover\", function() {$lavraslider280857704.unslider(\"stop\");}).on(\"mouseout\", function() {$lavraslider280857704.unslider(\"start\");});});<\/script><\/div>\n<h2 class=\"wp-block-heading\">Governo do estado apresenta plano para festa em 450 munic\u00edpios e refor\u00e7o na seguran\u00e7a p\u00fablica<\/h2>\n\n\n\n<figure class=\"wp-block-image\"><img decoding=\"async\" src=\"https:\/\/medias.itatiaia.com.br\/dims4\/default\/bec7e5f\/2147483647\/strip\/true\/crop\/746x420+12+0\/resize\/1000x563!\/quality\/90\/?url=https%3A%2F%2Fk2-prod-radio-itatiaia.s3.us-east-1.amazonaws.com%2Fbrightspot%2F2c%2Fb0%2F1ef4a21a4bdfadcbcba35e662665%2Fcarnaval.jpg\" alt=\"Carnaval 2025\"\/><\/figure>\n\n\n\n<p>Caetano | PBH<\/p>\n\n\n\n<p>O Governo de Minas apresentou, nesta ter\u00e7a-feira (27), um pacote de a\u00e7\u00f5es para o Carnaval 2026. As medidas devem alcan\u00e7ar cerca de 450 munic\u00edpios. A expectativa \u00e9 receber 14,9 milh\u00f5es de foli\u00f5es e movimentar R$ 5,75 bilh\u00f5es na economia do estado.<\/p>\n\n\n\n<p>A secret\u00e1ria de Estado de Cultura, B\u00e1rbara Botega, destacou que as a\u00e7\u00f5es respeitam as caracter\u00edsticas de cada cidade. Segundo ela, os formatos do Carnaval variam conforme a identidade local.<\/p>\n\n\n\n<p>\u201cS\u00e3o v\u00e1rias a\u00e7\u00f5es que conversam de maneiras diferentes em cada munic\u00edpio, respeitando a identidade e o prop\u00f3sito que cada cidade escolheu para sua atua\u00e7\u00e3o. S\u00e3o Jo\u00e3o del-Rei, por exemplo, apostou em um carnaval cultural; Tiradentes caminha para um modelo mais voltado \u00e0s fam\u00edlias; j\u00e1 Diamantina retoma um carnaval com maior n\u00famero de foli\u00f5es, mais focado na festa\u201d, explicou.<\/p>\n\n\n\n<h2 class=\"wp-block-heading\">Cabine rosa<\/h2>\n\n\n\n<h2 class=\"wp-block-heading\"><\/h2>\n\n\n\n<p>Para garantir a seguran\u00e7a do p\u00fablico, o Estado detalhou os planos das for\u00e7as de seguran\u00e7a. O comandante-geral da Pol\u00edcia Militar de Minas Gerais, coronel Frederico Otoni, anunciou a cria\u00e7\u00e3o da chamada \u201ccabine rosa\u201d.<\/p>\n\n\n\n<h2 class=\"wp-block-heading\"><\/h2>\n\n\n\n<p>\u201cEstamos dedicando o que chamamos de cabine rosa, com o objetivo de fazer o atendimento \u00e0s v\u00edtimas de importuna\u00e7\u00e3o sexual de forma mais r\u00e1pida e humanizada. Policiais femininas est\u00e3o sendo treinadas para recepcionar essas v\u00edtimas durante o Carnaval e oferecer uma resposta mais eficiente \u00e0 sociedade\u201d, afirmou.<\/p>\n\n\n\n<p>Ainda no campo da seguran\u00e7a p\u00fablica, o governo estadual informou que vai atuar para dificultar a concess\u00e3o de sa\u00eddas tempor\u00e1rias de presos durante o per\u00edodo carnavalesco. Segundo o secret\u00e1rio de Estado de Justi\u00e7a e Seguran\u00e7a P\u00fablica, Rog\u00e9rio Greco, o Carnaval n\u00e3o \u00e9 um momento adequado para esse tipo de benef\u00edcio.<\/p>\n\n\n\n<p>\u201cQuando o preso solicita a sa\u00edda tempor\u00e1ria, \u00e9 para conv\u00edvio familiar. O per\u00edodo de Carnaval, com festas e consumo de bebida alco\u00f3lica, n\u00e3o \u00e9 compat\u00edvel com esse tipo de sa\u00edda\u201d, afirmou.<\/p>\n","protected":false},"excerpt":{"rendered":"<p>Governo do estado apresenta plano para festa em 450 munic\u00edpios e refor\u00e7o na seguran\u00e7a p\u00fablica Caetano | PBH O Governo de Minas apresentou, nesta ter\u00e7a-feira (27), um pacote de a\u00e7\u00f5es para o Carnaval 2026. As medidas devem alcan\u00e7ar cerca de 450 munic\u00edpios. A expectativa \u00e9 receber 14,9 milh\u00f5es de foli\u00f5es e movimentar R$ 5,75 bilh\u00f5es [&hellip;]<\/p>\n","protected":false},"author":5,"featured_media":169091,"comment_status":"closed","ping_status":"open","sticky":false,"template":"","format":"standard","meta":{"advgb_blocks_editor_width":"","advgb_blocks_columns_visual_guide":"","_exactmetrics_skip_tracking":false,"_exactmetrics_sitenote_active":false,"_exactmetrics_sitenote_note":"","_exactmetrics_sitenote_category":0,"footnotes":""},"categories":[7,2],"tags":[],"class_list":["post-169090","post","type-post","status-publish","format-standard","has-post-thumbnail","hentry","category-destaques","category-noticias"],"better_featured_image":{"id":169091,"alt_text":"","caption":"","description":"","media_type":"image","media_details":{"width":1000,"height":563,"file":"2026\/01\/download-7-1.webp","filesize":87700,"sizes":{"medium":{"file":"download-7-1-470x265.webp","width":470,"height":265,"mime-type":"image\/webp","filesize":39700,"source_url":"https:\/\/lavras.tv\/site\/wp-content\/uploads\/2026\/01\/download-7-1-470x265.webp"},"large":{"file":"download-7-1-970x546.webp","width":970,"height":546,"mime-type":"image\/webp","filesize":102810,"source_url":"https:\/\/lavras.tv\/site\/wp-content\/uploads\/2026\/01\/download-7-1-970x546.webp"},"thumbnail":{"file":"download-7-1-170x96.webp","width":170,"height":96,"mime-type":"image\/webp","filesize":7864,"source_url":"https:\/\/lavras.tv\/site\/wp-content\/uploads\/2026\/01\/download-7-1-170x96.webp"},"alm-thumbnail":{"file":"download-7-1-150x150.webp","width":150,"height":150,"mime-type":"image\/webp","filesize":9780,"source_url":"https:\/\/lavras.tv\/site\/wp-content\/uploads\/2026\/01\/download-7-1-150x150.webp"},"sow-carousel-default":{"file":"download-7-1-272x182.webp","width":272,"height":182,"mime-type":"image\/webp","filesize":19328,"source_url":"https:\/\/lavras.tv\/site\/wp-content\/uploads\/2026\/01\/download-7-1-272x182.webp"}},"image_meta":{"aperture":"0","credit":"","camera":"","caption":"","created_timestamp":"0","copyright":"","focal_length":"0","iso":"0","shutter_speed":"0","title":"","orientation":"0","keywords":[]}},"post":169090,"source_url":"https:\/\/lavras.tv\/site\/wp-content\/uploads\/2026\/01\/download-7-1.webp"},"author_meta":{"display_name":"Vinicius Bustamante","author_link":"https:\/\/lavras.tv\/site\/author\/vinicius-bustamante\/"},"featured_img":"https:\/\/lavras.tv\/site\/wp-content\/uploads\/2026\/01\/download-7-1-470x265.webp","coauthors":[],"tax_additional":{"categories":{"linked":["<a href=\"https:\/\/lavras.tv\/site\/category\/destaques\/\" class=\"advgb-post-tax-term\">Destaques<\/a>","<a href=\"https:\/\/lavras.tv\/site\/category\/noticias\/\" class=\"advgb-post-tax-term\">Not\u00edcias<\/a>"],"unlinked":["<span class=\"advgb-post-tax-term\">Destaques<\/span>","<span class=\"advgb-post-tax-term\">Not\u00edcias<\/span>"]}},"comment_count":"0","relative_dates":{"created":"Publicado 3 meses atr\u00e1s","modified":"Atualizado 3 meses atr\u00e1s"},"absolute_dates":{"created":"Publicado em 28 de janeiro de 2026","modified":"Atualizado em 28 de janeiro de 2026"},"absolute_dates_time":{"created":"Publicado em 28 de janeiro de 2026 13:31","modified":"Atualizado em 28 de janeiro de 2026 13:31"},"featured_img_caption":"","series_order":"","_links":{"self":[{"href":"https:\/\/lavras.tv\/site\/wp-json\/wp\/v2\/posts\/169090","targetHints":{"allow":["GET"]}}],"collection":[{"href":"https:\/\/lavras.tv\/site\/wp-json\/wp\/v2\/posts"}],"about":[{"href":"https:\/\/lavras.tv\/site\/wp-json\/wp\/v2\/types\/post"}],"author":[{"embeddable":true,"href":"https:\/\/lavras.tv\/site\/wp-json\/wp\/v2\/users\/5"}],"replies":[{"embeddable":true,"href":"https:\/\/lavras.tv\/site\/wp-json\/wp\/v2\/comments?post=169090"}],"version-history":[{"count":1,"href":"https:\/\/lavras.tv\/site\/wp-json\/wp\/v2\/posts\/169090\/revisions"}],"predecessor-version":[{"id":169092,"href":"https:\/\/lavras.tv\/site\/wp-json\/wp\/v2\/posts\/169090\/revisions\/169092"}],"wp:featuredmedia":[{"embeddable":true,"href":"https:\/\/lavras.tv\/site\/wp-json\/wp\/v2\/media\/169091"}],"wp:attachment":[{"href":"https:\/\/lavras.tv\/site\/wp-json\/wp\/v2\/media?parent=169090"}],"wp:term":[{"taxonomy":"category","embeddable":true,"href":"https:\/\/lavras.tv\/site\/wp-json\/wp\/v2\/categories?post=169090"},{"taxonomy":"post_tag","embeddable":true,"href":"https:\/\/lavras.tv\/site\/wp-json\/wp\/v2\/tags?post=169090"}],"curies":[{"name":"wp","href":"https:\/\/api.w.org\/{rel}","templated":true}]}}