{"id":169093,"date":"2026-01-28T13:36:52","date_gmt":"2026-01-28T16:36:52","guid":{"rendered":"https:\/\/lavras.tv\/site\/?p=169093"},"modified":"2026-01-28T13:36:53","modified_gmt":"2026-01-28T16:36:53","slug":"setor-de-cafe-perde-r-661-mi-por-crise-portuaria-apesar-de-recorde-de-us-156-bi","status":"publish","type":"post","link":"https:\/\/lavras.tv\/site\/2026\/01\/28\/setor-de-cafe-perde-r-661-mi-por-crise-portuaria-apesar-de-recorde-de-us-156-bi\/","title":{"rendered":"Setor de caf\u00e9 perde R$ 66,1 mi por crise portu\u00e1ria, apesar de recorde de US$ 15,6 bi"},"content":{"rendered":"<div class=\"lavra-antes-do-conteudo_2\" id=\"lavra-584525149\"><div id=\"lavra-slider-27\" class=\"custom-slider lavra-slider-3104898279 lavra-slider\"><ul><li><div style=\"margin-left: auto;margin-right: auto;text-align: center;\" id=\"lavra-2991892823\"><a href=\"https:\/\/sistemas.lavras.mg.gov.br\/portalcidadao\/#df1b1a7c7b2a290bcb31e32771e610784662739a88807c0dacac58ede5f391a7530e299dc302d611ee73cb143fc22eaf93592e53e7b5bdb01b00a0b8d28dae460c141dd2ff83412e4dc1c31b16b25f33144a9e5620ea73b13f5bc1c59411d98439ad226e8af03840603796067d87afe130812cf3de24982d0e306f9e61e764e5\" aria-label=\"Lavras-TV&#8211;720x104px (1) (1)\"><img src=\"https:\/\/lavras.tv\/site\/wp-content\/uploads\/2025\/01\/Lavras-TV-720x104px-1-1.png\" alt=\"\"  srcset=\"https:\/\/lavras.tv\/site\/wp-content\/uploads\/2025\/01\/Lavras-TV-720x104px-1-1.png 720w, https:\/\/lavras.tv\/site\/wp-content\/uploads\/2025\/01\/Lavras-TV-720x104px-1-1-470x68.png 470w, https:\/\/lavras.tv\/site\/wp-content\/uploads\/2025\/01\/Lavras-TV-720x104px-1-1-170x25.png 170w, https:\/\/lavras.tv\/site\/wp-content\/uploads\/2025\/01\/Lavras-TV-720x104px-1-1-200x29.png 200w\" sizes=\"(max-width: 720px) 100vw, 720px\" width=\"720\" height=\"104\"  style=\"display: inline-block;\" \/><\/a><\/div><\/li><li><a href=\"https:\/\/sistemas.lavras.mg.gov.br\/portalcidadao\/#df1b1a7c7b2a290bcb31e32771e610784662739a88807c0dacac58ede5f391a7530e299dc302d611ee73cb143fc22eaf93592e53e7b5bdb01b00a0b8d28dae460c141dd2ff83412e4dc1c31b16b25f33144a9e5620ea73b13f5bc1c59411d98439ad226e8af03840603796067d87afe130812cf3de24982d0e306f9e61e764e5\" aria-label=\"Banner_Emprego_PortallavrasTV\"><img src=\"https:\/\/lavras.tv\/site\/wp-content\/uploads\/2025\/03\/Banner_Emprego_PortallavrasTV.png\" alt=\"\"  srcset=\"https:\/\/lavras.tv\/site\/wp-content\/uploads\/2025\/03\/Banner_Emprego_PortallavrasTV.png 720w, https:\/\/lavras.tv\/site\/wp-content\/uploads\/2025\/03\/Banner_Emprego_PortallavrasTV-470x68.png 470w, https:\/\/lavras.tv\/site\/wp-content\/uploads\/2025\/03\/Banner_Emprego_PortallavrasTV-170x25.png 170w, https:\/\/lavras.tv\/site\/wp-content\/uploads\/2025\/03\/Banner_Emprego_PortallavrasTV-200x29.png 200w\" sizes=\"(max-width: 720px) 100vw, 720px\" width=\"720\" height=\"104\"   \/><\/a><\/li><li><a href=\"https:\/\/sistemas.lavras.mg.gov.br\/portalcidadao\/#df1b1a7c7b2a290bcb31e32771e610784662739a88807c0dacac58ede5f391a7530e299dc302d611ee73cb143fc22eaf93592e53e7b5bdb01b00a0b8d28dae460c141dd2ff83412e4dc1c31b16b25f33144a9e5620ea73b13f5bc1c59411d98439ad226e8af03840603796067d87afe130812cf3de24982d0e306f9e61e764e5\" aria-label=\"Banner_Obras_PortallavrasTV\"><img src=\"https:\/\/lavras.tv\/site\/wp-content\/uploads\/2025\/03\/Banner_Obras_PortallavrasTV.png\" alt=\"\"  srcset=\"https:\/\/lavras.tv\/site\/wp-content\/uploads\/2025\/03\/Banner_Obras_PortallavrasTV.png 720w, https:\/\/lavras.tv\/site\/wp-content\/uploads\/2025\/03\/Banner_Obras_PortallavrasTV-470x68.png 470w, https:\/\/lavras.tv\/site\/wp-content\/uploads\/2025\/03\/Banner_Obras_PortallavrasTV-170x25.png 170w, https:\/\/lavras.tv\/site\/wp-content\/uploads\/2025\/03\/Banner_Obras_PortallavrasTV-200x29.png 200w\" sizes=\"(max-width: 720px) 100vw, 720px\" width=\"720\" height=\"104\"   \/><\/a><\/li><li><div style=\"margin-left: auto;margin-right: auto;text-align: center;\" id=\"lavra-1929071244\"><a href=\"https:\/\/sistemas.lavras.mg.gov.br\/portalcidadao\/#df1b1a7c7b2a290bcb31e32771e610784662739a88807c0dacac58ede5f391a7530e299dc302d611ee73cb143fc22eaf93592e53e7b5bdb01b00a0b8d28dae460c141dd2ff83412e4dc1c31b16b25f33144a9e5620ea73b13f5bc1c59411d98439ad226e8af03840603796067d87afe130812cf3de24982d0e306f9e61e764e5\" aria-label=\"Banner_Educa\u00e7\u00e3o_PortallavrasTV\"><img src=\"https:\/\/lavras.tv\/site\/wp-content\/uploads\/2025\/01\/Banner_Educacao_PortallavrasTV.png\" alt=\"\"  srcset=\"https:\/\/lavras.tv\/site\/wp-content\/uploads\/2025\/01\/Banner_Educacao_PortallavrasTV.png 720w, https:\/\/lavras.tv\/site\/wp-content\/uploads\/2025\/01\/Banner_Educacao_PortallavrasTV-470x68.png 470w, https:\/\/lavras.tv\/site\/wp-content\/uploads\/2025\/01\/Banner_Educacao_PortallavrasTV-170x25.png 170w, https:\/\/lavras.tv\/site\/wp-content\/uploads\/2025\/01\/Banner_Educacao_PortallavrasTV-200x29.png 200w\" sizes=\"(max-width: 720px) 100vw, 720px\" width=\"720\" height=\"104\"  style=\"display: inline-block;\" \/><\/a><\/div><\/li><li><a href=\"https:\/\/sistemas.lavras.mg.gov.br\/portalcidadao\/#df1b1a7c7b2a290bcb31e32771e610784662739a88807c0dacac58ede5f391a7530e299dc302d611ee73cb143fc22eaf93592e53e7b5bdb01b00a0b8d28dae460c141dd2ff83412e4dc1c31b16b25f33144a9e5620ea73b13f5bc1c59411d98439ad226e8af03840603796067d87afe130812cf3de24982d0e306f9e61e764e5\" aria-label=\"Banner_Sa\u00fade_PortallavrasTV\"><img src=\"https:\/\/lavras.tv\/site\/wp-content\/uploads\/2025\/03\/Banner_Saude_PortallavrasTV.png\" alt=\"\"  srcset=\"https:\/\/lavras.tv\/site\/wp-content\/uploads\/2025\/03\/Banner_Saude_PortallavrasTV.png 720w, https:\/\/lavras.tv\/site\/wp-content\/uploads\/2025\/03\/Banner_Saude_PortallavrasTV-470x68.png 470w, https:\/\/lavras.tv\/site\/wp-content\/uploads\/2025\/03\/Banner_Saude_PortallavrasTV-170x25.png 170w, https:\/\/lavras.tv\/site\/wp-content\/uploads\/2025\/03\/Banner_Saude_PortallavrasTV-200x29.png 200w\" sizes=\"(max-width: 720px) 100vw, 720px\" width=\"720\" height=\"104\"   \/><\/a><\/li><li><div id=\"lavra-2916239580\" style=\"width:720px;height:104px;background-color:#ddd;overflow:scroll;\">\n\t<strong>Sa\u00edda da depura\u00e7\u00e3o de an\u00fancios<\/strong>\n\t<br><br>\n\tO an\u00fancio n\u00e3o \u00e9 exibido na p\u00e1gina<br><br>post atual: Setor de caf\u00e9 perde R$ 66,1 mi por crise portu\u00e1ria, apesar de recorde de US$ 15,6 bi, ID: 169093<br><br><span style=\"color: red;\">O post atual n\u00e3o \u00e9 id\u00eantico ao post principal.<\/span><br><br>An\u00fancios: ROXO - TOPO INTERNA - ROTATIVO 2 (197)<br \/>Grupo de an\u00fancios: Princ_Meio01_720x104 (27)<br><br>Condi\u00e7\u00f5es de exibi\u00e7\u00e3o<div style=\"margin-bottom: 20px; white-space: pre-wrap; font-family: monospace; width: 100%; background: #ffe9e9;\"><strong>condi\u00e7\u00f5es gerais<\/strong><table border=\"1\"><thead><tr><th><\/th><th>An\u00fancios<\/th><th>wp_the_query<\/th><\/tr><\/thead><tr><td>is_main_query<\/td><td>1<\/td><td>1<\/td><\/tr><tr><td>is_rest_api<\/td><td>0<\/td><td>1<\/td><\/tr><tr><td>page<\/td><td>0<\/td><td>1<\/td><\/tr><tr><td>numpages<\/td><td>0<\/td><td>1<\/td><\/tr><tr><td>is_archive<\/td><td>1<\/td><td><\/td><\/tr><tr><td>is_search<\/td><td>1<\/td><td><\/td><\/tr><tr><td>is_home<\/td><td>1<\/td><td><\/td><\/tr><tr><td>is_404<\/td><td>1<\/td><td><\/td><\/tr><tr><td>is_attachment<\/td><td>1<\/td><td><\/td><\/tr><tr><td>is_singular<\/td><td>1<\/td><td><\/td><\/tr><tr><td>is_front_page<\/td><td>1<\/td><td><\/td><\/tr><tr><td>is_feed<\/td><td>1<\/td><td><\/td><\/tr><\/table><\/div><br><br><span style=\"color: red;\">Seu site usa HTTPS, mas o c\u00f3digo do an\u00fancio cont\u00e9m HTTP e pode n\u00e3o funcionar.<\/span>\t<br><br>\n\t<a style=\"color: green;\" href=\"https:\/\/wpadvancedads.com\/manual\/ad-debug-mode\/?utm_source=advanced-ads&utm_medium=link&utm_campaign=ad-debug-mode\" target=\"_blank\" rel=\"nofollow\">Encontre solu\u00e7\u00f5es no manual<\/a>\n<\/div>\n<\/li><\/ul><\/div><script>( window.advanced_ads_ready || jQuery( document ).ready ).call( null, function() {var $lavraslider3104898279 = jQuery( \".lavra-slider-3104898279\" );$lavraslider3104898279.on( \"unslider.ready\", function() { jQuery( \"div.custom-slider ul li\" ).css( \"display\", \"block\" ); });$lavraslider3104898279.unslider({ delay:4000, autoplay:true, nav:false, arrows:false, infinite:true });$lavraslider3104898279.on(\"mouseover\", function() {$lavraslider3104898279.unslider(\"stop\");}).on(\"mouseout\", function() {$lavraslider3104898279.unslider(\"start\");});});<\/script><\/div>\n<h2 class=\"wp-block-heading\">Somente em dezembro, o preju\u00edzo foi de R$ 4,6 milh\u00f5es devido ao n\u00e3o embarque de quase 490 mil sacas<\/h2>\n\n\n\n<figure class=\"wp-block-image\"><img decoding=\"async\" src=\"https:\/\/medias.itatiaia.com.br\/dims4\/default\/c7abec9\/2147483647\/strip\/true\/crop\/1199x675+1+0\/resize\/1000x563!\/quality\/90\/?url=https%3A%2F%2Fk2-prod-radio-itatiaia.s3.us-east-1.amazonaws.com%2Fbrightspot%2Fa5%2F16%2Fbb4f3a07479084c31d929d75e7eb%2Fc-2026-01-27t173238-695.jpg\" alt=\"Setor de caf\u00e9 perde R$ 66,1 mi por crise portu\u00e1ria, apesar de recorde de US$ 15,6 bi\"\/><\/figure>\n\n\n\n<p>Marcello Casal JR\/Ag\u00eancia Brasil<\/p>\n\n\n\n<p>Crise log\u00edstica atinge diretamente o bolso do produtor rural<\/p>\n\n\n\n<p>Apesar\u00a0<a href=\"https:\/\/www.itatiaia.com.br\/agro\/brasil-bate-recorde-de-us-15-6-bilhoes-com-cafe-em-2025-apesar-de-queda-no-volume\">dos recordes na movimenta\u00e7\u00e3o de cargas<\/a>, o setor cafeeiro do Brasil foi afetado pelo\u00a0<a href=\"https:\/\/www.itatiaia.com.br\/agro\/atraso-de-navios-eleva-prejuizos-de-exportadores-com-nova-safra-de-cafe\">esgotamento da infraestrutura portu\u00e1ria<\/a> em 2025. O preju\u00edzo direto foi de\u00a0<strong>R$ 66,1 milh\u00f5es<\/strong>\u00a0aos exportadores de caf\u00e9, segundo levantamento do Conselho dos Exportadores de Caf\u00e9 do Brasil (Cecaf\u00e9).<\/p>\n\n\n\n<p>O montante \u00e9 reflexo de gastos extras com armazenagem adicional,&nbsp;<em>pr\u00e9-stacking<\/em>&nbsp;e&nbsp;<em>detentions<\/em>&nbsp;(multas por atraso na devolu\u00e7\u00e3o de cont\u00eaineres), causados por filas de caminh\u00f5es, p\u00e1tios superlotados e falta de ber\u00e7os para atraca\u00e7\u00e3o. Somente em dezembro, o preju\u00edzo foi de&nbsp;<strong>R$ 4,6 milh\u00f5es devido ao n\u00e3o embarque de quase 490 mil sacas<\/strong>.<\/p>\n\n\n\n<figure class=\"wp-block-image\"><img decoding=\"async\" src=\"https:\/\/medias.itatiaia.com.br\/dims4\/default\/4520db6\/2147483647\/strip\/true\/crop\/910x121+0+0\/resize\/1440x191!\/quality\/90\/?url=https%3A%2F%2Fk2-prod-radio-itatiaia.s3.us-east-1.amazonaws.com%2Fbrightspot%2F2b%2F0d%2F135d77514902a44589cf291e7c0f%2Fdtz-cargas-dez.jpg\" alt=\"Cargas de caf\u00e9 n\u00e3o embarcadas em dezembro de 2025\"\/><\/figure>\n\n\n\n<p><\/p>\n\n\n\n<h2 class=\"wp-block-heading\">Impacto invis\u00edvel dos n\u00fameros recordes<\/h2>\n\n\n\n<p>Embora os dados gerais do com\u00e9rcio exterior apresentem n\u00fameros hist\u00f3ricos, o diretor t\u00e9cnico do Cecaf\u00e9, Eduardo Heron, alertou que esses resultados \u201cmascaram\u201d a crise enfrentada pelas cargas.<\/p>\n\n\n\n<p>\u201cNa m\u00e9dia mensal, 55% dos navios sofreram atrasos ou altera\u00e7\u00f5es de escala. Isso impediu a exporta\u00e7\u00e3o de 1.824 cont\u00eaineres por m\u00eas, fazendo com que o Brasil deixasse de receber&nbsp;<strong>R$ 14,67 bilh\u00f5es (US$ 2,64 bilh\u00f5es)<\/strong>&nbsp;em receita cambial em 2025&#8243;, revelou Heron.<\/p>\n\n\n\n<p>O problema n\u00e3o \u00e9 exclusivo do caf\u00e9. Setores como algod\u00e3o e a\u00e7\u00facar tamb\u00e9m relatam dificuldades severas. A crise log\u00edstica atinge diretamente o bolso do produtor rural, j\u00e1 que o Brasil repassa cerca de 90% do valor FOB (pre\u00e7o do produto no porto) aos cafeicultores. Com o atraso nos embarques, a renda no campo diminui.<\/p>\n\n\n\n<h2 class=\"wp-block-heading\">Santos no centro da crise<\/h2>\n\n\n\n<p>O Porto de Santos, principal porta de sa\u00edda da produ\u00e7\u00e3o brasileira, \u00e9 o ponto de maior preocupa\u00e7\u00e3o. O setor critica a lentid\u00e3o em investimentos e a poss\u00edvel judicializa\u00e7\u00e3o do leil\u00e3o do Tecon Santos 10. Uma recomenda\u00e7\u00e3o do Tribunal de Contas da Uni\u00e3o (TCU) que restringe a participa\u00e7\u00e3o de armadores no certame pode atrasar ainda mais a expans\u00e3o da capacidade de p\u00e1tio e ber\u00e7o.<\/p>\n\n\n\n<p>\u201cSe as exporta\u00e7\u00f5es do agroneg\u00f3cio continuarem crescendo no ritmo atual (6% ao ano desde 2016) e os investimentos em infraestrutura seguirem de forma burocr\u00e1tica, o pa\u00eds continuar\u00e1 perdendo competitividade\u201d, concluiu o diretor.<\/p>\n\n\n\n<h2 class=\"wp-block-heading\">Alternativas<\/h2>\n\n\n\n<p>Como rota de fuga de Santos, o Cecaf\u00e9 aposta na diversifica\u00e7\u00e3o log\u00edstica. A expectativa recai sobre a parceria entre o&nbsp;<strong>Imetame Porto Aracruz (ES)<\/strong>&nbsp;e a&nbsp;<strong>Hanseatic Global Terminals<\/strong>&nbsp;(subsidi\u00e1ria da Hapag-Lloyd). A meta \u00e9 atrair cargas para o Esp\u00edrito Santo, desafogando os terminais paulistas e mitigando os riscos para o com\u00e9rcio exportador de caf\u00e9.<\/p>\n","protected":false},"excerpt":{"rendered":"<p>Somente em dezembro, o preju\u00edzo foi de R$ 4,6 milh\u00f5es devido ao n\u00e3o embarque de quase 490 mil sacas Marcello Casal JR\/Ag\u00eancia Brasil Crise log\u00edstica atinge diretamente o bolso do produtor rural Apesar\u00a0dos recordes na movimenta\u00e7\u00e3o de cargas, o setor cafeeiro do Brasil foi afetado pelo\u00a0esgotamento da infraestrutura portu\u00e1ria em 2025. O preju\u00edzo direto foi [&hellip;]<\/p>\n","protected":false},"author":5,"featured_media":169094,"comment_status":"closed","ping_status":"open","sticky":false,"template":"","format":"standard","meta":{"advgb_blocks_editor_width":"","advgb_blocks_columns_visual_guide":"","_exactmetrics_skip_tracking":false,"_exactmetrics_sitenote_active":false,"_exactmetrics_sitenote_note":"","_exactmetrics_sitenote_category":0,"footnotes":""},"categories":[7,2],"tags":[],"class_list":["post-169093","post","type-post","status-publish","format-standard","has-post-thumbnail","hentry","category-destaques","category-noticias"],"better_featured_image":{"id":169094,"alt_text":"","caption":"","description":"","media_type":"image","media_details":{"width":1000,"height":563,"file":"2026\/01\/download-8-1.webp","filesize":49090,"sizes":{"medium":{"file":"download-8-1-470x265.webp","width":470,"height":265,"mime-type":"image\/webp","filesize":23278,"source_url":"https:\/\/lavras.tv\/site\/wp-content\/uploads\/2026\/01\/download-8-1-470x265.webp"},"large":{"file":"download-8-1-970x546.webp","width":970,"height":546,"mime-type":"image\/webp","filesize":51580,"source_url":"https:\/\/lavras.tv\/site\/wp-content\/uploads\/2026\/01\/download-8-1-970x546.webp"},"thumbnail":{"file":"download-8-1-170x96.webp","width":170,"height":96,"mime-type":"image\/webp","filesize":5556,"source_url":"https:\/\/lavras.tv\/site\/wp-content\/uploads\/2026\/01\/download-8-1-170x96.webp"},"alm-thumbnail":{"file":"download-8-1-150x150.webp","width":150,"height":150,"mime-type":"image\/webp","filesize":7388,"source_url":"https:\/\/lavras.tv\/site\/wp-content\/uploads\/2026\/01\/download-8-1-150x150.webp"},"sow-carousel-default":{"file":"download-8-1-272x182.webp","width":272,"height":182,"mime-type":"image\/webp","filesize":12738,"source_url":"https:\/\/lavras.tv\/site\/wp-content\/uploads\/2026\/01\/download-8-1-272x182.webp"}},"image_meta":{"aperture":"0","credit":"","camera":"","caption":"","created_timestamp":"0","copyright":"","focal_length":"0","iso":"0","shutter_speed":"0","title":"","orientation":"0","keywords":[]}},"post":169093,"source_url":"https:\/\/lavras.tv\/site\/wp-content\/uploads\/2026\/01\/download-8-1.webp"},"author_meta":{"display_name":"Vinicius Bustamante","author_link":"https:\/\/lavras.tv\/site\/author\/vinicius-bustamante\/"},"featured_img":"https:\/\/lavras.tv\/site\/wp-content\/uploads\/2026\/01\/download-8-1-470x265.webp","coauthors":[],"tax_additional":{"categories":{"linked":["<a href=\"https:\/\/lavras.tv\/site\/category\/destaques\/\" class=\"advgb-post-tax-term\">Destaques<\/a>","<a href=\"https:\/\/lavras.tv\/site\/category\/noticias\/\" class=\"advgb-post-tax-term\">Not\u00edcias<\/a>"],"unlinked":["<span class=\"advgb-post-tax-term\">Destaques<\/span>","<span class=\"advgb-post-tax-term\">Not\u00edcias<\/span>"]}},"comment_count":"0","relative_dates":{"created":"Publicado 3 meses atr\u00e1s","modified":"Atualizado 3 meses atr\u00e1s"},"absolute_dates":{"created":"Publicado em 28 de janeiro de 2026","modified":"Atualizado em 28 de janeiro de 2026"},"absolute_dates_time":{"created":"Publicado em 28 de janeiro de 2026 13:36","modified":"Atualizado em 28 de janeiro de 2026 13:36"},"featured_img_caption":"","series_order":"","_links":{"self":[{"href":"https:\/\/lavras.tv\/site\/wp-json\/wp\/v2\/posts\/169093","targetHints":{"allow":["GET"]}}],"collection":[{"href":"https:\/\/lavras.tv\/site\/wp-json\/wp\/v2\/posts"}],"about":[{"href":"https:\/\/lavras.tv\/site\/wp-json\/wp\/v2\/types\/post"}],"author":[{"embeddable":true,"href":"https:\/\/lavras.tv\/site\/wp-json\/wp\/v2\/users\/5"}],"replies":[{"embeddable":true,"href":"https:\/\/lavras.tv\/site\/wp-json\/wp\/v2\/comments?post=169093"}],"version-history":[{"count":1,"href":"https:\/\/lavras.tv\/site\/wp-json\/wp\/v2\/posts\/169093\/revisions"}],"predecessor-version":[{"id":169095,"href":"https:\/\/lavras.tv\/site\/wp-json\/wp\/v2\/posts\/169093\/revisions\/169095"}],"wp:featuredmedia":[{"embeddable":true,"href":"https:\/\/lavras.tv\/site\/wp-json\/wp\/v2\/media\/169094"}],"wp:attachment":[{"href":"https:\/\/lavras.tv\/site\/wp-json\/wp\/v2\/media?parent=169093"}],"wp:term":[{"taxonomy":"category","embeddable":true,"href":"https:\/\/lavras.tv\/site\/wp-json\/wp\/v2\/categories?post=169093"},{"taxonomy":"post_tag","embeddable":true,"href":"https:\/\/lavras.tv\/site\/wp-json\/wp\/v2\/tags?post=169093"}],"curies":[{"name":"wp","href":"https:\/\/api.w.org\/{rel}","templated":true}]}}