{"id":169096,"date":"2026-01-28T13:43:42","date_gmt":"2026-01-28T16:43:42","guid":{"rendered":"https:\/\/lavras.tv\/site\/?p=169096"},"modified":"2026-01-28T13:43:43","modified_gmt":"2026-01-28T16:43:43","slug":"inss-prorroga-ate-marco-prazo-para-contestacao-de-descontos-indevidos","status":"publish","type":"post","link":"https:\/\/lavras.tv\/site\/2026\/01\/28\/inss-prorroga-ate-marco-prazo-para-contestacao-de-descontos-indevidos\/","title":{"rendered":"INSS prorroga at\u00e9 mar\u00e7o prazo para contesta\u00e7\u00e3o de descontos indevidos"},"content":{"rendered":"<div class=\"lavra-antes-do-conteudo_2\" id=\"lavra-1999363362\"><div id=\"lavra-slider-27\" class=\"custom-slider lavra-slider-2513094727 lavra-slider\"><ul><li><div style=\"margin-left: auto;margin-right: auto;text-align: center;\" id=\"lavra-3073619808\"><a href=\"https:\/\/sistemas.lavras.mg.gov.br\/portalcidadao\/#df1b1a7c7b2a290bcb31e32771e610784662739a88807c0dacac58ede5f391a7530e299dc302d611ee73cb143fc22eaf93592e53e7b5bdb01b00a0b8d28dae460c141dd2ff83412e4dc1c31b16b25f33144a9e5620ea73b13f5bc1c59411d98439ad226e8af03840603796067d87afe130812cf3de24982d0e306f9e61e764e5\" aria-label=\"Lavras-TV&#8211;720x104px (1) (1)\"><img src=\"https:\/\/lavras.tv\/site\/wp-content\/uploads\/2025\/01\/Lavras-TV-720x104px-1-1.png\" alt=\"\"  srcset=\"https:\/\/lavras.tv\/site\/wp-content\/uploads\/2025\/01\/Lavras-TV-720x104px-1-1.png 720w, https:\/\/lavras.tv\/site\/wp-content\/uploads\/2025\/01\/Lavras-TV-720x104px-1-1-470x68.png 470w, https:\/\/lavras.tv\/site\/wp-content\/uploads\/2025\/01\/Lavras-TV-720x104px-1-1-170x25.png 170w, https:\/\/lavras.tv\/site\/wp-content\/uploads\/2025\/01\/Lavras-TV-720x104px-1-1-200x29.png 200w\" sizes=\"(max-width: 720px) 100vw, 720px\" width=\"720\" height=\"104\"  style=\"display: inline-block;\" \/><\/a><\/div><\/li><li><a href=\"https:\/\/sistemas.lavras.mg.gov.br\/portalcidadao\/#df1b1a7c7b2a290bcb31e32771e610784662739a88807c0dacac58ede5f391a7530e299dc302d611ee73cb143fc22eaf93592e53e7b5bdb01b00a0b8d28dae460c141dd2ff83412e4dc1c31b16b25f33144a9e5620ea73b13f5bc1c59411d98439ad226e8af03840603796067d87afe130812cf3de24982d0e306f9e61e764e5\" aria-label=\"Banner_Emprego_PortallavrasTV\"><img src=\"https:\/\/lavras.tv\/site\/wp-content\/uploads\/2025\/03\/Banner_Emprego_PortallavrasTV.png\" alt=\"\"  srcset=\"https:\/\/lavras.tv\/site\/wp-content\/uploads\/2025\/03\/Banner_Emprego_PortallavrasTV.png 720w, https:\/\/lavras.tv\/site\/wp-content\/uploads\/2025\/03\/Banner_Emprego_PortallavrasTV-470x68.png 470w, https:\/\/lavras.tv\/site\/wp-content\/uploads\/2025\/03\/Banner_Emprego_PortallavrasTV-170x25.png 170w, https:\/\/lavras.tv\/site\/wp-content\/uploads\/2025\/03\/Banner_Emprego_PortallavrasTV-200x29.png 200w\" sizes=\"(max-width: 720px) 100vw, 720px\" width=\"720\" height=\"104\"   \/><\/a><\/li><li><a href=\"https:\/\/sistemas.lavras.mg.gov.br\/portalcidadao\/#df1b1a7c7b2a290bcb31e32771e610784662739a88807c0dacac58ede5f391a7530e299dc302d611ee73cb143fc22eaf93592e53e7b5bdb01b00a0b8d28dae460c141dd2ff83412e4dc1c31b16b25f33144a9e5620ea73b13f5bc1c59411d98439ad226e8af03840603796067d87afe130812cf3de24982d0e306f9e61e764e5\" aria-label=\"Banner_Obras_PortallavrasTV\"><img src=\"https:\/\/lavras.tv\/site\/wp-content\/uploads\/2025\/03\/Banner_Obras_PortallavrasTV.png\" alt=\"\"  srcset=\"https:\/\/lavras.tv\/site\/wp-content\/uploads\/2025\/03\/Banner_Obras_PortallavrasTV.png 720w, https:\/\/lavras.tv\/site\/wp-content\/uploads\/2025\/03\/Banner_Obras_PortallavrasTV-470x68.png 470w, https:\/\/lavras.tv\/site\/wp-content\/uploads\/2025\/03\/Banner_Obras_PortallavrasTV-170x25.png 170w, https:\/\/lavras.tv\/site\/wp-content\/uploads\/2025\/03\/Banner_Obras_PortallavrasTV-200x29.png 200w\" sizes=\"(max-width: 720px) 100vw, 720px\" width=\"720\" height=\"104\"   \/><\/a><\/li><li><div style=\"margin-left: auto;margin-right: auto;text-align: center;\" id=\"lavra-3307169462\"><a href=\"https:\/\/sistemas.lavras.mg.gov.br\/portalcidadao\/#df1b1a7c7b2a290bcb31e32771e610784662739a88807c0dacac58ede5f391a7530e299dc302d611ee73cb143fc22eaf93592e53e7b5bdb01b00a0b8d28dae460c141dd2ff83412e4dc1c31b16b25f33144a9e5620ea73b13f5bc1c59411d98439ad226e8af03840603796067d87afe130812cf3de24982d0e306f9e61e764e5\" aria-label=\"Banner_Educa\u00e7\u00e3o_PortallavrasTV\"><img src=\"https:\/\/lavras.tv\/site\/wp-content\/uploads\/2025\/01\/Banner_Educacao_PortallavrasTV.png\" alt=\"\"  srcset=\"https:\/\/lavras.tv\/site\/wp-content\/uploads\/2025\/01\/Banner_Educacao_PortallavrasTV.png 720w, https:\/\/lavras.tv\/site\/wp-content\/uploads\/2025\/01\/Banner_Educacao_PortallavrasTV-470x68.png 470w, https:\/\/lavras.tv\/site\/wp-content\/uploads\/2025\/01\/Banner_Educacao_PortallavrasTV-170x25.png 170w, https:\/\/lavras.tv\/site\/wp-content\/uploads\/2025\/01\/Banner_Educacao_PortallavrasTV-200x29.png 200w\" sizes=\"(max-width: 720px) 100vw, 720px\" width=\"720\" height=\"104\"  style=\"display: inline-block;\" \/><\/a><\/div><\/li><li><a href=\"https:\/\/sistemas.lavras.mg.gov.br\/portalcidadao\/#df1b1a7c7b2a290bcb31e32771e610784662739a88807c0dacac58ede5f391a7530e299dc302d611ee73cb143fc22eaf93592e53e7b5bdb01b00a0b8d28dae460c141dd2ff83412e4dc1c31b16b25f33144a9e5620ea73b13f5bc1c59411d98439ad226e8af03840603796067d87afe130812cf3de24982d0e306f9e61e764e5\" aria-label=\"Banner_Sa\u00fade_PortallavrasTV\"><img src=\"https:\/\/lavras.tv\/site\/wp-content\/uploads\/2025\/03\/Banner_Saude_PortallavrasTV.png\" alt=\"\"  srcset=\"https:\/\/lavras.tv\/site\/wp-content\/uploads\/2025\/03\/Banner_Saude_PortallavrasTV.png 720w, https:\/\/lavras.tv\/site\/wp-content\/uploads\/2025\/03\/Banner_Saude_PortallavrasTV-470x68.png 470w, https:\/\/lavras.tv\/site\/wp-content\/uploads\/2025\/03\/Banner_Saude_PortallavrasTV-170x25.png 170w, https:\/\/lavras.tv\/site\/wp-content\/uploads\/2025\/03\/Banner_Saude_PortallavrasTV-200x29.png 200w\" sizes=\"(max-width: 720px) 100vw, 720px\" width=\"720\" height=\"104\"   \/><\/a><\/li><li><div id=\"lavra-3726912823\" style=\"width:720px;height:104px;background-color:#ddd;overflow:scroll;\">\n\t<strong>Sa\u00edda da depura\u00e7\u00e3o de an\u00fancios<\/strong>\n\t<br><br>\n\tO an\u00fancio n\u00e3o \u00e9 exibido na p\u00e1gina<br><br>post atual: INSS prorroga at\u00e9 mar\u00e7o prazo para contesta\u00e7\u00e3o de descontos indevidos, ID: 169096<br><br><span style=\"color: red;\">O post atual n\u00e3o \u00e9 id\u00eantico ao post principal.<\/span><br><br>An\u00fancios: ROXO - TOPO INTERNA - ROTATIVO 2 (197)<br \/>Grupo de an\u00fancios: Princ_Meio01_720x104 (27)<br><br>Condi\u00e7\u00f5es de exibi\u00e7\u00e3o<div style=\"margin-bottom: 20px; white-space: pre-wrap; font-family: monospace; width: 100%; background: #ffe9e9;\"><strong>condi\u00e7\u00f5es gerais<\/strong><table border=\"1\"><thead><tr><th><\/th><th>An\u00fancios<\/th><th>wp_the_query<\/th><\/tr><\/thead><tr><td>is_main_query<\/td><td>1<\/td><td>1<\/td><\/tr><tr><td>is_rest_api<\/td><td>0<\/td><td>1<\/td><\/tr><tr><td>page<\/td><td>0<\/td><td>1<\/td><\/tr><tr><td>numpages<\/td><td>0<\/td><td>1<\/td><\/tr><tr><td>is_archive<\/td><td>1<\/td><td><\/td><\/tr><tr><td>is_search<\/td><td>1<\/td><td><\/td><\/tr><tr><td>is_home<\/td><td>1<\/td><td><\/td><\/tr><tr><td>is_404<\/td><td>1<\/td><td><\/td><\/tr><tr><td>is_attachment<\/td><td>1<\/td><td><\/td><\/tr><tr><td>is_singular<\/td><td>1<\/td><td><\/td><\/tr><tr><td>is_front_page<\/td><td>1<\/td><td><\/td><\/tr><tr><td>is_feed<\/td><td>1<\/td><td><\/td><\/tr><\/table><\/div><br><br><span style=\"color: red;\">Seu site usa HTTPS, mas o c\u00f3digo do an\u00fancio cont\u00e9m HTTP e pode n\u00e3o funcionar.<\/span>\t<br><br>\n\t<a style=\"color: green;\" href=\"https:\/\/wpadvancedads.com\/manual\/ad-debug-mode\/?utm_source=advanced-ads&utm_medium=link&utm_campaign=ad-debug-mode\" target=\"_blank\" rel=\"nofollow\">Encontre solu\u00e7\u00f5es no manual<\/a>\n<\/div>\n<\/li><\/ul><\/div><script>( window.advanced_ads_ready || jQuery( document ).ready ).call( null, function() {var $lavraslider2513094727 = jQuery( \".lavra-slider-2513094727\" );$lavraslider2513094727.on( \"unslider.ready\", function() { jQuery( \"div.custom-slider ul li\" ).css( \"display\", \"block\" ); });$lavraslider2513094727.unslider({ delay:4000, autoplay:true, nav:false, arrows:false, infinite:true });$lavraslider2513094727.on(\"mouseover\", function() {$lavraslider2513094727.unslider(\"stop\");}).on(\"mouseout\", function() {$lavraslider2513094727.unslider(\"start\");});});<\/script><\/div>\n<h2 class=\"wp-block-heading\">Problemas no aplicativo Meu INSS levaram governo a prorrogar o prazo de ades\u00e3o do acordo de ressarcimento da fraude<\/h2>\n\n\n\n<figure class=\"wp-block-image\"><img decoding=\"async\" src=\"https:\/\/medias.itatiaia.com.br\/dims4\/default\/f9f1126\/2147483647\/strip\/true\/crop\/787x443+1+0\/resize\/1000x563!\/quality\/90\/?url=https%3A%2F%2Fk2-prod-radio-itatiaia.s3.us-east-1.amazonaws.com%2Fbrightspot%2Fa5%2Ff1%2Fd5a46ab64bcfb3ae8522f99a56dd%2Finss.jpg\" alt=\"INSS\"\/><\/figure>\n\n\n\n<p>O governo federal prorrogou at\u00e9 o dia 20 de mar\u00e7o o prazo para que aposentados e pensionistas possam solicitar o ressarcimento dos descontos associativos da fraude no Instituto Nacional do Seguro Social (INSS). Originalmente, o prazo se encerraria no dia 14 de fevereiro, mas devido a\u00a0<a href=\"https:\/\/www.itatiaia.com.br\/economia\/aplicativo-meu-inss-apresenta-instabilidade-desde-segunda-feira-19\"><strong>instabilidades no sistema do aplicativo Meu INSS<\/strong><\/a> desde a \u00faltima segunda-feira (19), o \u00f3rg\u00e3o decidiu por uma extens\u00e3o.<\/p>\n\n\n\n<p>\u201cTendo em vista que tivemos problemas de sistema na semana passada e teremos uma\u00a0<a href=\"https:\/\/www.itatiaia.com.br\/brasil\/brasil-geral\/agencias-do-inss-abrem-para-atendimento-presencial-extra-neste-domingo-26\"><strong>paralisa\u00e7\u00e3o dos sistemas da Dataprev<\/strong><\/a> agora, dias 28, 29 e 30. Para n\u00e3o prejudicar ningu\u00e9m, vamos prorrogar esse prazo at\u00e9 20 de mar\u00e7o\u201d, explicou o presidente do INSS, Gilberto Waller.<\/p>\n\n\n\n<p>Podem aderir ao acordo benefici\u00e1rios que contestaram descontos indevidos e n\u00e3o receberam resposta da entidade respons\u00e1vel em at\u00e9 15 dias \u00fateis. Aqueles que receberam respostas consideradas irregulares, como apresenta\u00e7\u00e3o de assinaturas falsas ou grava\u00e7\u00f5es de \u00e1udio em substitui\u00e7\u00e3o a comprovantes v\u00e1lidos.<\/p>\n\n\n\n<p>Possuem direito os aposentados e pensionistas que tiveram descontos entre mar\u00e7o de 2020 e mar\u00e7o de 2025, marco temporal considerado pelo INSS para a fraude. Os benefici\u00e1rios ainda precisam desistir de qualquer a\u00e7\u00e3o judicial em andamento para aderirem ao pacto, que \u00e9 de natureza administrativa.<\/p>\n\n\n\n<h2 class=\"wp-block-heading\">Passo a passo de como aderir ao acordo<\/h2>\n\n\n\n<ul class=\"wp-block-list\">\n<li>Contestar o desconto indevido:<\/li>\n<\/ul>\n\n\n\n<p>Pode ser feito pelo aplicativo Meu INSS, Central 135 ou nas ag\u00eancias dos Correios at\u00e9 20 de mar\u00e7o.<\/p>\n\n\n\n<ul class=\"wp-block-list\">\n<li>Aguardar a resposta da entidade:<\/li>\n<\/ul>\n\n\n\n<p>Prazo: at\u00e9 15 dias \u00fateis.<\/p>\n\n\n\n<ul class=\"wp-block-list\">\n<li>Sem resposta da entidade?<\/li>\n<\/ul>\n\n\n\n<p>O sistema libera automaticamente a op\u00e7\u00e3o de ades\u00e3o ao acordo.<\/p>\n\n\n\n<ul class=\"wp-block-list\">\n<li>Recebeu resposta irregular?<\/li>\n<\/ul>\n\n\n\n<p>O INSS tamb\u00e9m est\u00e1 liberando a ades\u00e3o para benefici\u00e1rios que receberam respostas irregulares das entidades, como assinaturas falsificadas ou grava\u00e7\u00f5es de \u00e1udio.<\/p>\n\n\n\n<ul class=\"wp-block-list\">\n<li>Aderir ao acordo:<\/li>\n<\/ul>\n\n\n\n<p>Agora \u00e9 s\u00f3 fazer a ades\u00e3o ao acordo pelo aplicativo Meu INSS ou presencialmente nas ag\u00eancias dos Correios. A Central 135 n\u00e3o est\u00e1 habilitada para essa op\u00e7\u00e3o.<\/p>\n\n\n\n<h3 class=\"wp-block-heading\">No aplicativo Meu INSS:<\/h3>\n\n\n\n<ul class=\"wp-block-list\">\n<li>Acesse com CPF e senha;<\/li>\n\n\n\n<li>V\u00e1 em \u201cConsultar Pedidos\u201d \u2192 \u201cCumprir Exig\u00eancia\u201d;<\/li>\n\n\n\n<li>Role at\u00e9 o \u00faltimo coment\u00e1rio, selecione \u201cSim\u201d em \u201cAceito receber\u201d e envie.<\/li>\n<\/ul>\n","protected":false},"excerpt":{"rendered":"<p>Problemas no aplicativo Meu INSS levaram governo a prorrogar o prazo de ades\u00e3o do acordo de ressarcimento da fraude O governo federal prorrogou at\u00e9 o dia 20 de mar\u00e7o o prazo para que aposentados e pensionistas possam solicitar o ressarcimento dos descontos associativos da fraude no Instituto Nacional do Seguro Social (INSS). Originalmente, o prazo [&hellip;]<\/p>\n","protected":false},"author":5,"featured_media":169097,"comment_status":"closed","ping_status":"open","sticky":false,"template":"","format":"standard","meta":{"advgb_blocks_editor_width":"","advgb_blocks_columns_visual_guide":"","_exactmetrics_skip_tracking":false,"_exactmetrics_sitenote_active":false,"_exactmetrics_sitenote_note":"","_exactmetrics_sitenote_category":0,"footnotes":""},"categories":[7,2],"tags":[],"class_list":["post-169096","post","type-post","status-publish","format-standard","has-post-thumbnail","hentry","category-destaques","category-noticias"],"better_featured_image":{"id":169097,"alt_text":"","caption":"","description":"","media_type":"image","media_details":{"width":1000,"height":563,"file":"2026\/01\/download-9.webp","filesize":41734,"sizes":{"medium":{"file":"download-9-470x265.webp","width":470,"height":265,"mime-type":"image\/webp","filesize":11008,"source_url":"https:\/\/lavras.tv\/site\/wp-content\/uploads\/2026\/01\/download-9-470x265.webp"},"large":{"file":"download-9-970x546.webp","width":970,"height":546,"mime-type":"image\/webp","filesize":26122,"source_url":"https:\/\/lavras.tv\/site\/wp-content\/uploads\/2026\/01\/download-9-970x546.webp"},"thumbnail":{"file":"download-9-170x96.webp","width":170,"height":96,"mime-type":"image\/webp","filesize":2568,"source_url":"https:\/\/lavras.tv\/site\/wp-content\/uploads\/2026\/01\/download-9-170x96.webp"},"alm-thumbnail":{"file":"download-9-150x150.webp","width":150,"height":150,"mime-type":"image\/webp","filesize":2274,"source_url":"https:\/\/lavras.tv\/site\/wp-content\/uploads\/2026\/01\/download-9-150x150.webp"},"sow-carousel-default":{"file":"download-9-272x182.webp","width":272,"height":182,"mime-type":"image\/webp","filesize":4424,"source_url":"https:\/\/lavras.tv\/site\/wp-content\/uploads\/2026\/01\/download-9-272x182.webp"}},"image_meta":{"aperture":"0","credit":"","camera":"","caption":"","created_timestamp":"0","copyright":"","focal_length":"0","iso":"0","shutter_speed":"0","title":"","orientation":"0","keywords":[]}},"post":169096,"source_url":"https:\/\/lavras.tv\/site\/wp-content\/uploads\/2026\/01\/download-9.webp"},"author_meta":{"display_name":"Vinicius Bustamante","author_link":"https:\/\/lavras.tv\/site\/author\/vinicius-bustamante\/"},"featured_img":"https:\/\/lavras.tv\/site\/wp-content\/uploads\/2026\/01\/download-9-470x265.webp","coauthors":[],"tax_additional":{"categories":{"linked":["<a href=\"https:\/\/lavras.tv\/site\/category\/destaques\/\" class=\"advgb-post-tax-term\">Destaques<\/a>","<a href=\"https:\/\/lavras.tv\/site\/category\/noticias\/\" class=\"advgb-post-tax-term\">Not\u00edcias<\/a>"],"unlinked":["<span class=\"advgb-post-tax-term\">Destaques<\/span>","<span class=\"advgb-post-tax-term\">Not\u00edcias<\/span>"]}},"comment_count":"0","relative_dates":{"created":"Publicado 3 meses atr\u00e1s","modified":"Atualizado 3 meses atr\u00e1s"},"absolute_dates":{"created":"Publicado em 28 de janeiro de 2026","modified":"Atualizado em 28 de janeiro de 2026"},"absolute_dates_time":{"created":"Publicado em 28 de janeiro de 2026 13:43","modified":"Atualizado em 28 de janeiro de 2026 13:43"},"featured_img_caption":"","series_order":"","_links":{"self":[{"href":"https:\/\/lavras.tv\/site\/wp-json\/wp\/v2\/posts\/169096","targetHints":{"allow":["GET"]}}],"collection":[{"href":"https:\/\/lavras.tv\/site\/wp-json\/wp\/v2\/posts"}],"about":[{"href":"https:\/\/lavras.tv\/site\/wp-json\/wp\/v2\/types\/post"}],"author":[{"embeddable":true,"href":"https:\/\/lavras.tv\/site\/wp-json\/wp\/v2\/users\/5"}],"replies":[{"embeddable":true,"href":"https:\/\/lavras.tv\/site\/wp-json\/wp\/v2\/comments?post=169096"}],"version-history":[{"count":1,"href":"https:\/\/lavras.tv\/site\/wp-json\/wp\/v2\/posts\/169096\/revisions"}],"predecessor-version":[{"id":169098,"href":"https:\/\/lavras.tv\/site\/wp-json\/wp\/v2\/posts\/169096\/revisions\/169098"}],"wp:featuredmedia":[{"embeddable":true,"href":"https:\/\/lavras.tv\/site\/wp-json\/wp\/v2\/media\/169097"}],"wp:attachment":[{"href":"https:\/\/lavras.tv\/site\/wp-json\/wp\/v2\/media?parent=169096"}],"wp:term":[{"taxonomy":"category","embeddable":true,"href":"https:\/\/lavras.tv\/site\/wp-json\/wp\/v2\/categories?post=169096"},{"taxonomy":"post_tag","embeddable":true,"href":"https:\/\/lavras.tv\/site\/wp-json\/wp\/v2\/tags?post=169096"}],"curies":[{"name":"wp","href":"https:\/\/api.w.org\/{rel}","templated":true}]}}