{"id":169099,"date":"2026-01-28T13:51:38","date_gmt":"2026-01-28T16:51:38","guid":{"rendered":"https:\/\/lavras.tv\/site\/?p=169099"},"modified":"2026-01-28T13:51:39","modified_gmt":"2026-01-28T16:51:39","slug":"departamento-de-estradas-de-rodagem-de-minas-orienta-motoristas-para-retorno-seguro-no-fim-das-ferias","status":"publish","type":"post","link":"https:\/\/lavras.tv\/site\/2026\/01\/28\/departamento-de-estradas-de-rodagem-de-minas-orienta-motoristas-para-retorno-seguro-no-fim-das-ferias\/","title":{"rendered":"Departamento de Estradas de Rodagem de Minas orienta motoristas para retorno seguro no fim das f\u00e9rias"},"content":{"rendered":"<div class=\"lavra-antes-do-conteudo_2\" id=\"lavra-2919668774\"><div id=\"lavra-slider-27\" class=\"custom-slider lavra-slider-162372994 lavra-slider\"><ul><li><div style=\"margin-left: auto;margin-right: auto;text-align: center;\" id=\"lavra-1890014792\"><a href=\"https:\/\/sistemas.lavras.mg.gov.br\/portalcidadao\/#df1b1a7c7b2a290bcb31e32771e610784662739a88807c0dacac58ede5f391a7530e299dc302d611ee73cb143fc22eaf93592e53e7b5bdb01b00a0b8d28dae460c141dd2ff83412e4dc1c31b16b25f33144a9e5620ea73b13f5bc1c59411d98439ad226e8af03840603796067d87afe130812cf3de24982d0e306f9e61e764e5\" aria-label=\"Lavras-TV&#8211;720x104px (1) (1)\"><img src=\"https:\/\/lavras.tv\/site\/wp-content\/uploads\/2025\/01\/Lavras-TV-720x104px-1-1.png\" alt=\"\"  srcset=\"https:\/\/lavras.tv\/site\/wp-content\/uploads\/2025\/01\/Lavras-TV-720x104px-1-1.png 720w, https:\/\/lavras.tv\/site\/wp-content\/uploads\/2025\/01\/Lavras-TV-720x104px-1-1-470x68.png 470w, https:\/\/lavras.tv\/site\/wp-content\/uploads\/2025\/01\/Lavras-TV-720x104px-1-1-170x25.png 170w, https:\/\/lavras.tv\/site\/wp-content\/uploads\/2025\/01\/Lavras-TV-720x104px-1-1-200x29.png 200w\" sizes=\"(max-width: 720px) 100vw, 720px\" width=\"720\" height=\"104\"  style=\"display: inline-block;\" \/><\/a><\/div><\/li><li><a href=\"https:\/\/sistemas.lavras.mg.gov.br\/portalcidadao\/#df1b1a7c7b2a290bcb31e32771e610784662739a88807c0dacac58ede5f391a7530e299dc302d611ee73cb143fc22eaf93592e53e7b5bdb01b00a0b8d28dae460c141dd2ff83412e4dc1c31b16b25f33144a9e5620ea73b13f5bc1c59411d98439ad226e8af03840603796067d87afe130812cf3de24982d0e306f9e61e764e5\" aria-label=\"Banner_Emprego_PortallavrasTV\"><img src=\"https:\/\/lavras.tv\/site\/wp-content\/uploads\/2025\/03\/Banner_Emprego_PortallavrasTV.png\" alt=\"\"  srcset=\"https:\/\/lavras.tv\/site\/wp-content\/uploads\/2025\/03\/Banner_Emprego_PortallavrasTV.png 720w, https:\/\/lavras.tv\/site\/wp-content\/uploads\/2025\/03\/Banner_Emprego_PortallavrasTV-470x68.png 470w, https:\/\/lavras.tv\/site\/wp-content\/uploads\/2025\/03\/Banner_Emprego_PortallavrasTV-170x25.png 170w, https:\/\/lavras.tv\/site\/wp-content\/uploads\/2025\/03\/Banner_Emprego_PortallavrasTV-200x29.png 200w\" sizes=\"(max-width: 720px) 100vw, 720px\" width=\"720\" height=\"104\"   \/><\/a><\/li><li><a href=\"https:\/\/sistemas.lavras.mg.gov.br\/portalcidadao\/#df1b1a7c7b2a290bcb31e32771e610784662739a88807c0dacac58ede5f391a7530e299dc302d611ee73cb143fc22eaf93592e53e7b5bdb01b00a0b8d28dae460c141dd2ff83412e4dc1c31b16b25f33144a9e5620ea73b13f5bc1c59411d98439ad226e8af03840603796067d87afe130812cf3de24982d0e306f9e61e764e5\" aria-label=\"Banner_Obras_PortallavrasTV\"><img src=\"https:\/\/lavras.tv\/site\/wp-content\/uploads\/2025\/03\/Banner_Obras_PortallavrasTV.png\" alt=\"\"  srcset=\"https:\/\/lavras.tv\/site\/wp-content\/uploads\/2025\/03\/Banner_Obras_PortallavrasTV.png 720w, https:\/\/lavras.tv\/site\/wp-content\/uploads\/2025\/03\/Banner_Obras_PortallavrasTV-470x68.png 470w, https:\/\/lavras.tv\/site\/wp-content\/uploads\/2025\/03\/Banner_Obras_PortallavrasTV-170x25.png 170w, https:\/\/lavras.tv\/site\/wp-content\/uploads\/2025\/03\/Banner_Obras_PortallavrasTV-200x29.png 200w\" sizes=\"(max-width: 720px) 100vw, 720px\" width=\"720\" height=\"104\"   \/><\/a><\/li><li><div style=\"margin-left: auto;margin-right: auto;text-align: center;\" id=\"lavra-2515184189\"><a href=\"https:\/\/sistemas.lavras.mg.gov.br\/portalcidadao\/#df1b1a7c7b2a290bcb31e32771e610784662739a88807c0dacac58ede5f391a7530e299dc302d611ee73cb143fc22eaf93592e53e7b5bdb01b00a0b8d28dae460c141dd2ff83412e4dc1c31b16b25f33144a9e5620ea73b13f5bc1c59411d98439ad226e8af03840603796067d87afe130812cf3de24982d0e306f9e61e764e5\" aria-label=\"Banner_Educa\u00e7\u00e3o_PortallavrasTV\"><img src=\"https:\/\/lavras.tv\/site\/wp-content\/uploads\/2025\/01\/Banner_Educacao_PortallavrasTV.png\" alt=\"\"  srcset=\"https:\/\/lavras.tv\/site\/wp-content\/uploads\/2025\/01\/Banner_Educacao_PortallavrasTV.png 720w, https:\/\/lavras.tv\/site\/wp-content\/uploads\/2025\/01\/Banner_Educacao_PortallavrasTV-470x68.png 470w, https:\/\/lavras.tv\/site\/wp-content\/uploads\/2025\/01\/Banner_Educacao_PortallavrasTV-170x25.png 170w, https:\/\/lavras.tv\/site\/wp-content\/uploads\/2025\/01\/Banner_Educacao_PortallavrasTV-200x29.png 200w\" sizes=\"(max-width: 720px) 100vw, 720px\" width=\"720\" height=\"104\"  style=\"display: inline-block;\" \/><\/a><\/div><\/li><li><a href=\"https:\/\/sistemas.lavras.mg.gov.br\/portalcidadao\/#df1b1a7c7b2a290bcb31e32771e610784662739a88807c0dacac58ede5f391a7530e299dc302d611ee73cb143fc22eaf93592e53e7b5bdb01b00a0b8d28dae460c141dd2ff83412e4dc1c31b16b25f33144a9e5620ea73b13f5bc1c59411d98439ad226e8af03840603796067d87afe130812cf3de24982d0e306f9e61e764e5\" aria-label=\"Banner_Sa\u00fade_PortallavrasTV\"><img src=\"https:\/\/lavras.tv\/site\/wp-content\/uploads\/2025\/03\/Banner_Saude_PortallavrasTV.png\" alt=\"\"  srcset=\"https:\/\/lavras.tv\/site\/wp-content\/uploads\/2025\/03\/Banner_Saude_PortallavrasTV.png 720w, https:\/\/lavras.tv\/site\/wp-content\/uploads\/2025\/03\/Banner_Saude_PortallavrasTV-470x68.png 470w, https:\/\/lavras.tv\/site\/wp-content\/uploads\/2025\/03\/Banner_Saude_PortallavrasTV-170x25.png 170w, https:\/\/lavras.tv\/site\/wp-content\/uploads\/2025\/03\/Banner_Saude_PortallavrasTV-200x29.png 200w\" sizes=\"(max-width: 720px) 100vw, 720px\" width=\"720\" height=\"104\"   \/><\/a><\/li><li><div id=\"lavra-1974741549\" style=\"width:720px;height:104px;background-color:#ddd;overflow:scroll;\">\n\t<strong>Sa\u00edda da depura\u00e7\u00e3o de an\u00fancios<\/strong>\n\t<br><br>\n\tO an\u00fancio n\u00e3o \u00e9 exibido na p\u00e1gina<br><br>post atual: Departamento de Estradas de Rodagem de Minas orienta motoristas para retorno seguro no fim das f\u00e9rias, ID: 169099<br><br><span style=\"color: red;\">O post atual n\u00e3o \u00e9 id\u00eantico ao post principal.<\/span><br><br>An\u00fancios: ROXO - TOPO INTERNA - ROTATIVO 2 (197)<br \/>Grupo de an\u00fancios: Princ_Meio01_720x104 (27)<br><br>Condi\u00e7\u00f5es de exibi\u00e7\u00e3o<div style=\"margin-bottom: 20px; white-space: pre-wrap; font-family: monospace; width: 100%; background: #ffe9e9;\"><strong>condi\u00e7\u00f5es gerais<\/strong><table border=\"1\"><thead><tr><th><\/th><th>An\u00fancios<\/th><th>wp_the_query<\/th><\/tr><\/thead><tr><td>is_main_query<\/td><td>1<\/td><td>1<\/td><\/tr><tr><td>is_rest_api<\/td><td>0<\/td><td>1<\/td><\/tr><tr><td>page<\/td><td>0<\/td><td>1<\/td><\/tr><tr><td>numpages<\/td><td>0<\/td><td>1<\/td><\/tr><tr><td>is_archive<\/td><td>1<\/td><td><\/td><\/tr><tr><td>is_search<\/td><td>1<\/td><td><\/td><\/tr><tr><td>is_home<\/td><td>1<\/td><td><\/td><\/tr><tr><td>is_404<\/td><td>1<\/td><td><\/td><\/tr><tr><td>is_attachment<\/td><td>1<\/td><td><\/td><\/tr><tr><td>is_singular<\/td><td>1<\/td><td><\/td><\/tr><tr><td>is_front_page<\/td><td>1<\/td><td><\/td><\/tr><tr><td>is_feed<\/td><td>1<\/td><td><\/td><\/tr><\/table><\/div><br><br><span style=\"color: red;\">Seu site usa HTTPS, mas o c\u00f3digo do an\u00fancio cont\u00e9m HTTP e pode n\u00e3o funcionar.<\/span>\t<br><br>\n\t<a style=\"color: green;\" href=\"https:\/\/wpadvancedads.com\/manual\/ad-debug-mode\/?utm_source=advanced-ads&utm_medium=link&utm_campaign=ad-debug-mode\" target=\"_blank\" rel=\"nofollow\">Encontre solu\u00e7\u00f5es no manual<\/a>\n<\/div>\n<\/li><\/ul><\/div><script>( window.advanced_ads_ready || jQuery( document ).ready ).call( null, function() {var $lavraslider162372994 = jQuery( \".lavra-slider-162372994\" );$lavraslider162372994.on( \"unslider.ready\", function() { jQuery( \"div.custom-slider ul li\" ).css( \"display\", \"block\" ); });$lavraslider162372994.unslider({ delay:4000, autoplay:true, nav:false, arrows:false, infinite:true });$lavraslider162372994.on(\"mouseover\", function() {$lavraslider162372994.unslider(\"stop\");}).on(\"mouseout\", function() {$lavraslider162372994.unslider(\"start\");});});<\/script><\/div>\n<h2 class=\"wp-block-heading\">Cansa\u00e7o, pressa e chuva aumentam riscos de acidentes nas rodovias<\/h2>\n\n\n\n<figure class=\"wp-block-image\"><img decoding=\"async\" src=\"https:\/\/www.agenciaminas.mg.gov.br\/system\/news\/images\/000\/128\/840\/large\/MG409_Pavao_-_valeesta.jpeg?1769458965\" alt=\"imagem de destaque\"\/><\/figure>\n\n\n\n<p>Com o encerramento do per\u00edodo de f\u00e9rias escolares e o aumento do fluxo de ve\u00edculos nas rodovias mineiras, o&nbsp;<a href=\"https:\/\/www.der.mg.gov.br\/\" target=\"_blank\" rel=\"noreferrer noopener\">Departamento de Estradas de Rodagem de Minas Gerais (DER-MG)<\/a>&nbsp;refor\u00e7a uma s\u00e9rie de orienta\u00e7\u00f5es aos motoristas que pegam a estrada neste retorno para casa. A volta costuma ser t\u00e3o ou mais arriscada que a ida, j\u00e1 que o tr\u00e1fego \u00e9 mais intenso, o cansa\u00e7o se acumula e a pressa pode levar a decis\u00f5es perigosas.<\/p>\n\n\n\n<p>De acordo com o DER-MG, a primeira provid\u00eancia deve ser a revis\u00e3o do ve\u00edculo. Pneus calibrados e em bom estado, incluindo o estepe, s\u00e3o essenciais para garantir ader\u00eancia e estabilidade. O sistema de freios tamb\u00e9m merece aten\u00e7\u00e3o: ru\u00eddos, pedal baixo ou pouca efici\u00eancia s\u00e3o sinais de alerta. Al\u00e9m disso, \u00e9 importante verificar luzes, setas, lanternas e os n\u00edveis de \u00f3leo do motor e do l\u00edquido de arrefecimento. Itens obrigat\u00f3rios, como macaco, tri\u00e2ngulo e chave de roda, tamb\u00e9m devem estar em ordem.<\/p>\n\n\n\n<p>Outro ponto fundamental \u00e9 o cuidado com o condutor. Dirigir cansado \u00e9 t\u00e3o perigoso quanto dirigir sob efeito de \u00e1lcool. A recomenda\u00e7\u00e3o \u00e9 que o motorista durma bem antes da viagem e fa\u00e7a pausas regulares. A legisla\u00e7\u00e3o prev\u00ea intervalos de descanso, e o ideal \u00e9 n\u00e3o ultrapassar cinco horas e meia de dire\u00e7\u00e3o ininterrupta. Respeitar os limites de velocidade, manter dist\u00e2ncia segura dos outros ve\u00edculos e evitar ultrapassagens arriscadas s\u00e3o atitudes que salvam vidas.<\/p>\n\n\n\n<p>O planejamento da viagem tamb\u00e9m faz diferen\u00e7a. Sempre que poss\u00edvel, o motorista deve evitar hor\u00e1rios de pico, como o fim da tarde de domingo, quando h\u00e1 maior concentra\u00e7\u00e3o de ve\u00edculos nas rodovias. Conferir as condi\u00e7\u00f5es da estrada e estar atento \u00e0 sinaliza\u00e7\u00e3o ajuda a reduzir o risco de acidentes, principalmente em trechos com obras, desvios ou pista simples.<\/p>\n\n\n\n<p>Nesta \u00e9poca do ano, o clima \u00e9 outro fator que exige aten\u00e7\u00e3o. O ver\u00e3o em Minas Gerais \u00e9 marcado por chuvas intensas, que reduzem a visibilidade e aumentam o risco de aquaplanagem. Em pista molhada, a orienta\u00e7\u00e3o \u00e9 diminuir a velocidade, manter os far\u00f3is ligados e aumentar a dist\u00e2ncia do ve\u00edculo da frente.<\/p>\n\n\n\n<p>A gerente de Educa\u00e7\u00e3o para o Tr\u00e2nsito do DER-MG, Rosely Fantoni, destaca que o \u00f3rg\u00e3o oferece aos usu\u00e1rios um servi\u00e7o de consulta em tempo real em parceria com waze, sobre as condi\u00e7\u00f5es das rodovias estaduais.<\/p>\n\n\n\n<p>\u201c\u00c9 poss\u00edvel verificar interdi\u00e7\u00f5es, obras, desvios, pontos com restri\u00e7\u00f5es de tr\u00e1fego e situa\u00e7\u00f5es de emerg\u00eancia. A ferramenta permite que o motorista se informe antes de sair de casa e tamb\u00e9m durante a viagem, ajudando na escolha de rotas mais seguras e na preven\u00e7\u00e3o de transtornos\u201d, afirma.<\/p>\n\n\n\n<p>Segundo Rosely, a principal mensagem do DER-MG \u00e9 que a viagem s\u00f3 termina com a chegada segura ao destino. \u201cAs f\u00e9rias acabam, mas o cuidado precisa continuar. Redobrar a aten\u00e7\u00e3o na volta para casa \u00e9 a melhor forma de preservar vidas e evitar que boas lembran\u00e7as sejam interrompidas por trag\u00e9dias na estrada\u201d, completa.<\/p>\n","protected":false},"excerpt":{"rendered":"<p>Cansa\u00e7o, pressa e chuva aumentam riscos de acidentes nas rodovias Com o encerramento do per\u00edodo de f\u00e9rias escolares e o aumento do fluxo de ve\u00edculos nas rodovias mineiras, o&nbsp;Departamento de Estradas de Rodagem de Minas Gerais (DER-MG)&nbsp;refor\u00e7a uma s\u00e9rie de orienta\u00e7\u00f5es aos motoristas que pegam a estrada neste retorno para casa. A volta costuma ser [&hellip;]<\/p>\n","protected":false},"author":5,"featured_media":169100,"comment_status":"closed","ping_status":"open","sticky":false,"template":"","format":"standard","meta":{"advgb_blocks_editor_width":"","advgb_blocks_columns_visual_guide":"","_exactmetrics_skip_tracking":false,"_exactmetrics_sitenote_active":false,"_exactmetrics_sitenote_note":"","_exactmetrics_sitenote_category":0,"footnotes":""},"categories":[7,2],"tags":[],"class_list":["post-169099","post","type-post","status-publish","format-standard","has-post-thumbnail","hentry","category-destaques","category-noticias"],"better_featured_image":{"id":169100,"alt_text":"","caption":"","description":"","media_type":"image","media_details":{"width":2560,"height":1442,"file":"2026\/01\/MG409_Pavao_-_valeesta-scaled.jpeg","filesize":927453,"sizes":{"medium":{"file":"MG409_Pavao_-_valeesta-470x265.jpeg","width":470,"height":265,"mime-type":"image\/jpeg","filesize":42839,"source_url":"https:\/\/lavras.tv\/site\/wp-content\/uploads\/2026\/01\/MG409_Pavao_-_valeesta-470x265.jpeg"},"large":{"file":"MG409_Pavao_-_valeesta-970x546.jpeg","width":970,"height":546,"mime-type":"image\/jpeg","filesize":140583,"source_url":"https:\/\/lavras.tv\/site\/wp-content\/uploads\/2026\/01\/MG409_Pavao_-_valeesta-970x546.jpeg"},"thumbnail":{"file":"MG409_Pavao_-_valeesta-170x96.jpeg","width":170,"height":96,"mime-type":"image\/jpeg","filesize":17945,"source_url":"https:\/\/lavras.tv\/site\/wp-content\/uploads\/2026\/01\/MG409_Pavao_-_valeesta-170x96.jpeg"},"1536x1536":{"file":"MG409_Pavao_-_valeesta-1536x865.jpeg","width":1536,"height":865,"mime-type":"image\/jpeg","filesize":344996,"source_url":"https:\/\/lavras.tv\/site\/wp-content\/uploads\/2026\/01\/MG409_Pavao_-_valeesta-1536x865.jpeg"},"2048x2048":{"file":"MG409_Pavao_-_valeesta-2048x1153.jpeg","width":2048,"height":1153,"mime-type":"image\/jpeg","filesize":609956,"source_url":"https:\/\/lavras.tv\/site\/wp-content\/uploads\/2026\/01\/MG409_Pavao_-_valeesta-2048x1153.jpeg"},"alm-thumbnail":{"file":"MG409_Pavao_-_valeesta-150x150.jpeg","width":150,"height":150,"mime-type":"image\/jpeg","filesize":18668,"source_url":"https:\/\/lavras.tv\/site\/wp-content\/uploads\/2026\/01\/MG409_Pavao_-_valeesta-150x150.jpeg"},"sow-carousel-default":{"file":"MG409_Pavao_-_valeesta-272x182.jpeg","width":272,"height":182,"mime-type":"image\/jpeg","filesize":25003,"source_url":"https:\/\/lavras.tv\/site\/wp-content\/uploads\/2026\/01\/MG409_Pavao_-_valeesta-272x182.jpeg"}},"image_meta":{"aperture":"1.8","credit":"","camera":"SM-M515F","caption":"","created_timestamp":"1699358692","copyright":"","focal_length":"5.23","iso":"40","shutter_speed":"0.00064935064935065","title":"","orientation":"1","keywords":[]},"original_image":"MG409_Pavao_-_valeesta.jpeg"},"post":169099,"source_url":"https:\/\/lavras.tv\/site\/wp-content\/uploads\/2026\/01\/MG409_Pavao_-_valeesta-scaled.jpeg"},"author_meta":{"display_name":"Vinicius Bustamante","author_link":"https:\/\/lavras.tv\/site\/author\/vinicius-bustamante\/"},"featured_img":"https:\/\/lavras.tv\/site\/wp-content\/uploads\/2026\/01\/MG409_Pavao_-_valeesta-470x265.jpeg","coauthors":[],"tax_additional":{"categories":{"linked":["<a href=\"https:\/\/lavras.tv\/site\/category\/destaques\/\" class=\"advgb-post-tax-term\">Destaques<\/a>","<a href=\"https:\/\/lavras.tv\/site\/category\/noticias\/\" class=\"advgb-post-tax-term\">Not\u00edcias<\/a>"],"unlinked":["<span class=\"advgb-post-tax-term\">Destaques<\/span>","<span class=\"advgb-post-tax-term\">Not\u00edcias<\/span>"]}},"comment_count":"0","relative_dates":{"created":"Publicado 3 meses atr\u00e1s","modified":"Atualizado 3 meses atr\u00e1s"},"absolute_dates":{"created":"Publicado em 28 de janeiro de 2026","modified":"Atualizado em 28 de janeiro de 2026"},"absolute_dates_time":{"created":"Publicado em 28 de janeiro de 2026 13:51","modified":"Atualizado em 28 de janeiro de 2026 13:51"},"featured_img_caption":"","series_order":"","_links":{"self":[{"href":"https:\/\/lavras.tv\/site\/wp-json\/wp\/v2\/posts\/169099","targetHints":{"allow":["GET"]}}],"collection":[{"href":"https:\/\/lavras.tv\/site\/wp-json\/wp\/v2\/posts"}],"about":[{"href":"https:\/\/lavras.tv\/site\/wp-json\/wp\/v2\/types\/post"}],"author":[{"embeddable":true,"href":"https:\/\/lavras.tv\/site\/wp-json\/wp\/v2\/users\/5"}],"replies":[{"embeddable":true,"href":"https:\/\/lavras.tv\/site\/wp-json\/wp\/v2\/comments?post=169099"}],"version-history":[{"count":1,"href":"https:\/\/lavras.tv\/site\/wp-json\/wp\/v2\/posts\/169099\/revisions"}],"predecessor-version":[{"id":169101,"href":"https:\/\/lavras.tv\/site\/wp-json\/wp\/v2\/posts\/169099\/revisions\/169101"}],"wp:featuredmedia":[{"embeddable":true,"href":"https:\/\/lavras.tv\/site\/wp-json\/wp\/v2\/media\/169100"}],"wp:attachment":[{"href":"https:\/\/lavras.tv\/site\/wp-json\/wp\/v2\/media?parent=169099"}],"wp:term":[{"taxonomy":"category","embeddable":true,"href":"https:\/\/lavras.tv\/site\/wp-json\/wp\/v2\/categories?post=169099"},{"taxonomy":"post_tag","embeddable":true,"href":"https:\/\/lavras.tv\/site\/wp-json\/wp\/v2\/tags?post=169099"}],"curies":[{"name":"wp","href":"https:\/\/api.w.org\/{rel}","templated":true}]}}