{"id":169102,"date":"2026-01-28T13:56:17","date_gmt":"2026-01-28T16:56:17","guid":{"rendered":"https:\/\/lavras.tv\/site\/?p=169102"},"modified":"2026-01-28T13:56:19","modified_gmt":"2026-01-28T16:56:19","slug":"australia-enfrenta-onda-de-calor-recorde-com-temperaturas-proximas-a-50c","status":"publish","type":"post","link":"https:\/\/lavras.tv\/site\/2026\/01\/28\/australia-enfrenta-onda-de-calor-recorde-com-temperaturas-proximas-a-50c\/","title":{"rendered":"Austr\u00e1lia enfrenta onda de calor recorde, com temperaturas pr\u00f3ximas a 50\u00b0C"},"content":{"rendered":"<div class=\"lavra-antes-do-conteudo_2\" id=\"lavra-3614916716\"><div id=\"lavra-slider-27\" class=\"custom-slider lavra-slider-2259639239 lavra-slider\"><ul><li><div style=\"margin-left: auto;margin-right: auto;text-align: center;\" id=\"lavra-2027058994\"><a href=\"https:\/\/sistemas.lavras.mg.gov.br\/portalcidadao\/#df1b1a7c7b2a290bcb31e32771e610784662739a88807c0dacac58ede5f391a7530e299dc302d611ee73cb143fc22eaf93592e53e7b5bdb01b00a0b8d28dae460c141dd2ff83412e4dc1c31b16b25f33144a9e5620ea73b13f5bc1c59411d98439ad226e8af03840603796067d87afe130812cf3de24982d0e306f9e61e764e5\" aria-label=\"Lavras-TV&#8211;720x104px (1) (1)\"><img src=\"https:\/\/lavras.tv\/site\/wp-content\/uploads\/2025\/01\/Lavras-TV-720x104px-1-1.png\" alt=\"\"  srcset=\"https:\/\/lavras.tv\/site\/wp-content\/uploads\/2025\/01\/Lavras-TV-720x104px-1-1.png 720w, https:\/\/lavras.tv\/site\/wp-content\/uploads\/2025\/01\/Lavras-TV-720x104px-1-1-470x68.png 470w, https:\/\/lavras.tv\/site\/wp-content\/uploads\/2025\/01\/Lavras-TV-720x104px-1-1-170x25.png 170w, https:\/\/lavras.tv\/site\/wp-content\/uploads\/2025\/01\/Lavras-TV-720x104px-1-1-200x29.png 200w\" sizes=\"(max-width: 720px) 100vw, 720px\" width=\"720\" height=\"104\"  style=\"display: inline-block;\" \/><\/a><\/div><\/li><li><a href=\"https:\/\/sistemas.lavras.mg.gov.br\/portalcidadao\/#df1b1a7c7b2a290bcb31e32771e610784662739a88807c0dacac58ede5f391a7530e299dc302d611ee73cb143fc22eaf93592e53e7b5bdb01b00a0b8d28dae460c141dd2ff83412e4dc1c31b16b25f33144a9e5620ea73b13f5bc1c59411d98439ad226e8af03840603796067d87afe130812cf3de24982d0e306f9e61e764e5\" aria-label=\"Banner_Emprego_PortallavrasTV\"><img src=\"https:\/\/lavras.tv\/site\/wp-content\/uploads\/2025\/03\/Banner_Emprego_PortallavrasTV.png\" alt=\"\"  srcset=\"https:\/\/lavras.tv\/site\/wp-content\/uploads\/2025\/03\/Banner_Emprego_PortallavrasTV.png 720w, https:\/\/lavras.tv\/site\/wp-content\/uploads\/2025\/03\/Banner_Emprego_PortallavrasTV-470x68.png 470w, https:\/\/lavras.tv\/site\/wp-content\/uploads\/2025\/03\/Banner_Emprego_PortallavrasTV-170x25.png 170w, https:\/\/lavras.tv\/site\/wp-content\/uploads\/2025\/03\/Banner_Emprego_PortallavrasTV-200x29.png 200w\" sizes=\"(max-width: 720px) 100vw, 720px\" width=\"720\" height=\"104\"   \/><\/a><\/li><li><a href=\"https:\/\/sistemas.lavras.mg.gov.br\/portalcidadao\/#df1b1a7c7b2a290bcb31e32771e610784662739a88807c0dacac58ede5f391a7530e299dc302d611ee73cb143fc22eaf93592e53e7b5bdb01b00a0b8d28dae460c141dd2ff83412e4dc1c31b16b25f33144a9e5620ea73b13f5bc1c59411d98439ad226e8af03840603796067d87afe130812cf3de24982d0e306f9e61e764e5\" aria-label=\"Banner_Obras_PortallavrasTV\"><img src=\"https:\/\/lavras.tv\/site\/wp-content\/uploads\/2025\/03\/Banner_Obras_PortallavrasTV.png\" alt=\"\"  srcset=\"https:\/\/lavras.tv\/site\/wp-content\/uploads\/2025\/03\/Banner_Obras_PortallavrasTV.png 720w, https:\/\/lavras.tv\/site\/wp-content\/uploads\/2025\/03\/Banner_Obras_PortallavrasTV-470x68.png 470w, https:\/\/lavras.tv\/site\/wp-content\/uploads\/2025\/03\/Banner_Obras_PortallavrasTV-170x25.png 170w, https:\/\/lavras.tv\/site\/wp-content\/uploads\/2025\/03\/Banner_Obras_PortallavrasTV-200x29.png 200w\" sizes=\"(max-width: 720px) 100vw, 720px\" width=\"720\" height=\"104\"   \/><\/a><\/li><li><div style=\"margin-left: auto;margin-right: auto;text-align: center;\" id=\"lavra-2800710510\"><a href=\"https:\/\/sistemas.lavras.mg.gov.br\/portalcidadao\/#df1b1a7c7b2a290bcb31e32771e610784662739a88807c0dacac58ede5f391a7530e299dc302d611ee73cb143fc22eaf93592e53e7b5bdb01b00a0b8d28dae460c141dd2ff83412e4dc1c31b16b25f33144a9e5620ea73b13f5bc1c59411d98439ad226e8af03840603796067d87afe130812cf3de24982d0e306f9e61e764e5\" aria-label=\"Banner_Educa\u00e7\u00e3o_PortallavrasTV\"><img src=\"https:\/\/lavras.tv\/site\/wp-content\/uploads\/2025\/01\/Banner_Educacao_PortallavrasTV.png\" alt=\"\"  srcset=\"https:\/\/lavras.tv\/site\/wp-content\/uploads\/2025\/01\/Banner_Educacao_PortallavrasTV.png 720w, https:\/\/lavras.tv\/site\/wp-content\/uploads\/2025\/01\/Banner_Educacao_PortallavrasTV-470x68.png 470w, https:\/\/lavras.tv\/site\/wp-content\/uploads\/2025\/01\/Banner_Educacao_PortallavrasTV-170x25.png 170w, https:\/\/lavras.tv\/site\/wp-content\/uploads\/2025\/01\/Banner_Educacao_PortallavrasTV-200x29.png 200w\" sizes=\"(max-width: 720px) 100vw, 720px\" width=\"720\" height=\"104\"  style=\"display: inline-block;\" \/><\/a><\/div><\/li><li><a href=\"https:\/\/sistemas.lavras.mg.gov.br\/portalcidadao\/#df1b1a7c7b2a290bcb31e32771e610784662739a88807c0dacac58ede5f391a7530e299dc302d611ee73cb143fc22eaf93592e53e7b5bdb01b00a0b8d28dae460c141dd2ff83412e4dc1c31b16b25f33144a9e5620ea73b13f5bc1c59411d98439ad226e8af03840603796067d87afe130812cf3de24982d0e306f9e61e764e5\" aria-label=\"Banner_Sa\u00fade_PortallavrasTV\"><img src=\"https:\/\/lavras.tv\/site\/wp-content\/uploads\/2025\/03\/Banner_Saude_PortallavrasTV.png\" alt=\"\"  srcset=\"https:\/\/lavras.tv\/site\/wp-content\/uploads\/2025\/03\/Banner_Saude_PortallavrasTV.png 720w, https:\/\/lavras.tv\/site\/wp-content\/uploads\/2025\/03\/Banner_Saude_PortallavrasTV-470x68.png 470w, https:\/\/lavras.tv\/site\/wp-content\/uploads\/2025\/03\/Banner_Saude_PortallavrasTV-170x25.png 170w, https:\/\/lavras.tv\/site\/wp-content\/uploads\/2025\/03\/Banner_Saude_PortallavrasTV-200x29.png 200w\" sizes=\"(max-width: 720px) 100vw, 720px\" width=\"720\" height=\"104\"   \/><\/a><\/li><li><div id=\"lavra-2947963269\" style=\"width:720px;height:104px;background-color:#ddd;overflow:scroll;\">\n\t<strong>Sa\u00edda da depura\u00e7\u00e3o de an\u00fancios<\/strong>\n\t<br><br>\n\tO an\u00fancio n\u00e3o \u00e9 exibido na p\u00e1gina<br><br>post atual: Austr\u00e1lia enfrenta onda de calor recorde, com temperaturas pr\u00f3ximas a 50\u00b0C, ID: 169102<br><br><span style=\"color: red;\">O post atual n\u00e3o \u00e9 id\u00eantico ao post principal.<\/span><br><br>An\u00fancios: ROXO - TOPO INTERNA - ROTATIVO 2 (197)<br \/>Grupo de an\u00fancios: Princ_Meio01_720x104 (27)<br><br>Condi\u00e7\u00f5es de exibi\u00e7\u00e3o<div style=\"margin-bottom: 20px; white-space: pre-wrap; font-family: monospace; width: 100%; background: #ffe9e9;\"><strong>condi\u00e7\u00f5es gerais<\/strong><table border=\"1\"><thead><tr><th><\/th><th>An\u00fancios<\/th><th>wp_the_query<\/th><\/tr><\/thead><tr><td>is_main_query<\/td><td>1<\/td><td>1<\/td><\/tr><tr><td>is_rest_api<\/td><td>0<\/td><td>1<\/td><\/tr><tr><td>page<\/td><td>0<\/td><td>1<\/td><\/tr><tr><td>numpages<\/td><td>0<\/td><td>1<\/td><\/tr><tr><td>is_archive<\/td><td>1<\/td><td><\/td><\/tr><tr><td>is_search<\/td><td>1<\/td><td><\/td><\/tr><tr><td>is_home<\/td><td>1<\/td><td><\/td><\/tr><tr><td>is_404<\/td><td>1<\/td><td><\/td><\/tr><tr><td>is_attachment<\/td><td>1<\/td><td><\/td><\/tr><tr><td>is_singular<\/td><td>1<\/td><td><\/td><\/tr><tr><td>is_front_page<\/td><td>1<\/td><td><\/td><\/tr><tr><td>is_feed<\/td><td>1<\/td><td><\/td><\/tr><\/table><\/div><br><br><span style=\"color: red;\">Seu site usa HTTPS, mas o c\u00f3digo do an\u00fancio cont\u00e9m HTTP e pode n\u00e3o funcionar.<\/span>\t<br><br>\n\t<a style=\"color: green;\" href=\"https:\/\/wpadvancedads.com\/manual\/ad-debug-mode\/?utm_source=advanced-ads&utm_medium=link&utm_campaign=ad-debug-mode\" target=\"_blank\" rel=\"nofollow\">Encontre solu\u00e7\u00f5es no manual<\/a>\n<\/div>\n<\/li><\/ul><\/div><script>( window.advanced_ads_ready || jQuery( document ).ready ).call( null, function() {var $lavraslider2259639239 = jQuery( \".lavra-slider-2259639239\" );$lavraslider2259639239.on( \"unslider.ready\", function() { jQuery( \"div.custom-slider ul li\" ).css( \"display\", \"block\" ); });$lavraslider2259639239.unslider({ delay:4000, autoplay:true, nav:false, arrows:false, infinite:true });$lavraslider2259639239.on(\"mouseover\", function() {$lavraslider2259639239.unslider(\"stop\");}).on(\"mouseout\", function() {$lavraslider2259639239.unslider(\"start\");});});<\/script><\/div>\n<p>Recordes de calor afetam o pa\u00eds e provocam inc\u00eandios florestais enquanto o Australian Open adota medidas de prote\u00e7\u00e3o<\/p>\n\n\n\n<figure class=\"wp-block-image size-full is-resized\"><img fetchpriority=\"high\" decoding=\"async\" width=\"860\" height=\"573\" src=\"https:\/\/lavras.tv\/site\/wp-content\/uploads\/2026\/01\/21977-australia-enfrenta-onda-de-calor-recorde-com-temperaturas-proximas-a-50c-860x573-1.jpg\" alt=\"\" class=\"wp-image-169103\" style=\"aspect-ratio:1.5008794215360564;width:638px;height:auto\" srcset=\"https:\/\/lavras.tv\/site\/wp-content\/uploads\/2026\/01\/21977-australia-enfrenta-onda-de-calor-recorde-com-temperaturas-proximas-a-50c-860x573-1.jpg 860w, https:\/\/lavras.tv\/site\/wp-content\/uploads\/2026\/01\/21977-australia-enfrenta-onda-de-calor-recorde-com-temperaturas-proximas-a-50c-860x573-1-450x300.jpg 450w, https:\/\/lavras.tv\/site\/wp-content\/uploads\/2026\/01\/21977-australia-enfrenta-onda-de-calor-recorde-com-temperaturas-proximas-a-50c-860x573-1-170x113.jpg 170w, https:\/\/lavras.tv\/site\/wp-content\/uploads\/2026\/01\/21977-australia-enfrenta-onda-de-calor-recorde-com-temperaturas-proximas-a-50c-860x573-1-272x182.jpg 272w\" sizes=\"(max-width: 860px) 100vw, 860px\" \/><\/figure>\n\n\n\n<p>Partes da Austr\u00e1lia enfrentam temperaturas recordes pr\u00f3ximas de 50\u00b0C nesta ter\u00e7a-feira, 27, em meio a uma onda de calor prolongada que atinge o pa\u00eds.<\/p>\n\n\n\n<p>As cidades rurais de Hopetoun e Walpeup, no estado de Victoria, registraram m\u00e1ximas preliminares de 48,9\u00b0C, que, se confirmadas ao longo da noite, superariam os recordes de 2009 \u2013 ano em que 173 pessoas morreram nos inc\u00eandios florestais do chamado S\u00e1bado Negro.<\/p>\n\n\n\n<p>Na segunda-feira, 26, partes dos Estados de Nova Gales do Sul e Austr\u00e1lia do Sul tamb\u00e9m registraram temperaturas recordes, algumas superando os registros do ver\u00e3o de 2019.<\/p>\n\n\n\n<p>At\u00e9 o momento, n\u00e3o h\u00e1 relatos de v\u00edtimas nesta ter\u00e7a-feira, mas as autoridades de Victoria alertaram para cautela, j\u00e1 que tr\u00eas inc\u00eandios florestais permanecem fora de controle.<\/p>\n\n\n\n<p>Melbourne, a maior cidade do Estado, tamb\u00e9m se aproximou de seu dia mais quente j\u00e1 registrado. O calor intenso ficou mais evidente no Melbourne Park, onde o p\u00fablico do torneio de t\u00eanis Australian Open diminuiu drasticamente, transformando a \u00e1rea em quase uma cidade fantasma.<\/p>\n\n\n\n<p>Dentro do complexo, os organizadores adotaram protocolos para calor extremo, incluindo o fechamento dos tetos retr\u00e1teis das principais arenas e o adiamento de partidas nas quadras externas. Durante as quartas de final entre Aryna Sabalenka e Iva Jovic \u2013 a \u00faltima partida disputada sob sol intenso \u2013 as jogadoras recorreram a bolsas de gelo na cabe\u00e7a e ventiladores port\u00e1teis durante os intervalos.<\/p>\n\n\n\n<p>A presen\u00e7a no evento, que vinha registrando recordes de p\u00fablico, caiu de 50 mil pessoas na sess\u00e3o diurna de segunda-feira para 21 mil nesta ter\u00e7a-feira, enquanto os espectadores seguiram os avisos de sa\u00fade e permaneceram em casa.<\/p>\n\n\n\n<p>As temperaturas devem come\u00e7ar a cair na quarta-feira, 28, embora a onda de calor deva continuar at\u00e9 o fim de semana. Este epis\u00f3dio sucede outra onda de calor ocorrida no in\u00edcio do m\u00eas, em meio a um dos ver\u00f5es mais quentes j\u00e1 registrados na Austr\u00e1lia. (Fonte: Associated Press)<\/p>\n\n\n\n<figure class=\"wp-block-embed is-type-video is-provider-youtube wp-block-embed-youtube wp-embed-aspect-16-9 wp-has-aspect-ratio\"><div class=\"wp-block-embed__wrapper\">\n<div  style=\"display: block; margin: 0px auto;\"  id=\"_ytid_40315\"  width=\"480\" height=\"270\"  data-origwidth=\"480\" data-origheight=\"270\" data-facadesrc=\"https:\/\/www.youtube.com\/embed\/__1DvqR1MG8?enablejsapi=1&#038;autoplay=0&#038;cc_load_policy=0&#038;cc_lang_pref=&#038;iv_load_policy=1&#038;loop=0&#038;rel=1&#038;fs=1&#038;playsinline=0&#038;autohide=2&#038;theme=dark&#038;color=red&#038;controls=1&#038;disablekb=0&#038;\" class=\"__youtube_prefs__ epyt-facade epyt-is-override  no-lazyload\" data-epautoplay=\"1\" ><img decoding=\"async\" data-spai-excluded=\"true\" class=\"epyt-facade-poster skip-lazy\" loading=\"lazy\"  alt=\"YouTube player\"  src=\"https:\/\/i.ytimg.com\/vi\/__1DvqR1MG8\/maxresdefault.jpg\"  \/><button class=\"epyt-facade-play\" aria-label=\"Play\"><svg data-no-lazy=\"1\" height=\"100%\" version=\"1.1\" viewBox=\"0 0 68 48\" width=\"100%\"><path class=\"ytp-large-play-button-bg\" d=\"M66.52,7.74c-0.78-2.93-2.49-5.41-5.42-6.19C55.79,.13,34,0,34,0S12.21,.13,6.9,1.55 C3.97,2.33,2.27,4.81,1.48,7.74C0.06,13.05,0,24,0,24s0.06,10.95,1.48,16.26c0.78,2.93,2.49,5.41,5.42,6.19 C12.21,47.87,34,48,34,48s21.79-0.13,27.1-1.55c2.93-0.78,4.64-3.26,5.42-6.19C67.94,34.95,68,24,68,24S67.94,13.05,66.52,7.74z\" fill=\"#f00\"><\/path><path d=\"M 45,24 27,14 27,34\" fill=\"#fff\"><\/path><\/svg><\/button><\/div>\n<\/div><\/figure>\n","protected":false},"excerpt":{"rendered":"<p>Recordes de calor afetam o pa\u00eds e provocam inc\u00eandios florestais enquanto o Australian Open adota medidas de prote\u00e7\u00e3o Partes da Austr\u00e1lia enfrentam temperaturas recordes pr\u00f3ximas de 50\u00b0C nesta ter\u00e7a-feira, 27, em meio a uma onda de calor prolongada que atinge o pa\u00eds. As cidades rurais de Hopetoun e Walpeup, no estado de Victoria, registraram m\u00e1ximas [&hellip;]<\/p>\n","protected":false},"author":5,"featured_media":169103,"comment_status":"closed","ping_status":"open","sticky":false,"template":"","format":"standard","meta":{"advgb_blocks_editor_width":"","advgb_blocks_columns_visual_guide":"","_exactmetrics_skip_tracking":false,"_exactmetrics_sitenote_active":false,"_exactmetrics_sitenote_note":"","_exactmetrics_sitenote_category":0,"footnotes":""},"categories":[7,2],"tags":[],"class_list":["post-169102","post","type-post","status-publish","format-standard","has-post-thumbnail","hentry","category-destaques","category-noticias"],"better_featured_image":{"id":169103,"alt_text":"","caption":"","description":"","media_type":"image","media_details":{"width":860,"height":573,"file":"2026\/01\/21977-australia-enfrenta-onda-de-calor-recorde-com-temperaturas-proximas-a-50c-860x573-1.jpg","filesize":67348,"sizes":{"medium":{"file":"21977-australia-enfrenta-onda-de-calor-recorde-com-temperaturas-proximas-a-50c-860x573-1-450x300.jpg","width":450,"height":300,"mime-type":"image\/jpeg","filesize":18702,"source_url":"https:\/\/lavras.tv\/site\/wp-content\/uploads\/2026\/01\/21977-australia-enfrenta-onda-de-calor-recorde-com-temperaturas-proximas-a-50c-860x573-1-450x300.jpg"},"thumbnail":{"file":"21977-australia-enfrenta-onda-de-calor-recorde-com-temperaturas-proximas-a-50c-860x573-1-170x113.jpg","width":170,"height":113,"mime-type":"image\/jpeg","filesize":3773,"source_url":"https:\/\/lavras.tv\/site\/wp-content\/uploads\/2026\/01\/21977-australia-enfrenta-onda-de-calor-recorde-com-temperaturas-proximas-a-50c-860x573-1-170x113.jpg"},"alm-thumbnail":{"file":"21977-australia-enfrenta-onda-de-calor-recorde-com-temperaturas-proximas-a-50c-860x573-1-150x150.jpg","width":150,"height":150,"mime-type":"image\/jpeg","filesize":4190,"source_url":"https:\/\/lavras.tv\/site\/wp-content\/uploads\/2026\/01\/21977-australia-enfrenta-onda-de-calor-recorde-com-temperaturas-proximas-a-50c-860x573-1-150x150.jpg"},"sow-carousel-default":{"file":"21977-australia-enfrenta-onda-de-calor-recorde-com-temperaturas-proximas-a-50c-860x573-1-272x182.jpg","width":272,"height":182,"mime-type":"image\/jpeg","filesize":7885,"source_url":"https:\/\/lavras.tv\/site\/wp-content\/uploads\/2026\/01\/21977-australia-enfrenta-onda-de-calor-recorde-com-temperaturas-proximas-a-50c-860x573-1-272x182.jpg"}},"image_meta":{"aperture":"0","credit":"","camera":"","caption":"","created_timestamp":"0","copyright":"","focal_length":"0","iso":"0","shutter_speed":"0","title":"","orientation":"0","keywords":[]}},"post":169102,"source_url":"https:\/\/lavras.tv\/site\/wp-content\/uploads\/2026\/01\/21977-australia-enfrenta-onda-de-calor-recorde-com-temperaturas-proximas-a-50c-860x573-1.jpg"},"author_meta":{"display_name":"Vinicius Bustamante","author_link":"https:\/\/lavras.tv\/site\/author\/vinicius-bustamante\/"},"featured_img":"https:\/\/lavras.tv\/site\/wp-content\/uploads\/2026\/01\/21977-australia-enfrenta-onda-de-calor-recorde-com-temperaturas-proximas-a-50c-860x573-1-450x300.jpg","coauthors":[],"tax_additional":{"categories":{"linked":["<a href=\"https:\/\/lavras.tv\/site\/category\/destaques\/\" class=\"advgb-post-tax-term\">Destaques<\/a>","<a href=\"https:\/\/lavras.tv\/site\/category\/noticias\/\" class=\"advgb-post-tax-term\">Not\u00edcias<\/a>"],"unlinked":["<span class=\"advgb-post-tax-term\">Destaques<\/span>","<span class=\"advgb-post-tax-term\">Not\u00edcias<\/span>"]}},"comment_count":"0","relative_dates":{"created":"Publicado 3 meses atr\u00e1s","modified":"Atualizado 3 meses atr\u00e1s"},"absolute_dates":{"created":"Publicado em 28 de janeiro de 2026","modified":"Atualizado em 28 de janeiro de 2026"},"absolute_dates_time":{"created":"Publicado em 28 de janeiro de 2026 13:56","modified":"Atualizado em 28 de janeiro de 2026 13:56"},"featured_img_caption":"","series_order":"","_links":{"self":[{"href":"https:\/\/lavras.tv\/site\/wp-json\/wp\/v2\/posts\/169102","targetHints":{"allow":["GET"]}}],"collection":[{"href":"https:\/\/lavras.tv\/site\/wp-json\/wp\/v2\/posts"}],"about":[{"href":"https:\/\/lavras.tv\/site\/wp-json\/wp\/v2\/types\/post"}],"author":[{"embeddable":true,"href":"https:\/\/lavras.tv\/site\/wp-json\/wp\/v2\/users\/5"}],"replies":[{"embeddable":true,"href":"https:\/\/lavras.tv\/site\/wp-json\/wp\/v2\/comments?post=169102"}],"version-history":[{"count":1,"href":"https:\/\/lavras.tv\/site\/wp-json\/wp\/v2\/posts\/169102\/revisions"}],"predecessor-version":[{"id":169105,"href":"https:\/\/lavras.tv\/site\/wp-json\/wp\/v2\/posts\/169102\/revisions\/169105"}],"wp:featuredmedia":[{"embeddable":true,"href":"https:\/\/lavras.tv\/site\/wp-json\/wp\/v2\/media\/169103"}],"wp:attachment":[{"href":"https:\/\/lavras.tv\/site\/wp-json\/wp\/v2\/media?parent=169102"}],"wp:term":[{"taxonomy":"category","embeddable":true,"href":"https:\/\/lavras.tv\/site\/wp-json\/wp\/v2\/categories?post=169102"},{"taxonomy":"post_tag","embeddable":true,"href":"https:\/\/lavras.tv\/site\/wp-json\/wp\/v2\/tags?post=169102"}],"curies":[{"name":"wp","href":"https:\/\/api.w.org\/{rel}","templated":true}]}}