{"id":169109,"date":"2026-01-29T16:23:59","date_gmt":"2026-01-29T19:23:59","guid":{"rendered":"https:\/\/lavras.tv\/site\/?p=169109"},"modified":"2026-01-29T16:24:00","modified_gmt":"2026-01-29T19:24:00","slug":"homem-e-preso-em-lavras-por-tentar-roubar-e-agredir-idosa-de-74-anos-dentro-de-casa","status":"publish","type":"post","link":"https:\/\/lavras.tv\/site\/2026\/01\/29\/homem-e-preso-em-lavras-por-tentar-roubar-e-agredir-idosa-de-74-anos-dentro-de-casa\/","title":{"rendered":"Homem \u00e9 preso em Lavras por tentar roubar e agredir idosa de 74 anos dentro de casa"},"content":{"rendered":"<div class=\"lavra-antes-do-conteudo_2\" id=\"lavra-1178803812\"><div id=\"lavra-slider-27\" class=\"custom-slider lavra-slider-838494911 lavra-slider\"><ul><li><div style=\"margin-left: auto;margin-right: auto;text-align: center;\" id=\"lavra-3318353062\"><a href=\"https:\/\/sistemas.lavras.mg.gov.br\/portalcidadao\/#df1b1a7c7b2a290bcb31e32771e610784662739a88807c0dacac58ede5f391a7530e299dc302d611ee73cb143fc22eaf93592e53e7b5bdb01b00a0b8d28dae460c141dd2ff83412e4dc1c31b16b25f33144a9e5620ea73b13f5bc1c59411d98439ad226e8af03840603796067d87afe130812cf3de24982d0e306f9e61e764e5\" aria-label=\"Lavras-TV&#8211;720x104px (1) (1)\"><img src=\"https:\/\/lavras.tv\/site\/wp-content\/uploads\/2025\/01\/Lavras-TV-720x104px-1-1.png\" alt=\"\"  srcset=\"https:\/\/lavras.tv\/site\/wp-content\/uploads\/2025\/01\/Lavras-TV-720x104px-1-1.png 720w, https:\/\/lavras.tv\/site\/wp-content\/uploads\/2025\/01\/Lavras-TV-720x104px-1-1-470x68.png 470w, https:\/\/lavras.tv\/site\/wp-content\/uploads\/2025\/01\/Lavras-TV-720x104px-1-1-170x25.png 170w, https:\/\/lavras.tv\/site\/wp-content\/uploads\/2025\/01\/Lavras-TV-720x104px-1-1-200x29.png 200w\" sizes=\"(max-width: 720px) 100vw, 720px\" width=\"720\" height=\"104\"  style=\"display: inline-block;\" \/><\/a><\/div><\/li><li><a href=\"https:\/\/sistemas.lavras.mg.gov.br\/portalcidadao\/#df1b1a7c7b2a290bcb31e32771e610784662739a88807c0dacac58ede5f391a7530e299dc302d611ee73cb143fc22eaf93592e53e7b5bdb01b00a0b8d28dae460c141dd2ff83412e4dc1c31b16b25f33144a9e5620ea73b13f5bc1c59411d98439ad226e8af03840603796067d87afe130812cf3de24982d0e306f9e61e764e5\" aria-label=\"Banner_Emprego_PortallavrasTV\"><img src=\"https:\/\/lavras.tv\/site\/wp-content\/uploads\/2025\/03\/Banner_Emprego_PortallavrasTV.png\" alt=\"\"  srcset=\"https:\/\/lavras.tv\/site\/wp-content\/uploads\/2025\/03\/Banner_Emprego_PortallavrasTV.png 720w, https:\/\/lavras.tv\/site\/wp-content\/uploads\/2025\/03\/Banner_Emprego_PortallavrasTV-470x68.png 470w, https:\/\/lavras.tv\/site\/wp-content\/uploads\/2025\/03\/Banner_Emprego_PortallavrasTV-170x25.png 170w, https:\/\/lavras.tv\/site\/wp-content\/uploads\/2025\/03\/Banner_Emprego_PortallavrasTV-200x29.png 200w\" sizes=\"(max-width: 720px) 100vw, 720px\" width=\"720\" height=\"104\"   \/><\/a><\/li><li><a href=\"https:\/\/sistemas.lavras.mg.gov.br\/portalcidadao\/#df1b1a7c7b2a290bcb31e32771e610784662739a88807c0dacac58ede5f391a7530e299dc302d611ee73cb143fc22eaf93592e53e7b5bdb01b00a0b8d28dae460c141dd2ff83412e4dc1c31b16b25f33144a9e5620ea73b13f5bc1c59411d98439ad226e8af03840603796067d87afe130812cf3de24982d0e306f9e61e764e5\" aria-label=\"Banner_Obras_PortallavrasTV\"><img src=\"https:\/\/lavras.tv\/site\/wp-content\/uploads\/2025\/03\/Banner_Obras_PortallavrasTV.png\" alt=\"\"  srcset=\"https:\/\/lavras.tv\/site\/wp-content\/uploads\/2025\/03\/Banner_Obras_PortallavrasTV.png 720w, https:\/\/lavras.tv\/site\/wp-content\/uploads\/2025\/03\/Banner_Obras_PortallavrasTV-470x68.png 470w, https:\/\/lavras.tv\/site\/wp-content\/uploads\/2025\/03\/Banner_Obras_PortallavrasTV-170x25.png 170w, https:\/\/lavras.tv\/site\/wp-content\/uploads\/2025\/03\/Banner_Obras_PortallavrasTV-200x29.png 200w\" sizes=\"(max-width: 720px) 100vw, 720px\" width=\"720\" height=\"104\"   \/><\/a><\/li><li><div style=\"margin-left: auto;margin-right: auto;text-align: center;\" id=\"lavra-1482980491\"><a href=\"https:\/\/sistemas.lavras.mg.gov.br\/portalcidadao\/#df1b1a7c7b2a290bcb31e32771e610784662739a88807c0dacac58ede5f391a7530e299dc302d611ee73cb143fc22eaf93592e53e7b5bdb01b00a0b8d28dae460c141dd2ff83412e4dc1c31b16b25f33144a9e5620ea73b13f5bc1c59411d98439ad226e8af03840603796067d87afe130812cf3de24982d0e306f9e61e764e5\" aria-label=\"Banner_Educa\u00e7\u00e3o_PortallavrasTV\"><img src=\"https:\/\/lavras.tv\/site\/wp-content\/uploads\/2025\/01\/Banner_Educacao_PortallavrasTV.png\" alt=\"\"  srcset=\"https:\/\/lavras.tv\/site\/wp-content\/uploads\/2025\/01\/Banner_Educacao_PortallavrasTV.png 720w, https:\/\/lavras.tv\/site\/wp-content\/uploads\/2025\/01\/Banner_Educacao_PortallavrasTV-470x68.png 470w, https:\/\/lavras.tv\/site\/wp-content\/uploads\/2025\/01\/Banner_Educacao_PortallavrasTV-170x25.png 170w, https:\/\/lavras.tv\/site\/wp-content\/uploads\/2025\/01\/Banner_Educacao_PortallavrasTV-200x29.png 200w\" sizes=\"(max-width: 720px) 100vw, 720px\" width=\"720\" height=\"104\"  style=\"display: inline-block;\" \/><\/a><\/div><\/li><li><a href=\"https:\/\/sistemas.lavras.mg.gov.br\/portalcidadao\/#df1b1a7c7b2a290bcb31e32771e610784662739a88807c0dacac58ede5f391a7530e299dc302d611ee73cb143fc22eaf93592e53e7b5bdb01b00a0b8d28dae460c141dd2ff83412e4dc1c31b16b25f33144a9e5620ea73b13f5bc1c59411d98439ad226e8af03840603796067d87afe130812cf3de24982d0e306f9e61e764e5\" aria-label=\"Banner_Sa\u00fade_PortallavrasTV\"><img src=\"https:\/\/lavras.tv\/site\/wp-content\/uploads\/2025\/03\/Banner_Saude_PortallavrasTV.png\" alt=\"\"  srcset=\"https:\/\/lavras.tv\/site\/wp-content\/uploads\/2025\/03\/Banner_Saude_PortallavrasTV.png 720w, https:\/\/lavras.tv\/site\/wp-content\/uploads\/2025\/03\/Banner_Saude_PortallavrasTV-470x68.png 470w, https:\/\/lavras.tv\/site\/wp-content\/uploads\/2025\/03\/Banner_Saude_PortallavrasTV-170x25.png 170w, https:\/\/lavras.tv\/site\/wp-content\/uploads\/2025\/03\/Banner_Saude_PortallavrasTV-200x29.png 200w\" sizes=\"(max-width: 720px) 100vw, 720px\" width=\"720\" height=\"104\"   \/><\/a><\/li><li><div id=\"lavra-4157838908\" style=\"width:720px;height:104px;background-color:#ddd;overflow:scroll;\">\n\t<strong>Sa\u00edda da depura\u00e7\u00e3o de an\u00fancios<\/strong>\n\t<br><br>\n\tO an\u00fancio n\u00e3o \u00e9 exibido na p\u00e1gina<br><br>post atual: Homem \u00e9 preso em Lavras por tentar roubar e agredir idosa de 74 anos dentro de casa, ID: 169109<br><br><span style=\"color: red;\">O post atual n\u00e3o \u00e9 id\u00eantico ao post principal.<\/span><br><br>An\u00fancios: ROXO - TOPO INTERNA - ROTATIVO 2 (197)<br \/>Grupo de an\u00fancios: Princ_Meio01_720x104 (27)<br><br>Condi\u00e7\u00f5es de exibi\u00e7\u00e3o<div style=\"margin-bottom: 20px; white-space: pre-wrap; font-family: monospace; width: 100%; background: #ffe9e9;\"><strong>condi\u00e7\u00f5es gerais<\/strong><table border=\"1\"><thead><tr><th><\/th><th>An\u00fancios<\/th><th>wp_the_query<\/th><\/tr><\/thead><tr><td>is_main_query<\/td><td>1<\/td><td>1<\/td><\/tr><tr><td>is_rest_api<\/td><td>0<\/td><td>1<\/td><\/tr><tr><td>page<\/td><td>0<\/td><td>1<\/td><\/tr><tr><td>numpages<\/td><td>0<\/td><td>1<\/td><\/tr><tr><td>is_archive<\/td><td>1<\/td><td><\/td><\/tr><tr><td>is_search<\/td><td>1<\/td><td><\/td><\/tr><tr><td>is_home<\/td><td>1<\/td><td><\/td><\/tr><tr><td>is_404<\/td><td>1<\/td><td><\/td><\/tr><tr><td>is_attachment<\/td><td>1<\/td><td><\/td><\/tr><tr><td>is_singular<\/td><td>1<\/td><td><\/td><\/tr><tr><td>is_front_page<\/td><td>1<\/td><td><\/td><\/tr><tr><td>is_feed<\/td><td>1<\/td><td><\/td><\/tr><\/table><\/div><br><br><span style=\"color: red;\">Seu site usa HTTPS, mas o c\u00f3digo do an\u00fancio cont\u00e9m HTTP e pode n\u00e3o funcionar.<\/span>\t<br><br>\n\t<a style=\"color: green;\" href=\"https:\/\/wpadvancedads.com\/manual\/ad-debug-mode\/?utm_source=advanced-ads&utm_medium=link&utm_campaign=ad-debug-mode\" target=\"_blank\" rel=\"nofollow\">Encontre solu\u00e7\u00f5es no manual<\/a>\n<\/div>\n<\/li><\/ul><\/div><script>( window.advanced_ads_ready || jQuery( document ).ready ).call( null, function() {var $lavraslider838494911 = jQuery( \".lavra-slider-838494911\" );$lavraslider838494911.on( \"unslider.ready\", function() { jQuery( \"div.custom-slider ul li\" ).css( \"display\", \"block\" ); });$lavraslider838494911.unslider({ delay:4000, autoplay:true, nav:false, arrows:false, infinite:true });$lavraslider838494911.on(\"mouseover\", function() {$lavraslider838494911.unslider(\"stop\");}).on(\"mouseout\", function() {$lavraslider838494911.unslider(\"start\");});});<\/script><\/div>\n<figure class=\"wp-block-image size-large is-resized\"><img fetchpriority=\"high\" decoding=\"async\" width=\"970\" height=\"728\" src=\"https:\/\/lavras.tv\/site\/wp-content\/uploads\/2026\/01\/pc-mg-970x728.jpg\" alt=\"\" class=\"wp-image-169110\" style=\"aspect-ratio:1.3333333333333333;width:580px;height:auto\" srcset=\"https:\/\/lavras.tv\/site\/wp-content\/uploads\/2026\/01\/pc-mg-970x728.jpg 970w, https:\/\/lavras.tv\/site\/wp-content\/uploads\/2026\/01\/pc-mg-400x300.jpg 400w, https:\/\/lavras.tv\/site\/wp-content\/uploads\/2026\/01\/pc-mg-170x128.jpg 170w, https:\/\/lavras.tv\/site\/wp-content\/uploads\/2026\/01\/pc-mg.jpg 1024w\" sizes=\"(max-width: 970px) 100vw, 970px\" \/><\/figure>\n\n\n\n<p>A Pol\u00edcia Civil de Minas Gerais cumpriu, no dia 27 de janeiro de 2026, mandado de pris\u00e3o preventiva contra um homem de 39 anos investigado por tentativa de roubo praticada contra uma idosa de 74 anos, no munic\u00edpio de Lavras.<\/p>\n\n\n\n<p>O crime ocorreu na madrugada de 21 de setembro de 2025, quando o suspeito invadiu a resid\u00eancia da v\u00edtima e passou a agredi-la fisicamente, com socos e tentativa de esganadura, na inten\u00e7\u00e3o de subtrair seus bens. A a\u00e7\u00e3o criminosa foi interrompida ap\u00f3s a rea\u00e7\u00e3o da v\u00edtima e a interven\u00e7\u00e3o de vizinhos, que ouviram os pedidos de socorro, fazendo com que o autor fugisse do local.<\/p>\n\n\n\n<p>As investiga\u00e7\u00f5es foram conduzidas pela Pol\u00edcia Civil, com coleta de depoimentos, reconhecimentos formais, exames periciais e an\u00e1lise da vida pregressa do investigado, que possui hist\u00f3rico criminal por crimes patrimoniais e violentos. Diante da gravidade dos fatos e do risco de reitera\u00e7\u00e3o delitiva, a Justi\u00e7a decretou a pris\u00e3o preventiva.<\/p>\n\n\n\n<p>O mandado foi cumprido em uma empresa localizada no Distrito Industrial de Lavras. Ap\u00f3s a pris\u00e3o, o investigado foi encaminhado \u00e0 Delegacia de Pol\u00edcia Civil e, posteriormente, ao sistema prisional, onde permanece \u00e0 disposi\u00e7\u00e3o do Poder Judici\u00e1rio.<\/p>\n","protected":false},"excerpt":{"rendered":"<p>A Pol\u00edcia Civil de Minas Gerais cumpriu, no dia 27 de janeiro de 2026, mandado de pris\u00e3o preventiva contra um homem de 39 anos investigado por tentativa de roubo praticada contra uma idosa de 74 anos, no munic\u00edpio de Lavras. O crime ocorreu na madrugada de 21 de setembro de 2025, quando o suspeito invadiu [&hellip;]<\/p>\n","protected":false},"author":5,"featured_media":169110,"comment_status":"closed","ping_status":"open","sticky":false,"template":"","format":"standard","meta":{"advgb_blocks_editor_width":"","advgb_blocks_columns_visual_guide":"","_exactmetrics_skip_tracking":false,"_exactmetrics_sitenote_active":false,"_exactmetrics_sitenote_note":"","_exactmetrics_sitenote_category":0,"footnotes":""},"categories":[7,2],"tags":[],"class_list":["post-169109","post","type-post","status-publish","format-standard","has-post-thumbnail","hentry","category-destaques","category-noticias"],"better_featured_image":{"id":169110,"alt_text":"","caption":"","description":"","media_type":"image","media_details":{"width":1024,"height":768,"file":"2026\/01\/pc-mg.jpg","filesize":174316,"sizes":{"medium":{"file":"pc-mg-400x300.jpg","width":400,"height":300,"mime-type":"image\/jpeg","filesize":31882,"source_url":"https:\/\/lavras.tv\/site\/wp-content\/uploads\/2026\/01\/pc-mg-400x300.jpg"},"large":{"file":"pc-mg-970x728.jpg","width":970,"height":728,"mime-type":"image\/jpeg","filesize":145004,"source_url":"https:\/\/lavras.tv\/site\/wp-content\/uploads\/2026\/01\/pc-mg-970x728.jpg"},"thumbnail":{"file":"pc-mg-170x128.jpg","width":170,"height":128,"mime-type":"image\/jpeg","filesize":7295,"source_url":"https:\/\/lavras.tv\/site\/wp-content\/uploads\/2026\/01\/pc-mg-170x128.jpg"},"alm-thumbnail":{"file":"pc-mg-150x150.jpg","width":150,"height":150,"mime-type":"image\/jpeg","filesize":7541,"source_url":"https:\/\/lavras.tv\/site\/wp-content\/uploads\/2026\/01\/pc-mg-150x150.jpg"},"sow-carousel-default":{"file":"pc-mg-272x182.jpg","width":272,"height":182,"mime-type":"image\/jpeg","filesize":15140,"source_url":"https:\/\/lavras.tv\/site\/wp-content\/uploads\/2026\/01\/pc-mg-272x182.jpg"}},"image_meta":{"aperture":"0","credit":"","camera":"","caption":"","created_timestamp":"0","copyright":"","focal_length":"0","iso":"0","shutter_speed":"0","title":"","orientation":"0","keywords":[]}},"post":169109,"source_url":"https:\/\/lavras.tv\/site\/wp-content\/uploads\/2026\/01\/pc-mg.jpg"},"author_meta":{"display_name":"Vinicius Bustamante","author_link":"https:\/\/lavras.tv\/site\/author\/vinicius-bustamante\/"},"featured_img":"https:\/\/lavras.tv\/site\/wp-content\/uploads\/2026\/01\/pc-mg-400x300.jpg","coauthors":[],"tax_additional":{"categories":{"linked":["<a href=\"https:\/\/lavras.tv\/site\/category\/destaques\/\" class=\"advgb-post-tax-term\">Destaques<\/a>","<a href=\"https:\/\/lavras.tv\/site\/category\/noticias\/\" class=\"advgb-post-tax-term\">Not\u00edcias<\/a>"],"unlinked":["<span class=\"advgb-post-tax-term\">Destaques<\/span>","<span class=\"advgb-post-tax-term\">Not\u00edcias<\/span>"]}},"comment_count":"0","relative_dates":{"created":"Publicado 3 meses atr\u00e1s","modified":"Atualizado 3 meses atr\u00e1s"},"absolute_dates":{"created":"Publicado em 29 de janeiro de 2026","modified":"Atualizado em 29 de janeiro de 2026"},"absolute_dates_time":{"created":"Publicado em 29 de janeiro de 2026 16:23","modified":"Atualizado em 29 de janeiro de 2026 16:24"},"featured_img_caption":"","series_order":"","_links":{"self":[{"href":"https:\/\/lavras.tv\/site\/wp-json\/wp\/v2\/posts\/169109","targetHints":{"allow":["GET"]}}],"collection":[{"href":"https:\/\/lavras.tv\/site\/wp-json\/wp\/v2\/posts"}],"about":[{"href":"https:\/\/lavras.tv\/site\/wp-json\/wp\/v2\/types\/post"}],"author":[{"embeddable":true,"href":"https:\/\/lavras.tv\/site\/wp-json\/wp\/v2\/users\/5"}],"replies":[{"embeddable":true,"href":"https:\/\/lavras.tv\/site\/wp-json\/wp\/v2\/comments?post=169109"}],"version-history":[{"count":1,"href":"https:\/\/lavras.tv\/site\/wp-json\/wp\/v2\/posts\/169109\/revisions"}],"predecessor-version":[{"id":169111,"href":"https:\/\/lavras.tv\/site\/wp-json\/wp\/v2\/posts\/169109\/revisions\/169111"}],"wp:featuredmedia":[{"embeddable":true,"href":"https:\/\/lavras.tv\/site\/wp-json\/wp\/v2\/media\/169110"}],"wp:attachment":[{"href":"https:\/\/lavras.tv\/site\/wp-json\/wp\/v2\/media?parent=169109"}],"wp:term":[{"taxonomy":"category","embeddable":true,"href":"https:\/\/lavras.tv\/site\/wp-json\/wp\/v2\/categories?post=169109"},{"taxonomy":"post_tag","embeddable":true,"href":"https:\/\/lavras.tv\/site\/wp-json\/wp\/v2\/tags?post=169109"}],"curies":[{"name":"wp","href":"https:\/\/api.w.org\/{rel}","templated":true}]}}