{"id":169118,"date":"2026-01-29T17:22:36","date_gmt":"2026-01-29T20:22:36","guid":{"rendered":"https:\/\/lavras.tv\/site\/?p=169118"},"modified":"2026-01-29T17:22:38","modified_gmt":"2026-01-29T20:22:38","slug":"em-aviso-a-investidores-zema-define-modelo-de-privatizacao-da-copasa","status":"publish","type":"post","link":"https:\/\/lavras.tv\/site\/2026\/01\/29\/em-aviso-a-investidores-zema-define-modelo-de-privatizacao-da-copasa\/","title":{"rendered":"Em aviso a investidores, Zema define modelo de privatiza\u00e7\u00e3o da Copasa"},"content":{"rendered":"<div class=\"lavra-antes-do-conteudo_2\" id=\"lavra-526215722\"><div id=\"lavra-slider-27\" class=\"custom-slider lavra-slider-18013018 lavra-slider\"><ul><li><div style=\"margin-left: auto;margin-right: auto;text-align: center;\" id=\"lavra-4278088703\"><a href=\"https:\/\/sistemas.lavras.mg.gov.br\/portalcidadao\/#df1b1a7c7b2a290bcb31e32771e610784662739a88807c0dacac58ede5f391a7530e299dc302d611ee73cb143fc22eaf93592e53e7b5bdb01b00a0b8d28dae460c141dd2ff83412e4dc1c31b16b25f33144a9e5620ea73b13f5bc1c59411d98439ad226e8af03840603796067d87afe130812cf3de24982d0e306f9e61e764e5\" aria-label=\"Lavras-TV&#8211;720x104px (1) (1)\"><img src=\"https:\/\/lavras.tv\/site\/wp-content\/uploads\/2025\/01\/Lavras-TV-720x104px-1-1.png\" alt=\"\"  srcset=\"https:\/\/lavras.tv\/site\/wp-content\/uploads\/2025\/01\/Lavras-TV-720x104px-1-1.png 720w, https:\/\/lavras.tv\/site\/wp-content\/uploads\/2025\/01\/Lavras-TV-720x104px-1-1-470x68.png 470w, https:\/\/lavras.tv\/site\/wp-content\/uploads\/2025\/01\/Lavras-TV-720x104px-1-1-170x25.png 170w, https:\/\/lavras.tv\/site\/wp-content\/uploads\/2025\/01\/Lavras-TV-720x104px-1-1-200x29.png 200w\" sizes=\"(max-width: 720px) 100vw, 720px\" width=\"720\" height=\"104\"  style=\"display: inline-block;\" \/><\/a><\/div><\/li><li><a href=\"https:\/\/sistemas.lavras.mg.gov.br\/portalcidadao\/#df1b1a7c7b2a290bcb31e32771e610784662739a88807c0dacac58ede5f391a7530e299dc302d611ee73cb143fc22eaf93592e53e7b5bdb01b00a0b8d28dae460c141dd2ff83412e4dc1c31b16b25f33144a9e5620ea73b13f5bc1c59411d98439ad226e8af03840603796067d87afe130812cf3de24982d0e306f9e61e764e5\" aria-label=\"Banner_Emprego_PortallavrasTV\"><img src=\"https:\/\/lavras.tv\/site\/wp-content\/uploads\/2025\/03\/Banner_Emprego_PortallavrasTV.png\" alt=\"\"  srcset=\"https:\/\/lavras.tv\/site\/wp-content\/uploads\/2025\/03\/Banner_Emprego_PortallavrasTV.png 720w, https:\/\/lavras.tv\/site\/wp-content\/uploads\/2025\/03\/Banner_Emprego_PortallavrasTV-470x68.png 470w, https:\/\/lavras.tv\/site\/wp-content\/uploads\/2025\/03\/Banner_Emprego_PortallavrasTV-170x25.png 170w, https:\/\/lavras.tv\/site\/wp-content\/uploads\/2025\/03\/Banner_Emprego_PortallavrasTV-200x29.png 200w\" sizes=\"(max-width: 720px) 100vw, 720px\" width=\"720\" height=\"104\"   \/><\/a><\/li><li><a href=\"https:\/\/sistemas.lavras.mg.gov.br\/portalcidadao\/#df1b1a7c7b2a290bcb31e32771e610784662739a88807c0dacac58ede5f391a7530e299dc302d611ee73cb143fc22eaf93592e53e7b5bdb01b00a0b8d28dae460c141dd2ff83412e4dc1c31b16b25f33144a9e5620ea73b13f5bc1c59411d98439ad226e8af03840603796067d87afe130812cf3de24982d0e306f9e61e764e5\" aria-label=\"Banner_Obras_PortallavrasTV\"><img src=\"https:\/\/lavras.tv\/site\/wp-content\/uploads\/2025\/03\/Banner_Obras_PortallavrasTV.png\" alt=\"\"  srcset=\"https:\/\/lavras.tv\/site\/wp-content\/uploads\/2025\/03\/Banner_Obras_PortallavrasTV.png 720w, https:\/\/lavras.tv\/site\/wp-content\/uploads\/2025\/03\/Banner_Obras_PortallavrasTV-470x68.png 470w, https:\/\/lavras.tv\/site\/wp-content\/uploads\/2025\/03\/Banner_Obras_PortallavrasTV-170x25.png 170w, https:\/\/lavras.tv\/site\/wp-content\/uploads\/2025\/03\/Banner_Obras_PortallavrasTV-200x29.png 200w\" sizes=\"(max-width: 720px) 100vw, 720px\" width=\"720\" height=\"104\"   \/><\/a><\/li><li><div style=\"margin-left: auto;margin-right: auto;text-align: center;\" id=\"lavra-698850403\"><a href=\"https:\/\/sistemas.lavras.mg.gov.br\/portalcidadao\/#df1b1a7c7b2a290bcb31e32771e610784662739a88807c0dacac58ede5f391a7530e299dc302d611ee73cb143fc22eaf93592e53e7b5bdb01b00a0b8d28dae460c141dd2ff83412e4dc1c31b16b25f33144a9e5620ea73b13f5bc1c59411d98439ad226e8af03840603796067d87afe130812cf3de24982d0e306f9e61e764e5\" aria-label=\"Banner_Educa\u00e7\u00e3o_PortallavrasTV\"><img src=\"https:\/\/lavras.tv\/site\/wp-content\/uploads\/2025\/01\/Banner_Educacao_PortallavrasTV.png\" alt=\"\"  srcset=\"https:\/\/lavras.tv\/site\/wp-content\/uploads\/2025\/01\/Banner_Educacao_PortallavrasTV.png 720w, https:\/\/lavras.tv\/site\/wp-content\/uploads\/2025\/01\/Banner_Educacao_PortallavrasTV-470x68.png 470w, https:\/\/lavras.tv\/site\/wp-content\/uploads\/2025\/01\/Banner_Educacao_PortallavrasTV-170x25.png 170w, https:\/\/lavras.tv\/site\/wp-content\/uploads\/2025\/01\/Banner_Educacao_PortallavrasTV-200x29.png 200w\" sizes=\"(max-width: 720px) 100vw, 720px\" width=\"720\" height=\"104\"  style=\"display: inline-block;\" \/><\/a><\/div><\/li><li><a href=\"https:\/\/sistemas.lavras.mg.gov.br\/portalcidadao\/#df1b1a7c7b2a290bcb31e32771e610784662739a88807c0dacac58ede5f391a7530e299dc302d611ee73cb143fc22eaf93592e53e7b5bdb01b00a0b8d28dae460c141dd2ff83412e4dc1c31b16b25f33144a9e5620ea73b13f5bc1c59411d98439ad226e8af03840603796067d87afe130812cf3de24982d0e306f9e61e764e5\" aria-label=\"Banner_Sa\u00fade_PortallavrasTV\"><img src=\"https:\/\/lavras.tv\/site\/wp-content\/uploads\/2025\/03\/Banner_Saude_PortallavrasTV.png\" alt=\"\"  srcset=\"https:\/\/lavras.tv\/site\/wp-content\/uploads\/2025\/03\/Banner_Saude_PortallavrasTV.png 720w, https:\/\/lavras.tv\/site\/wp-content\/uploads\/2025\/03\/Banner_Saude_PortallavrasTV-470x68.png 470w, https:\/\/lavras.tv\/site\/wp-content\/uploads\/2025\/03\/Banner_Saude_PortallavrasTV-170x25.png 170w, https:\/\/lavras.tv\/site\/wp-content\/uploads\/2025\/03\/Banner_Saude_PortallavrasTV-200x29.png 200w\" sizes=\"(max-width: 720px) 100vw, 720px\" width=\"720\" height=\"104\"   \/><\/a><\/li><li><div id=\"lavra-2806251197\" style=\"width:720px;height:104px;background-color:#ddd;overflow:scroll;\">\n\t<strong>Sa\u00edda da depura\u00e7\u00e3o de an\u00fancios<\/strong>\n\t<br><br>\n\tO an\u00fancio n\u00e3o \u00e9 exibido na p\u00e1gina<br><br>post atual: Em aviso a investidores, Zema define modelo de privatiza\u00e7\u00e3o da Copasa, ID: 169118<br><br><span style=\"color: red;\">O post atual n\u00e3o \u00e9 id\u00eantico ao post principal.<\/span><br><br>An\u00fancios: ROXO - TOPO INTERNA - ROTATIVO 2 (197)<br \/>Grupo de an\u00fancios: Princ_Meio01_720x104 (27)<br><br>Condi\u00e7\u00f5es de exibi\u00e7\u00e3o<div style=\"margin-bottom: 20px; white-space: pre-wrap; font-family: monospace; width: 100%; background: #ffe9e9;\"><strong>condi\u00e7\u00f5es gerais<\/strong><table border=\"1\"><thead><tr><th><\/th><th>An\u00fancios<\/th><th>wp_the_query<\/th><\/tr><\/thead><tr><td>is_main_query<\/td><td>1<\/td><td>1<\/td><\/tr><tr><td>is_rest_api<\/td><td>0<\/td><td>1<\/td><\/tr><tr><td>page<\/td><td>0<\/td><td>1<\/td><\/tr><tr><td>numpages<\/td><td>0<\/td><td>1<\/td><\/tr><tr><td>is_archive<\/td><td>1<\/td><td><\/td><\/tr><tr><td>is_search<\/td><td>1<\/td><td><\/td><\/tr><tr><td>is_home<\/td><td>1<\/td><td><\/td><\/tr><tr><td>is_404<\/td><td>1<\/td><td><\/td><\/tr><tr><td>is_attachment<\/td><td>1<\/td><td><\/td><\/tr><tr><td>is_singular<\/td><td>1<\/td><td><\/td><\/tr><tr><td>is_front_page<\/td><td>1<\/td><td><\/td><\/tr><tr><td>is_feed<\/td><td>1<\/td><td><\/td><\/tr><\/table><\/div><br><br><span style=\"color: red;\">Seu site usa HTTPS, mas o c\u00f3digo do an\u00fancio cont\u00e9m HTTP e pode n\u00e3o funcionar.<\/span>\t<br><br>\n\t<a style=\"color: green;\" href=\"https:\/\/wpadvancedads.com\/manual\/ad-debug-mode\/?utm_source=advanced-ads&utm_medium=link&utm_campaign=ad-debug-mode\" target=\"_blank\" rel=\"nofollow\">Encontre solu\u00e7\u00f5es no manual<\/a>\n<\/div>\n<\/li><\/ul><\/div><script>( window.advanced_ads_ready || jQuery( document ).ready ).call( null, function() {var $lavraslider18013018 = jQuery( \".lavra-slider-18013018\" );$lavraslider18013018.on( \"unslider.ready\", function() { jQuery( \"div.custom-slider ul li\" ).css( \"display\", \"block\" ); });$lavraslider18013018.unslider({ delay:4000, autoplay:true, nav:false, arrows:false, infinite:true });$lavraslider18013018.on(\"mouseover\", function() {$lavraslider18013018.unslider(\"stop\");}).on(\"mouseout\", function() {$lavraslider18013018.unslider(\"start\");});});<\/script><\/div>\n<h2 class=\"wp-block-heading\">Companhia de saneamento ser\u00e1 privatizada por modelo de oferta secund\u00e1ria e recursos ser\u00e3o empregados no pagamento da d\u00edvida de Minas com a Uni\u00e3o<\/h2>\n\n\n\n<figure class=\"wp-block-image\"><img decoding=\"async\" src=\"https:\/\/medias.itatiaia.com.br\/dims4\/default\/1f5b95d\/2147483647\/strip\/true\/crop\/921x519+0+86\/resize\/1000x563!\/quality\/90\/?url=https%3A%2F%2Fk2-prod-radio-itatiaia.s3.us-east-1.amazonaws.com%2Fbrightspot%2F58%2Fcd%2F40f54a7d43e083e0acdd2639d772%2Fcaptura-de-tela-2025-09-19-165307.png\" alt=\"Copasa - Publieditorial - Setembro.Agosto \"\/><\/figure>\n\n\n\n<p>Em comunicado dirigido aos acionistas e ao mercado na quarta-feira (28), o Governo de Minas determinou que\u00a0<a href=\"https:\/\/www.itatiaia.com.br\/politica\/braco-de-investimento-do-itau-preve-privatizacao-da-copasa-ate-abril\"><strong>Copasa ser\u00e1 privatizada<\/strong><\/a> por meio de oferta secund\u00e1ria de a\u00e7\u00f5es e que os recursos obtidos com a opera\u00e7\u00e3o ser\u00e3o destinados ao pagamento da d\u00edvida do Estado com a Uni\u00e3o,\u00a0<a href=\"https:\/\/www.itatiaia.com.br\/politica\/divida-de-minas-gerais-ultrapassa-a-marca-dos-r-200-bilhoes\"><strong>hoje avaliada em mais de R$ 180 bilh\u00f5es<\/strong>.<\/a><\/p>\n\n\n\n<p>O Governo de Minas \u00e9 o acionista controlador da empresa com 50,03% das participa\u00e7\u00f5es da Copasa e determinou que o processo de privatiza\u00e7\u00e3o se dar\u00e1 por meio de uma oferta p\u00fablica de distribui\u00e7\u00e3o secund\u00e1ria de a\u00e7\u00f5es. Neste modelo, o estado vender\u00e1 suas a\u00e7\u00f5es j\u00e1 existentes, sem a emiss\u00e3o de novos pap\u00e9is pela companhia.<\/p>\n\n\n\n<p>No documento enviado ao mercado, o&nbsp;<a href=\"https:\/\/www.itatiaia.com.br\/tags\/romeu-zema\"><strong>governador Romeu Zema (Novo)<\/strong>&nbsp;<\/a>afirma ainda que o processo de valuation ainda n\u00e3o foi finalizado e que a determina\u00e7\u00e3o do pre\u00e7o da Copasa est\u00e1 previsto para as pr\u00f3ximas etapas da opera\u00e7\u00e3o de privatiza\u00e7\u00e3o.<\/p>\n\n\n\n<p>O Governo de Minas tentar\u00e1 maximizar o valor das a\u00e7\u00f5es durante o processo e trabalhar\u00e1 tamb\u00e9m para ampliar a oferta das a\u00e7\u00f5es junto a investidores internacionais, conforme as normas da Securities and Exchange Commission (SEC) dos Estados Unidos.<\/p>\n\n\n\n<p>Um dos pontos da modelagem proposta pela gest\u00e3o de Zema \u00e9 a possibilidade de entrada de um investidor estrat\u00e9gico ao qual ser\u00e1 alocado 30% do capital social da empresa. Esse investidor precisa comprovar capacidade financeira e expertise no setor de atua\u00e7\u00e3o da Copasa e dever\u00e1 respeitar um per\u00edodo de proibi\u00e7\u00e3o de vendas de a\u00e7\u00f5es \u2014 lock-up \u2014 de quatro anos para totalizar a participa\u00e7\u00e3o adquirida.<\/p>\n\n\n\n<h2 class=\"wp-block-heading\"><strong>A privatiza\u00e7\u00e3o da Copasa<\/strong><\/h2>\n\n\n\n<p>A privatiza\u00e7\u00e3o da companhia de saneamento foi&nbsp;<a href=\"https:\/\/www.itatiaia.com.br\/politica\/almg-aprova-em-definitivo-projeto-que-preve-a-privatizacao-da-copasa\"><strong>aprovada em dezembro do ano passado<\/strong><\/a>&nbsp;pela Assembleia Legislativa de Minas Gerais (ALMG) a partir do Projeto de Lei 4.380\/2025, enviado \u00e0 Casa pelo governador. O debate na Casa se deu no \u00e2mbito das discuss\u00f5es sobre o Programa de Pleno Pagamento de D\u00edvidas dos Estados (Propag) e foi o mais pol\u00eamico e arrastado de um pacote com mais de dez propostas.<\/p>\n\n\n\n<p>O PL 4.380\/2025 teve sua tramita\u00e7\u00e3o precedida por uma&nbsp;<a href=\"https:\/\/www.itatiaia.com.br\/politica\/zema-avanca-com-privatizacao-da-copasa-apos-voto-de-engler-analisado-no-var\" target=\"_blank\" rel=\"noreferrer noopener\"><strong><u>atribulada discuss\u00e3o da Proposta de Emenda \u00e0 Constitui\u00e7\u00e3o (PEC) 24\/2023<\/u><\/strong><\/a>, tamb\u00e9m de autoria de Zema, que derrubou a exig\u00eancia de um referendo popular para autorizar a privatiza\u00e7\u00e3o da Copasa.<\/p>\n\n\n\n<p>A privatiza\u00e7\u00e3o da Copasa, bem como da Gasmig e da Cemig, j\u00e1 integrava a pauta do governo Zema desde o primeiro mandato, mas ganhou novo f\u00f4lego com a cria\u00e7\u00e3o do Programa de Pleno Pagamento de D\u00edvidas dos Estados (Propag). Com o projeto permitindo a privatiza\u00e7\u00e3o e federaliza\u00e7\u00e3o de ativos como forma de pagar a d\u00edvida com a Uni\u00e3o, v\u00e1rios projetos da pauta privatista do Executivo andaram na Assembleia ap\u00f3s anos parados, incluindo os im\u00f3veis do estado.<\/p>\n\n\n\n<p>O Propag prev\u00ea que estados refinanciem em 30 anos a d\u00edvida com a Uni\u00e3o e estabelece mecanismos para reduzir os juros cobrados sobre as parcelas. O projeto do Executivo Estadual \u00e9 ingressar no programa abatendo 20% do estoque devido. Para obter o valor necess\u00e1rio na amortiza\u00e7\u00e3o da d\u00edvida, o Executivo enviou projetos para federalizar ou privatizar estatais \u00e0 Assembleia.<\/p>\n\n\n\n<p>Hoje os juros s\u00e3o indexados pelo \u00cdndice Nacional de Pre\u00e7os ao Consumidor Amplo (IPCA) mais 4% ao ano. Se o estado conseguir amortizar 20% do estoque da d\u00edvida, dois pontos percentuais da cobran\u00e7a adicional s\u00e3o abatidos.<\/p>\n\n\n\n<p>Outro ponto percentual pode ser abatido com o compromisso de que a economia obtida com essa redu\u00e7\u00e3o de juros seja reinvestida no estado. O uso do valor que n\u00e3o ser\u00e1 pago em forma de d\u00edvida deve, portanto, ser aplicado em a\u00e7\u00f5es de seguran\u00e7a p\u00fablica, ensino profissionalizante, infraestrutura e outras \u00e1reas nevr\u00e1lgicas da estrutura do estado. A venda da Copasa foi defendida como forma de obter recursos para fazer tais investimentos no primeiro ano de ades\u00e3o ao Propag.<\/p>\n","protected":false},"excerpt":{"rendered":"<p>Companhia de saneamento ser\u00e1 privatizada por modelo de oferta secund\u00e1ria e recursos ser\u00e3o empregados no pagamento da d\u00edvida de Minas com a Uni\u00e3o Em comunicado dirigido aos acionistas e ao mercado na quarta-feira (28), o Governo de Minas determinou que\u00a0Copasa ser\u00e1 privatizada por meio de oferta secund\u00e1ria de a\u00e7\u00f5es e que os recursos obtidos com [&hellip;]<\/p>\n","protected":false},"author":5,"featured_media":169119,"comment_status":"closed","ping_status":"open","sticky":false,"template":"","format":"standard","meta":{"advgb_blocks_editor_width":"","advgb_blocks_columns_visual_guide":"","_exactmetrics_skip_tracking":false,"_exactmetrics_sitenote_active":false,"_exactmetrics_sitenote_note":"","_exactmetrics_sitenote_category":0,"footnotes":""},"categories":[7,2],"tags":[],"class_list":["post-169118","post","type-post","status-publish","format-standard","has-post-thumbnail","hentry","category-destaques","category-noticias"],"better_featured_image":{"id":169119,"alt_text":"","caption":"","description":"","media_type":"image","media_details":{"width":1000,"height":563,"file":"2026\/01\/download-2-2.webp","filesize":86504,"sizes":{"medium":{"file":"download-2-2-470x265.webp","width":470,"height":265,"mime-type":"image\/webp","filesize":25870,"source_url":"https:\/\/lavras.tv\/site\/wp-content\/uploads\/2026\/01\/download-2-2-470x265.webp"},"large":{"file":"download-2-2-970x546.webp","width":970,"height":546,"mime-type":"image\/webp","filesize":59042,"source_url":"https:\/\/lavras.tv\/site\/wp-content\/uploads\/2026\/01\/download-2-2-970x546.webp"},"thumbnail":{"file":"download-2-2-170x96.webp","width":170,"height":96,"mime-type":"image\/webp","filesize":6002,"source_url":"https:\/\/lavras.tv\/site\/wp-content\/uploads\/2026\/01\/download-2-2-170x96.webp"},"alm-thumbnail":{"file":"download-2-2-150x150.webp","width":150,"height":150,"mime-type":"image\/webp","filesize":5688,"source_url":"https:\/\/lavras.tv\/site\/wp-content\/uploads\/2026\/01\/download-2-2-150x150.webp"},"sow-carousel-default":{"file":"download-2-2-272x182.webp","width":272,"height":182,"mime-type":"image\/webp","filesize":11998,"source_url":"https:\/\/lavras.tv\/site\/wp-content\/uploads\/2026\/01\/download-2-2-272x182.webp"}},"image_meta":{"aperture":"0","credit":"","camera":"","caption":"","created_timestamp":"0","copyright":"","focal_length":"0","iso":"0","shutter_speed":"0","title":"","orientation":"0","keywords":[]}},"post":169118,"source_url":"https:\/\/lavras.tv\/site\/wp-content\/uploads\/2026\/01\/download-2-2.webp"},"author_meta":{"display_name":"Vinicius Bustamante","author_link":"https:\/\/lavras.tv\/site\/author\/vinicius-bustamante\/"},"featured_img":"https:\/\/lavras.tv\/site\/wp-content\/uploads\/2026\/01\/download-2-2-470x265.webp","coauthors":[],"tax_additional":{"categories":{"linked":["<a href=\"https:\/\/lavras.tv\/site\/category\/destaques\/\" class=\"advgb-post-tax-term\">Destaques<\/a>","<a href=\"https:\/\/lavras.tv\/site\/category\/noticias\/\" class=\"advgb-post-tax-term\">Not\u00edcias<\/a>"],"unlinked":["<span class=\"advgb-post-tax-term\">Destaques<\/span>","<span class=\"advgb-post-tax-term\">Not\u00edcias<\/span>"]}},"comment_count":"0","relative_dates":{"created":"Publicado 3 meses atr\u00e1s","modified":"Atualizado 3 meses atr\u00e1s"},"absolute_dates":{"created":"Publicado em 29 de janeiro de 2026","modified":"Atualizado em 29 de janeiro de 2026"},"absolute_dates_time":{"created":"Publicado em 29 de janeiro de 2026 17:22","modified":"Atualizado em 29 de janeiro de 2026 17:22"},"featured_img_caption":"","series_order":"","_links":{"self":[{"href":"https:\/\/lavras.tv\/site\/wp-json\/wp\/v2\/posts\/169118","targetHints":{"allow":["GET"]}}],"collection":[{"href":"https:\/\/lavras.tv\/site\/wp-json\/wp\/v2\/posts"}],"about":[{"href":"https:\/\/lavras.tv\/site\/wp-json\/wp\/v2\/types\/post"}],"author":[{"embeddable":true,"href":"https:\/\/lavras.tv\/site\/wp-json\/wp\/v2\/users\/5"}],"replies":[{"embeddable":true,"href":"https:\/\/lavras.tv\/site\/wp-json\/wp\/v2\/comments?post=169118"}],"version-history":[{"count":1,"href":"https:\/\/lavras.tv\/site\/wp-json\/wp\/v2\/posts\/169118\/revisions"}],"predecessor-version":[{"id":169120,"href":"https:\/\/lavras.tv\/site\/wp-json\/wp\/v2\/posts\/169118\/revisions\/169120"}],"wp:featuredmedia":[{"embeddable":true,"href":"https:\/\/lavras.tv\/site\/wp-json\/wp\/v2\/media\/169119"}],"wp:attachment":[{"href":"https:\/\/lavras.tv\/site\/wp-json\/wp\/v2\/media?parent=169118"}],"wp:term":[{"taxonomy":"category","embeddable":true,"href":"https:\/\/lavras.tv\/site\/wp-json\/wp\/v2\/categories?post=169118"},{"taxonomy":"post_tag","embeddable":true,"href":"https:\/\/lavras.tv\/site\/wp-json\/wp\/v2\/tags?post=169118"}],"curies":[{"name":"wp","href":"https:\/\/api.w.org\/{rel}","templated":true}]}}