{"id":169121,"date":"2026-01-29T17:31:38","date_gmt":"2026-01-29T20:31:38","guid":{"rendered":"https:\/\/lavras.tv\/site\/?p=169121"},"modified":"2026-01-29T17:31:40","modified_gmt":"2026-01-29T20:31:40","slug":"carreta-e-destombada-apos-quase-15-horas-na-avenida-amazonas-em-bh","status":"publish","type":"post","link":"https:\/\/lavras.tv\/site\/2026\/01\/29\/carreta-e-destombada-apos-quase-15-horas-na-avenida-amazonas-em-bh\/","title":{"rendered":"Carreta \u00e9 destombada ap\u00f3s quase 15 horas na Avenida Amazonas, em BH"},"content":{"rendered":"<div class=\"lavra-antes-do-conteudo_2\" id=\"lavra-757069660\"><div id=\"lavra-slider-27\" class=\"custom-slider lavra-slider-3825103222 lavra-slider\"><ul><li><div style=\"margin-left: auto;margin-right: auto;text-align: center;\" id=\"lavra-3246184992\"><a href=\"https:\/\/sistemas.lavras.mg.gov.br\/portalcidadao\/#df1b1a7c7b2a290bcb31e32771e610784662739a88807c0dacac58ede5f391a7530e299dc302d611ee73cb143fc22eaf93592e53e7b5bdb01b00a0b8d28dae460c141dd2ff83412e4dc1c31b16b25f33144a9e5620ea73b13f5bc1c59411d98439ad226e8af03840603796067d87afe130812cf3de24982d0e306f9e61e764e5\" aria-label=\"Lavras-TV&#8211;720x104px (1) (1)\"><img src=\"https:\/\/lavras.tv\/site\/wp-content\/uploads\/2025\/01\/Lavras-TV-720x104px-1-1.png\" alt=\"\"  srcset=\"https:\/\/lavras.tv\/site\/wp-content\/uploads\/2025\/01\/Lavras-TV-720x104px-1-1.png 720w, https:\/\/lavras.tv\/site\/wp-content\/uploads\/2025\/01\/Lavras-TV-720x104px-1-1-470x68.png 470w, https:\/\/lavras.tv\/site\/wp-content\/uploads\/2025\/01\/Lavras-TV-720x104px-1-1-170x25.png 170w, https:\/\/lavras.tv\/site\/wp-content\/uploads\/2025\/01\/Lavras-TV-720x104px-1-1-200x29.png 200w\" sizes=\"(max-width: 720px) 100vw, 720px\" width=\"720\" height=\"104\"  style=\"display: inline-block;\" \/><\/a><\/div><\/li><li><a href=\"https:\/\/sistemas.lavras.mg.gov.br\/portalcidadao\/#df1b1a7c7b2a290bcb31e32771e610784662739a88807c0dacac58ede5f391a7530e299dc302d611ee73cb143fc22eaf93592e53e7b5bdb01b00a0b8d28dae460c141dd2ff83412e4dc1c31b16b25f33144a9e5620ea73b13f5bc1c59411d98439ad226e8af03840603796067d87afe130812cf3de24982d0e306f9e61e764e5\" aria-label=\"Banner_Emprego_PortallavrasTV\"><img src=\"https:\/\/lavras.tv\/site\/wp-content\/uploads\/2025\/03\/Banner_Emprego_PortallavrasTV.png\" alt=\"\"  srcset=\"https:\/\/lavras.tv\/site\/wp-content\/uploads\/2025\/03\/Banner_Emprego_PortallavrasTV.png 720w, https:\/\/lavras.tv\/site\/wp-content\/uploads\/2025\/03\/Banner_Emprego_PortallavrasTV-470x68.png 470w, https:\/\/lavras.tv\/site\/wp-content\/uploads\/2025\/03\/Banner_Emprego_PortallavrasTV-170x25.png 170w, https:\/\/lavras.tv\/site\/wp-content\/uploads\/2025\/03\/Banner_Emprego_PortallavrasTV-200x29.png 200w\" sizes=\"(max-width: 720px) 100vw, 720px\" width=\"720\" height=\"104\"   \/><\/a><\/li><li><a href=\"https:\/\/sistemas.lavras.mg.gov.br\/portalcidadao\/#df1b1a7c7b2a290bcb31e32771e610784662739a88807c0dacac58ede5f391a7530e299dc302d611ee73cb143fc22eaf93592e53e7b5bdb01b00a0b8d28dae460c141dd2ff83412e4dc1c31b16b25f33144a9e5620ea73b13f5bc1c59411d98439ad226e8af03840603796067d87afe130812cf3de24982d0e306f9e61e764e5\" aria-label=\"Banner_Obras_PortallavrasTV\"><img src=\"https:\/\/lavras.tv\/site\/wp-content\/uploads\/2025\/03\/Banner_Obras_PortallavrasTV.png\" alt=\"\"  srcset=\"https:\/\/lavras.tv\/site\/wp-content\/uploads\/2025\/03\/Banner_Obras_PortallavrasTV.png 720w, https:\/\/lavras.tv\/site\/wp-content\/uploads\/2025\/03\/Banner_Obras_PortallavrasTV-470x68.png 470w, https:\/\/lavras.tv\/site\/wp-content\/uploads\/2025\/03\/Banner_Obras_PortallavrasTV-170x25.png 170w, https:\/\/lavras.tv\/site\/wp-content\/uploads\/2025\/03\/Banner_Obras_PortallavrasTV-200x29.png 200w\" sizes=\"(max-width: 720px) 100vw, 720px\" width=\"720\" height=\"104\"   \/><\/a><\/li><li><div style=\"margin-left: auto;margin-right: auto;text-align: center;\" id=\"lavra-2726466606\"><a href=\"https:\/\/sistemas.lavras.mg.gov.br\/portalcidadao\/#df1b1a7c7b2a290bcb31e32771e610784662739a88807c0dacac58ede5f391a7530e299dc302d611ee73cb143fc22eaf93592e53e7b5bdb01b00a0b8d28dae460c141dd2ff83412e4dc1c31b16b25f33144a9e5620ea73b13f5bc1c59411d98439ad226e8af03840603796067d87afe130812cf3de24982d0e306f9e61e764e5\" aria-label=\"Banner_Educa\u00e7\u00e3o_PortallavrasTV\"><img src=\"https:\/\/lavras.tv\/site\/wp-content\/uploads\/2025\/01\/Banner_Educacao_PortallavrasTV.png\" alt=\"\"  srcset=\"https:\/\/lavras.tv\/site\/wp-content\/uploads\/2025\/01\/Banner_Educacao_PortallavrasTV.png 720w, https:\/\/lavras.tv\/site\/wp-content\/uploads\/2025\/01\/Banner_Educacao_PortallavrasTV-470x68.png 470w, https:\/\/lavras.tv\/site\/wp-content\/uploads\/2025\/01\/Banner_Educacao_PortallavrasTV-170x25.png 170w, https:\/\/lavras.tv\/site\/wp-content\/uploads\/2025\/01\/Banner_Educacao_PortallavrasTV-200x29.png 200w\" sizes=\"(max-width: 720px) 100vw, 720px\" width=\"720\" height=\"104\"  style=\"display: inline-block;\" \/><\/a><\/div><\/li><li><a href=\"https:\/\/sistemas.lavras.mg.gov.br\/portalcidadao\/#df1b1a7c7b2a290bcb31e32771e610784662739a88807c0dacac58ede5f391a7530e299dc302d611ee73cb143fc22eaf93592e53e7b5bdb01b00a0b8d28dae460c141dd2ff83412e4dc1c31b16b25f33144a9e5620ea73b13f5bc1c59411d98439ad226e8af03840603796067d87afe130812cf3de24982d0e306f9e61e764e5\" aria-label=\"Banner_Sa\u00fade_PortallavrasTV\"><img src=\"https:\/\/lavras.tv\/site\/wp-content\/uploads\/2025\/03\/Banner_Saude_PortallavrasTV.png\" alt=\"\"  srcset=\"https:\/\/lavras.tv\/site\/wp-content\/uploads\/2025\/03\/Banner_Saude_PortallavrasTV.png 720w, https:\/\/lavras.tv\/site\/wp-content\/uploads\/2025\/03\/Banner_Saude_PortallavrasTV-470x68.png 470w, https:\/\/lavras.tv\/site\/wp-content\/uploads\/2025\/03\/Banner_Saude_PortallavrasTV-170x25.png 170w, https:\/\/lavras.tv\/site\/wp-content\/uploads\/2025\/03\/Banner_Saude_PortallavrasTV-200x29.png 200w\" sizes=\"(max-width: 720px) 100vw, 720px\" width=\"720\" height=\"104\"   \/><\/a><\/li><li><div id=\"lavra-594939734\" style=\"width:720px;height:104px;background-color:#ddd;overflow:scroll;\">\n\t<strong>Sa\u00edda da depura\u00e7\u00e3o de an\u00fancios<\/strong>\n\t<br><br>\n\tO an\u00fancio n\u00e3o \u00e9 exibido na p\u00e1gina<br><br>post atual: Carreta \u00e9 destombada ap\u00f3s quase 15 horas na Avenida Amazonas, em BH, ID: 169121<br><br><span style=\"color: red;\">O post atual n\u00e3o \u00e9 id\u00eantico ao post principal.<\/span><br><br>An\u00fancios: ROXO - TOPO INTERNA - ROTATIVO 2 (197)<br \/>Grupo de an\u00fancios: Princ_Meio01_720x104 (27)<br><br>Condi\u00e7\u00f5es de exibi\u00e7\u00e3o<div style=\"margin-bottom: 20px; white-space: pre-wrap; font-family: monospace; width: 100%; background: #ffe9e9;\"><strong>condi\u00e7\u00f5es gerais<\/strong><table border=\"1\"><thead><tr><th><\/th><th>An\u00fancios<\/th><th>wp_the_query<\/th><\/tr><\/thead><tr><td>is_main_query<\/td><td>1<\/td><td>1<\/td><\/tr><tr><td>is_rest_api<\/td><td>0<\/td><td>1<\/td><\/tr><tr><td>page<\/td><td>0<\/td><td>1<\/td><\/tr><tr><td>numpages<\/td><td>0<\/td><td>1<\/td><\/tr><tr><td>is_archive<\/td><td>1<\/td><td><\/td><\/tr><tr><td>is_search<\/td><td>1<\/td><td><\/td><\/tr><tr><td>is_home<\/td><td>1<\/td><td><\/td><\/tr><tr><td>is_404<\/td><td>1<\/td><td><\/td><\/tr><tr><td>is_attachment<\/td><td>1<\/td><td><\/td><\/tr><tr><td>is_singular<\/td><td>1<\/td><td><\/td><\/tr><tr><td>is_front_page<\/td><td>1<\/td><td><\/td><\/tr><tr><td>is_feed<\/td><td>1<\/td><td><\/td><\/tr><\/table><\/div><br><br><span style=\"color: red;\">Seu site usa HTTPS, mas o c\u00f3digo do an\u00fancio cont\u00e9m HTTP e pode n\u00e3o funcionar.<\/span>\t<br><br>\n\t<a style=\"color: green;\" href=\"https:\/\/wpadvancedads.com\/manual\/ad-debug-mode\/?utm_source=advanced-ads&utm_medium=link&utm_campaign=ad-debug-mode\" target=\"_blank\" rel=\"nofollow\">Encontre solu\u00e7\u00f5es no manual<\/a>\n<\/div>\n<\/li><\/ul><\/div><script>( window.advanced_ads_ready || jQuery( document ).ready ).call( null, function() {var $lavraslider3825103222 = jQuery( \".lavra-slider-3825103222\" );$lavraslider3825103222.on( \"unslider.ready\", function() { jQuery( \"div.custom-slider ul li\" ).css( \"display\", \"block\" ); });$lavraslider3825103222.unslider({ delay:4000, autoplay:true, nav:false, arrows:false, infinite:true });$lavraslider3825103222.on(\"mouseover\", function() {$lavraslider3825103222.unslider(\"stop\");}).on(\"mouseout\", function() {$lavraslider3825103222.unslider(\"start\");});});<\/script><\/div>\n<h2 class=\"wp-block-heading\">Ve\u00edculo tombou na noite de quarta-feira (28) e mobilizou equipes da PM e da BHTrans; acidente aconteceu na sa\u00edda da Rua Maranguape<\/h2>\n\n\n\n<figure class=\"wp-block-image\"><img decoding=\"async\" src=\"https:\/\/medias.itatiaia.com.br\/dims4\/default\/820c3a0\/2147483647\/strip\/true\/crop\/628x354+0+2\/resize\/1000x563!\/quality\/90\/?url=https%3A%2F%2Fk2-prod-radio-itatiaia.s3.us-east-1.amazonaws.com%2Fbrightspot%2F3e%2Fa0%2F8fdc831a40ed990309e3087ab236%2Fdestomba.jpg\" alt=\"Ap\u00f3s longa interdi\u00e7\u00e3o, carreta \u00e9 destombada na Avenida Amazonas\"\/><\/figure>\n\n\n\n<p>Ap\u00f3s quase 15 horas de interdi\u00e7\u00e3o, a carreta que havia tombado na Avenida Amazonas, no bairro Prado, na Regi\u00e3o Oeste de Belo Horizonte, foi destombada por volta das 8h22 desta quinta-feira (29).<\/p>\n\n\n\n<figure class=\"wp-block-embed is-type-rich is-provider-twitter wp-block-embed-twitter\"><div class=\"wp-block-embed__wrapper\">\n<blockquote class=\"twitter-tweet\" data-width=\"500\" data-dnt=\"true\"><p lang=\"pt\" dir=\"ltr\">\ud83d\udcf9Oswaldo Diniz\/ Itatiaia <a href=\"https:\/\/t.co\/gxs1xNAxO4\">pic.twitter.com\/gxs1xNAxO4<\/a><\/p>&mdash; Itatiaia (@itatiaia) <a href=\"https:\/\/twitter.com\/itatiaia\/status\/2016846609082908874?ref_src=twsrc%5Etfw\">January 29, 2026<\/a><\/blockquote><script async src=\"https:\/\/platform.twitter.com\/widgets.js\" charset=\"utf-8\"><\/script>\n<\/div><\/figure>\n\n\n\n<p>O motorista, de 45 anos, disse que um buraco na pista pode ter provocado o acidente ao\u00a0<a href=\"https:\/\/www.itatiaia.com.br\/brasil\/sudeste\/mg\/carreta-na-av-amazonas-motorista-diz-que-seguia-gps-e-nao-conhecia-o-trecho-proibido\" target=\"_blank\" rel=\"noreferrer noopener\"><strong>tentar fazer a curva na sa\u00edda da Rua Maranguape<\/strong><\/a>. \u201cVim de S\u00e3o Paulo. O GPS mandou entrar no bairro aqui. A\u00ed tive que descer e pegar a Avenida Amazonas para ir para Contagem (Grande BH). Chegando aqui, por causa de um buraco, a carga estava um pouco alta, puxou e tombou\u201d, relatou o condutor.<\/p>\n\n\n\n<p>O motorista, que tem 25 anos de profiss\u00e3o, seguia para entregar cerca de&nbsp;<a href=\"https:\/\/www.itatiaia.com.br\/brasil\/sudeste\/mg\/carreta-na-av-amazonas-motorista-diz-que-seguia-gps-e-nao-conhecia-o-trecho-proibido\" target=\"_blank\" rel=\"noreferrer noopener\"><strong>20 toneladas de MDF em \u00c1gua Branca<\/strong><\/a>&nbsp;e afirmou que era a primeira vez que passava pelo local. \u201cN\u00e3o tinha placa, n\u00e3o vi nada\u201d, disse.<\/p>\n\n\n\n<p>Segundo ele, a situa\u00e7\u00e3o j\u00e1 estava parcialmente resolvida ainda pela manh\u00e3. \u201cAgora \u00e9 s\u00f3 destombar o ve\u00edculo, consertar e voltar a trabalhar\u201d, afirmou.<br><\/p>\n\n\n\n<p><strong>Veja o momento do tombamento<\/strong><\/p>\n\n\n\n<figure class=\"wp-block-embed is-type-rich is-provider-twitter wp-block-embed-twitter\"><div class=\"wp-block-embed__wrapper\">\n<blockquote class=\"twitter-tweet\" data-width=\"500\" data-dnt=\"true\"><p lang=\"pt\" dir=\"ltr\">Veja momento em que carreta tomba em importante avenida de Belo Horizonte<br><br>\ud83d\udcf2 Leia mais em <a href=\"https:\/\/t.co\/ze8WN7tHaV\">https:\/\/t.co\/ze8WN7tHaV<\/a><br>\ud83d\udcf9Imagens cedidas \u00e0 Itatiaia<br>\ud83d\udcddLarissa Ricci <a href=\"https:\/\/twitter.com\/hashtag\/carreta?src=hash&amp;ref_src=twsrc%5Etfw\">#carreta<\/a> <a href=\"https:\/\/twitter.com\/hashtag\/tombamento?src=hash&amp;ref_src=twsrc%5Etfw\">#tombamento<\/a> <a href=\"https:\/\/twitter.com\/hashtag\/avenidamazonas?src=hash&amp;ref_src=twsrc%5Etfw\">#avenidamazonas<\/a> <a href=\"https:\/\/twitter.com\/hashtag\/belohorizonte?src=hash&amp;ref_src=twsrc%5Etfw\">#belohorizonte<\/a> <a href=\"https:\/\/t.co\/LhCMpx1Sx4\">pic.twitter.com\/LhCMpx1Sx4<\/a><\/p>&mdash; Itatiaia (@itatiaia) <a href=\"https:\/\/twitter.com\/itatiaia\/status\/2016838001310024154?ref_src=twsrc%5Etfw\">January 29, 2026<\/a><\/blockquote><script async src=\"https:\/\/platform.twitter.com\/widgets.js\" charset=\"utf-8\"><\/script>\n<\/div><\/figure>\n\n\n\n<p><br>Antes do destombamento, equipes realizam o transbordo da carga para outro ve\u00edculo, etapa necess\u00e1ria para a retirada da carreta da pista. A Pol\u00edcia Militar (PM) e a BHTrans estiveram no local durante a ocorr\u00eancia.<\/p>\n\n\n\n<h2 class=\"wp-block-heading\">Desvios<\/h2>\n\n\n\n<p>Durante a interdi\u00e7\u00e3o, os motoristas foram orientados a desviar pelas ruas Turfa e Brumadinho, no bairro Prado, retornando \u00e0 Avenida Amazonas ap\u00f3s o ponto de bloqueio.<\/p>\n","protected":false},"excerpt":{"rendered":"<p>Ve\u00edculo tombou na noite de quarta-feira (28) e mobilizou equipes da PM e da BHTrans; acidente aconteceu na sa\u00edda da Rua Maranguape Ap\u00f3s quase 15 horas de interdi\u00e7\u00e3o, a carreta que havia tombado na Avenida Amazonas, no bairro Prado, na Regi\u00e3o Oeste de Belo Horizonte, foi destombada por volta das 8h22 desta quinta-feira (29). O [&hellip;]<\/p>\n","protected":false},"author":5,"featured_media":169122,"comment_status":"closed","ping_status":"open","sticky":false,"template":"","format":"standard","meta":{"advgb_blocks_editor_width":"","advgb_blocks_columns_visual_guide":"","_exactmetrics_skip_tracking":false,"_exactmetrics_sitenote_active":false,"_exactmetrics_sitenote_note":"","_exactmetrics_sitenote_category":0,"footnotes":""},"categories":[7,2],"tags":[],"class_list":["post-169121","post","type-post","status-publish","format-standard","has-post-thumbnail","hentry","category-destaques","category-noticias"],"better_featured_image":{"id":169122,"alt_text":"","caption":"","description":"","media_type":"image","media_details":{"width":1000,"height":563,"file":"2026\/01\/download-10.webp","filesize":112764,"sizes":{"medium":{"file":"download-10-470x265.webp","width":470,"height":265,"mime-type":"image\/webp","filesize":25650,"source_url":"https:\/\/lavras.tv\/site\/wp-content\/uploads\/2026\/01\/download-10-470x265.webp"},"large":{"file":"download-10-970x546.webp","width":970,"height":546,"mime-type":"image\/webp","filesize":70180,"source_url":"https:\/\/lavras.tv\/site\/wp-content\/uploads\/2026\/01\/download-10-970x546.webp"},"thumbnail":{"file":"download-10-170x96.webp","width":170,"height":96,"mime-type":"image\/webp","filesize":5166,"source_url":"https:\/\/lavras.tv\/site\/wp-content\/uploads\/2026\/01\/download-10-170x96.webp"},"alm-thumbnail":{"file":"download-10-150x150.webp","width":150,"height":150,"mime-type":"image\/webp","filesize":6044,"source_url":"https:\/\/lavras.tv\/site\/wp-content\/uploads\/2026\/01\/download-10-150x150.webp"},"sow-carousel-default":{"file":"download-10-272x182.webp","width":272,"height":182,"mime-type":"image\/webp","filesize":12086,"source_url":"https:\/\/lavras.tv\/site\/wp-content\/uploads\/2026\/01\/download-10-272x182.webp"}},"image_meta":{"aperture":"0","credit":"","camera":"","caption":"","created_timestamp":"0","copyright":"","focal_length":"0","iso":"0","shutter_speed":"0","title":"","orientation":"0","keywords":[]}},"post":169121,"source_url":"https:\/\/lavras.tv\/site\/wp-content\/uploads\/2026\/01\/download-10.webp"},"author_meta":{"display_name":"Vinicius Bustamante","author_link":"https:\/\/lavras.tv\/site\/author\/vinicius-bustamante\/"},"featured_img":"https:\/\/lavras.tv\/site\/wp-content\/uploads\/2026\/01\/download-10-470x265.webp","coauthors":[],"tax_additional":{"categories":{"linked":["<a href=\"https:\/\/lavras.tv\/site\/category\/destaques\/\" class=\"advgb-post-tax-term\">Destaques<\/a>","<a href=\"https:\/\/lavras.tv\/site\/category\/noticias\/\" class=\"advgb-post-tax-term\">Not\u00edcias<\/a>"],"unlinked":["<span class=\"advgb-post-tax-term\">Destaques<\/span>","<span class=\"advgb-post-tax-term\">Not\u00edcias<\/span>"]}},"comment_count":"0","relative_dates":{"created":"Publicado 3 meses atr\u00e1s","modified":"Atualizado 3 meses atr\u00e1s"},"absolute_dates":{"created":"Publicado em 29 de janeiro de 2026","modified":"Atualizado em 29 de janeiro de 2026"},"absolute_dates_time":{"created":"Publicado em 29 de janeiro de 2026 17:31","modified":"Atualizado em 29 de janeiro de 2026 17:31"},"featured_img_caption":"","series_order":"","_links":{"self":[{"href":"https:\/\/lavras.tv\/site\/wp-json\/wp\/v2\/posts\/169121","targetHints":{"allow":["GET"]}}],"collection":[{"href":"https:\/\/lavras.tv\/site\/wp-json\/wp\/v2\/posts"}],"about":[{"href":"https:\/\/lavras.tv\/site\/wp-json\/wp\/v2\/types\/post"}],"author":[{"embeddable":true,"href":"https:\/\/lavras.tv\/site\/wp-json\/wp\/v2\/users\/5"}],"replies":[{"embeddable":true,"href":"https:\/\/lavras.tv\/site\/wp-json\/wp\/v2\/comments?post=169121"}],"version-history":[{"count":1,"href":"https:\/\/lavras.tv\/site\/wp-json\/wp\/v2\/posts\/169121\/revisions"}],"predecessor-version":[{"id":169125,"href":"https:\/\/lavras.tv\/site\/wp-json\/wp\/v2\/posts\/169121\/revisions\/169125"}],"wp:featuredmedia":[{"embeddable":true,"href":"https:\/\/lavras.tv\/site\/wp-json\/wp\/v2\/media\/169122"}],"wp:attachment":[{"href":"https:\/\/lavras.tv\/site\/wp-json\/wp\/v2\/media?parent=169121"}],"wp:term":[{"taxonomy":"category","embeddable":true,"href":"https:\/\/lavras.tv\/site\/wp-json\/wp\/v2\/categories?post=169121"},{"taxonomy":"post_tag","embeddable":true,"href":"https:\/\/lavras.tv\/site\/wp-json\/wp\/v2\/tags?post=169121"}],"curies":[{"name":"wp","href":"https:\/\/api.w.org\/{rel}","templated":true}]}}