{"id":169126,"date":"2026-01-29T17:39:48","date_gmt":"2026-01-29T20:39:48","guid":{"rendered":"https:\/\/lavras.tv\/site\/?p=169126"},"modified":"2026-01-29T17:39:49","modified_gmt":"2026-01-29T20:39:49","slug":"mostra-de-tiradentes-cria-25-mil-postos-de-trabalho-e-movimenta-renda-em-cidade-do-interior","status":"publish","type":"post","link":"https:\/\/lavras.tv\/site\/2026\/01\/29\/mostra-de-tiradentes-cria-25-mil-postos-de-trabalho-e-movimenta-renda-em-cidade-do-interior\/","title":{"rendered":"Mostra de Tiradentes cria 2,5 mil postos de trabalho e movimenta renda em cidade do interior"},"content":{"rendered":"<div class=\"lavra-antes-do-conteudo_2\" id=\"lavra-515597836\"><div id=\"lavra-slider-27\" class=\"custom-slider lavra-slider-1290333296 lavra-slider\"><ul><li><div style=\"margin-left: auto;margin-right: auto;text-align: center;\" id=\"lavra-674270885\"><a href=\"https:\/\/sistemas.lavras.mg.gov.br\/portalcidadao\/#df1b1a7c7b2a290bcb31e32771e610784662739a88807c0dacac58ede5f391a7530e299dc302d611ee73cb143fc22eaf93592e53e7b5bdb01b00a0b8d28dae460c141dd2ff83412e4dc1c31b16b25f33144a9e5620ea73b13f5bc1c59411d98439ad226e8af03840603796067d87afe130812cf3de24982d0e306f9e61e764e5\" aria-label=\"Lavras-TV&#8211;720x104px (1) (1)\"><img src=\"https:\/\/lavras.tv\/site\/wp-content\/uploads\/2025\/01\/Lavras-TV-720x104px-1-1.png\" alt=\"\"  srcset=\"https:\/\/lavras.tv\/site\/wp-content\/uploads\/2025\/01\/Lavras-TV-720x104px-1-1.png 720w, https:\/\/lavras.tv\/site\/wp-content\/uploads\/2025\/01\/Lavras-TV-720x104px-1-1-470x68.png 470w, https:\/\/lavras.tv\/site\/wp-content\/uploads\/2025\/01\/Lavras-TV-720x104px-1-1-170x25.png 170w, https:\/\/lavras.tv\/site\/wp-content\/uploads\/2025\/01\/Lavras-TV-720x104px-1-1-200x29.png 200w\" sizes=\"(max-width: 720px) 100vw, 720px\" width=\"720\" height=\"104\"  style=\"display: inline-block;\" \/><\/a><\/div><\/li><li><a href=\"https:\/\/sistemas.lavras.mg.gov.br\/portalcidadao\/#df1b1a7c7b2a290bcb31e32771e610784662739a88807c0dacac58ede5f391a7530e299dc302d611ee73cb143fc22eaf93592e53e7b5bdb01b00a0b8d28dae460c141dd2ff83412e4dc1c31b16b25f33144a9e5620ea73b13f5bc1c59411d98439ad226e8af03840603796067d87afe130812cf3de24982d0e306f9e61e764e5\" aria-label=\"Banner_Emprego_PortallavrasTV\"><img src=\"https:\/\/lavras.tv\/site\/wp-content\/uploads\/2025\/03\/Banner_Emprego_PortallavrasTV.png\" alt=\"\"  srcset=\"https:\/\/lavras.tv\/site\/wp-content\/uploads\/2025\/03\/Banner_Emprego_PortallavrasTV.png 720w, https:\/\/lavras.tv\/site\/wp-content\/uploads\/2025\/03\/Banner_Emprego_PortallavrasTV-470x68.png 470w, https:\/\/lavras.tv\/site\/wp-content\/uploads\/2025\/03\/Banner_Emprego_PortallavrasTV-170x25.png 170w, https:\/\/lavras.tv\/site\/wp-content\/uploads\/2025\/03\/Banner_Emprego_PortallavrasTV-200x29.png 200w\" sizes=\"(max-width: 720px) 100vw, 720px\" width=\"720\" height=\"104\"   \/><\/a><\/li><li><a href=\"https:\/\/sistemas.lavras.mg.gov.br\/portalcidadao\/#df1b1a7c7b2a290bcb31e32771e610784662739a88807c0dacac58ede5f391a7530e299dc302d611ee73cb143fc22eaf93592e53e7b5bdb01b00a0b8d28dae460c141dd2ff83412e4dc1c31b16b25f33144a9e5620ea73b13f5bc1c59411d98439ad226e8af03840603796067d87afe130812cf3de24982d0e306f9e61e764e5\" aria-label=\"Banner_Obras_PortallavrasTV\"><img src=\"https:\/\/lavras.tv\/site\/wp-content\/uploads\/2025\/03\/Banner_Obras_PortallavrasTV.png\" alt=\"\"  srcset=\"https:\/\/lavras.tv\/site\/wp-content\/uploads\/2025\/03\/Banner_Obras_PortallavrasTV.png 720w, https:\/\/lavras.tv\/site\/wp-content\/uploads\/2025\/03\/Banner_Obras_PortallavrasTV-470x68.png 470w, https:\/\/lavras.tv\/site\/wp-content\/uploads\/2025\/03\/Banner_Obras_PortallavrasTV-170x25.png 170w, https:\/\/lavras.tv\/site\/wp-content\/uploads\/2025\/03\/Banner_Obras_PortallavrasTV-200x29.png 200w\" sizes=\"(max-width: 720px) 100vw, 720px\" width=\"720\" height=\"104\"   \/><\/a><\/li><li><div style=\"margin-left: auto;margin-right: auto;text-align: center;\" id=\"lavra-830852837\"><a href=\"https:\/\/sistemas.lavras.mg.gov.br\/portalcidadao\/#df1b1a7c7b2a290bcb31e32771e610784662739a88807c0dacac58ede5f391a7530e299dc302d611ee73cb143fc22eaf93592e53e7b5bdb01b00a0b8d28dae460c141dd2ff83412e4dc1c31b16b25f33144a9e5620ea73b13f5bc1c59411d98439ad226e8af03840603796067d87afe130812cf3de24982d0e306f9e61e764e5\" aria-label=\"Banner_Educa\u00e7\u00e3o_PortallavrasTV\"><img src=\"https:\/\/lavras.tv\/site\/wp-content\/uploads\/2025\/01\/Banner_Educacao_PortallavrasTV.png\" alt=\"\"  srcset=\"https:\/\/lavras.tv\/site\/wp-content\/uploads\/2025\/01\/Banner_Educacao_PortallavrasTV.png 720w, https:\/\/lavras.tv\/site\/wp-content\/uploads\/2025\/01\/Banner_Educacao_PortallavrasTV-470x68.png 470w, https:\/\/lavras.tv\/site\/wp-content\/uploads\/2025\/01\/Banner_Educacao_PortallavrasTV-170x25.png 170w, https:\/\/lavras.tv\/site\/wp-content\/uploads\/2025\/01\/Banner_Educacao_PortallavrasTV-200x29.png 200w\" sizes=\"(max-width: 720px) 100vw, 720px\" width=\"720\" height=\"104\"  style=\"display: inline-block;\" \/><\/a><\/div><\/li><li><a href=\"https:\/\/sistemas.lavras.mg.gov.br\/portalcidadao\/#df1b1a7c7b2a290bcb31e32771e610784662739a88807c0dacac58ede5f391a7530e299dc302d611ee73cb143fc22eaf93592e53e7b5bdb01b00a0b8d28dae460c141dd2ff83412e4dc1c31b16b25f33144a9e5620ea73b13f5bc1c59411d98439ad226e8af03840603796067d87afe130812cf3de24982d0e306f9e61e764e5\" aria-label=\"Banner_Sa\u00fade_PortallavrasTV\"><img src=\"https:\/\/lavras.tv\/site\/wp-content\/uploads\/2025\/03\/Banner_Saude_PortallavrasTV.png\" alt=\"\"  srcset=\"https:\/\/lavras.tv\/site\/wp-content\/uploads\/2025\/03\/Banner_Saude_PortallavrasTV.png 720w, https:\/\/lavras.tv\/site\/wp-content\/uploads\/2025\/03\/Banner_Saude_PortallavrasTV-470x68.png 470w, https:\/\/lavras.tv\/site\/wp-content\/uploads\/2025\/03\/Banner_Saude_PortallavrasTV-170x25.png 170w, https:\/\/lavras.tv\/site\/wp-content\/uploads\/2025\/03\/Banner_Saude_PortallavrasTV-200x29.png 200w\" sizes=\"(max-width: 720px) 100vw, 720px\" width=\"720\" height=\"104\"   \/><\/a><\/li><li><div id=\"lavra-803167748\" style=\"width:720px;height:104px;background-color:#ddd;overflow:scroll;\">\n\t<strong>Sa\u00edda da depura\u00e7\u00e3o de an\u00fancios<\/strong>\n\t<br><br>\n\tO an\u00fancio n\u00e3o \u00e9 exibido na p\u00e1gina<br><br>post atual: Mostra de Tiradentes cria 2,5 mil postos de trabalho e movimenta renda em cidade do interior, ID: 169126<br><br><span style=\"color: red;\">O post atual n\u00e3o \u00e9 id\u00eantico ao post principal.<\/span><br><br>An\u00fancios: ROXO - TOPO INTERNA - ROTATIVO 2 (197)<br \/>Grupo de an\u00fancios: Princ_Meio01_720x104 (27)<br><br>Condi\u00e7\u00f5es de exibi\u00e7\u00e3o<div style=\"margin-bottom: 20px; white-space: pre-wrap; font-family: monospace; width: 100%; background: #ffe9e9;\"><strong>condi\u00e7\u00f5es gerais<\/strong><table border=\"1\"><thead><tr><th><\/th><th>An\u00fancios<\/th><th>wp_the_query<\/th><\/tr><\/thead><tr><td>is_main_query<\/td><td>1<\/td><td>1<\/td><\/tr><tr><td>is_rest_api<\/td><td>0<\/td><td>1<\/td><\/tr><tr><td>page<\/td><td>0<\/td><td>1<\/td><\/tr><tr><td>numpages<\/td><td>0<\/td><td>1<\/td><\/tr><tr><td>is_archive<\/td><td>1<\/td><td><\/td><\/tr><tr><td>is_search<\/td><td>1<\/td><td><\/td><\/tr><tr><td>is_home<\/td><td>1<\/td><td><\/td><\/tr><tr><td>is_404<\/td><td>1<\/td><td><\/td><\/tr><tr><td>is_attachment<\/td><td>1<\/td><td><\/td><\/tr><tr><td>is_singular<\/td><td>1<\/td><td><\/td><\/tr><tr><td>is_front_page<\/td><td>1<\/td><td><\/td><\/tr><tr><td>is_feed<\/td><td>1<\/td><td><\/td><\/tr><\/table><\/div><br><br><span style=\"color: red;\">Seu site usa HTTPS, mas o c\u00f3digo do an\u00fancio cont\u00e9m HTTP e pode n\u00e3o funcionar.<\/span>\t<br><br>\n\t<a style=\"color: green;\" href=\"https:\/\/wpadvancedads.com\/manual\/ad-debug-mode\/?utm_source=advanced-ads&utm_medium=link&utm_campaign=ad-debug-mode\" target=\"_blank\" rel=\"nofollow\">Encontre solu\u00e7\u00f5es no manual<\/a>\n<\/div>\n<\/li><\/ul><\/div><script>( window.advanced_ads_ready || jQuery( document ).ready ).call( null, function() {var $lavraslider1290333296 = jQuery( \".lavra-slider-1290333296\" );$lavraslider1290333296.on( \"unslider.ready\", function() { jQuery( \"div.custom-slider ul li\" ).css( \"display\", \"block\" ); });$lavraslider1290333296.unslider({ delay:4000, autoplay:true, nav:false, arrows:false, infinite:true });$lavraslider1290333296.on(\"mouseover\", function() {$lavraslider1290333296.unslider(\"stop\");}).on(\"mouseout\", function() {$lavraslider1290333296.unslider(\"start\");});});<\/script><\/div>\n<h2 class=\"wp-block-heading\">Karine Teles destaca o audiovisual como ind\u00fastria geradora de renda, e Raquel Hallak ressalta o impacto do festival no desenvolvimento tur\u00edstico do interior de Minas<\/h2>\n\n\n\n<p><img fetchpriority=\"high\" decoding=\"async\" alt=\"29\u00aa Mostra de Tiradentes exibe filmes na pra\u00e7a \" width=\"1000\" height=\"563\" src=\"https:\/\/medias.itatiaia.com.br\/dims4\/default\/149cd2a\/2147483647\/strip\/true\/crop\/964x543+48+0\/resize\/1000x563!\/quality\/90\/?url=https%3A%2F%2Fk2-prod-radio-itatiaia.s3.us-east-1.amazonaws.com%2Fbrightspot%2Ffa%2Fdc%2Fb03466db4122b1eab3e38ef6f21d%2Fcinema.jpg\"><\/p>\n\n\n\n<p>Leo Lara\/Universo Produ\u00e7\u00e3o<\/p>\n\n\n\n<p>29\u00aa Mostra de Tiradentes exibe filmes na pra\u00e7a central da cidade hist\u00f3rica<\/p>\n\n\n\n<p>H\u00e1 29 anos, no m\u00eas de Janeiro, a cidade hist\u00f3rica de Tiradentes, no Campo das Vertentes, localizada a pouco mais de 190 quil\u00f4metros de Belo Horizonte, recebe cineastas, produtores, atores, entusiastas e turistas para a Mostra de Cinema. Al\u00e9m de diretamente impactar a ind\u00fastria cultural de todo o Brasil, nesse que \u00e9 considerado o \u2018ponta p\u00e9&#8217; do calend\u00e1rio audiovisual do pa\u00eds, a mostra \u00e9 respons\u00e1vel por movimentar a economia e renda da cidade.<\/p>\n\n\n\n<p>A atriz, diretora e roteirista&nbsp;<a href=\"https:\/\/www.itatiaia.com.br\/cultura-e-lazer\/29-mostra-de-cinema-de-tiradentes-abre-o-ano-do-cinema-com-memoria-emocao-e-imaginacao\" target=\"_blank\" rel=\"noreferrer noopener\"><strong>Karine Teles, grande homenageada desta 29\u00b0 edi\u00e7\u00e3o<\/strong><\/a>, destacou, em coletiva de imprensa realizada no primeiro final de semana da Mostra, al\u00e9m do momento do cinema nacional, muito reconhecido internacionalmente nos \u00faltimos anos, a import\u00e2ncia do setor audiovisual como gerador de empregos e renda no pa\u00eds.<\/p>\n\n\n\n<p>\u201cO que espero \u00e9 que a gente consiga fortalecer a ind\u00fastria, n\u00e3o s\u00f3 por conta dos benef\u00edcios art\u00edsticos que olhar para o pr\u00f3prio pa\u00eds, atrav\u00e9s da arte, geram para a popula\u00e7\u00e3o geral, mas tamb\u00e9m porque \u00e9 uma ind\u00fastria que gera muito emprego. Se voc\u00ea pega os n\u00fameros, a gente alimenta \u2018mais boca\u2019 do que muita ind\u00fastria reconhecida e estabelecida no nosso pa\u00eds\u201d, explicou a atriz.<\/p>\n\n\n\n<p>Karine cita a pr\u00f3pria Mostra de Tiradentes como exemplo desse impacto. \u201cVoc\u00ea v\u00ea a pr\u00f3pria Mostra: 2.500 empregos gerados. \u00c9 girar a economia, trazer dignidade e uma profiss\u00e3o para muita gente que t\u00e1 em busca de emprego\u201d, ressaltou.<\/p>\n\n\n\n<p>Para a homenageada, a consolida\u00e7\u00e3o do cinema brasileiro como ind\u00fastria passa, necessariamente, pela diversidade de linguagens, formatos e p\u00fablicos. \u201cEu acho que para a gente ter uma ind\u00fastria forte e estabelecida, a gente precisa de diversidade, para atender a todos os tipos de necessidades de conte\u00fado\u201d, concluiu.<\/p>\n\n\n\n<h2 class=\"wp-block-heading\">Impacto no interior de Minas<\/h2>\n\n\n\n<p>A idealizadora e coordenadora do festival, a mineira de S\u00e3o Jo\u00e3o Del-Rei, Raquel Hallak, em entrevista \u00e0 Itatiaia, explicou o impacto de realizar um evento desse porte em uma cidade que sequer possui salas de cinema.<\/p>\n\n\n\n<p>\u201cEstamos aqui h\u00e1 quase 30 anos trazendo exatamente a possibilidade de que a cultura pode acontecer em qualquer lugar. \u00c9 o evento precursor da descoberta da voca\u00e7\u00e3o tur\u00edstica de Tiradentes\u201d, destaca Hallak.<\/p>\n\n\n\n<p>A idealizadora lembrou que, quando a Mostra come\u00e7ou, em 1998, Tiradentes ainda n\u00e3o integrava o roteiro tur\u00edstico nacional. \u201cQuando a gente come\u00e7a, a cidade n\u00e3o existia no roteiro tur\u00edstico, tinha apenas 450 leitos nos hot\u00e9is, o evento projetou a cidade. A gente trouxe toda a nossa experi\u00eancia da Universo [produtora respons\u00e1vel pela realiza\u00e7\u00e3o da Mostra de Tiradentes], trazendo um evento que n\u00e3o \u00e9 s\u00f3 exibi\u00e7\u00e3o de filmes. \u00c9 forma\u00e7\u00e3o, \u00e9 debate, \u00e9 reflex\u00e3o\u201d, explicou.<\/p>\n\n\n\n<p>Atualmente, a cidade do Campo das Vertentes recebe os mais diversos tipos de festival, como o Foto em Pauta, festival de Fotografia, o Festival de Teatro Tiradentes em Cena, o Encontro de Motos, o Festival Internacional de Cultura e Gastronomia, entre outros.<\/p>\n\n\n\n<p>Segundo ela, apesar dos desafios log\u00edsticos, o impacto positivo justifica o esfor\u00e7o. \u201c\u00c9 sempre um desafio grande montar toda essa infraestrutura e, ao mesmo tempo, reunir uma programa\u00e7\u00e3o representativa do cinema brasileiro contempor\u00e2neo. Mas, ao longo dessa trajet\u00f3ria, a gente vai sentindo que vale a pena todo o esfor\u00e7o, porque gera renda, gera emprego, gera desenvolvimento social, humano e econ\u00f4mico\u201d, destacou.<\/p>\n","protected":false},"excerpt":{"rendered":"<p>Karine Teles destaca o audiovisual como ind\u00fastria geradora de renda, e Raquel Hallak ressalta o impacto do festival no desenvolvimento tur\u00edstico do interior de Minas Leo Lara\/Universo Produ\u00e7\u00e3o 29\u00aa Mostra de Tiradentes exibe filmes na pra\u00e7a central da cidade hist\u00f3rica H\u00e1 29 anos, no m\u00eas de Janeiro, a cidade hist\u00f3rica de Tiradentes, no Campo das [&hellip;]<\/p>\n","protected":false},"author":5,"featured_media":169127,"comment_status":"closed","ping_status":"open","sticky":false,"template":"","format":"standard","meta":{"advgb_blocks_editor_width":"","advgb_blocks_columns_visual_guide":"","_exactmetrics_skip_tracking":false,"_exactmetrics_sitenote_active":false,"_exactmetrics_sitenote_note":"","_exactmetrics_sitenote_category":0,"footnotes":""},"categories":[7,2],"tags":[],"class_list":["post-169126","post","type-post","status-publish","format-standard","has-post-thumbnail","hentry","category-destaques","category-noticias"],"better_featured_image":{"id":169127,"alt_text":"","caption":"","description":"","media_type":"image","media_details":{"width":1000,"height":563,"file":"2026\/01\/download-11.webp","filesize":131672,"sizes":{"medium":{"file":"download-11-470x265.webp","width":470,"height":265,"mime-type":"image\/webp","filesize":29844,"source_url":"https:\/\/lavras.tv\/site\/wp-content\/uploads\/2026\/01\/download-11-470x265.webp"},"large":{"file":"download-11-970x546.webp","width":970,"height":546,"mime-type":"image\/webp","filesize":81518,"source_url":"https:\/\/lavras.tv\/site\/wp-content\/uploads\/2026\/01\/download-11-970x546.webp"},"thumbnail":{"file":"download-11-170x96.webp","width":170,"height":96,"mime-type":"image\/webp","filesize":5622,"source_url":"https:\/\/lavras.tv\/site\/wp-content\/uploads\/2026\/01\/download-11-170x96.webp"},"alm-thumbnail":{"file":"download-11-150x150.webp","width":150,"height":150,"mime-type":"image\/webp","filesize":6874,"source_url":"https:\/\/lavras.tv\/site\/wp-content\/uploads\/2026\/01\/download-11-150x150.webp"},"sow-carousel-default":{"file":"download-11-272x182.webp","width":272,"height":182,"mime-type":"image\/webp","filesize":13626,"source_url":"https:\/\/lavras.tv\/site\/wp-content\/uploads\/2026\/01\/download-11-272x182.webp"}},"image_meta":{"aperture":"0","credit":"","camera":"","caption":"","created_timestamp":"0","copyright":"","focal_length":"0","iso":"0","shutter_speed":"0","title":"","orientation":"0","keywords":[]}},"post":169126,"source_url":"https:\/\/lavras.tv\/site\/wp-content\/uploads\/2026\/01\/download-11.webp"},"author_meta":{"display_name":"Vinicius Bustamante","author_link":"https:\/\/lavras.tv\/site\/author\/vinicius-bustamante\/"},"featured_img":"https:\/\/lavras.tv\/site\/wp-content\/uploads\/2026\/01\/download-11-470x265.webp","coauthors":[],"tax_additional":{"categories":{"linked":["<a href=\"https:\/\/lavras.tv\/site\/category\/destaques\/\" class=\"advgb-post-tax-term\">Destaques<\/a>","<a href=\"https:\/\/lavras.tv\/site\/category\/noticias\/\" class=\"advgb-post-tax-term\">Not\u00edcias<\/a>"],"unlinked":["<span class=\"advgb-post-tax-term\">Destaques<\/span>","<span class=\"advgb-post-tax-term\">Not\u00edcias<\/span>"]}},"comment_count":"0","relative_dates":{"created":"Publicado 3 meses atr\u00e1s","modified":"Atualizado 3 meses atr\u00e1s"},"absolute_dates":{"created":"Publicado em 29 de janeiro de 2026","modified":"Atualizado em 29 de janeiro de 2026"},"absolute_dates_time":{"created":"Publicado em 29 de janeiro de 2026 17:39","modified":"Atualizado em 29 de janeiro de 2026 17:39"},"featured_img_caption":"","series_order":"","_links":{"self":[{"href":"https:\/\/lavras.tv\/site\/wp-json\/wp\/v2\/posts\/169126","targetHints":{"allow":["GET"]}}],"collection":[{"href":"https:\/\/lavras.tv\/site\/wp-json\/wp\/v2\/posts"}],"about":[{"href":"https:\/\/lavras.tv\/site\/wp-json\/wp\/v2\/types\/post"}],"author":[{"embeddable":true,"href":"https:\/\/lavras.tv\/site\/wp-json\/wp\/v2\/users\/5"}],"replies":[{"embeddable":true,"href":"https:\/\/lavras.tv\/site\/wp-json\/wp\/v2\/comments?post=169126"}],"version-history":[{"count":1,"href":"https:\/\/lavras.tv\/site\/wp-json\/wp\/v2\/posts\/169126\/revisions"}],"predecessor-version":[{"id":169128,"href":"https:\/\/lavras.tv\/site\/wp-json\/wp\/v2\/posts\/169126\/revisions\/169128"}],"wp:featuredmedia":[{"embeddable":true,"href":"https:\/\/lavras.tv\/site\/wp-json\/wp\/v2\/media\/169127"}],"wp:attachment":[{"href":"https:\/\/lavras.tv\/site\/wp-json\/wp\/v2\/media?parent=169126"}],"wp:term":[{"taxonomy":"category","embeddable":true,"href":"https:\/\/lavras.tv\/site\/wp-json\/wp\/v2\/categories?post=169126"},{"taxonomy":"post_tag","embeddable":true,"href":"https:\/\/lavras.tv\/site\/wp-json\/wp\/v2\/tags?post=169126"}],"curies":[{"name":"wp","href":"https:\/\/api.w.org\/{rel}","templated":true}]}}