{"id":169129,"date":"2026-01-29T17:50:47","date_gmt":"2026-01-29T20:50:47","guid":{"rendered":"https:\/\/lavras.tv\/site\/?p=169129"},"modified":"2026-01-29T17:50:48","modified_gmt":"2026-01-29T20:50:48","slug":"do-campo-a-mesa-pesquisa-investiga-uso-de-antibioticos-em-propriedades-produtoras-de-leite-em-minas-gerais","status":"publish","type":"post","link":"https:\/\/lavras.tv\/site\/2026\/01\/29\/do-campo-a-mesa-pesquisa-investiga-uso-de-antibioticos-em-propriedades-produtoras-de-leite-em-minas-gerais\/","title":{"rendered":"Do campo \u00e0 mesa: pesquisa investiga uso de antibi\u00f3ticos em propriedades produtoras de leite em Minas Gerais"},"content":{"rendered":"<div class=\"lavra-antes-do-conteudo_2\" id=\"lavra-1077819233\"><div id=\"lavra-slider-27\" class=\"custom-slider lavra-slider-122314044 lavra-slider\"><ul><li><div style=\"margin-left: auto;margin-right: auto;text-align: center;\" id=\"lavra-3072938345\"><a href=\"https:\/\/sistemas.lavras.mg.gov.br\/portalcidadao\/#df1b1a7c7b2a290bcb31e32771e610784662739a88807c0dacac58ede5f391a7530e299dc302d611ee73cb143fc22eaf93592e53e7b5bdb01b00a0b8d28dae460c141dd2ff83412e4dc1c31b16b25f33144a9e5620ea73b13f5bc1c59411d98439ad226e8af03840603796067d87afe130812cf3de24982d0e306f9e61e764e5\" aria-label=\"Lavras-TV&#8211;720x104px (1) (1)\"><img src=\"https:\/\/lavras.tv\/site\/wp-content\/uploads\/2025\/01\/Lavras-TV-720x104px-1-1.png\" alt=\"\"  srcset=\"https:\/\/lavras.tv\/site\/wp-content\/uploads\/2025\/01\/Lavras-TV-720x104px-1-1.png 720w, https:\/\/lavras.tv\/site\/wp-content\/uploads\/2025\/01\/Lavras-TV-720x104px-1-1-470x68.png 470w, https:\/\/lavras.tv\/site\/wp-content\/uploads\/2025\/01\/Lavras-TV-720x104px-1-1-170x25.png 170w, https:\/\/lavras.tv\/site\/wp-content\/uploads\/2025\/01\/Lavras-TV-720x104px-1-1-200x29.png 200w\" sizes=\"(max-width: 720px) 100vw, 720px\" width=\"720\" height=\"104\"  style=\"display: inline-block;\" \/><\/a><\/div><\/li><li><a href=\"https:\/\/sistemas.lavras.mg.gov.br\/portalcidadao\/#df1b1a7c7b2a290bcb31e32771e610784662739a88807c0dacac58ede5f391a7530e299dc302d611ee73cb143fc22eaf93592e53e7b5bdb01b00a0b8d28dae460c141dd2ff83412e4dc1c31b16b25f33144a9e5620ea73b13f5bc1c59411d98439ad226e8af03840603796067d87afe130812cf3de24982d0e306f9e61e764e5\" aria-label=\"Banner_Emprego_PortallavrasTV\"><img src=\"https:\/\/lavras.tv\/site\/wp-content\/uploads\/2025\/03\/Banner_Emprego_PortallavrasTV.png\" alt=\"\"  srcset=\"https:\/\/lavras.tv\/site\/wp-content\/uploads\/2025\/03\/Banner_Emprego_PortallavrasTV.png 720w, https:\/\/lavras.tv\/site\/wp-content\/uploads\/2025\/03\/Banner_Emprego_PortallavrasTV-470x68.png 470w, https:\/\/lavras.tv\/site\/wp-content\/uploads\/2025\/03\/Banner_Emprego_PortallavrasTV-170x25.png 170w, https:\/\/lavras.tv\/site\/wp-content\/uploads\/2025\/03\/Banner_Emprego_PortallavrasTV-200x29.png 200w\" sizes=\"(max-width: 720px) 100vw, 720px\" width=\"720\" height=\"104\"   \/><\/a><\/li><li><a href=\"https:\/\/sistemas.lavras.mg.gov.br\/portalcidadao\/#df1b1a7c7b2a290bcb31e32771e610784662739a88807c0dacac58ede5f391a7530e299dc302d611ee73cb143fc22eaf93592e53e7b5bdb01b00a0b8d28dae460c141dd2ff83412e4dc1c31b16b25f33144a9e5620ea73b13f5bc1c59411d98439ad226e8af03840603796067d87afe130812cf3de24982d0e306f9e61e764e5\" aria-label=\"Banner_Obras_PortallavrasTV\"><img src=\"https:\/\/lavras.tv\/site\/wp-content\/uploads\/2025\/03\/Banner_Obras_PortallavrasTV.png\" alt=\"\"  srcset=\"https:\/\/lavras.tv\/site\/wp-content\/uploads\/2025\/03\/Banner_Obras_PortallavrasTV.png 720w, https:\/\/lavras.tv\/site\/wp-content\/uploads\/2025\/03\/Banner_Obras_PortallavrasTV-470x68.png 470w, https:\/\/lavras.tv\/site\/wp-content\/uploads\/2025\/03\/Banner_Obras_PortallavrasTV-170x25.png 170w, https:\/\/lavras.tv\/site\/wp-content\/uploads\/2025\/03\/Banner_Obras_PortallavrasTV-200x29.png 200w\" sizes=\"(max-width: 720px) 100vw, 720px\" width=\"720\" height=\"104\"   \/><\/a><\/li><li><div style=\"margin-left: auto;margin-right: auto;text-align: center;\" id=\"lavra-2569131864\"><a href=\"https:\/\/sistemas.lavras.mg.gov.br\/portalcidadao\/#df1b1a7c7b2a290bcb31e32771e610784662739a88807c0dacac58ede5f391a7530e299dc302d611ee73cb143fc22eaf93592e53e7b5bdb01b00a0b8d28dae460c141dd2ff83412e4dc1c31b16b25f33144a9e5620ea73b13f5bc1c59411d98439ad226e8af03840603796067d87afe130812cf3de24982d0e306f9e61e764e5\" aria-label=\"Banner_Educa\u00e7\u00e3o_PortallavrasTV\"><img src=\"https:\/\/lavras.tv\/site\/wp-content\/uploads\/2025\/01\/Banner_Educacao_PortallavrasTV.png\" alt=\"\"  srcset=\"https:\/\/lavras.tv\/site\/wp-content\/uploads\/2025\/01\/Banner_Educacao_PortallavrasTV.png 720w, https:\/\/lavras.tv\/site\/wp-content\/uploads\/2025\/01\/Banner_Educacao_PortallavrasTV-470x68.png 470w, https:\/\/lavras.tv\/site\/wp-content\/uploads\/2025\/01\/Banner_Educacao_PortallavrasTV-170x25.png 170w, https:\/\/lavras.tv\/site\/wp-content\/uploads\/2025\/01\/Banner_Educacao_PortallavrasTV-200x29.png 200w\" sizes=\"(max-width: 720px) 100vw, 720px\" width=\"720\" height=\"104\"  style=\"display: inline-block;\" \/><\/a><\/div><\/li><li><a href=\"https:\/\/sistemas.lavras.mg.gov.br\/portalcidadao\/#df1b1a7c7b2a290bcb31e32771e610784662739a88807c0dacac58ede5f391a7530e299dc302d611ee73cb143fc22eaf93592e53e7b5bdb01b00a0b8d28dae460c141dd2ff83412e4dc1c31b16b25f33144a9e5620ea73b13f5bc1c59411d98439ad226e8af03840603796067d87afe130812cf3de24982d0e306f9e61e764e5\" aria-label=\"Banner_Sa\u00fade_PortallavrasTV\"><img src=\"https:\/\/lavras.tv\/site\/wp-content\/uploads\/2025\/03\/Banner_Saude_PortallavrasTV.png\" alt=\"\"  srcset=\"https:\/\/lavras.tv\/site\/wp-content\/uploads\/2025\/03\/Banner_Saude_PortallavrasTV.png 720w, https:\/\/lavras.tv\/site\/wp-content\/uploads\/2025\/03\/Banner_Saude_PortallavrasTV-470x68.png 470w, https:\/\/lavras.tv\/site\/wp-content\/uploads\/2025\/03\/Banner_Saude_PortallavrasTV-170x25.png 170w, https:\/\/lavras.tv\/site\/wp-content\/uploads\/2025\/03\/Banner_Saude_PortallavrasTV-200x29.png 200w\" sizes=\"(max-width: 720px) 100vw, 720px\" width=\"720\" height=\"104\"   \/><\/a><\/li><li><div id=\"lavra-2845481574\" style=\"width:720px;height:104px;background-color:#ddd;overflow:scroll;\">\n\t<strong>Sa\u00edda da depura\u00e7\u00e3o de an\u00fancios<\/strong>\n\t<br><br>\n\tO an\u00fancio n\u00e3o \u00e9 exibido na p\u00e1gina<br><br>post atual: Do campo \u00e0 mesa: pesquisa investiga uso de antibi\u00f3ticos em propriedades produtoras de leite em Minas Gerais, ID: 169129<br><br><span style=\"color: red;\">O post atual n\u00e3o \u00e9 id\u00eantico ao post principal.<\/span><br><br>An\u00fancios: ROXO - TOPO INTERNA - ROTATIVO 2 (197)<br \/>Grupo de an\u00fancios: Princ_Meio01_720x104 (27)<br><br>Condi\u00e7\u00f5es de exibi\u00e7\u00e3o<div style=\"margin-bottom: 20px; white-space: pre-wrap; font-family: monospace; width: 100%; background: #ffe9e9;\"><strong>condi\u00e7\u00f5es gerais<\/strong><table border=\"1\"><thead><tr><th><\/th><th>An\u00fancios<\/th><th>wp_the_query<\/th><\/tr><\/thead><tr><td>is_main_query<\/td><td>1<\/td><td>1<\/td><\/tr><tr><td>is_rest_api<\/td><td>0<\/td><td>1<\/td><\/tr><tr><td>page<\/td><td>0<\/td><td>1<\/td><\/tr><tr><td>numpages<\/td><td>0<\/td><td>1<\/td><\/tr><tr><td>is_archive<\/td><td>1<\/td><td><\/td><\/tr><tr><td>is_search<\/td><td>1<\/td><td><\/td><\/tr><tr><td>is_home<\/td><td>1<\/td><td><\/td><\/tr><tr><td>is_404<\/td><td>1<\/td><td><\/td><\/tr><tr><td>is_attachment<\/td><td>1<\/td><td><\/td><\/tr><tr><td>is_singular<\/td><td>1<\/td><td><\/td><\/tr><tr><td>is_front_page<\/td><td>1<\/td><td><\/td><\/tr><tr><td>is_feed<\/td><td>1<\/td><td><\/td><\/tr><\/table><\/div><br><br><span style=\"color: red;\">Seu site usa HTTPS, mas o c\u00f3digo do an\u00fancio cont\u00e9m HTTP e pode n\u00e3o funcionar.<\/span>\t<br><br>\n\t<a style=\"color: green;\" href=\"https:\/\/wpadvancedads.com\/manual\/ad-debug-mode\/?utm_source=advanced-ads&utm_medium=link&utm_campaign=ad-debug-mode\" target=\"_blank\" rel=\"nofollow\">Encontre solu\u00e7\u00f5es no manual<\/a>\n<\/div>\n<\/li><\/ul><\/div><script>( window.advanced_ads_ready || jQuery( document ).ready ).call( null, function() {var $lavraslider122314044 = jQuery( \".lavra-slider-122314044\" );$lavraslider122314044.on( \"unslider.ready\", function() { jQuery( \"div.custom-slider ul li\" ).css( \"display\", \"block\" ); });$lavraslider122314044.unslider({ delay:4000, autoplay:true, nav:false, arrows:false, infinite:true });$lavraslider122314044.on(\"mouseover\", function() {$lavraslider122314044.unslider(\"stop\");}).on(\"mouseout\", function() {$lavraslider122314044.unslider(\"start\");});});<\/script><\/div>\n<figure class=\"wp-block-image\"><img decoding=\"async\" src=\"https:\/\/fundecc.org.br\/wp-content\/uploads\/2026\/01\/5-2-600x540.jpg\" alt=\"\"\/><\/figure>\n\n\n\n<p><strong><em>Por<\/em>&nbsp;Simone Paiva \u2013 Analista de Comunica\u00e7\u00e3o da FUNDECC \u2013 29 de janeiro de 2026.<\/strong><\/p>\n\n\n\n<p>O leite \u00e9 um dos alimentos mais presentes na mesa dos brasileiros, mas a seguran\u00e7a desse produto come\u00e7a muito antes de chegar \u00e0 ind\u00fastria ou ao consumidor final. Come\u00e7a na fazenda, no manejo dos animais e no uso respons\u00e1vel de medicamentos veterin\u00e1rios. \u00c9 justamente esse ponto cr\u00edtico que est\u00e1 no centro de uma pesquisa desenvolvida na&nbsp;<strong>Universidade Federal de Lavras<\/strong>, que analisa o uso de antimicrobianos em propriedades leiteiras de Minas Gerais e seus impactos econ\u00f4micos, produtivos e na sa\u00fade p\u00fablica.<\/p>\n\n\n\n<p>O estudo, intitulado&nbsp;<strong>\u201c<em>Quantifica\u00e7\u00e3o de Utiliza\u00e7\u00e3o de Antimicrobianos em Propriedades Leiteiras<\/em>\u201d<\/strong>, busca compreender a dimens\u00e3o do uso desses medicamentos na produ\u00e7\u00e3o animal, identificar riscos associados \u00e0 presen\u00e7a de res\u00edduos no leite e gerar subs\u00eddios cient\u00edficos para pr\u00e1ticas mais seguras e sustent\u00e1veis na cadeia leiteira.<\/p>\n\n\n\n<p><strong><mark>Um ano de coleta e dados in\u00e9ditos<\/mark><\/strong><\/p>\n\n\n\n<figure class=\"wp-block-image\"><img decoding=\"async\" src=\"https:\/\/fundecc.org.br\/wp-content\/uploads\/2026\/01\/9-1-1024x819.jpg\" alt=\"\" class=\"wp-image-10943\"\/><\/figure>\n\n\n\n<p>A pesquisa envolveu&nbsp;<strong>um ano inteiro de coleta de dados em 118 fazendas leiteiras<\/strong>, revelando um panorama in\u00e9dito sobre o uso de antibi\u00f3ticos na produ\u00e7\u00e3o animal em Minas Gerais.<\/p>\n\n\n\n<p>Segundo a professora&nbsp;<strong>Elaine Dorneles<\/strong>, o volume de medicamentos utilizados ao longo do per\u00edodo chama a aten\u00e7\u00e3o.<\/p>\n\n\n\n<p>\u201c<em>Foram 12 meses de coleta em 118 propriedades. N\u00e3o temos ainda o n\u00famero exato de frascos, mas estamos falando de&nbsp;<strong>milhares de frascos de antimicrobianos<\/strong>&nbsp;utilizados ao longo do per\u00edodo<\/em>.\u201d<\/p>\n\n\n\n<p>Ela explica que a preocupa\u00e7\u00e3o central da pesquisa vai al\u00e9m da quest\u00e3o sanit\u00e1ria.<\/p>\n\n\n\n<p>\u201c<em>Quando o produtor aprende a utilizar o antibi\u00f3tico de forma correta e racional, evita perdas dentro da propriedade. Se n\u00e3o h\u00e1 res\u00edduo no leite, esse produto n\u00e3o precisa ser descartado, o que representa&nbsp;<strong>ganho econ\u00f4mico direto para o produtor<\/strong>, al\u00e9m de um benef\u00edcio importante para a sa\u00fade p\u00fablica.<\/em>\u201d<\/p>\n\n\n\n<p><strong><mark>Uso racional e preven\u00e7\u00e3o de riscos<\/mark><\/strong><\/p>\n\n\n\n<figure class=\"wp-block-image\"><img decoding=\"async\" src=\"https:\/\/fundecc.org.br\/wp-content\/uploads\/2026\/01\/7-2-1024x819.jpg\" alt=\"\" class=\"wp-image-10940\"\/><\/figure>\n\n\n\n<p>A coordenadora do projeto, professora&nbsp;<strong>Carine Rodrigues Pereira<\/strong>, destaca que o primeiro passo do estudo foi entender&nbsp;<strong>quanto, como e por que os antimicrobianos s\u00e3o utilizados<\/strong>&nbsp;na produ\u00e7\u00e3o leiteira.<\/p>\n\n\n\n<p>Diferente da medicina humana, onde a prescri\u00e7\u00e3o de antibi\u00f3ticos \u00e9 obrigat\u00f3ria, na produ\u00e7\u00e3o animal esse controle nem sempre ocorre, o que dificulta a mensura\u00e7\u00e3o do uso e pode favorecer a sele\u00e7\u00e3o de bact\u00e9rias resistentes.<\/p>\n\n\n\n<p>\u201c<em>Quando identificamos quais doen\u00e7as s\u00e3o mais frequentes e quais antimicrobianos s\u00e3o mais usados, conseguimos propor estrat\u00e9gias de preven\u00e7\u00e3o e reduzir o uso inadequado, evitando que esses medicamentos percam efic\u00e1cia ao longo do tempo<\/em>.\u201d A resist\u00eancia bacteriana \u00e9 considerada hoje um dos principais desafios globais em sa\u00fade p\u00fablica, dentro do conceito de&nbsp;<strong>Sa\u00fade \u00danica<\/strong>, que integra sa\u00fade humana, animal e ambiental.<\/p>\n\n\n\n<p><strong><mark>Forma\u00e7\u00e3o acad\u00eamica e impacto no campo<\/mark><\/strong><\/p>\n\n\n\n<figure class=\"wp-block-image\"><img decoding=\"async\" src=\"https:\/\/fundecc.org.br\/wp-content\/uploads\/2026\/01\/8-1-1024x819.jpg\" alt=\"\" class=\"wp-image-10942\"\/><figcaption class=\"wp-element-caption\">Ana Carolina Chalfun de Santana \u2013 Mestranda<\/figcaption><\/figure>\n\n\n\n<p>A mestranda e m\u00e9dica-veterin\u00e1ria&nbsp;<strong>Ana Carolina Chalfun de Santana<\/strong>, integrante da equipe do projeto, destaca que os resultados da pesquisa extrapolam o ambiente acad\u00eamico.<\/p>\n\n\n\n<p>\u201c<em>Nosso papel \u00e9 levar esses dados para produtores, ind\u00fastria, \u00f3rg\u00e3os reguladores e para a sociedade. Quando o uso de antimicrobianos \u00e9 mais consciente, reduzimos o risco de res\u00edduos no leite, diminu\u00edmos custos e fortalecemos toda a cadeia produtiva.<\/em>\u201d<\/p>\n\n\n\n<p>Ela ressalta que o estudo contribui diretamente para embasar pol\u00edticas p\u00fablicas, orientar pr\u00e1ticas no campo e apoiar decis\u00f5es estrat\u00e9gicas da ind\u00fastria de latic\u00ednios.<\/p>\n\n\n\n<p><strong><mark>A vis\u00e3o do setor produtivo<\/mark><\/strong><\/p>\n\n\n\n<p>Parceira do projeto, a&nbsp;<strong>CCPR<\/strong>&nbsp;(Cooperativa Central dos Produtores Rurais) defende que o leite deve ser tratado como&nbsp;<strong>alimento seguro<\/strong>, e n\u00e3o apenas como mat\u00e9ria-prima.<\/p>\n\n\n\n<figure class=\"wp-block-image\"><img decoding=\"async\" src=\"https:\/\/fundecc.org.br\/wp-content\/uploads\/2026\/01\/6-2-1024x819.jpg\" alt=\"\" class=\"wp-image-10947\"\/><\/figure>\n\n\n\n<p>Para o gerente de qualidade&nbsp;<strong>C\u00e1ssio Camargo<\/strong>, a seguran\u00e7a do leite depende da responsabilidade compartilhada por todos os elos da cadeia produtiva.<\/p>\n\n\n\n<p>\u201c<em>A qualidade passa por algo simples: \u00e1gua, sab\u00e3o e atitude. Cada elo precisa fazer a sua parte para que o consumidor tenha acesso a um alimento seguro<\/em>.\u201d<\/p>\n\n\n\n<p>Segundo ele, pesquisas como essa fortalecem a competitividade do setor e preparam a cadeia leiteira brasileira para atender \u00e0s exig\u00eancias do mercado nacional e internacional.<\/p>\n\n\n\n<p><strong><mark>Ci\u00eancia, seguran\u00e7a e sustentabilidade<\/mark><\/strong><\/p>\n\n\n\n<p>Ao integrar universidade, setor produtivo e pesquisa aplicada, o projeto refor\u00e7a o papel da UFLA e da&nbsp;<strong>FUNDECC<\/strong>&nbsp;na promo\u00e7\u00e3o de uma produ\u00e7\u00e3o leiteira mais segura, sustent\u00e1vel e alinhada \u00e0s demandas da sociedade.<\/p>\n\n\n\n<p>Mais do que identificar problemas, a pesquisa aponta caminhos para o&nbsp;<strong>uso racional de antimicrobianos<\/strong>, a&nbsp;<strong>redu\u00e7\u00e3o de riscos \u00e0 sa\u00fade p\u00fablica<\/strong>&nbsp;e o&nbsp;<strong>fortalecimento econ\u00f4mico do produtor rural<\/strong>, mostrando que competitividade e seguran\u00e7a alimentar caminham juntas.<\/p>\n","protected":false},"excerpt":{"rendered":"<p>Por&nbsp;Simone Paiva \u2013 Analista de Comunica\u00e7\u00e3o da FUNDECC \u2013 29 de janeiro de 2026. O leite \u00e9 um dos alimentos mais presentes na mesa dos brasileiros, mas a seguran\u00e7a desse produto come\u00e7a muito antes de chegar \u00e0 ind\u00fastria ou ao consumidor final. Come\u00e7a na fazenda, no manejo dos animais e no uso respons\u00e1vel de medicamentos [&hellip;]<\/p>\n","protected":false},"author":5,"featured_media":169130,"comment_status":"closed","ping_status":"open","sticky":false,"template":"","format":"standard","meta":{"advgb_blocks_editor_width":"","advgb_blocks_columns_visual_guide":"","_exactmetrics_skip_tracking":false,"_exactmetrics_sitenote_active":false,"_exactmetrics_sitenote_note":"","_exactmetrics_sitenote_category":0,"footnotes":""},"categories":[17,2,5760],"tags":[],"class_list":["post-169129","post","type-post","status-publish","format-standard","has-post-thumbnail","hentry","category-jornal-cidade","category-noticias","category-noticias-jornal-cidade"],"better_featured_image":{"id":169130,"alt_text":"","caption":"","description":"","media_type":"image","media_details":{"width":1600,"height":1200,"file":"2026\/01\/WhatsApp-Image-2026-01-29-at-16.22.05.jpeg","filesize":403139,"sizes":{"medium":{"file":"WhatsApp-Image-2026-01-29-at-16.22.05-400x300.jpeg","width":400,"height":300,"mime-type":"image\/jpeg","filesize":28125,"source_url":"https:\/\/lavras.tv\/site\/wp-content\/uploads\/2026\/01\/WhatsApp-Image-2026-01-29-at-16.22.05-400x300.jpeg"},"large":{"file":"WhatsApp-Image-2026-01-29-at-16.22.05-970x728.jpeg","width":970,"height":728,"mime-type":"image\/jpeg","filesize":107439,"source_url":"https:\/\/lavras.tv\/site\/wp-content\/uploads\/2026\/01\/WhatsApp-Image-2026-01-29-at-16.22.05-970x728.jpeg"},"thumbnail":{"file":"WhatsApp-Image-2026-01-29-at-16.22.05-170x128.jpeg","width":170,"height":128,"mime-type":"image\/jpeg","filesize":7764,"source_url":"https:\/\/lavras.tv\/site\/wp-content\/uploads\/2026\/01\/WhatsApp-Image-2026-01-29-at-16.22.05-170x128.jpeg"},"1536x1536":{"file":"WhatsApp-Image-2026-01-29-at-16.22.05-1536x1152.jpeg","width":1536,"height":1152,"mime-type":"image\/jpeg","filesize":217177,"source_url":"https:\/\/lavras.tv\/site\/wp-content\/uploads\/2026\/01\/WhatsApp-Image-2026-01-29-at-16.22.05-1536x1152.jpeg"},"alm-thumbnail":{"file":"WhatsApp-Image-2026-01-29-at-16.22.05-150x150.jpeg","width":150,"height":150,"mime-type":"image\/jpeg","filesize":7745,"source_url":"https:\/\/lavras.tv\/site\/wp-content\/uploads\/2026\/01\/WhatsApp-Image-2026-01-29-at-16.22.05-150x150.jpeg"},"sow-carousel-default":{"file":"WhatsApp-Image-2026-01-29-at-16.22.05-272x182.jpeg","width":272,"height":182,"mime-type":"image\/jpeg","filesize":14385,"source_url":"https:\/\/lavras.tv\/site\/wp-content\/uploads\/2026\/01\/WhatsApp-Image-2026-01-29-at-16.22.05-272x182.jpeg"}},"image_meta":{"aperture":"0","credit":"","camera":"","caption":"","created_timestamp":"0","copyright":"","focal_length":"0","iso":"0","shutter_speed":"0","title":"","orientation":"0","keywords":[]}},"post":169129,"source_url":"https:\/\/lavras.tv\/site\/wp-content\/uploads\/2026\/01\/WhatsApp-Image-2026-01-29-at-16.22.05.jpeg"},"author_meta":{"display_name":"Vinicius Bustamante","author_link":"https:\/\/lavras.tv\/site\/author\/vinicius-bustamante\/"},"featured_img":"https:\/\/lavras.tv\/site\/wp-content\/uploads\/2026\/01\/WhatsApp-Image-2026-01-29-at-16.22.05-400x300.jpeg","coauthors":[],"tax_additional":{"categories":{"linked":["<a href=\"https:\/\/lavras.tv\/site\/category\/sem-categoria\/jornal-cidade\/\" class=\"advgb-post-tax-term\">DESTAQUE PRINCIPAL<\/a>","<a href=\"https:\/\/lavras.tv\/site\/category\/noticias\/\" class=\"advgb-post-tax-term\">Not\u00edcias<\/a>","<a href=\"https:\/\/lavras.tv\/site\/category\/sem-categoria\/jornal-cidade\/noticias-jornal-cidade\/\" class=\"advgb-post-tax-term\">NOT\u00cdCIAS<\/a>"],"unlinked":["<span class=\"advgb-post-tax-term\">DESTAQUE PRINCIPAL<\/span>","<span class=\"advgb-post-tax-term\">Not\u00edcias<\/span>","<span class=\"advgb-post-tax-term\">NOT\u00cdCIAS<\/span>"]}},"comment_count":"0","relative_dates":{"created":"Publicado 3 meses atr\u00e1s","modified":"Atualizado 3 meses atr\u00e1s"},"absolute_dates":{"created":"Publicado em 29 de janeiro de 2026","modified":"Atualizado em 29 de janeiro de 2026"},"absolute_dates_time":{"created":"Publicado em 29 de janeiro de 2026 17:50","modified":"Atualizado em 29 de janeiro de 2026 17:50"},"featured_img_caption":"","series_order":"","_links":{"self":[{"href":"https:\/\/lavras.tv\/site\/wp-json\/wp\/v2\/posts\/169129","targetHints":{"allow":["GET"]}}],"collection":[{"href":"https:\/\/lavras.tv\/site\/wp-json\/wp\/v2\/posts"}],"about":[{"href":"https:\/\/lavras.tv\/site\/wp-json\/wp\/v2\/types\/post"}],"author":[{"embeddable":true,"href":"https:\/\/lavras.tv\/site\/wp-json\/wp\/v2\/users\/5"}],"replies":[{"embeddable":true,"href":"https:\/\/lavras.tv\/site\/wp-json\/wp\/v2\/comments?post=169129"}],"version-history":[{"count":1,"href":"https:\/\/lavras.tv\/site\/wp-json\/wp\/v2\/posts\/169129\/revisions"}],"predecessor-version":[{"id":169131,"href":"https:\/\/lavras.tv\/site\/wp-json\/wp\/v2\/posts\/169129\/revisions\/169131"}],"wp:featuredmedia":[{"embeddable":true,"href":"https:\/\/lavras.tv\/site\/wp-json\/wp\/v2\/media\/169130"}],"wp:attachment":[{"href":"https:\/\/lavras.tv\/site\/wp-json\/wp\/v2\/media?parent=169129"}],"wp:term":[{"taxonomy":"category","embeddable":true,"href":"https:\/\/lavras.tv\/site\/wp-json\/wp\/v2\/categories?post=169129"},{"taxonomy":"post_tag","embeddable":true,"href":"https:\/\/lavras.tv\/site\/wp-json\/wp\/v2\/tags?post=169129"}],"curies":[{"name":"wp","href":"https:\/\/api.w.org\/{rel}","templated":true}]}}