{"id":169132,"date":"2026-01-29T17:57:34","date_gmt":"2026-01-29T20:57:34","guid":{"rendered":"https:\/\/lavras.tv\/site\/?p=169132"},"modified":"2026-01-29T17:57:35","modified_gmt":"2026-01-29T20:57:35","slug":"unilavras-lanca-bolsa-enem-de-merito-academico-com-descontos-de-ate-100","status":"publish","type":"post","link":"https:\/\/lavras.tv\/site\/2026\/01\/29\/unilavras-lanca-bolsa-enem-de-merito-academico-com-descontos-de-ate-100\/","title":{"rendered":"Unilavras lan\u00e7a Bolsa ENEM de M\u00e9rito Acad\u00eamico com descontos de at\u00e9 100%"},"content":{"rendered":"<div class=\"lavra-antes-do-conteudo_2\" id=\"lavra-620285662\"><div id=\"lavra-slider-27\" class=\"custom-slider lavra-slider-2431657659 lavra-slider\"><ul><li><div style=\"margin-left: auto;margin-right: auto;text-align: center;\" id=\"lavra-2502200611\"><a href=\"https:\/\/sistemas.lavras.mg.gov.br\/portalcidadao\/#df1b1a7c7b2a290bcb31e32771e610784662739a88807c0dacac58ede5f391a7530e299dc302d611ee73cb143fc22eaf93592e53e7b5bdb01b00a0b8d28dae460c141dd2ff83412e4dc1c31b16b25f33144a9e5620ea73b13f5bc1c59411d98439ad226e8af03840603796067d87afe130812cf3de24982d0e306f9e61e764e5\" aria-label=\"Lavras-TV&#8211;720x104px (1) (1)\"><img src=\"https:\/\/lavras.tv\/site\/wp-content\/uploads\/2025\/01\/Lavras-TV-720x104px-1-1.png\" alt=\"\"  srcset=\"https:\/\/lavras.tv\/site\/wp-content\/uploads\/2025\/01\/Lavras-TV-720x104px-1-1.png 720w, https:\/\/lavras.tv\/site\/wp-content\/uploads\/2025\/01\/Lavras-TV-720x104px-1-1-470x68.png 470w, https:\/\/lavras.tv\/site\/wp-content\/uploads\/2025\/01\/Lavras-TV-720x104px-1-1-170x25.png 170w, https:\/\/lavras.tv\/site\/wp-content\/uploads\/2025\/01\/Lavras-TV-720x104px-1-1-200x29.png 200w\" sizes=\"(max-width: 720px) 100vw, 720px\" width=\"720\" height=\"104\"  style=\"display: inline-block;\" \/><\/a><\/div><\/li><li><a href=\"https:\/\/sistemas.lavras.mg.gov.br\/portalcidadao\/#df1b1a7c7b2a290bcb31e32771e610784662739a88807c0dacac58ede5f391a7530e299dc302d611ee73cb143fc22eaf93592e53e7b5bdb01b00a0b8d28dae460c141dd2ff83412e4dc1c31b16b25f33144a9e5620ea73b13f5bc1c59411d98439ad226e8af03840603796067d87afe130812cf3de24982d0e306f9e61e764e5\" aria-label=\"Banner_Emprego_PortallavrasTV\"><img src=\"https:\/\/lavras.tv\/site\/wp-content\/uploads\/2025\/03\/Banner_Emprego_PortallavrasTV.png\" alt=\"\"  srcset=\"https:\/\/lavras.tv\/site\/wp-content\/uploads\/2025\/03\/Banner_Emprego_PortallavrasTV.png 720w, https:\/\/lavras.tv\/site\/wp-content\/uploads\/2025\/03\/Banner_Emprego_PortallavrasTV-470x68.png 470w, https:\/\/lavras.tv\/site\/wp-content\/uploads\/2025\/03\/Banner_Emprego_PortallavrasTV-170x25.png 170w, https:\/\/lavras.tv\/site\/wp-content\/uploads\/2025\/03\/Banner_Emprego_PortallavrasTV-200x29.png 200w\" sizes=\"(max-width: 720px) 100vw, 720px\" width=\"720\" height=\"104\"   \/><\/a><\/li><li><a href=\"https:\/\/sistemas.lavras.mg.gov.br\/portalcidadao\/#df1b1a7c7b2a290bcb31e32771e610784662739a88807c0dacac58ede5f391a7530e299dc302d611ee73cb143fc22eaf93592e53e7b5bdb01b00a0b8d28dae460c141dd2ff83412e4dc1c31b16b25f33144a9e5620ea73b13f5bc1c59411d98439ad226e8af03840603796067d87afe130812cf3de24982d0e306f9e61e764e5\" aria-label=\"Banner_Obras_PortallavrasTV\"><img src=\"https:\/\/lavras.tv\/site\/wp-content\/uploads\/2025\/03\/Banner_Obras_PortallavrasTV.png\" alt=\"\"  srcset=\"https:\/\/lavras.tv\/site\/wp-content\/uploads\/2025\/03\/Banner_Obras_PortallavrasTV.png 720w, https:\/\/lavras.tv\/site\/wp-content\/uploads\/2025\/03\/Banner_Obras_PortallavrasTV-470x68.png 470w, https:\/\/lavras.tv\/site\/wp-content\/uploads\/2025\/03\/Banner_Obras_PortallavrasTV-170x25.png 170w, https:\/\/lavras.tv\/site\/wp-content\/uploads\/2025\/03\/Banner_Obras_PortallavrasTV-200x29.png 200w\" sizes=\"(max-width: 720px) 100vw, 720px\" width=\"720\" height=\"104\"   \/><\/a><\/li><li><div style=\"margin-left: auto;margin-right: auto;text-align: center;\" id=\"lavra-3810067841\"><a href=\"https:\/\/sistemas.lavras.mg.gov.br\/portalcidadao\/#df1b1a7c7b2a290bcb31e32771e610784662739a88807c0dacac58ede5f391a7530e299dc302d611ee73cb143fc22eaf93592e53e7b5bdb01b00a0b8d28dae460c141dd2ff83412e4dc1c31b16b25f33144a9e5620ea73b13f5bc1c59411d98439ad226e8af03840603796067d87afe130812cf3de24982d0e306f9e61e764e5\" aria-label=\"Banner_Educa\u00e7\u00e3o_PortallavrasTV\"><img src=\"https:\/\/lavras.tv\/site\/wp-content\/uploads\/2025\/01\/Banner_Educacao_PortallavrasTV.png\" alt=\"\"  srcset=\"https:\/\/lavras.tv\/site\/wp-content\/uploads\/2025\/01\/Banner_Educacao_PortallavrasTV.png 720w, https:\/\/lavras.tv\/site\/wp-content\/uploads\/2025\/01\/Banner_Educacao_PortallavrasTV-470x68.png 470w, https:\/\/lavras.tv\/site\/wp-content\/uploads\/2025\/01\/Banner_Educacao_PortallavrasTV-170x25.png 170w, https:\/\/lavras.tv\/site\/wp-content\/uploads\/2025\/01\/Banner_Educacao_PortallavrasTV-200x29.png 200w\" sizes=\"(max-width: 720px) 100vw, 720px\" width=\"720\" height=\"104\"  style=\"display: inline-block;\" \/><\/a><\/div><\/li><li><a href=\"https:\/\/sistemas.lavras.mg.gov.br\/portalcidadao\/#df1b1a7c7b2a290bcb31e32771e610784662739a88807c0dacac58ede5f391a7530e299dc302d611ee73cb143fc22eaf93592e53e7b5bdb01b00a0b8d28dae460c141dd2ff83412e4dc1c31b16b25f33144a9e5620ea73b13f5bc1c59411d98439ad226e8af03840603796067d87afe130812cf3de24982d0e306f9e61e764e5\" aria-label=\"Banner_Sa\u00fade_PortallavrasTV\"><img src=\"https:\/\/lavras.tv\/site\/wp-content\/uploads\/2025\/03\/Banner_Saude_PortallavrasTV.png\" alt=\"\"  srcset=\"https:\/\/lavras.tv\/site\/wp-content\/uploads\/2025\/03\/Banner_Saude_PortallavrasTV.png 720w, https:\/\/lavras.tv\/site\/wp-content\/uploads\/2025\/03\/Banner_Saude_PortallavrasTV-470x68.png 470w, https:\/\/lavras.tv\/site\/wp-content\/uploads\/2025\/03\/Banner_Saude_PortallavrasTV-170x25.png 170w, https:\/\/lavras.tv\/site\/wp-content\/uploads\/2025\/03\/Banner_Saude_PortallavrasTV-200x29.png 200w\" sizes=\"(max-width: 720px) 100vw, 720px\" width=\"720\" height=\"104\"   \/><\/a><\/li><li><div id=\"lavra-2709860291\" style=\"width:720px;height:104px;background-color:#ddd;overflow:scroll;\">\n\t<strong>Sa\u00edda da depura\u00e7\u00e3o de an\u00fancios<\/strong>\n\t<br><br>\n\tO an\u00fancio n\u00e3o \u00e9 exibido na p\u00e1gina<br><br>post atual: Unilavras lan\u00e7a Bolsa ENEM de M\u00e9rito Acad\u00eamico com descontos de at\u00e9 100%, ID: 169132<br><br><span style=\"color: red;\">O post atual n\u00e3o \u00e9 id\u00eantico ao post principal.<\/span><br><br>An\u00fancios: ROXO - TOPO INTERNA - ROTATIVO 2 (197)<br \/>Grupo de an\u00fancios: Princ_Meio01_720x104 (27)<br><br>Condi\u00e7\u00f5es de exibi\u00e7\u00e3o<div style=\"margin-bottom: 20px; white-space: pre-wrap; font-family: monospace; width: 100%; background: #ffe9e9;\"><strong>condi\u00e7\u00f5es gerais<\/strong><table border=\"1\"><thead><tr><th><\/th><th>An\u00fancios<\/th><th>wp_the_query<\/th><\/tr><\/thead><tr><td>is_main_query<\/td><td>1<\/td><td>1<\/td><\/tr><tr><td>is_rest_api<\/td><td>0<\/td><td>1<\/td><\/tr><tr><td>page<\/td><td>0<\/td><td>1<\/td><\/tr><tr><td>numpages<\/td><td>0<\/td><td>1<\/td><\/tr><tr><td>is_archive<\/td><td>1<\/td><td><\/td><\/tr><tr><td>is_search<\/td><td>1<\/td><td><\/td><\/tr><tr><td>is_home<\/td><td>1<\/td><td><\/td><\/tr><tr><td>is_404<\/td><td>1<\/td><td><\/td><\/tr><tr><td>is_attachment<\/td><td>1<\/td><td><\/td><\/tr><tr><td>is_singular<\/td><td>1<\/td><td><\/td><\/tr><tr><td>is_front_page<\/td><td>1<\/td><td><\/td><\/tr><tr><td>is_feed<\/td><td>1<\/td><td><\/td><\/tr><\/table><\/div><br><br><span style=\"color: red;\">Seu site usa HTTPS, mas o c\u00f3digo do an\u00fancio cont\u00e9m HTTP e pode n\u00e3o funcionar.<\/span>\t<br><br>\n\t<a style=\"color: green;\" href=\"https:\/\/wpadvancedads.com\/manual\/ad-debug-mode\/?utm_source=advanced-ads&utm_medium=link&utm_campaign=ad-debug-mode\" target=\"_blank\" rel=\"nofollow\">Encontre solu\u00e7\u00f5es no manual<\/a>\n<\/div>\n<\/li><\/ul><\/div><script>( window.advanced_ads_ready || jQuery( document ).ready ).call( null, function() {var $lavraslider2431657659 = jQuery( \".lavra-slider-2431657659\" );$lavraslider2431657659.on( \"unslider.ready\", function() { jQuery( \"div.custom-slider ul li\" ).css( \"display\", \"block\" ); });$lavraslider2431657659.unslider({ delay:4000, autoplay:true, nav:false, arrows:false, infinite:true });$lavraslider2431657659.on(\"mouseover\", function() {$lavraslider2431657659.unslider(\"stop\");}).on(\"mouseout\", function() {$lavraslider2431657659.unslider(\"start\");});});<\/script><\/div>\n<figure class=\"wp-block-image size-large\"><img fetchpriority=\"high\" decoding=\"async\" width=\"970\" height=\"646\" src=\"https:\/\/lavras.tv\/site\/wp-content\/uploads\/2026\/01\/IMG_0757-970x646.jpg\" alt=\"\" class=\"wp-image-169133\" srcset=\"https:\/\/lavras.tv\/site\/wp-content\/uploads\/2026\/01\/IMG_0757-970x646.jpg 970w, https:\/\/lavras.tv\/site\/wp-content\/uploads\/2026\/01\/IMG_0757-450x300.jpg 450w, https:\/\/lavras.tv\/site\/wp-content\/uploads\/2026\/01\/IMG_0757-170x113.jpg 170w, https:\/\/lavras.tv\/site\/wp-content\/uploads\/2026\/01\/IMG_0757-272x182.jpg 272w, https:\/\/lavras.tv\/site\/wp-content\/uploads\/2026\/01\/IMG_0757.jpg 1280w\" sizes=\"(max-width: 970px) 100vw, 970px\" \/><\/figure>\n\n\n\n<p>O Centro Universit\u00e1rio de Lavras est\u00e1 com inscri\u00e7\u00f5es abertas para o programa &#8220;Bolsa ENEM de M\u00e9rito Acad\u00eamico&#8221;.<br><\/p>\n\n\n\n<p>Estudantes que participaram do Enem a partir de 2015 podem se inscrever e garantir bolsas de at\u00e9 100%, v\u00e1lidas para todo o curso, de acordo com o desempenho no exame.<br><\/p>\n\n\n\n<p>Ap\u00f3s a aprova\u00e7\u00e3o, o candidato tem at\u00e9 tr\u00eas dias para efetuar a matr\u00edcula e aproveitar os descontos.<br><\/p>\n\n\n\n<p>Al\u00e9m da agilidade no ingresso, os interessados t\u00eam \u00e0 disposi\u00e7\u00e3o uma variedade de cursos com alta empregabilidade e forma\u00e7\u00e3o pr\u00e1tica desde os primeiros per\u00edodos.<br><\/p>\n\n\n\n<p>Como se inscrever?<br>Os candidatos podem se inscrever por meio da p\u00e1gina: <a href=\"https:\/\/unilavras.edu.br\/enem2026\/\">https:\/\/unilavras.edu.br\/enem2026\/<\/a> . Todas as regras do programa est\u00e3o dispon\u00edveis no regulamento no site.<br><\/p>\n\n\n\n<p>Sobre o Unilavras<br>Com mais de 60 anos de tradi\u00e7\u00e3o, o Unilavras \u00e9 refer\u00eancia em ensino superior no Sul de Minas, reconhecido com nota m\u00e1xima (5) pelo MEC. O Centro Universit\u00e1rio combina excel\u00eancia acad\u00eamica e inova\u00e7\u00e3o, oferecendo cursos de gradua\u00e7\u00e3o, p\u00f3s-gradua\u00e7\u00e3o e curta dura\u00e7\u00e3o em diversas \u00e1reas do conhecimento.<br><\/p>\n\n\n\n<p>A institui\u00e7\u00e3o investe em uma infraestrutura completa, com laborat\u00f3rios modernos, cl\u00ednicas-escola e ambientes que promovem o aprendizado na pr\u00e1tica, mantendo vivo o seu prop\u00f3sito de transformar vidas por meio da educa\u00e7\u00e3o e formar profissionais preparados para os desafios reais do mercado.<\/p>\n","protected":false},"excerpt":{"rendered":"<p>O Centro Universit\u00e1rio de Lavras est\u00e1 com inscri\u00e7\u00f5es abertas para o programa &#8220;Bolsa ENEM de M\u00e9rito Acad\u00eamico&#8221;. Estudantes que participaram do Enem a partir de 2015 podem se inscrever e garantir bolsas de at\u00e9 100%, v\u00e1lidas para todo o curso, de acordo com o desempenho no exame. Ap\u00f3s a aprova\u00e7\u00e3o, o candidato tem at\u00e9 tr\u00eas [&hellip;]<\/p>\n","protected":false},"author":5,"featured_media":169133,"comment_status":"closed","ping_status":"open","sticky":false,"template":"","format":"standard","meta":{"advgb_blocks_editor_width":"","advgb_blocks_columns_visual_guide":"","_exactmetrics_skip_tracking":false,"_exactmetrics_sitenote_active":false,"_exactmetrics_sitenote_note":"","_exactmetrics_sitenote_category":0,"footnotes":""},"categories":[7,2],"tags":[],"class_list":["post-169132","post","type-post","status-publish","format-standard","has-post-thumbnail","hentry","category-destaques","category-noticias"],"better_featured_image":{"id":169133,"alt_text":"","caption":"","description":"","media_type":"image","media_details":{"width":1280,"height":853,"file":"2026\/01\/IMG_0757.jpg","filesize":1016254,"sizes":{"medium":{"file":"IMG_0757-450x300.jpg","width":450,"height":300,"mime-type":"image\/jpeg","filesize":43201,"source_url":"https:\/\/lavras.tv\/site\/wp-content\/uploads\/2026\/01\/IMG_0757-450x300.jpg"},"large":{"file":"IMG_0757-970x646.jpg","width":970,"height":646,"mime-type":"image\/jpeg","filesize":147790,"source_url":"https:\/\/lavras.tv\/site\/wp-content\/uploads\/2026\/01\/IMG_0757-970x646.jpg"},"thumbnail":{"file":"IMG_0757-170x113.jpg","width":170,"height":113,"mime-type":"image\/jpeg","filesize":8846,"source_url":"https:\/\/lavras.tv\/site\/wp-content\/uploads\/2026\/01\/IMG_0757-170x113.jpg"},"alm-thumbnail":{"file":"IMG_0757-150x150.jpg","width":150,"height":150,"mime-type":"image\/jpeg","filesize":9542,"source_url":"https:\/\/lavras.tv\/site\/wp-content\/uploads\/2026\/01\/IMG_0757-150x150.jpg"},"sow-carousel-default":{"file":"IMG_0757-272x182.jpg","width":272,"height":182,"mime-type":"image\/jpeg","filesize":18890,"source_url":"https:\/\/lavras.tv\/site\/wp-content\/uploads\/2026\/01\/IMG_0757-272x182.jpg"}},"image_meta":{"aperture":"0","credit":"","camera":"","caption":"","created_timestamp":"0","copyright":"@UNILAVRAS-MKT","focal_length":"0","iso":"0","shutter_speed":"0","title":"","orientation":"0","keywords":[]}},"post":169132,"source_url":"https:\/\/lavras.tv\/site\/wp-content\/uploads\/2026\/01\/IMG_0757.jpg"},"author_meta":{"display_name":"Vinicius Bustamante","author_link":"https:\/\/lavras.tv\/site\/author\/vinicius-bustamante\/"},"featured_img":"https:\/\/lavras.tv\/site\/wp-content\/uploads\/2026\/01\/IMG_0757-450x300.jpg","coauthors":[],"tax_additional":{"categories":{"linked":["<a href=\"https:\/\/lavras.tv\/site\/category\/destaques\/\" class=\"advgb-post-tax-term\">Destaques<\/a>","<a href=\"https:\/\/lavras.tv\/site\/category\/noticias\/\" class=\"advgb-post-tax-term\">Not\u00edcias<\/a>"],"unlinked":["<span class=\"advgb-post-tax-term\">Destaques<\/span>","<span class=\"advgb-post-tax-term\">Not\u00edcias<\/span>"]}},"comment_count":"0","relative_dates":{"created":"Publicado 3 meses atr\u00e1s","modified":"Atualizado 3 meses atr\u00e1s"},"absolute_dates":{"created":"Publicado em 29 de janeiro de 2026","modified":"Atualizado em 29 de janeiro de 2026"},"absolute_dates_time":{"created":"Publicado em 29 de janeiro de 2026 17:57","modified":"Atualizado em 29 de janeiro de 2026 17:57"},"featured_img_caption":"","series_order":"","_links":{"self":[{"href":"https:\/\/lavras.tv\/site\/wp-json\/wp\/v2\/posts\/169132","targetHints":{"allow":["GET"]}}],"collection":[{"href":"https:\/\/lavras.tv\/site\/wp-json\/wp\/v2\/posts"}],"about":[{"href":"https:\/\/lavras.tv\/site\/wp-json\/wp\/v2\/types\/post"}],"author":[{"embeddable":true,"href":"https:\/\/lavras.tv\/site\/wp-json\/wp\/v2\/users\/5"}],"replies":[{"embeddable":true,"href":"https:\/\/lavras.tv\/site\/wp-json\/wp\/v2\/comments?post=169132"}],"version-history":[{"count":1,"href":"https:\/\/lavras.tv\/site\/wp-json\/wp\/v2\/posts\/169132\/revisions"}],"predecessor-version":[{"id":169134,"href":"https:\/\/lavras.tv\/site\/wp-json\/wp\/v2\/posts\/169132\/revisions\/169134"}],"wp:featuredmedia":[{"embeddable":true,"href":"https:\/\/lavras.tv\/site\/wp-json\/wp\/v2\/media\/169133"}],"wp:attachment":[{"href":"https:\/\/lavras.tv\/site\/wp-json\/wp\/v2\/media?parent=169132"}],"wp:term":[{"taxonomy":"category","embeddable":true,"href":"https:\/\/lavras.tv\/site\/wp-json\/wp\/v2\/categories?post=169132"},{"taxonomy":"post_tag","embeddable":true,"href":"https:\/\/lavras.tv\/site\/wp-json\/wp\/v2\/tags?post=169132"}],"curies":[{"name":"wp","href":"https:\/\/api.w.org\/{rel}","templated":true}]}}