{"id":169141,"date":"2026-01-30T14:24:35","date_gmt":"2026-01-30T17:24:35","guid":{"rendered":"https:\/\/lavras.tv\/site\/?p=169141"},"modified":"2026-01-30T14:24:37","modified_gmt":"2026-01-30T17:24:37","slug":"governo-de-minas-celebra-ampliacao-de-farmaceutica-em-varginha","status":"publish","type":"post","link":"https:\/\/lavras.tv\/site\/2026\/01\/30\/governo-de-minas-celebra-ampliacao-de-farmaceutica-em-varginha\/","title":{"rendered":"Governo de Minas celebra amplia\u00e7\u00e3o de farmac\u00eautica em Varginha"},"content":{"rendered":"<div class=\"lavra-antes-do-conteudo_2\" id=\"lavra-3935091674\"><div id=\"lavra-slider-27\" class=\"custom-slider lavra-slider-2162177766 lavra-slider\"><ul><li><div style=\"margin-left: auto;margin-right: auto;text-align: center;\" id=\"lavra-2920314323\"><a href=\"https:\/\/sistemas.lavras.mg.gov.br\/portalcidadao\/#df1b1a7c7b2a290bcb31e32771e610784662739a88807c0dacac58ede5f391a7530e299dc302d611ee73cb143fc22eaf93592e53e7b5bdb01b00a0b8d28dae460c141dd2ff83412e4dc1c31b16b25f33144a9e5620ea73b13f5bc1c59411d98439ad226e8af03840603796067d87afe130812cf3de24982d0e306f9e61e764e5\" aria-label=\"Lavras-TV&#8211;720x104px (1) (1)\"><img src=\"https:\/\/lavras.tv\/site\/wp-content\/uploads\/2025\/01\/Lavras-TV-720x104px-1-1.png\" alt=\"\"  srcset=\"https:\/\/lavras.tv\/site\/wp-content\/uploads\/2025\/01\/Lavras-TV-720x104px-1-1.png 720w, https:\/\/lavras.tv\/site\/wp-content\/uploads\/2025\/01\/Lavras-TV-720x104px-1-1-470x68.png 470w, https:\/\/lavras.tv\/site\/wp-content\/uploads\/2025\/01\/Lavras-TV-720x104px-1-1-170x25.png 170w, https:\/\/lavras.tv\/site\/wp-content\/uploads\/2025\/01\/Lavras-TV-720x104px-1-1-200x29.png 200w\" sizes=\"(max-width: 720px) 100vw, 720px\" width=\"720\" height=\"104\"  style=\"display: inline-block;\" \/><\/a><\/div><\/li><li><a href=\"https:\/\/sistemas.lavras.mg.gov.br\/portalcidadao\/#df1b1a7c7b2a290bcb31e32771e610784662739a88807c0dacac58ede5f391a7530e299dc302d611ee73cb143fc22eaf93592e53e7b5bdb01b00a0b8d28dae460c141dd2ff83412e4dc1c31b16b25f33144a9e5620ea73b13f5bc1c59411d98439ad226e8af03840603796067d87afe130812cf3de24982d0e306f9e61e764e5\" aria-label=\"Banner_Emprego_PortallavrasTV\"><img src=\"https:\/\/lavras.tv\/site\/wp-content\/uploads\/2025\/03\/Banner_Emprego_PortallavrasTV.png\" alt=\"\"  srcset=\"https:\/\/lavras.tv\/site\/wp-content\/uploads\/2025\/03\/Banner_Emprego_PortallavrasTV.png 720w, https:\/\/lavras.tv\/site\/wp-content\/uploads\/2025\/03\/Banner_Emprego_PortallavrasTV-470x68.png 470w, https:\/\/lavras.tv\/site\/wp-content\/uploads\/2025\/03\/Banner_Emprego_PortallavrasTV-170x25.png 170w, https:\/\/lavras.tv\/site\/wp-content\/uploads\/2025\/03\/Banner_Emprego_PortallavrasTV-200x29.png 200w\" sizes=\"(max-width: 720px) 100vw, 720px\" width=\"720\" height=\"104\"   \/><\/a><\/li><li><a href=\"https:\/\/sistemas.lavras.mg.gov.br\/portalcidadao\/#df1b1a7c7b2a290bcb31e32771e610784662739a88807c0dacac58ede5f391a7530e299dc302d611ee73cb143fc22eaf93592e53e7b5bdb01b00a0b8d28dae460c141dd2ff83412e4dc1c31b16b25f33144a9e5620ea73b13f5bc1c59411d98439ad226e8af03840603796067d87afe130812cf3de24982d0e306f9e61e764e5\" aria-label=\"Banner_Obras_PortallavrasTV\"><img src=\"https:\/\/lavras.tv\/site\/wp-content\/uploads\/2025\/03\/Banner_Obras_PortallavrasTV.png\" alt=\"\"  srcset=\"https:\/\/lavras.tv\/site\/wp-content\/uploads\/2025\/03\/Banner_Obras_PortallavrasTV.png 720w, https:\/\/lavras.tv\/site\/wp-content\/uploads\/2025\/03\/Banner_Obras_PortallavrasTV-470x68.png 470w, https:\/\/lavras.tv\/site\/wp-content\/uploads\/2025\/03\/Banner_Obras_PortallavrasTV-170x25.png 170w, https:\/\/lavras.tv\/site\/wp-content\/uploads\/2025\/03\/Banner_Obras_PortallavrasTV-200x29.png 200w\" sizes=\"(max-width: 720px) 100vw, 720px\" width=\"720\" height=\"104\"   \/><\/a><\/li><li><div style=\"margin-left: auto;margin-right: auto;text-align: center;\" id=\"lavra-3062948692\"><a href=\"https:\/\/sistemas.lavras.mg.gov.br\/portalcidadao\/#df1b1a7c7b2a290bcb31e32771e610784662739a88807c0dacac58ede5f391a7530e299dc302d611ee73cb143fc22eaf93592e53e7b5bdb01b00a0b8d28dae460c141dd2ff83412e4dc1c31b16b25f33144a9e5620ea73b13f5bc1c59411d98439ad226e8af03840603796067d87afe130812cf3de24982d0e306f9e61e764e5\" aria-label=\"Banner_Educa\u00e7\u00e3o_PortallavrasTV\"><img src=\"https:\/\/lavras.tv\/site\/wp-content\/uploads\/2025\/01\/Banner_Educacao_PortallavrasTV.png\" alt=\"\"  srcset=\"https:\/\/lavras.tv\/site\/wp-content\/uploads\/2025\/01\/Banner_Educacao_PortallavrasTV.png 720w, https:\/\/lavras.tv\/site\/wp-content\/uploads\/2025\/01\/Banner_Educacao_PortallavrasTV-470x68.png 470w, https:\/\/lavras.tv\/site\/wp-content\/uploads\/2025\/01\/Banner_Educacao_PortallavrasTV-170x25.png 170w, https:\/\/lavras.tv\/site\/wp-content\/uploads\/2025\/01\/Banner_Educacao_PortallavrasTV-200x29.png 200w\" sizes=\"(max-width: 720px) 100vw, 720px\" width=\"720\" height=\"104\"  style=\"display: inline-block;\" \/><\/a><\/div><\/li><li><a href=\"https:\/\/sistemas.lavras.mg.gov.br\/portalcidadao\/#df1b1a7c7b2a290bcb31e32771e610784662739a88807c0dacac58ede5f391a7530e299dc302d611ee73cb143fc22eaf93592e53e7b5bdb01b00a0b8d28dae460c141dd2ff83412e4dc1c31b16b25f33144a9e5620ea73b13f5bc1c59411d98439ad226e8af03840603796067d87afe130812cf3de24982d0e306f9e61e764e5\" aria-label=\"Banner_Sa\u00fade_PortallavrasTV\"><img src=\"https:\/\/lavras.tv\/site\/wp-content\/uploads\/2025\/03\/Banner_Saude_PortallavrasTV.png\" alt=\"\"  srcset=\"https:\/\/lavras.tv\/site\/wp-content\/uploads\/2025\/03\/Banner_Saude_PortallavrasTV.png 720w, https:\/\/lavras.tv\/site\/wp-content\/uploads\/2025\/03\/Banner_Saude_PortallavrasTV-470x68.png 470w, https:\/\/lavras.tv\/site\/wp-content\/uploads\/2025\/03\/Banner_Saude_PortallavrasTV-170x25.png 170w, https:\/\/lavras.tv\/site\/wp-content\/uploads\/2025\/03\/Banner_Saude_PortallavrasTV-200x29.png 200w\" sizes=\"(max-width: 720px) 100vw, 720px\" width=\"720\" height=\"104\"   \/><\/a><\/li><li><div id=\"lavra-4089501597\" style=\"width:720px;height:104px;background-color:#ddd;overflow:scroll;\">\n\t<strong>Sa\u00edda da depura\u00e7\u00e3o de an\u00fancios<\/strong>\n\t<br><br>\n\tO an\u00fancio n\u00e3o \u00e9 exibido na p\u00e1gina<br><br>post atual: Governo de Minas celebra amplia\u00e7\u00e3o de farmac\u00eautica em Varginha, ID: 169141<br><br><span style=\"color: red;\">O post atual n\u00e3o \u00e9 id\u00eantico ao post principal.<\/span><br><br>An\u00fancios: ROXO - TOPO INTERNA - ROTATIVO 2 (197)<br \/>Grupo de an\u00fancios: Princ_Meio01_720x104 (27)<br><br>Condi\u00e7\u00f5es de exibi\u00e7\u00e3o<div style=\"margin-bottom: 20px; white-space: pre-wrap; font-family: monospace; width: 100%; background: #ffe9e9;\"><strong>condi\u00e7\u00f5es gerais<\/strong><table border=\"1\"><thead><tr><th><\/th><th>An\u00fancios<\/th><th>wp_the_query<\/th><\/tr><\/thead><tr><td>is_main_query<\/td><td>1<\/td><td>1<\/td><\/tr><tr><td>is_rest_api<\/td><td>0<\/td><td>1<\/td><\/tr><tr><td>page<\/td><td>0<\/td><td>1<\/td><\/tr><tr><td>numpages<\/td><td>0<\/td><td>1<\/td><\/tr><tr><td>is_archive<\/td><td>1<\/td><td><\/td><\/tr><tr><td>is_search<\/td><td>1<\/td><td><\/td><\/tr><tr><td>is_home<\/td><td>1<\/td><td><\/td><\/tr><tr><td>is_404<\/td><td>1<\/td><td><\/td><\/tr><tr><td>is_attachment<\/td><td>1<\/td><td><\/td><\/tr><tr><td>is_singular<\/td><td>1<\/td><td><\/td><\/tr><tr><td>is_front_page<\/td><td>1<\/td><td><\/td><\/tr><tr><td>is_feed<\/td><td>1<\/td><td><\/td><\/tr><\/table><\/div><br><br><span style=\"color: red;\">Seu site usa HTTPS, mas o c\u00f3digo do an\u00fancio cont\u00e9m HTTP e pode n\u00e3o funcionar.<\/span>\t<br><br>\n\t<a style=\"color: green;\" href=\"https:\/\/wpadvancedads.com\/manual\/ad-debug-mode\/?utm_source=advanced-ads&utm_medium=link&utm_campaign=ad-debug-mode\" target=\"_blank\" rel=\"nofollow\">Encontre solu\u00e7\u00f5es no manual<\/a>\n<\/div>\n<\/li><\/ul><\/div><script>( window.advanced_ads_ready || jQuery( document ).ready ).call( null, function() {var $lavraslider2162177766 = jQuery( \".lavra-slider-2162177766\" );$lavraslider2162177766.on( \"unslider.ready\", function() { jQuery( \"div.custom-slider ul li\" ).css( \"display\", \"block\" ); });$lavraslider2162177766.unslider({ delay:4000, autoplay:true, nav:false, arrows:false, infinite:true });$lavraslider2162177766.on(\"mouseover\", function() {$lavraslider2162177766.unslider(\"stop\");}).on(\"mouseout\", function() {$lavraslider2162177766.unslider(\"start\");});});<\/script><\/div>\n<p><em>Em apenas dois anos no estado,&nbsp;Apsen&nbsp;dobra opera\u00e7\u00e3o com novo investimento de R$ 25 milh\u00f5es<\/em><\/p>\n\n\n\n<figure class=\"wp-block-image size-large\"><img fetchpriority=\"high\" decoding=\"async\" width=\"970\" height=\"728\" src=\"https:\/\/lavras.tv\/site\/wp-content\/uploads\/2026\/01\/49ba2099-d35f-46bc-ba9b-37c398df6ccceeee-970x728.png\" alt=\"\" class=\"wp-image-169142\" srcset=\"https:\/\/lavras.tv\/site\/wp-content\/uploads\/2026\/01\/49ba2099-d35f-46bc-ba9b-37c398df6ccceeee-970x728.png 970w, https:\/\/lavras.tv\/site\/wp-content\/uploads\/2026\/01\/49ba2099-d35f-46bc-ba9b-37c398df6ccceeee-400x300.png 400w, https:\/\/lavras.tv\/site\/wp-content\/uploads\/2026\/01\/49ba2099-d35f-46bc-ba9b-37c398df6ccceeee-170x128.png 170w, https:\/\/lavras.tv\/site\/wp-content\/uploads\/2026\/01\/49ba2099-d35f-46bc-ba9b-37c398df6ccceeee-1536x1152.png 1536w, https:\/\/lavras.tv\/site\/wp-content\/uploads\/2026\/01\/49ba2099-d35f-46bc-ba9b-37c398df6ccceeee.png 1600w\" sizes=\"(max-width: 970px) 100vw, 970px\" \/><\/figure>\n\n\n\n<p>O&nbsp;<a href=\"https:\/\/www.mg.gov.br\/\" target=\"_blank\" rel=\"noreferrer noopener\">Governo de Minas<\/a>, por meio da&nbsp;<a href=\"https:\/\/desenvolvimento.mg.gov.br\/\" target=\"_blank\" rel=\"noreferrer noopener\">Secretaria de Estado de Desenvolvimento Econ\u00f4mico (Sede-MG)<\/a>&nbsp;e da&nbsp;<a href=\"https:\/\/investminas.mg.gov.br\/\" target=\"_blank\" rel=\"noreferrer noopener\">Invest Minas<\/a>, celebra o sucesso de mais uma empresa que acreditou no estado. At\u00e9 o in\u00edcio de 2027, ao completar dois anos de atua\u00e7\u00e3o em Minas Gerais, a&nbsp;Apsen&nbsp;Farmac\u00eautica, uma das principais empresas do setor no Brasil, ter\u00e1 dobrado suas opera\u00e7\u00f5es no estado, com um investimento inteiramente privado de R$ 25 milh\u00f5es.<\/p>\n\n\n\n<p>O valor ser\u00e1 destinado \u00e0 expans\u00e3o do centro de distribui\u00e7\u00e3o (CD) localizado em Varginha, no Sul de Minas, no intuito de atender o aumento nas vendas de medicamentos e suplementos da marca.<\/p>\n\n\n\n<p>O an\u00fancio foi feito durante a visita do diretor-presidente da Invest Minas, Rodrigo Tavares, ao CD da companhia, localizado no Porto Seco Sul de Minas.<\/p>\n\n\n\n<p>\u201cO an\u00fancio da&nbsp;Apsen, que dobra suas opera\u00e7\u00f5es no estado em apenas dois anos, \u00e9 reflexo direto do ambiente favor\u00e1vel aos investimentos em Minas Gerais. Essa expans\u00e3o \u00e9 motivo de comemora\u00e7\u00e3o para uma regi\u00e3o de forte potencial de hub log\u00edstico e industrial\u201d, celebra a secret\u00e1ria de Estado de Desenvolvimento Econ\u00f4mico de Minas Gerais, Mila Corr\u00eaa da Costa.<\/p>\n\n\n\n<p>Acompanhado do diretor de Atra\u00e7\u00e3o de Investimentos, Ronaldo Alexandre&nbsp;Barquette, e do gerente de Rela\u00e7\u00f5es Institucionais da Invest Minas, Carlos Romualdo, Tavares falou a respeito de mais esta conquista para o povo mineiro, diretamente impactado por investimentos como esse.<\/p>\n\n\n\n<p>\u201cMinas Gerais re\u00fane localiza\u00e7\u00e3o estrat\u00e9gica, infraestrutura log\u00edstica, m\u00e3o de obra qualificada e uma pol\u00edtica consistente de atra\u00e7\u00e3o de investimentos. A expans\u00e3o da&nbsp;Apsen&nbsp;em Varginha demonstra a confian\u00e7a do setor farmac\u00eautico no potencial do estado e refor\u00e7a nosso compromisso em apoiar projetos que geram emprego, renda e desenvolvimento regional\u201d, destacou.<\/p>\n\n\n\n<p>Presente no Porto Seco Sul de Minas desde 2024, a&nbsp;Apsen&nbsp;investiu mais de R$ 25 milh\u00f5es na \u00e9poca para instalar seu centro de opera\u00e7\u00f5es. Atualmente a companhia conta com 62 colaboradores diretos, sendo 34 mulheres e 28 homens.<\/p>\n\n\n\n<p><strong>A empresa<\/strong><\/p>\n\n\n\n<p>Fundada em 1969, em S\u00e3o Paulo, a&nbsp;Apsen&nbsp;possui mais de cinco d\u00e9cadas de atua\u00e7\u00e3o no mercado farmac\u00eautico brasileiro, com presen\u00e7a em diversas \u00e1reas terap\u00eauticas e investimentos cont\u00ednuos em inova\u00e7\u00e3o, pesquisa e desenvolvimento.<\/p>\n\n\n\n<p>A empresa atua em diversas \u00e1reas terap\u00eauticas, como neurologia, psiquiatria, urologia, ginecologia,&nbsp;gastroenterologia, entre outras, al\u00e9m de apresentar crescimento cont\u00ednuo no segmento de suplementos alimentares.<\/p>\n\n\n\n<p>Sua expans\u00e3o em Minas Gerais integra a estrat\u00e9gia da companhia de fortalecer sua opera\u00e7\u00e3o log\u00edstica e ampliar sua atua\u00e7\u00e3o em novos mercados. E o Governo de Minas, por meio da&nbsp;Sede-MG&nbsp;e da Invest Minas tem tido atua\u00e7\u00e3o fundamental para que os novos passos sejam dados.<\/p>\n","protected":false},"excerpt":{"rendered":"<p>Em apenas dois anos no estado,&nbsp;Apsen&nbsp;dobra opera\u00e7\u00e3o com novo investimento de R$ 25 milh\u00f5es O&nbsp;Governo de Minas, por meio da&nbsp;Secretaria de Estado de Desenvolvimento Econ\u00f4mico (Sede-MG)&nbsp;e da&nbsp;Invest Minas, celebra o sucesso de mais uma empresa que acreditou no estado. At\u00e9 o in\u00edcio de 2027, ao completar dois anos de atua\u00e7\u00e3o em Minas Gerais, a&nbsp;Apsen&nbsp;Farmac\u00eautica, uma [&hellip;]<\/p>\n","protected":false},"author":5,"featured_media":169142,"comment_status":"closed","ping_status":"open","sticky":false,"template":"","format":"standard","meta":{"advgb_blocks_editor_width":"","advgb_blocks_columns_visual_guide":"","_exactmetrics_skip_tracking":false,"_exactmetrics_sitenote_active":false,"_exactmetrics_sitenote_note":"","_exactmetrics_sitenote_category":0,"footnotes":""},"categories":[7,2],"tags":[],"class_list":["post-169141","post","type-post","status-publish","format-standard","has-post-thumbnail","hentry","category-destaques","category-noticias"],"better_featured_image":{"id":169142,"alt_text":"","caption":"","description":"","media_type":"image","media_details":{"width":1600,"height":1200,"file":"2026\/01\/49ba2099-d35f-46bc-ba9b-37c398df6ccceeee.png","filesize":4006490,"sizes":{"medium":{"file":"49ba2099-d35f-46bc-ba9b-37c398df6ccceeee-400x300.png","width":400,"height":300,"mime-type":"image\/png","filesize":239459,"source_url":"https:\/\/lavras.tv\/site\/wp-content\/uploads\/2026\/01\/49ba2099-d35f-46bc-ba9b-37c398df6ccceeee-400x300.png"},"large":{"file":"49ba2099-d35f-46bc-ba9b-37c398df6ccceeee-970x728.png","width":970,"height":728,"mime-type":"image\/png","filesize":1158834,"source_url":"https:\/\/lavras.tv\/site\/wp-content\/uploads\/2026\/01\/49ba2099-d35f-46bc-ba9b-37c398df6ccceeee-970x728.png"},"thumbnail":{"file":"49ba2099-d35f-46bc-ba9b-37c398df6ccceeee-170x128.png","width":170,"height":128,"mime-type":"image\/png","filesize":49863,"source_url":"https:\/\/lavras.tv\/site\/wp-content\/uploads\/2026\/01\/49ba2099-d35f-46bc-ba9b-37c398df6ccceeee-170x128.png"},"1536x1536":{"file":"49ba2099-d35f-46bc-ba9b-37c398df6ccceeee-1536x1152.png","width":1536,"height":1152,"mime-type":"image\/png","filesize":2506578,"source_url":"https:\/\/lavras.tv\/site\/wp-content\/uploads\/2026\/01\/49ba2099-d35f-46bc-ba9b-37c398df6ccceeee-1536x1152.png"},"alm-thumbnail":{"file":"49ba2099-d35f-46bc-ba9b-37c398df6ccceeee-150x150.png","width":150,"height":150,"mime-type":"image\/png","filesize":51811,"source_url":"https:\/\/lavras.tv\/site\/wp-content\/uploads\/2026\/01\/49ba2099-d35f-46bc-ba9b-37c398df6ccceeee-150x150.png"},"sow-carousel-default":{"file":"49ba2099-d35f-46bc-ba9b-37c398df6ccceeee-272x182.png","width":272,"height":182,"mime-type":"image\/png","filesize":106657,"source_url":"https:\/\/lavras.tv\/site\/wp-content\/uploads\/2026\/01\/49ba2099-d35f-46bc-ba9b-37c398df6ccceeee-272x182.png"}},"image_meta":{"aperture":"0","credit":"","camera":"","caption":"","created_timestamp":"0","copyright":"","focal_length":"0","iso":"0","shutter_speed":"0","title":"","orientation":"0","keywords":[]}},"post":169141,"source_url":"https:\/\/lavras.tv\/site\/wp-content\/uploads\/2026\/01\/49ba2099-d35f-46bc-ba9b-37c398df6ccceeee.png"},"author_meta":{"display_name":"Vinicius Bustamante","author_link":"https:\/\/lavras.tv\/site\/author\/vinicius-bustamante\/"},"featured_img":"https:\/\/lavras.tv\/site\/wp-content\/uploads\/2026\/01\/49ba2099-d35f-46bc-ba9b-37c398df6ccceeee-400x300.png","coauthors":[],"tax_additional":{"categories":{"linked":["<a href=\"https:\/\/lavras.tv\/site\/category\/destaques\/\" class=\"advgb-post-tax-term\">Destaques<\/a>","<a href=\"https:\/\/lavras.tv\/site\/category\/noticias\/\" class=\"advgb-post-tax-term\">Not\u00edcias<\/a>"],"unlinked":["<span class=\"advgb-post-tax-term\">Destaques<\/span>","<span class=\"advgb-post-tax-term\">Not\u00edcias<\/span>"]}},"comment_count":"0","relative_dates":{"created":"Publicado 3 meses atr\u00e1s","modified":"Atualizado 3 meses atr\u00e1s"},"absolute_dates":{"created":"Publicado em 30 de janeiro de 2026","modified":"Atualizado em 30 de janeiro de 2026"},"absolute_dates_time":{"created":"Publicado em 30 de janeiro de 2026 14:24","modified":"Atualizado em 30 de janeiro de 2026 14:24"},"featured_img_caption":"","series_order":"","_links":{"self":[{"href":"https:\/\/lavras.tv\/site\/wp-json\/wp\/v2\/posts\/169141","targetHints":{"allow":["GET"]}}],"collection":[{"href":"https:\/\/lavras.tv\/site\/wp-json\/wp\/v2\/posts"}],"about":[{"href":"https:\/\/lavras.tv\/site\/wp-json\/wp\/v2\/types\/post"}],"author":[{"embeddable":true,"href":"https:\/\/lavras.tv\/site\/wp-json\/wp\/v2\/users\/5"}],"replies":[{"embeddable":true,"href":"https:\/\/lavras.tv\/site\/wp-json\/wp\/v2\/comments?post=169141"}],"version-history":[{"count":1,"href":"https:\/\/lavras.tv\/site\/wp-json\/wp\/v2\/posts\/169141\/revisions"}],"predecessor-version":[{"id":169143,"href":"https:\/\/lavras.tv\/site\/wp-json\/wp\/v2\/posts\/169141\/revisions\/169143"}],"wp:featuredmedia":[{"embeddable":true,"href":"https:\/\/lavras.tv\/site\/wp-json\/wp\/v2\/media\/169142"}],"wp:attachment":[{"href":"https:\/\/lavras.tv\/site\/wp-json\/wp\/v2\/media?parent=169141"}],"wp:term":[{"taxonomy":"category","embeddable":true,"href":"https:\/\/lavras.tv\/site\/wp-json\/wp\/v2\/categories?post=169141"},{"taxonomy":"post_tag","embeddable":true,"href":"https:\/\/lavras.tv\/site\/wp-json\/wp\/v2\/tags?post=169141"}],"curies":[{"name":"wp","href":"https:\/\/api.w.org\/{rel}","templated":true}]}}