{"id":169144,"date":"2026-01-30T14:25:55","date_gmt":"2026-01-30T17:25:55","guid":{"rendered":"https:\/\/lavras.tv\/site\/?p=169144"},"modified":"2026-01-30T14:25:56","modified_gmt":"2026-01-30T17:25:56","slug":"plano-de-contingencia-da-cemig-reforca-atendimento-durante-tempestades-em-minas-gerais","status":"publish","type":"post","link":"https:\/\/lavras.tv\/site\/2026\/01\/30\/plano-de-contingencia-da-cemig-reforca-atendimento-durante-tempestades-em-minas-gerais\/","title":{"rendered":"Plano de conting\u00eancia da Cemig refor\u00e7a atendimento durante tempestades em Minas Gerais\u00a0"},"content":{"rendered":"<div class=\"lavra-antes-do-conteudo_2\" id=\"lavra-3492291601\"><div id=\"lavra-slider-27\" class=\"custom-slider lavra-slider-2748114496 lavra-slider\"><ul><li><div style=\"margin-left: auto;margin-right: auto;text-align: center;\" id=\"lavra-2802031547\"><a href=\"https:\/\/sistemas.lavras.mg.gov.br\/portalcidadao\/#df1b1a7c7b2a290bcb31e32771e610784662739a88807c0dacac58ede5f391a7530e299dc302d611ee73cb143fc22eaf93592e53e7b5bdb01b00a0b8d28dae460c141dd2ff83412e4dc1c31b16b25f33144a9e5620ea73b13f5bc1c59411d98439ad226e8af03840603796067d87afe130812cf3de24982d0e306f9e61e764e5\" aria-label=\"Lavras-TV&#8211;720x104px (1) (1)\"><img src=\"https:\/\/lavras.tv\/site\/wp-content\/uploads\/2025\/01\/Lavras-TV-720x104px-1-1.png\" alt=\"\"  srcset=\"https:\/\/lavras.tv\/site\/wp-content\/uploads\/2025\/01\/Lavras-TV-720x104px-1-1.png 720w, https:\/\/lavras.tv\/site\/wp-content\/uploads\/2025\/01\/Lavras-TV-720x104px-1-1-470x68.png 470w, https:\/\/lavras.tv\/site\/wp-content\/uploads\/2025\/01\/Lavras-TV-720x104px-1-1-170x25.png 170w, https:\/\/lavras.tv\/site\/wp-content\/uploads\/2025\/01\/Lavras-TV-720x104px-1-1-200x29.png 200w\" sizes=\"(max-width: 720px) 100vw, 720px\" width=\"720\" height=\"104\"  style=\"display: inline-block;\" \/><\/a><\/div><\/li><li><a href=\"https:\/\/sistemas.lavras.mg.gov.br\/portalcidadao\/#df1b1a7c7b2a290bcb31e32771e610784662739a88807c0dacac58ede5f391a7530e299dc302d611ee73cb143fc22eaf93592e53e7b5bdb01b00a0b8d28dae460c141dd2ff83412e4dc1c31b16b25f33144a9e5620ea73b13f5bc1c59411d98439ad226e8af03840603796067d87afe130812cf3de24982d0e306f9e61e764e5\" aria-label=\"Banner_Emprego_PortallavrasTV\"><img src=\"https:\/\/lavras.tv\/site\/wp-content\/uploads\/2025\/03\/Banner_Emprego_PortallavrasTV.png\" alt=\"\"  srcset=\"https:\/\/lavras.tv\/site\/wp-content\/uploads\/2025\/03\/Banner_Emprego_PortallavrasTV.png 720w, https:\/\/lavras.tv\/site\/wp-content\/uploads\/2025\/03\/Banner_Emprego_PortallavrasTV-470x68.png 470w, https:\/\/lavras.tv\/site\/wp-content\/uploads\/2025\/03\/Banner_Emprego_PortallavrasTV-170x25.png 170w, https:\/\/lavras.tv\/site\/wp-content\/uploads\/2025\/03\/Banner_Emprego_PortallavrasTV-200x29.png 200w\" sizes=\"(max-width: 720px) 100vw, 720px\" width=\"720\" height=\"104\"   \/><\/a><\/li><li><a href=\"https:\/\/sistemas.lavras.mg.gov.br\/portalcidadao\/#df1b1a7c7b2a290bcb31e32771e610784662739a88807c0dacac58ede5f391a7530e299dc302d611ee73cb143fc22eaf93592e53e7b5bdb01b00a0b8d28dae460c141dd2ff83412e4dc1c31b16b25f33144a9e5620ea73b13f5bc1c59411d98439ad226e8af03840603796067d87afe130812cf3de24982d0e306f9e61e764e5\" aria-label=\"Banner_Obras_PortallavrasTV\"><img src=\"https:\/\/lavras.tv\/site\/wp-content\/uploads\/2025\/03\/Banner_Obras_PortallavrasTV.png\" alt=\"\"  srcset=\"https:\/\/lavras.tv\/site\/wp-content\/uploads\/2025\/03\/Banner_Obras_PortallavrasTV.png 720w, https:\/\/lavras.tv\/site\/wp-content\/uploads\/2025\/03\/Banner_Obras_PortallavrasTV-470x68.png 470w, https:\/\/lavras.tv\/site\/wp-content\/uploads\/2025\/03\/Banner_Obras_PortallavrasTV-170x25.png 170w, https:\/\/lavras.tv\/site\/wp-content\/uploads\/2025\/03\/Banner_Obras_PortallavrasTV-200x29.png 200w\" sizes=\"(max-width: 720px) 100vw, 720px\" width=\"720\" height=\"104\"   \/><\/a><\/li><li><div style=\"margin-left: auto;margin-right: auto;text-align: center;\" id=\"lavra-3919858316\"><a href=\"https:\/\/sistemas.lavras.mg.gov.br\/portalcidadao\/#df1b1a7c7b2a290bcb31e32771e610784662739a88807c0dacac58ede5f391a7530e299dc302d611ee73cb143fc22eaf93592e53e7b5bdb01b00a0b8d28dae460c141dd2ff83412e4dc1c31b16b25f33144a9e5620ea73b13f5bc1c59411d98439ad226e8af03840603796067d87afe130812cf3de24982d0e306f9e61e764e5\" aria-label=\"Banner_Educa\u00e7\u00e3o_PortallavrasTV\"><img src=\"https:\/\/lavras.tv\/site\/wp-content\/uploads\/2025\/01\/Banner_Educacao_PortallavrasTV.png\" alt=\"\"  srcset=\"https:\/\/lavras.tv\/site\/wp-content\/uploads\/2025\/01\/Banner_Educacao_PortallavrasTV.png 720w, https:\/\/lavras.tv\/site\/wp-content\/uploads\/2025\/01\/Banner_Educacao_PortallavrasTV-470x68.png 470w, https:\/\/lavras.tv\/site\/wp-content\/uploads\/2025\/01\/Banner_Educacao_PortallavrasTV-170x25.png 170w, https:\/\/lavras.tv\/site\/wp-content\/uploads\/2025\/01\/Banner_Educacao_PortallavrasTV-200x29.png 200w\" sizes=\"(max-width: 720px) 100vw, 720px\" width=\"720\" height=\"104\"  style=\"display: inline-block;\" \/><\/a><\/div><\/li><li><a href=\"https:\/\/sistemas.lavras.mg.gov.br\/portalcidadao\/#df1b1a7c7b2a290bcb31e32771e610784662739a88807c0dacac58ede5f391a7530e299dc302d611ee73cb143fc22eaf93592e53e7b5bdb01b00a0b8d28dae460c141dd2ff83412e4dc1c31b16b25f33144a9e5620ea73b13f5bc1c59411d98439ad226e8af03840603796067d87afe130812cf3de24982d0e306f9e61e764e5\" aria-label=\"Banner_Sa\u00fade_PortallavrasTV\"><img src=\"https:\/\/lavras.tv\/site\/wp-content\/uploads\/2025\/03\/Banner_Saude_PortallavrasTV.png\" alt=\"\"  srcset=\"https:\/\/lavras.tv\/site\/wp-content\/uploads\/2025\/03\/Banner_Saude_PortallavrasTV.png 720w, https:\/\/lavras.tv\/site\/wp-content\/uploads\/2025\/03\/Banner_Saude_PortallavrasTV-470x68.png 470w, https:\/\/lavras.tv\/site\/wp-content\/uploads\/2025\/03\/Banner_Saude_PortallavrasTV-170x25.png 170w, https:\/\/lavras.tv\/site\/wp-content\/uploads\/2025\/03\/Banner_Saude_PortallavrasTV-200x29.png 200w\" sizes=\"(max-width: 720px) 100vw, 720px\" width=\"720\" height=\"104\"   \/><\/a><\/li><li><div id=\"lavra-1615574061\" style=\"width:720px;height:104px;background-color:#ddd;overflow:scroll;\">\n\t<strong>Sa\u00edda da depura\u00e7\u00e3o de an\u00fancios<\/strong>\n\t<br><br>\n\tO an\u00fancio n\u00e3o \u00e9 exibido na p\u00e1gina<br><br>post atual: Plano de conting\u00eancia da Cemig refor\u00e7a atendimento durante tempestades em Minas Gerais\u00a0, ID: 169144<br><br><span style=\"color: red;\">O post atual n\u00e3o \u00e9 id\u00eantico ao post principal.<\/span><br><br>An\u00fancios: ROXO - TOPO INTERNA - ROTATIVO 2 (197)<br \/>Grupo de an\u00fancios: Princ_Meio01_720x104 (27)<br><br>Condi\u00e7\u00f5es de exibi\u00e7\u00e3o<div style=\"margin-bottom: 20px; white-space: pre-wrap; font-family: monospace; width: 100%; background: #ffe9e9;\"><strong>condi\u00e7\u00f5es gerais<\/strong><table border=\"1\"><thead><tr><th><\/th><th>An\u00fancios<\/th><th>wp_the_query<\/th><\/tr><\/thead><tr><td>is_main_query<\/td><td>1<\/td><td>1<\/td><\/tr><tr><td>is_rest_api<\/td><td>0<\/td><td>1<\/td><\/tr><tr><td>page<\/td><td>0<\/td><td>1<\/td><\/tr><tr><td>numpages<\/td><td>0<\/td><td>1<\/td><\/tr><tr><td>is_archive<\/td><td>1<\/td><td><\/td><\/tr><tr><td>is_search<\/td><td>1<\/td><td><\/td><\/tr><tr><td>is_home<\/td><td>1<\/td><td><\/td><\/tr><tr><td>is_404<\/td><td>1<\/td><td><\/td><\/tr><tr><td>is_attachment<\/td><td>1<\/td><td><\/td><\/tr><tr><td>is_singular<\/td><td>1<\/td><td><\/td><\/tr><tr><td>is_front_page<\/td><td>1<\/td><td><\/td><\/tr><tr><td>is_feed<\/td><td>1<\/td><td><\/td><\/tr><\/table><\/div><br><br><span style=\"color: red;\">Seu site usa HTTPS, mas o c\u00f3digo do an\u00fancio cont\u00e9m HTTP e pode n\u00e3o funcionar.<\/span>\t<br><br>\n\t<a style=\"color: green;\" href=\"https:\/\/wpadvancedads.com\/manual\/ad-debug-mode\/?utm_source=advanced-ads&utm_medium=link&utm_campaign=ad-debug-mode\" target=\"_blank\" rel=\"nofollow\">Encontre solu\u00e7\u00f5es no manual<\/a>\n<\/div>\n<\/li><\/ul><\/div><script>( window.advanced_ads_ready || jQuery( document ).ready ).call( null, function() {var $lavraslider2748114496 = jQuery( \".lavra-slider-2748114496\" );$lavraslider2748114496.on( \"unslider.ready\", function() { jQuery( \"div.custom-slider ul li\" ).css( \"display\", \"block\" ); });$lavraslider2748114496.unslider({ delay:4000, autoplay:true, nav:false, arrows:false, infinite:true });$lavraslider2748114496.on(\"mouseover\", function() {$lavraslider2748114496.unslider(\"stop\");}).on(\"mouseout\", function() {$lavraslider2748114496.unslider(\"start\");});});<\/script><\/div>\n<h2 class=\"wp-block-heading\">Opera\u00e7\u00e3o refor\u00e7ada garante resposta r\u00e1pida da companhia durante tempestades e eventos clim\u00e1ticos extremos<\/h2>\n\n\n\n<figure class=\"wp-block-image size-full\"><img fetchpriority=\"high\" decoding=\"async\" width=\"940\" height=\"350\" src=\"https:\/\/lavras.tv\/site\/wp-content\/uploads\/2026\/01\/835f3e5f-27ac-484a-8353-8fc5fb652b6deeeee.jpg\" alt=\"\" class=\"wp-image-169145\" srcset=\"https:\/\/lavras.tv\/site\/wp-content\/uploads\/2026\/01\/835f3e5f-27ac-484a-8353-8fc5fb652b6deeeee.jpg 940w, https:\/\/lavras.tv\/site\/wp-content\/uploads\/2026\/01\/835f3e5f-27ac-484a-8353-8fc5fb652b6deeeee-470x175.jpg 470w, https:\/\/lavras.tv\/site\/wp-content\/uploads\/2026\/01\/835f3e5f-27ac-484a-8353-8fc5fb652b6deeeee-170x63.jpg 170w\" sizes=\"(max-width: 940px) 100vw, 940px\" \/><\/figure>\n\n\n\n<p>Durante o ver\u00e3o, quando tempestades, ventos fortes e descargas atmosf\u00e9ricas impactam diretamente o fornecimento de energia, os centros de Opera\u00e7\u00e3o da Distribui\u00e7\u00e3o (COD) e de Servi\u00e7os Integrados (CSI) da&nbsp;<a href=\"https:\/\/novoportal.cemig.com.br\/\" target=\"_blank\" rel=\"noreferrer noopener\">Cemig<\/a>, que s\u00e3o o c\u00e9rebro da opera\u00e7\u00e3o do sistema el\u00e9trico da companhia, atuam diretamente no restabelecimento da energia el\u00e9trica em toda a \u00e1rea de concess\u00e3o em Minas. E para dar conta de toda essa din\u00e2mica intensa, a Cemig possui um plano de conting\u00eancia preparado para refor\u00e7ar o n\u00famero de engenheiros e t\u00e9cnicos&nbsp;em situa\u00e7\u00f5es extremas.&nbsp;<\/p>\n\n\n\n<p>Os profissionais monitoram e atuam, em tempo real, na maior rede de distribui\u00e7\u00e3o da Am\u00e9rica do Sul, composta por quase 600 subesta\u00e7\u00f5es,&nbsp;19,2&nbsp;mil&nbsp;quil\u00f4metros de linhas de alta tens\u00e3o e cerca de&nbsp;550&nbsp;mil quil\u00f4metros&nbsp;de redes que atendem cidades, comunidades rurais e regi\u00f5es remotas de Minas Gerais.&nbsp;S\u00f3 para se ter uma&nbsp;ideia&nbsp;do tamanho da rede da Cemig, ela equivale a cerca de 14 voltas ao redor do planeta terra!&nbsp;<\/p>\n\n\n\n<p>Em um dia t\u00edpico, o COD e o CSI contam com cerca de&nbsp;130 profissionais&nbsp;dedicados \u00e0 opera\u00e7\u00e3o e ao atendimento. Durante o per\u00edodo chuvoso, quando o volume de ocorr\u00eancias aumenta significativamente, esse n\u00famero pode subir para quase&nbsp;170 profissionais.&nbsp;Em cen\u00e1rios extremos, como tempestades severas, ventos acima de quase 100 km\/h ou eventos clim\u00e1ticos intensos, a for\u00e7a operacional pode ser ampliada em at\u00e9 83%, podendo ser mobilizados&nbsp;cerca de 250 profissionais,&nbsp;entre engenheiros e t\u00e9cnicos diretamente dentro do centro de controle.&nbsp;<\/p>\n\n\n\n<p>Os dois centros funcionam 24 horas por dia, sete dias por semana, integrando informa\u00e7\u00f5es que chegam de sistemas automatizados espalhados pelo estado, imagens de sat\u00e9lite, previs\u00e3o meteorol\u00f3gica, sensores de diversas naturezas e registros das equipes de campo. Qualquer oscila\u00e7\u00e3o de tens\u00e3o, abertura autom\u00e1tica de religadores, falha em equipamentos&nbsp;ou&nbsp;interrup\u00e7\u00e3o de energia&nbsp;\u00e9 visualizada instantaneamente pelos operadores.&nbsp;<\/p>\n\n\n\n<p><strong>Escala da equipe em campo \u00e9 refor\u00e7ada&nbsp;em todo o estado durante eventos clim\u00e1ticos&nbsp;<\/strong><\/p>\n\n\n\n<p>A retaguarda operacional fora dos centros de opera\u00e7\u00f5es tamb\u00e9m cresce intensamente no ver\u00e3o. Em sua \u00e1rea de concess\u00e3o, a Cemig possui 606 bases descentralizadas que permitem resposta r\u00e1pida em qualquer regi\u00e3o. Em dias normais, a companhia conta com aproximadamente&nbsp;2.850&nbsp;colaboradores em campo e na retaguarda.&nbsp;<\/p>\n\n\n\n<p>Durante o per\u00edodo de chuvas, esse n\u00famero passa para mais de&nbsp;3.300&nbsp;profissionais. Em condi\u00e7\u00f5es clim\u00e1ticas extremas, como tempestades severas, ondas de calor com sobrecarga da rede ou eventos de grande impacto, a Cemig pode mobilizar mais de 8.500 colaboradores, um aumento superior a 290%.&nbsp;<\/p>\n\n\n\n<p>\u201cEsse refor\u00e7o garante que equipes estejam distribu\u00eddas estrategicamente em todo o estado, prontas para executar manuten\u00e7\u00f5es emergenciais, recompor rede danificada, operar equipamentos automatizados e restabelecer o fornecimento com rapidez e seguran\u00e7a\u201d, destaca o engenheiro do CSI, Guilherme Gon\u00e7alves Maia.<\/p>\n\n\n\n<p><strong>Ver\u00e3o \u00e9 ponto de m\u00e1xima aten\u00e7\u00e3o para a Cemig&nbsp;<\/strong><\/p>\n\n\n\n<p>O per\u00edodo chuvoso \u00e9 o maior desafio&nbsp;para a opera\u00e7\u00e3o do sistema el\u00e9trico. Por isso, o COD&nbsp;e o CSI&nbsp;re\u00fanem&nbsp;especialistas em meteorologia aplicada, engenheiros de&nbsp;opera\u00e7\u00e3o e de&nbsp;prote\u00e7\u00e3o, analistas de automa\u00e7\u00e3o, operadores de rede e profissionais de atendimento, todos trabalhando de maneira integrada.&nbsp;<\/p>\n\n\n\n<p>Com uso de modelos meteorol\u00f3gicos, mapas de risco, hist\u00f3rico de falhas e dados de intelig\u00eancia operacional, a equipe antecipa regi\u00f5es com maior probabilidade de impacto, realoca equipes antes que as tempestades cheguem e prioriza o restabelecimento em \u00e1reas sens\u00edveis, como hospitais, empresas de saneamento e regi\u00f5es de grande densidade populacional.&nbsp;<\/p>\n\n\n\n<p>\u201cO resultado \u00e9 um modelo de opera\u00e7\u00e3o que combina tecnologia, experi\u00eancia e resposta r\u00e1pida, garantindo que a Cemig mantenha a confiabilidade do sistema mesmo diante dos eventos clim\u00e1ticos mais cr\u00edticos do ano\u201d, afirma Guilherme Gon\u00e7alves Maia.&nbsp;<\/p>\n","protected":false},"excerpt":{"rendered":"<p>Opera\u00e7\u00e3o refor\u00e7ada garante resposta r\u00e1pida da companhia durante tempestades e eventos clim\u00e1ticos extremos Durante o ver\u00e3o, quando tempestades, ventos fortes e descargas atmosf\u00e9ricas impactam diretamente o fornecimento de energia, os centros de Opera\u00e7\u00e3o da Distribui\u00e7\u00e3o (COD) e de Servi\u00e7os Integrados (CSI) da&nbsp;Cemig, que s\u00e3o o c\u00e9rebro da opera\u00e7\u00e3o do sistema el\u00e9trico da companhia, atuam diretamente [&hellip;]<\/p>\n","protected":false},"author":5,"featured_media":169145,"comment_status":"closed","ping_status":"open","sticky":false,"template":"","format":"standard","meta":{"advgb_blocks_editor_width":"","advgb_blocks_columns_visual_guide":"","_exactmetrics_skip_tracking":false,"_exactmetrics_sitenote_active":false,"_exactmetrics_sitenote_note":"","_exactmetrics_sitenote_category":0,"footnotes":""},"categories":[7,2],"tags":[],"class_list":["post-169144","post","type-post","status-publish","format-standard","has-post-thumbnail","hentry","category-destaques","category-noticias"],"better_featured_image":{"id":169145,"alt_text":"","caption":"","description":"","media_type":"image","media_details":{"width":940,"height":350,"file":"2026\/01\/835f3e5f-27ac-484a-8353-8fc5fb652b6deeeee.jpg","filesize":385230,"sizes":{"medium":{"file":"835f3e5f-27ac-484a-8353-8fc5fb652b6deeeee-470x175.jpg","width":470,"height":175,"mime-type":"image\/jpeg","filesize":28539,"source_url":"https:\/\/lavras.tv\/site\/wp-content\/uploads\/2026\/01\/835f3e5f-27ac-484a-8353-8fc5fb652b6deeeee-470x175.jpg"},"thumbnail":{"file":"835f3e5f-27ac-484a-8353-8fc5fb652b6deeeee-170x63.jpg","width":170,"height":63,"mime-type":"image\/jpeg","filesize":5762,"source_url":"https:\/\/lavras.tv\/site\/wp-content\/uploads\/2026\/01\/835f3e5f-27ac-484a-8353-8fc5fb652b6deeeee-170x63.jpg"},"alm-thumbnail":{"file":"835f3e5f-27ac-484a-8353-8fc5fb652b6deeeee-150x150.jpg","width":150,"height":150,"mime-type":"image\/jpeg","filesize":9200,"source_url":"https:\/\/lavras.tv\/site\/wp-content\/uploads\/2026\/01\/835f3e5f-27ac-484a-8353-8fc5fb652b6deeeee-150x150.jpg"},"sow-carousel-default":{"file":"835f3e5f-27ac-484a-8353-8fc5fb652b6deeeee-272x182.jpg","width":272,"height":182,"mime-type":"image\/jpeg","filesize":18238,"source_url":"https:\/\/lavras.tv\/site\/wp-content\/uploads\/2026\/01\/835f3e5f-27ac-484a-8353-8fc5fb652b6deeeee-272x182.jpg"}},"image_meta":{"aperture":"0","credit":"","camera":"","caption":"","created_timestamp":"0","copyright":"","focal_length":"0","iso":"0","shutter_speed":"0","title":"","orientation":"0","keywords":[]}},"post":169144,"source_url":"https:\/\/lavras.tv\/site\/wp-content\/uploads\/2026\/01\/835f3e5f-27ac-484a-8353-8fc5fb652b6deeeee.jpg"},"author_meta":{"display_name":"Vinicius Bustamante","author_link":"https:\/\/lavras.tv\/site\/author\/vinicius-bustamante\/"},"featured_img":"https:\/\/lavras.tv\/site\/wp-content\/uploads\/2026\/01\/835f3e5f-27ac-484a-8353-8fc5fb652b6deeeee-470x175.jpg","coauthors":[],"tax_additional":{"categories":{"linked":["<a href=\"https:\/\/lavras.tv\/site\/category\/destaques\/\" class=\"advgb-post-tax-term\">Destaques<\/a>","<a href=\"https:\/\/lavras.tv\/site\/category\/noticias\/\" class=\"advgb-post-tax-term\">Not\u00edcias<\/a>"],"unlinked":["<span class=\"advgb-post-tax-term\">Destaques<\/span>","<span class=\"advgb-post-tax-term\">Not\u00edcias<\/span>"]}},"comment_count":"0","relative_dates":{"created":"Publicado 3 meses atr\u00e1s","modified":"Atualizado 3 meses atr\u00e1s"},"absolute_dates":{"created":"Publicado em 30 de janeiro de 2026","modified":"Atualizado em 30 de janeiro de 2026"},"absolute_dates_time":{"created":"Publicado em 30 de janeiro de 2026 14:25","modified":"Atualizado em 30 de janeiro de 2026 14:25"},"featured_img_caption":"","series_order":"","_links":{"self":[{"href":"https:\/\/lavras.tv\/site\/wp-json\/wp\/v2\/posts\/169144","targetHints":{"allow":["GET"]}}],"collection":[{"href":"https:\/\/lavras.tv\/site\/wp-json\/wp\/v2\/posts"}],"about":[{"href":"https:\/\/lavras.tv\/site\/wp-json\/wp\/v2\/types\/post"}],"author":[{"embeddable":true,"href":"https:\/\/lavras.tv\/site\/wp-json\/wp\/v2\/users\/5"}],"replies":[{"embeddable":true,"href":"https:\/\/lavras.tv\/site\/wp-json\/wp\/v2\/comments?post=169144"}],"version-history":[{"count":1,"href":"https:\/\/lavras.tv\/site\/wp-json\/wp\/v2\/posts\/169144\/revisions"}],"predecessor-version":[{"id":169146,"href":"https:\/\/lavras.tv\/site\/wp-json\/wp\/v2\/posts\/169144\/revisions\/169146"}],"wp:featuredmedia":[{"embeddable":true,"href":"https:\/\/lavras.tv\/site\/wp-json\/wp\/v2\/media\/169145"}],"wp:attachment":[{"href":"https:\/\/lavras.tv\/site\/wp-json\/wp\/v2\/media?parent=169144"}],"wp:term":[{"taxonomy":"category","embeddable":true,"href":"https:\/\/lavras.tv\/site\/wp-json\/wp\/v2\/categories?post=169144"},{"taxonomy":"post_tag","embeddable":true,"href":"https:\/\/lavras.tv\/site\/wp-json\/wp\/v2\/tags?post=169144"}],"curies":[{"name":"wp","href":"https:\/\/api.w.org\/{rel}","templated":true}]}}