{"id":169178,"date":"2026-02-03T17:04:43","date_gmt":"2026-02-03T20:04:43","guid":{"rendered":"https:\/\/lavras.tv\/site\/?p=169178"},"modified":"2026-02-03T17:04:45","modified_gmt":"2026-02-03T20:04:45","slug":"comeca-na-proxima-segunda-feira-9-2-a-escala-de-pagamentos-do-ipva-2026-em-minas-gerais","status":"publish","type":"post","link":"https:\/\/lavras.tv\/site\/2026\/02\/03\/comeca-na-proxima-segunda-feira-9-2-a-escala-de-pagamentos-do-ipva-2026-em-minas-gerais\/","title":{"rendered":"Come\u00e7a na pr\u00f3xima segunda-feira (9\/2) a escala de pagamentos do IPVA 2026 em Minas Gerais"},"content":{"rendered":"<div class=\"lavra-antes-do-conteudo_2\" id=\"lavra-1299191230\"><div id=\"lavra-slider-27\" class=\"custom-slider lavra-slider-3559921249 lavra-slider\"><ul><li><div style=\"margin-left: auto;margin-right: auto;text-align: center;\" id=\"lavra-3894945225\"><a href=\"https:\/\/sistemas.lavras.mg.gov.br\/portalcidadao\/#df1b1a7c7b2a290bcb31e32771e610784662739a88807c0dacac58ede5f391a7530e299dc302d611ee73cb143fc22eaf93592e53e7b5bdb01b00a0b8d28dae460c141dd2ff83412e4dc1c31b16b25f33144a9e5620ea73b13f5bc1c59411d98439ad226e8af03840603796067d87afe130812cf3de24982d0e306f9e61e764e5\" aria-label=\"Lavras-TV&#8211;720x104px (1) (1)\"><img src=\"https:\/\/lavras.tv\/site\/wp-content\/uploads\/2025\/01\/Lavras-TV-720x104px-1-1.png\" alt=\"\"  srcset=\"https:\/\/lavras.tv\/site\/wp-content\/uploads\/2025\/01\/Lavras-TV-720x104px-1-1.png 720w, https:\/\/lavras.tv\/site\/wp-content\/uploads\/2025\/01\/Lavras-TV-720x104px-1-1-470x68.png 470w, https:\/\/lavras.tv\/site\/wp-content\/uploads\/2025\/01\/Lavras-TV-720x104px-1-1-170x25.png 170w, https:\/\/lavras.tv\/site\/wp-content\/uploads\/2025\/01\/Lavras-TV-720x104px-1-1-200x29.png 200w\" sizes=\"(max-width: 720px) 100vw, 720px\" width=\"720\" height=\"104\"  style=\"display: inline-block;\" \/><\/a><\/div><\/li><li><a href=\"https:\/\/sistemas.lavras.mg.gov.br\/portalcidadao\/#df1b1a7c7b2a290bcb31e32771e610784662739a88807c0dacac58ede5f391a7530e299dc302d611ee73cb143fc22eaf93592e53e7b5bdb01b00a0b8d28dae460c141dd2ff83412e4dc1c31b16b25f33144a9e5620ea73b13f5bc1c59411d98439ad226e8af03840603796067d87afe130812cf3de24982d0e306f9e61e764e5\" aria-label=\"Banner_Emprego_PortallavrasTV\"><img src=\"https:\/\/lavras.tv\/site\/wp-content\/uploads\/2025\/03\/Banner_Emprego_PortallavrasTV.png\" alt=\"\"  srcset=\"https:\/\/lavras.tv\/site\/wp-content\/uploads\/2025\/03\/Banner_Emprego_PortallavrasTV.png 720w, https:\/\/lavras.tv\/site\/wp-content\/uploads\/2025\/03\/Banner_Emprego_PortallavrasTV-470x68.png 470w, https:\/\/lavras.tv\/site\/wp-content\/uploads\/2025\/03\/Banner_Emprego_PortallavrasTV-170x25.png 170w, https:\/\/lavras.tv\/site\/wp-content\/uploads\/2025\/03\/Banner_Emprego_PortallavrasTV-200x29.png 200w\" sizes=\"(max-width: 720px) 100vw, 720px\" width=\"720\" height=\"104\"   \/><\/a><\/li><li><a href=\"https:\/\/sistemas.lavras.mg.gov.br\/portalcidadao\/#df1b1a7c7b2a290bcb31e32771e610784662739a88807c0dacac58ede5f391a7530e299dc302d611ee73cb143fc22eaf93592e53e7b5bdb01b00a0b8d28dae460c141dd2ff83412e4dc1c31b16b25f33144a9e5620ea73b13f5bc1c59411d98439ad226e8af03840603796067d87afe130812cf3de24982d0e306f9e61e764e5\" aria-label=\"Banner_Obras_PortallavrasTV\"><img src=\"https:\/\/lavras.tv\/site\/wp-content\/uploads\/2025\/03\/Banner_Obras_PortallavrasTV.png\" alt=\"\"  srcset=\"https:\/\/lavras.tv\/site\/wp-content\/uploads\/2025\/03\/Banner_Obras_PortallavrasTV.png 720w, https:\/\/lavras.tv\/site\/wp-content\/uploads\/2025\/03\/Banner_Obras_PortallavrasTV-470x68.png 470w, https:\/\/lavras.tv\/site\/wp-content\/uploads\/2025\/03\/Banner_Obras_PortallavrasTV-170x25.png 170w, https:\/\/lavras.tv\/site\/wp-content\/uploads\/2025\/03\/Banner_Obras_PortallavrasTV-200x29.png 200w\" sizes=\"(max-width: 720px) 100vw, 720px\" width=\"720\" height=\"104\"   \/><\/a><\/li><li><div style=\"margin-left: auto;margin-right: auto;text-align: center;\" id=\"lavra-924462462\"><a href=\"https:\/\/sistemas.lavras.mg.gov.br\/portalcidadao\/#df1b1a7c7b2a290bcb31e32771e610784662739a88807c0dacac58ede5f391a7530e299dc302d611ee73cb143fc22eaf93592e53e7b5bdb01b00a0b8d28dae460c141dd2ff83412e4dc1c31b16b25f33144a9e5620ea73b13f5bc1c59411d98439ad226e8af03840603796067d87afe130812cf3de24982d0e306f9e61e764e5\" aria-label=\"Banner_Educa\u00e7\u00e3o_PortallavrasTV\"><img src=\"https:\/\/lavras.tv\/site\/wp-content\/uploads\/2025\/01\/Banner_Educacao_PortallavrasTV.png\" alt=\"\"  srcset=\"https:\/\/lavras.tv\/site\/wp-content\/uploads\/2025\/01\/Banner_Educacao_PortallavrasTV.png 720w, https:\/\/lavras.tv\/site\/wp-content\/uploads\/2025\/01\/Banner_Educacao_PortallavrasTV-470x68.png 470w, https:\/\/lavras.tv\/site\/wp-content\/uploads\/2025\/01\/Banner_Educacao_PortallavrasTV-170x25.png 170w, https:\/\/lavras.tv\/site\/wp-content\/uploads\/2025\/01\/Banner_Educacao_PortallavrasTV-200x29.png 200w\" sizes=\"(max-width: 720px) 100vw, 720px\" width=\"720\" height=\"104\"  style=\"display: inline-block;\" \/><\/a><\/div><\/li><li><a href=\"https:\/\/sistemas.lavras.mg.gov.br\/portalcidadao\/#df1b1a7c7b2a290bcb31e32771e610784662739a88807c0dacac58ede5f391a7530e299dc302d611ee73cb143fc22eaf93592e53e7b5bdb01b00a0b8d28dae460c141dd2ff83412e4dc1c31b16b25f33144a9e5620ea73b13f5bc1c59411d98439ad226e8af03840603796067d87afe130812cf3de24982d0e306f9e61e764e5\" aria-label=\"Banner_Sa\u00fade_PortallavrasTV\"><img src=\"https:\/\/lavras.tv\/site\/wp-content\/uploads\/2025\/03\/Banner_Saude_PortallavrasTV.png\" alt=\"\"  srcset=\"https:\/\/lavras.tv\/site\/wp-content\/uploads\/2025\/03\/Banner_Saude_PortallavrasTV.png 720w, https:\/\/lavras.tv\/site\/wp-content\/uploads\/2025\/03\/Banner_Saude_PortallavrasTV-470x68.png 470w, https:\/\/lavras.tv\/site\/wp-content\/uploads\/2025\/03\/Banner_Saude_PortallavrasTV-170x25.png 170w, https:\/\/lavras.tv\/site\/wp-content\/uploads\/2025\/03\/Banner_Saude_PortallavrasTV-200x29.png 200w\" sizes=\"(max-width: 720px) 100vw, 720px\" width=\"720\" height=\"104\"   \/><\/a><\/li><li><div id=\"lavra-1108608866\" style=\"width:720px;height:104px;background-color:#ddd;overflow:scroll;\">\n\t<strong>Sa\u00edda da depura\u00e7\u00e3o de an\u00fancios<\/strong>\n\t<br><br>\n\tO an\u00fancio n\u00e3o \u00e9 exibido na p\u00e1gina<br><br>post atual: Come\u00e7a na pr\u00f3xima segunda-feira (9\/2) a escala de pagamentos do IPVA 2026 em Minas Gerais, ID: 169178<br><br><span style=\"color: red;\">O post atual n\u00e3o \u00e9 id\u00eantico ao post principal.<\/span><br><br>An\u00fancios: ROXO - TOPO INTERNA - ROTATIVO 2 (197)<br \/>Grupo de an\u00fancios: Princ_Meio01_720x104 (27)<br><br>Condi\u00e7\u00f5es de exibi\u00e7\u00e3o<div style=\"margin-bottom: 20px; white-space: pre-wrap; font-family: monospace; width: 100%; background: #ffe9e9;\"><strong>condi\u00e7\u00f5es gerais<\/strong><table border=\"1\"><thead><tr><th><\/th><th>An\u00fancios<\/th><th>wp_the_query<\/th><\/tr><\/thead><tr><td>is_main_query<\/td><td>1<\/td><td>1<\/td><\/tr><tr><td>is_rest_api<\/td><td>0<\/td><td>1<\/td><\/tr><tr><td>page<\/td><td>0<\/td><td>1<\/td><\/tr><tr><td>numpages<\/td><td>0<\/td><td>1<\/td><\/tr><tr><td>is_archive<\/td><td>1<\/td><td><\/td><\/tr><tr><td>is_search<\/td><td>1<\/td><td><\/td><\/tr><tr><td>is_home<\/td><td>1<\/td><td><\/td><\/tr><tr><td>is_404<\/td><td>1<\/td><td><\/td><\/tr><tr><td>is_attachment<\/td><td>1<\/td><td><\/td><\/tr><tr><td>is_singular<\/td><td>1<\/td><td><\/td><\/tr><tr><td>is_front_page<\/td><td>1<\/td><td><\/td><\/tr><tr><td>is_feed<\/td><td>1<\/td><td><\/td><\/tr><\/table><\/div><br><br><span style=\"color: red;\">Seu site usa HTTPS, mas o c\u00f3digo do an\u00fancio cont\u00e9m HTTP e pode n\u00e3o funcionar.<\/span>\t<br><br>\n\t<a style=\"color: green;\" href=\"https:\/\/wpadvancedads.com\/manual\/ad-debug-mode\/?utm_source=advanced-ads&utm_medium=link&utm_campaign=ad-debug-mode\" target=\"_blank\" rel=\"nofollow\">Encontre solu\u00e7\u00f5es no manual<\/a>\n<\/div>\n<\/li><\/ul><\/div><script>( window.advanced_ads_ready || jQuery( document ).ready ).call( null, function() {var $lavraslider3559921249 = jQuery( \".lavra-slider-3559921249\" );$lavraslider3559921249.on( \"unslider.ready\", function() { jQuery( \"div.custom-slider ul li\" ).css( \"display\", \"block\" ); });$lavraslider3559921249.unslider({ delay:4000, autoplay:true, nav:false, arrows:false, infinite:true });$lavraslider3559921249.on(\"mouseover\", function() {$lavraslider3559921249.unslider(\"stop\");}).on(\"mouseout\", function() {$lavraslider3559921249.unslider(\"start\");});});<\/script><\/div>\n<h2 class=\"wp-block-heading\">Vencimentos v\u00e3o at\u00e9 13\/2, de acordo com o final de placa; pagamento em cota \u00fanica d\u00e1 desconto de 3% no valor do imposto<\/h2>\n\n\n\n<figure class=\"wp-block-image\"><img decoding=\"async\" src=\"https:\/\/www.agenciaminas.mg.gov.br\/system\/news\/images\/000\/128\/909\/large\/11-_AP_8671.jpg?1770046782\" alt=\"imagem de destaque\"\/><\/figure>\n\n\n\n<p>Propriet\u00e1rios de ve\u00edculos devem ficar atentos e conferir a escala de pagamentos do Imposto sobre a Propriedade de Ve\u00edculos Automotores (IPVA) de 2026 em Minas Gerais, que come\u00e7a na pr\u00f3xima segunda-feira (9\/2). De acordo com o final da placa, as datas de vencimento da primeira parcela ou cota \u00fanica v\u00e3o at\u00e9 o dia 13\/2.&nbsp;<br><br>Quem optar pelo pagamento em cota \u00fanica ter\u00e1 desconto de 3%. Para o pagamento parcelado, a escala segue em mar\u00e7o (9\/3 a 13\/3) e abril (9\/4 a 15\/4)<\/p>\n\n\n\n<figure class=\"wp-block-image\"><img decoding=\"async\" src=\"https:\/\/www.agenciaminas.mg.gov.br\/ckeditor_assets\/pictures\/23863\/content_campanha-ipva-2026_calendario_geral_4.png\" alt=\"\"\/><\/figure>\n\n\n\n<p>Os valores do IPVA podem ser consultados informando o Renavam do ve\u00edculo, por meio do&nbsp;<a href=\"http:\/\/www.fazenda.mg.gov.br\/\" target=\"_blank\" rel=\"noreferrer noopener\">site da Secretaria de Estado de Fazenda de Minas Gerais (SEF\/MG)<\/a>, do telefone 155 do LigMinas ou do aplicativo MG App.<br><br><strong>Bom Pagador<\/strong><br><br>Em 2026, est\u00e1 mantido o programa Bom Pagador, que d\u00e1 desconto extra de 3% no IPVA para os ve\u00edculos que se mantiveram regulares em 2025 e 2024. O desconto \u00e9 autom\u00e1tico, j\u00e1 aplicado no valor lan\u00e7ado. O propriet\u00e1rio que optar pelo pagamento do imposto em cota \u00fanica e se beneficiar do programa Bom Pagador&nbsp;acumular\u00e1 os dois descontos.<br><br><strong>Arrecada\u00e7\u00e3o<\/strong><br><br>Em Minas Gerais, a expectativa de arrecada\u00e7\u00e3o do IPVA 2026 \u00e9 de R$ 12.063.945.888 para uma frota tribut\u00e1vel de 8.578.876 ve\u00edculos. J\u00e1 a arrecada\u00e7\u00e3o prevista com a Taxa de Renova\u00e7\u00e3o de Licenciamento Anual de Ve\u00edculo (TRLAV) \u00e9 de R$ 413.510.407,18.<br><br><strong>Penalidades<\/strong><br><br>O pagamento em atraso do IPVA gera multa de 0,3% ao dia at\u00e9 30\u00ba (trig\u00e9simo) dia e de 20% ap\u00f3s o 30\u00ba (trig\u00e9simo) dia, al\u00e9m de juros da Taxa Referencial do Sistema Especial de Liquida\u00e7\u00e3o e de Cust\u00f3dia (Selic).<br><br>No caso de atraso da TRLAV, as penalidades s\u00e3o multa de 0,15% ao dia at\u00e9 30\u00ba (trig\u00e9simo) dia; de 9% do 31\u00ba at\u00e9 o 60\u00ba dia e de 12% a partir do 61\u00ba dia, al\u00e9m de juros da Taxa Referencial do Sistema Especial de Liquida\u00e7\u00e3o e de Cust\u00f3dia (Selic).<br><br><strong>Isen\u00e7\u00e3o<\/strong><br><br>Em raz\u00e3o de altera\u00e7\u00e3o na legisla\u00e7\u00e3o, promovida pelo Congresso Nacional, 3.376.501 ve\u00edculos com 20 anos ou mais de fabrica\u00e7\u00e3o foram isentos do IPVA em Minas Gerais, totalizando uma ren\u00fancia de receita no valor de R$ 1,06 bilh\u00e3o.<br><br>A isen\u00e7\u00e3o, que abrange ve\u00edculos de passageiros, incluindo motocicletas, caminhonetes e ve\u00edculos de uso misto, \u00e9 aplicada automaticamente pela Secretaria de Fazenda. Portanto, n\u00e3o \u00e9 necess\u00e1ria nenhuma a\u00e7\u00e3o da parte do propriet\u00e1rio. N\u00e3o est\u00e3o contemplados \u00f4nibus, micro-\u00f4nibus e ve\u00edculos de carga.<br><br>Vale ressaltar que mesmo esses ve\u00edculos isentos do IPVA devem pagar a Taxa de Licenciamento.<br><br><strong>Como pagar<\/strong><br><br>Os pagamentos do IPVA e da TRLAV podem ser feitos via Pix (QR Code), Documento de Arrecada\u00e7\u00e3o Estadual (DAE), internet banking ou diretamente nos terminais de autoatendimento ou guich\u00eas dos agentes autorizados (Bradesco, Sicoob, Mercantil, Caixa, Casas Lot\u00e9ricas, Banco do Brasil, Mais BB, Ita\u00fa e Santander), bastando informar o n\u00famero do Renavam do ve\u00edculo.<br><br>Para gerar o c\u00f3digo Pix (QR Code) e emitir o DAE, \u00e9 necess\u00e1rio acessar o&nbsp;<a href=\"http:\/\/www.fazenda.mg.gov.br\/\" target=\"_blank\" rel=\"noreferrer noopener\">site oficial&nbsp;<\/a>da SEF.<br><br>No caso de pagamento por Pix, o beneficiado da opera\u00e7\u00e3o sempre ser\u00e1 Estado de Minas Gerais, CNPJ18.715.615\/0001-60, e bancos emissores Ita\u00fa e Santander.<\/p>\n\n\n\n<figure class=\"wp-block-image\"><img decoding=\"async\" src=\"https:\/\/www.agenciaminas.mg.gov.br\/ckeditor_assets\/pictures\/23864\/content_roteiro_como_pagar_seu_ipva_site_agencia_minas.png\" alt=\"\"\/><\/figure>\n\n\n\n<p><strong>Preven\u00e7\u00e3o a golpes<\/strong><\/p>\n\n\n\n<p>Para orientar a popula\u00e7\u00e3o contra os golpes envolvendo o IPVA, uma for\u00e7a-tarefa que j\u00e1 contava com a&nbsp;<a href=\"https:\/\/www.fazenda.mg.gov.br\/\" target=\"_blank\" rel=\"noreferrer noopener\">Secretaria de Estado de Fazenda (SEF\/MG)<\/a>, a&nbsp;<a href=\"https:\/\/www.policiacivil.mg.gov.br\/\" target=\"_blank\" rel=\"noreferrer noopener\">Pol\u00edcia Civil (PCMG)<\/a>&nbsp;e o Minist\u00e9rio P\u00fablico de Minas Gerais (MPMG) ganhou o refor\u00e7o da&nbsp;<a href=\"https:\/\/www.ouvidoriageral.mg.gov.br\/\" target=\"_blank\" rel=\"noreferrer noopener\">Ouvidoria-Geral do Estado (OGE\/MG)<\/a>&nbsp;e do&nbsp;<a href=\"https:\/\/transito.mg.gov.br\/veiculos\" target=\"_blank\" rel=\"noreferrer noopener\">Departamento Estadual de Tr\u00e2nsito (Detran\/MG)<\/a>.<br><br>Al\u00e9m de divulgar massivamente as dicas de preven\u00e7\u00e3o, a for\u00e7a-tarefa tem como objetivo agir rapidamente para retirar do ar sites fraudulentos e investigar os crimes. Segundo levantamento da Secretaria de Fazenda, em 2025, foram recebidas 2,6 mil den\u00fancias de golpes tendo como alvo o IPVA.<\/p>\n","protected":false},"excerpt":{"rendered":"<p>Vencimentos v\u00e3o at\u00e9 13\/2, de acordo com o final de placa; pagamento em cota \u00fanica d\u00e1 desconto de 3% no valor do imposto Propriet\u00e1rios de ve\u00edculos devem ficar atentos e conferir a escala de pagamentos do Imposto sobre a Propriedade de Ve\u00edculos Automotores (IPVA) de 2026 em Minas Gerais, que come\u00e7a na pr\u00f3xima segunda-feira (9\/2). [&hellip;]<\/p>\n","protected":false},"author":5,"featured_media":169179,"comment_status":"closed","ping_status":"open","sticky":false,"template":"","format":"standard","meta":{"advgb_blocks_editor_width":"","advgb_blocks_columns_visual_guide":"","_exactmetrics_skip_tracking":false,"_exactmetrics_sitenote_active":false,"_exactmetrics_sitenote_note":"","_exactmetrics_sitenote_category":0,"footnotes":""},"categories":[7,2],"tags":[],"class_list":["post-169178","post","type-post","status-publish","format-standard","has-post-thumbnail","hentry","category-destaques","category-noticias"],"better_featured_image":{"id":169179,"alt_text":"","caption":"","description":"","media_type":"image","media_details":{"width":2560,"height":1920,"file":"2026\/02\/11-_AP_8671-scaled.jpg","filesize":445783,"sizes":{"medium":{"file":"11-_AP_8671-400x300.jpg","width":400,"height":300,"mime-type":"image\/jpeg","filesize":52161,"source_url":"https:\/\/lavras.tv\/site\/wp-content\/uploads\/2026\/02\/11-_AP_8671-400x300.jpg"},"large":{"file":"11-_AP_8671-970x728.jpg","width":970,"height":728,"mime-type":"image\/jpeg","filesize":120423,"source_url":"https:\/\/lavras.tv\/site\/wp-content\/uploads\/2026\/02\/11-_AP_8671-970x728.jpg"},"thumbnail":{"file":"11-_AP_8671-170x128.jpg","width":170,"height":128,"mime-type":"image\/jpeg","filesize":33942,"source_url":"https:\/\/lavras.tv\/site\/wp-content\/uploads\/2026\/02\/11-_AP_8671-170x128.jpg"},"1536x1536":{"file":"11-_AP_8671-1536x1152.jpg","width":1536,"height":1152,"mime-type":"image\/jpeg","filesize":213896,"source_url":"https:\/\/lavras.tv\/site\/wp-content\/uploads\/2026\/02\/11-_AP_8671-1536x1152.jpg"},"2048x2048":{"file":"11-_AP_8671-2048x1536.jpg","width":2048,"height":1536,"mime-type":"image\/jpeg","filesize":319897,"source_url":"https:\/\/lavras.tv\/site\/wp-content\/uploads\/2026\/02\/11-_AP_8671-2048x1536.jpg"},"alm-thumbnail":{"file":"11-_AP_8671-150x150.jpg","width":150,"height":150,"mime-type":"image\/jpeg","filesize":33836,"source_url":"https:\/\/lavras.tv\/site\/wp-content\/uploads\/2026\/02\/11-_AP_8671-150x150.jpg"},"sow-carousel-default":{"file":"11-_AP_8671-272x182.jpg","width":272,"height":182,"mime-type":"image\/jpeg","filesize":39914,"source_url":"https:\/\/lavras.tv\/site\/wp-content\/uploads\/2026\/02\/11-_AP_8671-272x182.jpg"}},"image_meta":{"aperture":"2.8","credit":"Dirceu Aurelio","camera":"Canon EOS R5","caption":"","created_timestamp":"1750935237","copyright":"SECOM MG","focal_length":"177","iso":"200","shutter_speed":"0.00125","title":"","orientation":"0","keywords":[]},"original_image":"11-_AP_8671.jpg"},"post":169178,"source_url":"https:\/\/lavras.tv\/site\/wp-content\/uploads\/2026\/02\/11-_AP_8671-scaled.jpg"},"author_meta":{"display_name":"Vinicius Bustamante","author_link":"https:\/\/lavras.tv\/site\/author\/vinicius-bustamante\/"},"featured_img":"https:\/\/lavras.tv\/site\/wp-content\/uploads\/2026\/02\/11-_AP_8671-400x300.jpg","coauthors":[],"tax_additional":{"categories":{"linked":["<a href=\"https:\/\/lavras.tv\/site\/category\/destaques\/\" class=\"advgb-post-tax-term\">Destaques<\/a>","<a href=\"https:\/\/lavras.tv\/site\/category\/noticias\/\" class=\"advgb-post-tax-term\">Not\u00edcias<\/a>"],"unlinked":["<span class=\"advgb-post-tax-term\">Destaques<\/span>","<span class=\"advgb-post-tax-term\">Not\u00edcias<\/span>"]}},"comment_count":"0","relative_dates":{"created":"Publicado 3 meses atr\u00e1s","modified":"Atualizado 3 meses atr\u00e1s"},"absolute_dates":{"created":"Publicado em 3 de fevereiro de 2026","modified":"Atualizado em 3 de fevereiro de 2026"},"absolute_dates_time":{"created":"Publicado em 3 de fevereiro de 2026 17:04","modified":"Atualizado em 3 de fevereiro de 2026 17:04"},"featured_img_caption":"","series_order":"","_links":{"self":[{"href":"https:\/\/lavras.tv\/site\/wp-json\/wp\/v2\/posts\/169178","targetHints":{"allow":["GET"]}}],"collection":[{"href":"https:\/\/lavras.tv\/site\/wp-json\/wp\/v2\/posts"}],"about":[{"href":"https:\/\/lavras.tv\/site\/wp-json\/wp\/v2\/types\/post"}],"author":[{"embeddable":true,"href":"https:\/\/lavras.tv\/site\/wp-json\/wp\/v2\/users\/5"}],"replies":[{"embeddable":true,"href":"https:\/\/lavras.tv\/site\/wp-json\/wp\/v2\/comments?post=169178"}],"version-history":[{"count":1,"href":"https:\/\/lavras.tv\/site\/wp-json\/wp\/v2\/posts\/169178\/revisions"}],"predecessor-version":[{"id":169180,"href":"https:\/\/lavras.tv\/site\/wp-json\/wp\/v2\/posts\/169178\/revisions\/169180"}],"wp:featuredmedia":[{"embeddable":true,"href":"https:\/\/lavras.tv\/site\/wp-json\/wp\/v2\/media\/169179"}],"wp:attachment":[{"href":"https:\/\/lavras.tv\/site\/wp-json\/wp\/v2\/media?parent=169178"}],"wp:term":[{"taxonomy":"category","embeddable":true,"href":"https:\/\/lavras.tv\/site\/wp-json\/wp\/v2\/categories?post=169178"},{"taxonomy":"post_tag","embeddable":true,"href":"https:\/\/lavras.tv\/site\/wp-json\/wp\/v2\/tags?post=169178"}],"curies":[{"name":"wp","href":"https:\/\/api.w.org\/{rel}","templated":true}]}}