{"id":169181,"date":"2026-02-03T17:06:59","date_gmt":"2026-02-03T20:06:59","guid":{"rendered":"https:\/\/lavras.tv\/site\/?p=169181"},"modified":"2026-02-03T17:07:00","modified_gmt":"2026-02-03T20:07:00","slug":"veiculo-pega-fogo-no-bairro-nova-lavras-e-mobiliza-policia-militar-e-corpo-de-bombeiros-na-tarde-desta-terca-feira-3","status":"publish","type":"post","link":"https:\/\/lavras.tv\/site\/2026\/02\/03\/veiculo-pega-fogo-no-bairro-nova-lavras-e-mobiliza-policia-militar-e-corpo-de-bombeiros-na-tarde-desta-terca-feira-3\/","title":{"rendered":"Ve\u00edculo pega fogo no bairro Nova Lavras e mobiliza Pol\u00edcia Militar e Corpo de Bombeiros na tarde desta ter\u00e7a-feira (3)"},"content":{"rendered":"<div class=\"lavra-antes-do-conteudo_2\" id=\"lavra-1843545541\"><div id=\"lavra-slider-27\" class=\"custom-slider lavra-slider-1593929546 lavra-slider\"><ul><li><div style=\"margin-left: auto;margin-right: auto;text-align: center;\" id=\"lavra-2796866174\"><a href=\"https:\/\/sistemas.lavras.mg.gov.br\/portalcidadao\/#df1b1a7c7b2a290bcb31e32771e610784662739a88807c0dacac58ede5f391a7530e299dc302d611ee73cb143fc22eaf93592e53e7b5bdb01b00a0b8d28dae460c141dd2ff83412e4dc1c31b16b25f33144a9e5620ea73b13f5bc1c59411d98439ad226e8af03840603796067d87afe130812cf3de24982d0e306f9e61e764e5\" aria-label=\"Lavras-TV&#8211;720x104px (1) (1)\"><img src=\"https:\/\/lavras.tv\/site\/wp-content\/uploads\/2025\/01\/Lavras-TV-720x104px-1-1.png\" alt=\"\"  srcset=\"https:\/\/lavras.tv\/site\/wp-content\/uploads\/2025\/01\/Lavras-TV-720x104px-1-1.png 720w, https:\/\/lavras.tv\/site\/wp-content\/uploads\/2025\/01\/Lavras-TV-720x104px-1-1-470x68.png 470w, https:\/\/lavras.tv\/site\/wp-content\/uploads\/2025\/01\/Lavras-TV-720x104px-1-1-170x25.png 170w, https:\/\/lavras.tv\/site\/wp-content\/uploads\/2025\/01\/Lavras-TV-720x104px-1-1-200x29.png 200w\" sizes=\"(max-width: 720px) 100vw, 720px\" width=\"720\" height=\"104\"  style=\"display: inline-block;\" \/><\/a><\/div><\/li><li><a href=\"https:\/\/sistemas.lavras.mg.gov.br\/portalcidadao\/#df1b1a7c7b2a290bcb31e32771e610784662739a88807c0dacac58ede5f391a7530e299dc302d611ee73cb143fc22eaf93592e53e7b5bdb01b00a0b8d28dae460c141dd2ff83412e4dc1c31b16b25f33144a9e5620ea73b13f5bc1c59411d98439ad226e8af03840603796067d87afe130812cf3de24982d0e306f9e61e764e5\" aria-label=\"Banner_Emprego_PortallavrasTV\"><img src=\"https:\/\/lavras.tv\/site\/wp-content\/uploads\/2025\/03\/Banner_Emprego_PortallavrasTV.png\" alt=\"\"  srcset=\"https:\/\/lavras.tv\/site\/wp-content\/uploads\/2025\/03\/Banner_Emprego_PortallavrasTV.png 720w, https:\/\/lavras.tv\/site\/wp-content\/uploads\/2025\/03\/Banner_Emprego_PortallavrasTV-470x68.png 470w, https:\/\/lavras.tv\/site\/wp-content\/uploads\/2025\/03\/Banner_Emprego_PortallavrasTV-170x25.png 170w, https:\/\/lavras.tv\/site\/wp-content\/uploads\/2025\/03\/Banner_Emprego_PortallavrasTV-200x29.png 200w\" sizes=\"(max-width: 720px) 100vw, 720px\" width=\"720\" height=\"104\"   \/><\/a><\/li><li><a href=\"https:\/\/sistemas.lavras.mg.gov.br\/portalcidadao\/#df1b1a7c7b2a290bcb31e32771e610784662739a88807c0dacac58ede5f391a7530e299dc302d611ee73cb143fc22eaf93592e53e7b5bdb01b00a0b8d28dae460c141dd2ff83412e4dc1c31b16b25f33144a9e5620ea73b13f5bc1c59411d98439ad226e8af03840603796067d87afe130812cf3de24982d0e306f9e61e764e5\" aria-label=\"Banner_Obras_PortallavrasTV\"><img src=\"https:\/\/lavras.tv\/site\/wp-content\/uploads\/2025\/03\/Banner_Obras_PortallavrasTV.png\" alt=\"\"  srcset=\"https:\/\/lavras.tv\/site\/wp-content\/uploads\/2025\/03\/Banner_Obras_PortallavrasTV.png 720w, https:\/\/lavras.tv\/site\/wp-content\/uploads\/2025\/03\/Banner_Obras_PortallavrasTV-470x68.png 470w, https:\/\/lavras.tv\/site\/wp-content\/uploads\/2025\/03\/Banner_Obras_PortallavrasTV-170x25.png 170w, https:\/\/lavras.tv\/site\/wp-content\/uploads\/2025\/03\/Banner_Obras_PortallavrasTV-200x29.png 200w\" sizes=\"(max-width: 720px) 100vw, 720px\" width=\"720\" height=\"104\"   \/><\/a><\/li><li><div style=\"margin-left: auto;margin-right: auto;text-align: center;\" id=\"lavra-1332800645\"><a href=\"https:\/\/sistemas.lavras.mg.gov.br\/portalcidadao\/#df1b1a7c7b2a290bcb31e32771e610784662739a88807c0dacac58ede5f391a7530e299dc302d611ee73cb143fc22eaf93592e53e7b5bdb01b00a0b8d28dae460c141dd2ff83412e4dc1c31b16b25f33144a9e5620ea73b13f5bc1c59411d98439ad226e8af03840603796067d87afe130812cf3de24982d0e306f9e61e764e5\" aria-label=\"Banner_Educa\u00e7\u00e3o_PortallavrasTV\"><img src=\"https:\/\/lavras.tv\/site\/wp-content\/uploads\/2025\/01\/Banner_Educacao_PortallavrasTV.png\" alt=\"\"  srcset=\"https:\/\/lavras.tv\/site\/wp-content\/uploads\/2025\/01\/Banner_Educacao_PortallavrasTV.png 720w, https:\/\/lavras.tv\/site\/wp-content\/uploads\/2025\/01\/Banner_Educacao_PortallavrasTV-470x68.png 470w, https:\/\/lavras.tv\/site\/wp-content\/uploads\/2025\/01\/Banner_Educacao_PortallavrasTV-170x25.png 170w, https:\/\/lavras.tv\/site\/wp-content\/uploads\/2025\/01\/Banner_Educacao_PortallavrasTV-200x29.png 200w\" sizes=\"(max-width: 720px) 100vw, 720px\" width=\"720\" height=\"104\"  style=\"display: inline-block;\" \/><\/a><\/div><\/li><li><a href=\"https:\/\/sistemas.lavras.mg.gov.br\/portalcidadao\/#df1b1a7c7b2a290bcb31e32771e610784662739a88807c0dacac58ede5f391a7530e299dc302d611ee73cb143fc22eaf93592e53e7b5bdb01b00a0b8d28dae460c141dd2ff83412e4dc1c31b16b25f33144a9e5620ea73b13f5bc1c59411d98439ad226e8af03840603796067d87afe130812cf3de24982d0e306f9e61e764e5\" aria-label=\"Banner_Sa\u00fade_PortallavrasTV\"><img src=\"https:\/\/lavras.tv\/site\/wp-content\/uploads\/2025\/03\/Banner_Saude_PortallavrasTV.png\" alt=\"\"  srcset=\"https:\/\/lavras.tv\/site\/wp-content\/uploads\/2025\/03\/Banner_Saude_PortallavrasTV.png 720w, https:\/\/lavras.tv\/site\/wp-content\/uploads\/2025\/03\/Banner_Saude_PortallavrasTV-470x68.png 470w, https:\/\/lavras.tv\/site\/wp-content\/uploads\/2025\/03\/Banner_Saude_PortallavrasTV-170x25.png 170w, https:\/\/lavras.tv\/site\/wp-content\/uploads\/2025\/03\/Banner_Saude_PortallavrasTV-200x29.png 200w\" sizes=\"(max-width: 720px) 100vw, 720px\" width=\"720\" height=\"104\"   \/><\/a><\/li><li><div id=\"lavra-2810036044\" style=\"width:720px;height:104px;background-color:#ddd;overflow:scroll;\">\n\t<strong>Sa\u00edda da depura\u00e7\u00e3o de an\u00fancios<\/strong>\n\t<br><br>\n\tO an\u00fancio n\u00e3o \u00e9 exibido na p\u00e1gina<br><br>post atual: Ve\u00edculo pega fogo no bairro Nova Lavras e mobiliza Pol\u00edcia Militar e Corpo de Bombeiros na tarde desta ter\u00e7a-feira (3), ID: 169181<br><br><span style=\"color: red;\">O post atual n\u00e3o \u00e9 id\u00eantico ao post principal.<\/span><br><br>An\u00fancios: ROXO - TOPO INTERNA - ROTATIVO 2 (197)<br \/>Grupo de an\u00fancios: Princ_Meio01_720x104 (27)<br><br>Condi\u00e7\u00f5es de exibi\u00e7\u00e3o<div style=\"margin-bottom: 20px; white-space: pre-wrap; font-family: monospace; width: 100%; background: #ffe9e9;\"><strong>condi\u00e7\u00f5es gerais<\/strong><table border=\"1\"><thead><tr><th><\/th><th>An\u00fancios<\/th><th>wp_the_query<\/th><\/tr><\/thead><tr><td>is_main_query<\/td><td>1<\/td><td>1<\/td><\/tr><tr><td>is_rest_api<\/td><td>0<\/td><td>1<\/td><\/tr><tr><td>page<\/td><td>0<\/td><td>1<\/td><\/tr><tr><td>numpages<\/td><td>0<\/td><td>1<\/td><\/tr><tr><td>is_archive<\/td><td>1<\/td><td><\/td><\/tr><tr><td>is_search<\/td><td>1<\/td><td><\/td><\/tr><tr><td>is_home<\/td><td>1<\/td><td><\/td><\/tr><tr><td>is_404<\/td><td>1<\/td><td><\/td><\/tr><tr><td>is_attachment<\/td><td>1<\/td><td><\/td><\/tr><tr><td>is_singular<\/td><td>1<\/td><td><\/td><\/tr><tr><td>is_front_page<\/td><td>1<\/td><td><\/td><\/tr><tr><td>is_feed<\/td><td>1<\/td><td><\/td><\/tr><\/table><\/div><br><br><span style=\"color: red;\">Seu site usa HTTPS, mas o c\u00f3digo do an\u00fancio cont\u00e9m HTTP e pode n\u00e3o funcionar.<\/span>\t<br><br>\n\t<a style=\"color: green;\" href=\"https:\/\/wpadvancedads.com\/manual\/ad-debug-mode\/?utm_source=advanced-ads&utm_medium=link&utm_campaign=ad-debug-mode\" target=\"_blank\" rel=\"nofollow\">Encontre solu\u00e7\u00f5es no manual<\/a>\n<\/div>\n<\/li><\/ul><\/div><script>( window.advanced_ads_ready || jQuery( document ).ready ).call( null, function() {var $lavraslider1593929546 = jQuery( \".lavra-slider-1593929546\" );$lavraslider1593929546.on( \"unslider.ready\", function() { jQuery( \"div.custom-slider ul li\" ).css( \"display\", \"block\" ); });$lavraslider1593929546.unslider({ delay:4000, autoplay:true, nav:false, arrows:false, infinite:true });$lavraslider1593929546.on(\"mouseover\", function() {$lavraslider1593929546.unslider(\"stop\");}).on(\"mouseout\", function() {$lavraslider1593929546.unslider(\"start\");});});<\/script><\/div>\n<figure class=\"wp-block-video\"><video height=\"848\" style=\"aspect-ratio: 480 \/ 848;\" width=\"480\" controls src=\"https:\/\/lavras.tv\/site\/wp-content\/uploads\/2026\/02\/WhatsApp-Video-2026-02-03-at-16.55.47.mp4\"><\/video><\/figure>\n\n\n\n<p>Um ve\u00edculo Eco Sport pegou fogo na tarde desta ter\u00e7a-feira (3\/02) na Rua Jorge Duarte, no bairro Nova Lavras. A intensidade das chamas impressionou e deixou os moradores do bairro apreensivos, j\u00e1 que havia possibilidade de uma explos\u00e3o maior.<\/p>\n\n\n\n<p>A Pol\u00edcia Militar est\u00e1 no local dando suporte aos Bombeiros que foram acionados para conter as chamas. At\u00e9 o momento n\u00e3o h\u00e1 informa\u00e7\u00f5es sobre feridos e o que ocasionou o fogo.<\/p>\n\n\n\n<p>Nossa reda\u00e7\u00e3o segue apurando e em breve atualizaremos este caso.<\/p>\n\n\n\n<figure class=\"wp-block-video\"><video height=\"848\" style=\"aspect-ratio: 480 \/ 848;\" width=\"480\" controls src=\"https:\/\/lavras.tv\/site\/wp-content\/uploads\/2026\/02\/WhatsApp-Video-2026-02-03-at-16.55.47-1.mp4\"><\/video><\/figure>\n\n\n\n<figure class=\"wp-block-image size-large\"><img fetchpriority=\"high\" decoding=\"async\" width=\"576\" height=\"1024\" src=\"https:\/\/lavras.tv\/site\/wp-content\/uploads\/2026\/02\/WhatsApp-Image-2026-02-03-at-16.55.47-1-576x1024.jpeg\" alt=\"\" class=\"wp-image-169183\" srcset=\"https:\/\/lavras.tv\/site\/wp-content\/uploads\/2026\/02\/WhatsApp-Image-2026-02-03-at-16.55.47-1-576x1024.jpeg 576w, https:\/\/lavras.tv\/site\/wp-content\/uploads\/2026\/02\/WhatsApp-Image-2026-02-03-at-16.55.47-1-169x300.jpeg 169w, https:\/\/lavras.tv\/site\/wp-content\/uploads\/2026\/02\/WhatsApp-Image-2026-02-03-at-16.55.47-1-84x150.jpeg 84w, https:\/\/lavras.tv\/site\/wp-content\/uploads\/2026\/02\/WhatsApp-Image-2026-02-03-at-16.55.47-1.jpeg 720w\" sizes=\"(max-width: 576px) 100vw, 576px\" \/><\/figure>\n","protected":false},"excerpt":{"rendered":"<p>Um ve\u00edculo Eco Sport pegou fogo na tarde desta ter\u00e7a-feira (3\/02) na Rua Jorge Duarte, no bairro Nova Lavras. A intensidade das chamas impressionou e deixou os moradores do bairro apreensivos, j\u00e1 que havia possibilidade de uma explos\u00e3o maior. A Pol\u00edcia Militar est\u00e1 no local dando suporte aos Bombeiros que foram acionados para conter as [&hellip;]<\/p>\n","protected":false},"author":5,"featured_media":169183,"comment_status":"closed","ping_status":"open","sticky":false,"template":"","format":"standard","meta":{"advgb_blocks_editor_width":"","advgb_blocks_columns_visual_guide":"","_exactmetrics_skip_tracking":false,"_exactmetrics_sitenote_active":false,"_exactmetrics_sitenote_note":"","_exactmetrics_sitenote_category":0,"footnotes":""},"categories":[17,2,5760],"tags":[],"class_list":["post-169181","post","type-post","status-publish","format-standard","has-post-thumbnail","hentry","category-jornal-cidade","category-noticias","category-noticias-jornal-cidade"],"better_featured_image":{"id":169183,"alt_text":"","caption":"","description":"","media_type":"image","media_details":{"width":720,"height":1280,"file":"2026\/02\/WhatsApp-Image-2026-02-03-at-16.55.47-1.jpeg","filesize":128921,"sizes":{"medium":{"file":"WhatsApp-Image-2026-02-03-at-16.55.47-1-169x300.jpeg","width":169,"height":300,"mime-type":"image\/jpeg","filesize":10084,"source_url":"https:\/\/lavras.tv\/site\/wp-content\/uploads\/2026\/02\/WhatsApp-Image-2026-02-03-at-16.55.47-1-169x300.jpeg"},"large":{"file":"WhatsApp-Image-2026-02-03-at-16.55.47-1-576x1024.jpeg","width":576,"height":1024,"mime-type":"image\/jpeg","filesize":96223,"source_url":"https:\/\/lavras.tv\/site\/wp-content\/uploads\/2026\/02\/WhatsApp-Image-2026-02-03-at-16.55.47-1-576x1024.jpeg"},"thumbnail":{"file":"WhatsApp-Image-2026-02-03-at-16.55.47-1-84x150.jpeg","width":84,"height":150,"mime-type":"image\/jpeg","filesize":3280,"source_url":"https:\/\/lavras.tv\/site\/wp-content\/uploads\/2026\/02\/WhatsApp-Image-2026-02-03-at-16.55.47-1-84x150.jpeg"},"alm-thumbnail":{"file":"WhatsApp-Image-2026-02-03-at-16.55.47-1-150x150.jpeg","width":150,"height":150,"mime-type":"image\/jpeg","filesize":5073,"source_url":"https:\/\/lavras.tv\/site\/wp-content\/uploads\/2026\/02\/WhatsApp-Image-2026-02-03-at-16.55.47-1-150x150.jpeg"},"sow-carousel-default":{"file":"WhatsApp-Image-2026-02-03-at-16.55.47-1-272x182.jpeg","width":272,"height":182,"mime-type":"image\/jpeg","filesize":10105,"source_url":"https:\/\/lavras.tv\/site\/wp-content\/uploads\/2026\/02\/WhatsApp-Image-2026-02-03-at-16.55.47-1-272x182.jpeg"}},"image_meta":{"aperture":"0","credit":"","camera":"","caption":"","created_timestamp":"0","copyright":"","focal_length":"0","iso":"0","shutter_speed":"0","title":"","orientation":"0","keywords":[]}},"post":169181,"source_url":"https:\/\/lavras.tv\/site\/wp-content\/uploads\/2026\/02\/WhatsApp-Image-2026-02-03-at-16.55.47-1.jpeg"},"author_meta":{"display_name":"Vinicius Bustamante","author_link":"https:\/\/lavras.tv\/site\/author\/vinicius-bustamante\/"},"featured_img":"https:\/\/lavras.tv\/site\/wp-content\/uploads\/2026\/02\/WhatsApp-Image-2026-02-03-at-16.55.47-1-169x300.jpeg","coauthors":[],"tax_additional":{"categories":{"linked":["<a href=\"https:\/\/lavras.tv\/site\/category\/sem-categoria\/jornal-cidade\/\" class=\"advgb-post-tax-term\">DESTAQUE PRINCIPAL<\/a>","<a href=\"https:\/\/lavras.tv\/site\/category\/noticias\/\" class=\"advgb-post-tax-term\">Not\u00edcias<\/a>","<a href=\"https:\/\/lavras.tv\/site\/category\/sem-categoria\/jornal-cidade\/noticias-jornal-cidade\/\" class=\"advgb-post-tax-term\">NOT\u00cdCIAS<\/a>"],"unlinked":["<span class=\"advgb-post-tax-term\">DESTAQUE PRINCIPAL<\/span>","<span class=\"advgb-post-tax-term\">Not\u00edcias<\/span>","<span class=\"advgb-post-tax-term\">NOT\u00cdCIAS<\/span>"]}},"comment_count":"0","relative_dates":{"created":"Publicado 3 meses atr\u00e1s","modified":"Atualizado 3 meses atr\u00e1s"},"absolute_dates":{"created":"Publicado em 3 de fevereiro de 2026","modified":"Atualizado em 3 de fevereiro de 2026"},"absolute_dates_time":{"created":"Publicado em 3 de fevereiro de 2026 17:06","modified":"Atualizado em 3 de fevereiro de 2026 17:07"},"featured_img_caption":"","series_order":"","_links":{"self":[{"href":"https:\/\/lavras.tv\/site\/wp-json\/wp\/v2\/posts\/169181","targetHints":{"allow":["GET"]}}],"collection":[{"href":"https:\/\/lavras.tv\/site\/wp-json\/wp\/v2\/posts"}],"about":[{"href":"https:\/\/lavras.tv\/site\/wp-json\/wp\/v2\/types\/post"}],"author":[{"embeddable":true,"href":"https:\/\/lavras.tv\/site\/wp-json\/wp\/v2\/users\/5"}],"replies":[{"embeddable":true,"href":"https:\/\/lavras.tv\/site\/wp-json\/wp\/v2\/comments?post=169181"}],"version-history":[{"count":1,"href":"https:\/\/lavras.tv\/site\/wp-json\/wp\/v2\/posts\/169181\/revisions"}],"predecessor-version":[{"id":169185,"href":"https:\/\/lavras.tv\/site\/wp-json\/wp\/v2\/posts\/169181\/revisions\/169185"}],"wp:featuredmedia":[{"embeddable":true,"href":"https:\/\/lavras.tv\/site\/wp-json\/wp\/v2\/media\/169183"}],"wp:attachment":[{"href":"https:\/\/lavras.tv\/site\/wp-json\/wp\/v2\/media?parent=169181"}],"wp:term":[{"taxonomy":"category","embeddable":true,"href":"https:\/\/lavras.tv\/site\/wp-json\/wp\/v2\/categories?post=169181"},{"taxonomy":"post_tag","embeddable":true,"href":"https:\/\/lavras.tv\/site\/wp-json\/wp\/v2\/tags?post=169181"}],"curies":[{"name":"wp","href":"https:\/\/api.w.org\/{rel}","templated":true}]}}