{"id":169186,"date":"2026-02-03T17:13:42","date_gmt":"2026-02-03T20:13:42","guid":{"rendered":"https:\/\/lavras.tv\/site\/?p=169186"},"modified":"2026-02-03T17:13:43","modified_gmt":"2026-02-03T20:13:43","slug":"governo-de-minas-abre-inscricoes-do-jemg-2026-para-municipios-mineiros","status":"publish","type":"post","link":"https:\/\/lavras.tv\/site\/2026\/02\/03\/governo-de-minas-abre-inscricoes-do-jemg-2026-para-municipios-mineiros\/","title":{"rendered":"Governo de Minas abre inscri\u00e7\u00f5es do\u00a0Jemg\u00a02026 para munic\u00edpios mineiros"},"content":{"rendered":"<div class=\"lavra-antes-do-conteudo_2\" id=\"lavra-3372975660\"><div id=\"lavra-slider-27\" class=\"custom-slider lavra-slider-1009603531 lavra-slider\"><ul><li><div style=\"margin-left: auto;margin-right: auto;text-align: center;\" id=\"lavra-4151396883\"><a href=\"https:\/\/sistemas.lavras.mg.gov.br\/portalcidadao\/#df1b1a7c7b2a290bcb31e32771e610784662739a88807c0dacac58ede5f391a7530e299dc302d611ee73cb143fc22eaf93592e53e7b5bdb01b00a0b8d28dae460c141dd2ff83412e4dc1c31b16b25f33144a9e5620ea73b13f5bc1c59411d98439ad226e8af03840603796067d87afe130812cf3de24982d0e306f9e61e764e5\" aria-label=\"Lavras-TV&#8211;720x104px (1) (1)\"><img src=\"https:\/\/lavras.tv\/site\/wp-content\/uploads\/2025\/01\/Lavras-TV-720x104px-1-1.png\" alt=\"\"  srcset=\"https:\/\/lavras.tv\/site\/wp-content\/uploads\/2025\/01\/Lavras-TV-720x104px-1-1.png 720w, https:\/\/lavras.tv\/site\/wp-content\/uploads\/2025\/01\/Lavras-TV-720x104px-1-1-470x68.png 470w, https:\/\/lavras.tv\/site\/wp-content\/uploads\/2025\/01\/Lavras-TV-720x104px-1-1-170x25.png 170w, https:\/\/lavras.tv\/site\/wp-content\/uploads\/2025\/01\/Lavras-TV-720x104px-1-1-200x29.png 200w\" sizes=\"(max-width: 720px) 100vw, 720px\" width=\"720\" height=\"104\"  style=\"display: inline-block;\" \/><\/a><\/div><\/li><li><a href=\"https:\/\/sistemas.lavras.mg.gov.br\/portalcidadao\/#df1b1a7c7b2a290bcb31e32771e610784662739a88807c0dacac58ede5f391a7530e299dc302d611ee73cb143fc22eaf93592e53e7b5bdb01b00a0b8d28dae460c141dd2ff83412e4dc1c31b16b25f33144a9e5620ea73b13f5bc1c59411d98439ad226e8af03840603796067d87afe130812cf3de24982d0e306f9e61e764e5\" aria-label=\"Banner_Emprego_PortallavrasTV\"><img src=\"https:\/\/lavras.tv\/site\/wp-content\/uploads\/2025\/03\/Banner_Emprego_PortallavrasTV.png\" alt=\"\"  srcset=\"https:\/\/lavras.tv\/site\/wp-content\/uploads\/2025\/03\/Banner_Emprego_PortallavrasTV.png 720w, https:\/\/lavras.tv\/site\/wp-content\/uploads\/2025\/03\/Banner_Emprego_PortallavrasTV-470x68.png 470w, https:\/\/lavras.tv\/site\/wp-content\/uploads\/2025\/03\/Banner_Emprego_PortallavrasTV-170x25.png 170w, https:\/\/lavras.tv\/site\/wp-content\/uploads\/2025\/03\/Banner_Emprego_PortallavrasTV-200x29.png 200w\" sizes=\"(max-width: 720px) 100vw, 720px\" width=\"720\" height=\"104\"   \/><\/a><\/li><li><a href=\"https:\/\/sistemas.lavras.mg.gov.br\/portalcidadao\/#df1b1a7c7b2a290bcb31e32771e610784662739a88807c0dacac58ede5f391a7530e299dc302d611ee73cb143fc22eaf93592e53e7b5bdb01b00a0b8d28dae460c141dd2ff83412e4dc1c31b16b25f33144a9e5620ea73b13f5bc1c59411d98439ad226e8af03840603796067d87afe130812cf3de24982d0e306f9e61e764e5\" aria-label=\"Banner_Obras_PortallavrasTV\"><img src=\"https:\/\/lavras.tv\/site\/wp-content\/uploads\/2025\/03\/Banner_Obras_PortallavrasTV.png\" alt=\"\"  srcset=\"https:\/\/lavras.tv\/site\/wp-content\/uploads\/2025\/03\/Banner_Obras_PortallavrasTV.png 720w, https:\/\/lavras.tv\/site\/wp-content\/uploads\/2025\/03\/Banner_Obras_PortallavrasTV-470x68.png 470w, https:\/\/lavras.tv\/site\/wp-content\/uploads\/2025\/03\/Banner_Obras_PortallavrasTV-170x25.png 170w, https:\/\/lavras.tv\/site\/wp-content\/uploads\/2025\/03\/Banner_Obras_PortallavrasTV-200x29.png 200w\" sizes=\"(max-width: 720px) 100vw, 720px\" width=\"720\" height=\"104\"   \/><\/a><\/li><li><div style=\"margin-left: auto;margin-right: auto;text-align: center;\" id=\"lavra-1289929424\"><a href=\"https:\/\/sistemas.lavras.mg.gov.br\/portalcidadao\/#df1b1a7c7b2a290bcb31e32771e610784662739a88807c0dacac58ede5f391a7530e299dc302d611ee73cb143fc22eaf93592e53e7b5bdb01b00a0b8d28dae460c141dd2ff83412e4dc1c31b16b25f33144a9e5620ea73b13f5bc1c59411d98439ad226e8af03840603796067d87afe130812cf3de24982d0e306f9e61e764e5\" aria-label=\"Banner_Educa\u00e7\u00e3o_PortallavrasTV\"><img src=\"https:\/\/lavras.tv\/site\/wp-content\/uploads\/2025\/01\/Banner_Educacao_PortallavrasTV.png\" alt=\"\"  srcset=\"https:\/\/lavras.tv\/site\/wp-content\/uploads\/2025\/01\/Banner_Educacao_PortallavrasTV.png 720w, https:\/\/lavras.tv\/site\/wp-content\/uploads\/2025\/01\/Banner_Educacao_PortallavrasTV-470x68.png 470w, https:\/\/lavras.tv\/site\/wp-content\/uploads\/2025\/01\/Banner_Educacao_PortallavrasTV-170x25.png 170w, https:\/\/lavras.tv\/site\/wp-content\/uploads\/2025\/01\/Banner_Educacao_PortallavrasTV-200x29.png 200w\" sizes=\"(max-width: 720px) 100vw, 720px\" width=\"720\" height=\"104\"  style=\"display: inline-block;\" \/><\/a><\/div><\/li><li><a href=\"https:\/\/sistemas.lavras.mg.gov.br\/portalcidadao\/#df1b1a7c7b2a290bcb31e32771e610784662739a88807c0dacac58ede5f391a7530e299dc302d611ee73cb143fc22eaf93592e53e7b5bdb01b00a0b8d28dae460c141dd2ff83412e4dc1c31b16b25f33144a9e5620ea73b13f5bc1c59411d98439ad226e8af03840603796067d87afe130812cf3de24982d0e306f9e61e764e5\" aria-label=\"Banner_Sa\u00fade_PortallavrasTV\"><img src=\"https:\/\/lavras.tv\/site\/wp-content\/uploads\/2025\/03\/Banner_Saude_PortallavrasTV.png\" alt=\"\"  srcset=\"https:\/\/lavras.tv\/site\/wp-content\/uploads\/2025\/03\/Banner_Saude_PortallavrasTV.png 720w, https:\/\/lavras.tv\/site\/wp-content\/uploads\/2025\/03\/Banner_Saude_PortallavrasTV-470x68.png 470w, https:\/\/lavras.tv\/site\/wp-content\/uploads\/2025\/03\/Banner_Saude_PortallavrasTV-170x25.png 170w, https:\/\/lavras.tv\/site\/wp-content\/uploads\/2025\/03\/Banner_Saude_PortallavrasTV-200x29.png 200w\" sizes=\"(max-width: 720px) 100vw, 720px\" width=\"720\" height=\"104\"   \/><\/a><\/li><li><div id=\"lavra-1663894225\" style=\"width:720px;height:104px;background-color:#ddd;overflow:scroll;\">\n\t<strong>Sa\u00edda da depura\u00e7\u00e3o de an\u00fancios<\/strong>\n\t<br><br>\n\tO an\u00fancio n\u00e3o \u00e9 exibido na p\u00e1gina<br><br>post atual: Governo de Minas abre inscri\u00e7\u00f5es do\u00a0Jemg\u00a02026 para munic\u00edpios mineiros, ID: 169186<br><br><span style=\"color: red;\">O post atual n\u00e3o \u00e9 id\u00eantico ao post principal.<\/span><br><br>An\u00fancios: ROXO - TOPO INTERNA - ROTATIVO 2 (197)<br \/>Grupo de an\u00fancios: Princ_Meio01_720x104 (27)<br><br>Condi\u00e7\u00f5es de exibi\u00e7\u00e3o<div style=\"margin-bottom: 20px; white-space: pre-wrap; font-family: monospace; width: 100%; background: #ffe9e9;\"><strong>condi\u00e7\u00f5es gerais<\/strong><table border=\"1\"><thead><tr><th><\/th><th>An\u00fancios<\/th><th>wp_the_query<\/th><\/tr><\/thead><tr><td>is_main_query<\/td><td>1<\/td><td>1<\/td><\/tr><tr><td>is_rest_api<\/td><td>0<\/td><td>1<\/td><\/tr><tr><td>page<\/td><td>0<\/td><td>1<\/td><\/tr><tr><td>numpages<\/td><td>0<\/td><td>1<\/td><\/tr><tr><td>is_archive<\/td><td>1<\/td><td><\/td><\/tr><tr><td>is_search<\/td><td>1<\/td><td><\/td><\/tr><tr><td>is_home<\/td><td>1<\/td><td><\/td><\/tr><tr><td>is_404<\/td><td>1<\/td><td><\/td><\/tr><tr><td>is_attachment<\/td><td>1<\/td><td><\/td><\/tr><tr><td>is_singular<\/td><td>1<\/td><td><\/td><\/tr><tr><td>is_front_page<\/td><td>1<\/td><td><\/td><\/tr><tr><td>is_feed<\/td><td>1<\/td><td><\/td><\/tr><\/table><\/div><br><br><span style=\"color: red;\">Seu site usa HTTPS, mas o c\u00f3digo do an\u00fancio cont\u00e9m HTTP e pode n\u00e3o funcionar.<\/span>\t<br><br>\n\t<a style=\"color: green;\" href=\"https:\/\/wpadvancedads.com\/manual\/ad-debug-mode\/?utm_source=advanced-ads&utm_medium=link&utm_campaign=ad-debug-mode\" target=\"_blank\" rel=\"nofollow\">Encontre solu\u00e7\u00f5es no manual<\/a>\n<\/div>\n<\/li><\/ul><\/div><script>( window.advanced_ads_ready || jQuery( document ).ready ).call( null, function() {var $lavraslider1009603531 = jQuery( \".lavra-slider-1009603531\" );$lavraslider1009603531.on( \"unslider.ready\", function() { jQuery( \"div.custom-slider ul li\" ).css( \"display\", \"block\" ); });$lavraslider1009603531.unslider({ delay:4000, autoplay:true, nav:false, arrows:false, infinite:true });$lavraslider1009603531.on(\"mouseover\", function() {$lavraslider1009603531.unslider(\"stop\");}).on(\"mouseout\", function() {$lavraslider1009603531.unslider(\"start\");});});<\/script><\/div>\n<p><em>Prazo para inscri\u00e7\u00e3o no&nbsp;maior evento&nbsp;esportivo-escolar de Minas vai de 2\/2 a 4\/3<\/em><\/p>\n\n\n\n<figure class=\"wp-block-image size-large\"><img fetchpriority=\"high\" decoding=\"async\" width=\"970\" height=\"646\" src=\"https:\/\/lavras.tv\/site\/wp-content\/uploads\/2026\/02\/013f91c5-f30a-4c47-be9c-2a10844f98de-970x646.png\" alt=\"\" class=\"wp-image-169187\" srcset=\"https:\/\/lavras.tv\/site\/wp-content\/uploads\/2026\/02\/013f91c5-f30a-4c47-be9c-2a10844f98de-970x646.png 970w, https:\/\/lavras.tv\/site\/wp-content\/uploads\/2026\/02\/013f91c5-f30a-4c47-be9c-2a10844f98de-450x300.png 450w, https:\/\/lavras.tv\/site\/wp-content\/uploads\/2026\/02\/013f91c5-f30a-4c47-be9c-2a10844f98de-170x113.png 170w, https:\/\/lavras.tv\/site\/wp-content\/uploads\/2026\/02\/013f91c5-f30a-4c47-be9c-2a10844f98de-1536x1023.png 1536w, https:\/\/lavras.tv\/site\/wp-content\/uploads\/2026\/02\/013f91c5-f30a-4c47-be9c-2a10844f98de-272x182.png 272w, https:\/\/lavras.tv\/site\/wp-content\/uploads\/2026\/02\/013f91c5-f30a-4c47-be9c-2a10844f98de.png 1920w\" sizes=\"(max-width: 970px) 100vw, 970px\" \/><\/figure>\n\n\n\n<p>O&nbsp;<a href=\"https:\/\/www.mg.gov.br\/\" target=\"_blank\" rel=\"noreferrer noopener\">Governo de Minas<\/a>&nbsp;abre o per\u00edodo de inscri\u00e7\u00f5es para os Jogos Escolares de Minas Gerais (Jemg) 2026. Os munic\u00edpios interessados em participar da principal competi\u00e7\u00e3o esportiva escolar do estado devem&nbsp;se cadastrar&nbsp;de 2\/2 a 4\/3, no&nbsp;<a href=\"http:\/\/jogosescolares.esportes.mg.gov.br\/\" target=\"_blank\" rel=\"noreferrer noopener\">site da competi\u00e7\u00e3o<\/a>.&nbsp;<\/p>\n\n\n\n<p>Nesta edi\u00e7\u00e3o, podem participar estudantes-atletas com idades entre 12 e 17 anos. O M\u00f3dulo I \u00e9 composto por estudantes nascidos nos anos de 2012, 2013 e 2014, enquanto o M\u00f3dulo II contempla os estudantes nascidos em 2009, 2010 e 2011.&nbsp;<\/p>\n\n\n\n<p>O&nbsp;Jemg&nbsp;\u00e9 uma iniciativa da&nbsp;<a href=\"https:\/\/social.mg.gov.br\/\" target=\"_blank\" rel=\"noreferrer noopener\">Secretaria de Estado de Desenvolvimento Social (Sedese)<\/a>, em parceria com a&nbsp;<a href=\"https:\/\/www.educacao.mg.gov.br\/\" target=\"_blank\" rel=\"noreferrer noopener\">Secretaria de Estado de Educa\u00e7\u00e3o (SEE)<\/a>. A execu\u00e7\u00e3o t\u00e9cnica \u00e9 de responsabilidade da Federa\u00e7\u00e3o de Esportes Estudantis de Minas Gerais (Feemg).&nbsp;<\/p>\n\n\n\n<p>De acordo com a secret\u00e1ria de Estado de Desenvolvimento Social,&nbsp;Al\u00ea&nbsp;Portela, o&nbsp;Jemg&nbsp;\u00e9 uma pol\u00edtica p\u00fablica que vai al\u00e9m da competi\u00e7\u00e3o esportiva.&nbsp;<\/p>\n\n\n\n<p>\u201cOs Jogos Escolares de Minas Gerais s\u00e3o uma importante ferramenta de inclus\u00e3o, desenvolvimento e forma\u00e7\u00e3o cidad\u00e3. Ao incentivar a participa\u00e7\u00e3o dos munic\u00edpios, fortalecemos o esporte educacional, promovemos oportunidades para nossos jovens e reafirmamos o compromisso do Governo de Minas com a educa\u00e7\u00e3o, o esporte e o futuro da juventude mineira\u201d, destaca a secret\u00e1ria.&nbsp;<\/p>\n\n\n\n<p><strong>JEMG &#8211; 2026 Etapa Microrregional&nbsp;<\/strong><\/p>\n\n\n\n<p>A Etapa Microrregional ser\u00e1 executada em todas as Superintend\u00eancias Regionais de Ensino (SRE) e \u00e9 classificat\u00f3ria para a Etapa Regional do&nbsp;Jemg. Nessa fase, as modalidades em disputa s\u00e3o basquetebol, futsal, handebol, voleibol e xadrez.&nbsp;<br><br><a href=\"http:\/\/jogosescolares.esportes.mg.gov.br\/documentos\/%C2%A0\" target=\"_blank\" rel=\"noreferrer noopener\">Confira aqui<\/a>&nbsp;as cidades escolhidas como sede de cada&nbsp;SRE.&nbsp;<\/p>\n\n\n\n<p>A programa\u00e7\u00e3o da Etapa Microrregional \u00e9 realizada conforme o cronograma abaixo:&nbsp;<\/p>\n\n\n\n<ul class=\"wp-block-list\">\n<li>1\u00aa semana: 13\/4 a 19\/4\u00a0<\/li>\n\n\n\n<li>2\u00aa semana: 20\/4 a 26\/4\u00a0<\/li>\n\n\n\n<li>3\u00aa semana: 27\/4 a 3\/5\u00a0<\/li>\n\n\n\n<li>4\u00aa semana: 4\/5 a 10\/5\u00a0<\/li>\n\n\n\n<li>5\u00aa semana: 11\/5 a 17\/5\u00a0<\/li>\n\n\n\n<li>6\u00aa semana: 18\/5 a 24\/5\u00a0<\/li>\n\n\n\n<li>7\u00aa semana: 25\/5 a 31\/5\u00a0<\/li>\n\n\n\n<li>8\u00aa semana: 01\/6 a 7\/6\u00a0<\/li>\n<\/ul>\n\n\n\n<p>O cronograma oficial da competi\u00e7\u00e3o tamb\u00e9m est\u00e1 dispon\u00edvel no site do&nbsp;Jemg&nbsp;e pode ser acessado&nbsp;<a href=\"http:\/\/jogosescolares.esportes.mg.gov.br\/wp-content\/uploads\/2012\/12\/Cronograma-de-Execu%C3%A7%C3%A3o-JEMG-20262.pdf\" target=\"_blank\" rel=\"noreferrer noopener\">aqui<\/a>.&nbsp;<\/p>\n\n\n\n<p><strong>Ades\u00e3o hist\u00f3rica&nbsp;<\/strong><\/p>\n\n\n\n<p>O&nbsp;Jemg&nbsp;entrou para a hist\u00f3ria em 2025 ao reunir, pela primeira vez, os 853 munic\u00edpios mineiros e alcan\u00e7ar a marca in\u00e9dita de 100% dos munic\u00edpios inscritos. O marco consolida a competi\u00e7\u00e3o como a maior do esporte escolar no estado e fortalece a mobiliza\u00e7\u00e3o dos munic\u00edpios para a edi\u00e7\u00e3o de 2026.&nbsp;<\/p>\n","protected":false},"excerpt":{"rendered":"<p>Prazo para inscri\u00e7\u00e3o no&nbsp;maior evento&nbsp;esportivo-escolar de Minas vai de 2\/2 a 4\/3 O&nbsp;Governo de Minas&nbsp;abre o per\u00edodo de inscri\u00e7\u00f5es para os Jogos Escolares de Minas Gerais (Jemg) 2026. Os munic\u00edpios interessados em participar da principal competi\u00e7\u00e3o esportiva escolar do estado devem&nbsp;se cadastrar&nbsp;de 2\/2 a 4\/3, no&nbsp;site da competi\u00e7\u00e3o.&nbsp; Nesta edi\u00e7\u00e3o, podem participar estudantes-atletas com idades [&hellip;]<\/p>\n","protected":false},"author":5,"featured_media":169187,"comment_status":"closed","ping_status":"open","sticky":false,"template":"","format":"standard","meta":{"advgb_blocks_editor_width":"","advgb_blocks_columns_visual_guide":"","_exactmetrics_skip_tracking":false,"_exactmetrics_sitenote_active":false,"_exactmetrics_sitenote_note":"","_exactmetrics_sitenote_category":0,"footnotes":""},"categories":[7,3,2],"tags":[],"class_list":["post-169186","post","type-post","status-publish","format-standard","has-post-thumbnail","hentry","category-destaques","category-esportes","category-noticias"],"better_featured_image":{"id":169187,"alt_text":"","caption":"","description":"","media_type":"image","media_details":{"width":1920,"height":1279,"file":"2026\/02\/013f91c5-f30a-4c47-be9c-2a10844f98de.png","filesize":3970693,"sizes":{"medium":{"file":"013f91c5-f30a-4c47-be9c-2a10844f98de-450x300.png","width":450,"height":300,"mime-type":"image\/png","filesize":202895,"source_url":"https:\/\/lavras.tv\/site\/wp-content\/uploads\/2026\/02\/013f91c5-f30a-4c47-be9c-2a10844f98de-450x300.png"},"large":{"file":"013f91c5-f30a-4c47-be9c-2a10844f98de-970x646.png","width":970,"height":646,"mime-type":"image\/png","filesize":761628,"source_url":"https:\/\/lavras.tv\/site\/wp-content\/uploads\/2026\/02\/013f91c5-f30a-4c47-be9c-2a10844f98de-970x646.png"},"thumbnail":{"file":"013f91c5-f30a-4c47-be9c-2a10844f98de-170x113.png","width":170,"height":113,"mime-type":"image\/png","filesize":36769,"source_url":"https:\/\/lavras.tv\/site\/wp-content\/uploads\/2026\/02\/013f91c5-f30a-4c47-be9c-2a10844f98de-170x113.png"},"1536x1536":{"file":"013f91c5-f30a-4c47-be9c-2a10844f98de-1536x1023.png","width":1536,"height":1023,"mime-type":"image\/png","filesize":1622821,"source_url":"https:\/\/lavras.tv\/site\/wp-content\/uploads\/2026\/02\/013f91c5-f30a-4c47-be9c-2a10844f98de-1536x1023.png"},"alm-thumbnail":{"file":"013f91c5-f30a-4c47-be9c-2a10844f98de-150x150.png","width":150,"height":150,"mime-type":"image\/png","filesize":42395,"source_url":"https:\/\/lavras.tv\/site\/wp-content\/uploads\/2026\/02\/013f91c5-f30a-4c47-be9c-2a10844f98de-150x150.png"},"sow-carousel-default":{"file":"013f91c5-f30a-4c47-be9c-2a10844f98de-272x182.png","width":272,"height":182,"mime-type":"image\/png","filesize":84345,"source_url":"https:\/\/lavras.tv\/site\/wp-content\/uploads\/2026\/02\/013f91c5-f30a-4c47-be9c-2a10844f98de-272x182.png"}},"image_meta":{"aperture":"0","credit":"","camera":"","caption":"","created_timestamp":"0","copyright":"","focal_length":"0","iso":"0","shutter_speed":"0","title":"","orientation":"0","keywords":[]}},"post":169186,"source_url":"https:\/\/lavras.tv\/site\/wp-content\/uploads\/2026\/02\/013f91c5-f30a-4c47-be9c-2a10844f98de.png"},"author_meta":{"display_name":"Vinicius Bustamante","author_link":"https:\/\/lavras.tv\/site\/author\/vinicius-bustamante\/"},"featured_img":"https:\/\/lavras.tv\/site\/wp-content\/uploads\/2026\/02\/013f91c5-f30a-4c47-be9c-2a10844f98de-450x300.png","coauthors":[],"tax_additional":{"categories":{"linked":["<a href=\"https:\/\/lavras.tv\/site\/category\/destaques\/\" class=\"advgb-post-tax-term\">Destaques<\/a>","<a href=\"https:\/\/lavras.tv\/site\/category\/esportes\/\" class=\"advgb-post-tax-term\">Esportes<\/a>","<a href=\"https:\/\/lavras.tv\/site\/category\/noticias\/\" class=\"advgb-post-tax-term\">Not\u00edcias<\/a>"],"unlinked":["<span class=\"advgb-post-tax-term\">Destaques<\/span>","<span class=\"advgb-post-tax-term\">Esportes<\/span>","<span class=\"advgb-post-tax-term\">Not\u00edcias<\/span>"]}},"comment_count":"0","relative_dates":{"created":"Publicado 3 meses atr\u00e1s","modified":"Atualizado 3 meses atr\u00e1s"},"absolute_dates":{"created":"Publicado em 3 de fevereiro de 2026","modified":"Atualizado em 3 de fevereiro de 2026"},"absolute_dates_time":{"created":"Publicado em 3 de fevereiro de 2026 17:13","modified":"Atualizado em 3 de fevereiro de 2026 17:13"},"featured_img_caption":"","series_order":"","_links":{"self":[{"href":"https:\/\/lavras.tv\/site\/wp-json\/wp\/v2\/posts\/169186","targetHints":{"allow":["GET"]}}],"collection":[{"href":"https:\/\/lavras.tv\/site\/wp-json\/wp\/v2\/posts"}],"about":[{"href":"https:\/\/lavras.tv\/site\/wp-json\/wp\/v2\/types\/post"}],"author":[{"embeddable":true,"href":"https:\/\/lavras.tv\/site\/wp-json\/wp\/v2\/users\/5"}],"replies":[{"embeddable":true,"href":"https:\/\/lavras.tv\/site\/wp-json\/wp\/v2\/comments?post=169186"}],"version-history":[{"count":1,"href":"https:\/\/lavras.tv\/site\/wp-json\/wp\/v2\/posts\/169186\/revisions"}],"predecessor-version":[{"id":169188,"href":"https:\/\/lavras.tv\/site\/wp-json\/wp\/v2\/posts\/169186\/revisions\/169188"}],"wp:featuredmedia":[{"embeddable":true,"href":"https:\/\/lavras.tv\/site\/wp-json\/wp\/v2\/media\/169187"}],"wp:attachment":[{"href":"https:\/\/lavras.tv\/site\/wp-json\/wp\/v2\/media?parent=169186"}],"wp:term":[{"taxonomy":"category","embeddable":true,"href":"https:\/\/lavras.tv\/site\/wp-json\/wp\/v2\/categories?post=169186"},{"taxonomy":"post_tag","embeddable":true,"href":"https:\/\/lavras.tv\/site\/wp-json\/wp\/v2\/tags?post=169186"}],"curies":[{"name":"wp","href":"https:\/\/api.w.org\/{rel}","templated":true}]}}