{"id":169189,"date":"2026-02-03T17:28:13","date_gmt":"2026-02-03T20:28:13","guid":{"rendered":"https:\/\/lavras.tv\/site\/?p=169189"},"modified":"2026-02-03T17:28:14","modified_gmt":"2026-02-03T20:28:14","slug":"governo-de-minas-lanca-cartilha-com-orientacoes-de-saude-para-o-carnaval-2026","status":"publish","type":"post","link":"https:\/\/lavras.tv\/site\/2026\/02\/03\/governo-de-minas-lanca-cartilha-com-orientacoes-de-saude-para-o-carnaval-2026\/","title":{"rendered":"Governo de Minas lan\u00e7a cartilha com orienta\u00e7\u00f5es de sa\u00fade para o Carnaval 2026\u00a0"},"content":{"rendered":"<div class=\"lavra-antes-do-conteudo_2\" id=\"lavra-2587178976\"><div id=\"lavra-slider-27\" class=\"custom-slider lavra-slider-3128283121 lavra-slider\"><ul><li><div style=\"margin-left: auto;margin-right: auto;text-align: center;\" id=\"lavra-2160267122\"><a href=\"https:\/\/sistemas.lavras.mg.gov.br\/portalcidadao\/#df1b1a7c7b2a290bcb31e32771e610784662739a88807c0dacac58ede5f391a7530e299dc302d611ee73cb143fc22eaf93592e53e7b5bdb01b00a0b8d28dae460c141dd2ff83412e4dc1c31b16b25f33144a9e5620ea73b13f5bc1c59411d98439ad226e8af03840603796067d87afe130812cf3de24982d0e306f9e61e764e5\" aria-label=\"Lavras-TV&#8211;720x104px (1) (1)\"><img src=\"https:\/\/lavras.tv\/site\/wp-content\/uploads\/2025\/01\/Lavras-TV-720x104px-1-1.png\" alt=\"\"  srcset=\"https:\/\/lavras.tv\/site\/wp-content\/uploads\/2025\/01\/Lavras-TV-720x104px-1-1.png 720w, https:\/\/lavras.tv\/site\/wp-content\/uploads\/2025\/01\/Lavras-TV-720x104px-1-1-470x68.png 470w, https:\/\/lavras.tv\/site\/wp-content\/uploads\/2025\/01\/Lavras-TV-720x104px-1-1-170x25.png 170w, https:\/\/lavras.tv\/site\/wp-content\/uploads\/2025\/01\/Lavras-TV-720x104px-1-1-200x29.png 200w\" sizes=\"(max-width: 720px) 100vw, 720px\" width=\"720\" height=\"104\"  style=\"display: inline-block;\" \/><\/a><\/div><\/li><li><a href=\"https:\/\/sistemas.lavras.mg.gov.br\/portalcidadao\/#df1b1a7c7b2a290bcb31e32771e610784662739a88807c0dacac58ede5f391a7530e299dc302d611ee73cb143fc22eaf93592e53e7b5bdb01b00a0b8d28dae460c141dd2ff83412e4dc1c31b16b25f33144a9e5620ea73b13f5bc1c59411d98439ad226e8af03840603796067d87afe130812cf3de24982d0e306f9e61e764e5\" aria-label=\"Banner_Emprego_PortallavrasTV\"><img src=\"https:\/\/lavras.tv\/site\/wp-content\/uploads\/2025\/03\/Banner_Emprego_PortallavrasTV.png\" alt=\"\"  srcset=\"https:\/\/lavras.tv\/site\/wp-content\/uploads\/2025\/03\/Banner_Emprego_PortallavrasTV.png 720w, https:\/\/lavras.tv\/site\/wp-content\/uploads\/2025\/03\/Banner_Emprego_PortallavrasTV-470x68.png 470w, https:\/\/lavras.tv\/site\/wp-content\/uploads\/2025\/03\/Banner_Emprego_PortallavrasTV-170x25.png 170w, https:\/\/lavras.tv\/site\/wp-content\/uploads\/2025\/03\/Banner_Emprego_PortallavrasTV-200x29.png 200w\" sizes=\"(max-width: 720px) 100vw, 720px\" width=\"720\" height=\"104\"   \/><\/a><\/li><li><a href=\"https:\/\/sistemas.lavras.mg.gov.br\/portalcidadao\/#df1b1a7c7b2a290bcb31e32771e610784662739a88807c0dacac58ede5f391a7530e299dc302d611ee73cb143fc22eaf93592e53e7b5bdb01b00a0b8d28dae460c141dd2ff83412e4dc1c31b16b25f33144a9e5620ea73b13f5bc1c59411d98439ad226e8af03840603796067d87afe130812cf3de24982d0e306f9e61e764e5\" aria-label=\"Banner_Obras_PortallavrasTV\"><img src=\"https:\/\/lavras.tv\/site\/wp-content\/uploads\/2025\/03\/Banner_Obras_PortallavrasTV.png\" alt=\"\"  srcset=\"https:\/\/lavras.tv\/site\/wp-content\/uploads\/2025\/03\/Banner_Obras_PortallavrasTV.png 720w, https:\/\/lavras.tv\/site\/wp-content\/uploads\/2025\/03\/Banner_Obras_PortallavrasTV-470x68.png 470w, https:\/\/lavras.tv\/site\/wp-content\/uploads\/2025\/03\/Banner_Obras_PortallavrasTV-170x25.png 170w, https:\/\/lavras.tv\/site\/wp-content\/uploads\/2025\/03\/Banner_Obras_PortallavrasTV-200x29.png 200w\" sizes=\"(max-width: 720px) 100vw, 720px\" width=\"720\" height=\"104\"   \/><\/a><\/li><li><div style=\"margin-left: auto;margin-right: auto;text-align: center;\" id=\"lavra-3009853989\"><a href=\"https:\/\/sistemas.lavras.mg.gov.br\/portalcidadao\/#df1b1a7c7b2a290bcb31e32771e610784662739a88807c0dacac58ede5f391a7530e299dc302d611ee73cb143fc22eaf93592e53e7b5bdb01b00a0b8d28dae460c141dd2ff83412e4dc1c31b16b25f33144a9e5620ea73b13f5bc1c59411d98439ad226e8af03840603796067d87afe130812cf3de24982d0e306f9e61e764e5\" aria-label=\"Banner_Educa\u00e7\u00e3o_PortallavrasTV\"><img src=\"https:\/\/lavras.tv\/site\/wp-content\/uploads\/2025\/01\/Banner_Educacao_PortallavrasTV.png\" alt=\"\"  srcset=\"https:\/\/lavras.tv\/site\/wp-content\/uploads\/2025\/01\/Banner_Educacao_PortallavrasTV.png 720w, https:\/\/lavras.tv\/site\/wp-content\/uploads\/2025\/01\/Banner_Educacao_PortallavrasTV-470x68.png 470w, https:\/\/lavras.tv\/site\/wp-content\/uploads\/2025\/01\/Banner_Educacao_PortallavrasTV-170x25.png 170w, https:\/\/lavras.tv\/site\/wp-content\/uploads\/2025\/01\/Banner_Educacao_PortallavrasTV-200x29.png 200w\" sizes=\"(max-width: 720px) 100vw, 720px\" width=\"720\" height=\"104\"  style=\"display: inline-block;\" \/><\/a><\/div><\/li><li><a href=\"https:\/\/sistemas.lavras.mg.gov.br\/portalcidadao\/#df1b1a7c7b2a290bcb31e32771e610784662739a88807c0dacac58ede5f391a7530e299dc302d611ee73cb143fc22eaf93592e53e7b5bdb01b00a0b8d28dae460c141dd2ff83412e4dc1c31b16b25f33144a9e5620ea73b13f5bc1c59411d98439ad226e8af03840603796067d87afe130812cf3de24982d0e306f9e61e764e5\" aria-label=\"Banner_Sa\u00fade_PortallavrasTV\"><img src=\"https:\/\/lavras.tv\/site\/wp-content\/uploads\/2025\/03\/Banner_Saude_PortallavrasTV.png\" alt=\"\"  srcset=\"https:\/\/lavras.tv\/site\/wp-content\/uploads\/2025\/03\/Banner_Saude_PortallavrasTV.png 720w, https:\/\/lavras.tv\/site\/wp-content\/uploads\/2025\/03\/Banner_Saude_PortallavrasTV-470x68.png 470w, https:\/\/lavras.tv\/site\/wp-content\/uploads\/2025\/03\/Banner_Saude_PortallavrasTV-170x25.png 170w, https:\/\/lavras.tv\/site\/wp-content\/uploads\/2025\/03\/Banner_Saude_PortallavrasTV-200x29.png 200w\" sizes=\"(max-width: 720px) 100vw, 720px\" width=\"720\" height=\"104\"   \/><\/a><\/li><li><div id=\"lavra-2486754825\" style=\"width:720px;height:104px;background-color:#ddd;overflow:scroll;\">\n\t<strong>Sa\u00edda da depura\u00e7\u00e3o de an\u00fancios<\/strong>\n\t<br><br>\n\tO an\u00fancio n\u00e3o \u00e9 exibido na p\u00e1gina<br><br>post atual: Governo de Minas lan\u00e7a cartilha com orienta\u00e7\u00f5es de sa\u00fade para o Carnaval 2026\u00a0, ID: 169189<br><br><span style=\"color: red;\">O post atual n\u00e3o \u00e9 id\u00eantico ao post principal.<\/span><br><br>An\u00fancios: ROXO - TOPO INTERNA - ROTATIVO 2 (197)<br \/>Grupo de an\u00fancios: Princ_Meio01_720x104 (27)<br><br>Condi\u00e7\u00f5es de exibi\u00e7\u00e3o<div style=\"margin-bottom: 20px; white-space: pre-wrap; font-family: monospace; width: 100%; background: #ffe9e9;\"><strong>condi\u00e7\u00f5es gerais<\/strong><table border=\"1\"><thead><tr><th><\/th><th>An\u00fancios<\/th><th>wp_the_query<\/th><\/tr><\/thead><tr><td>is_main_query<\/td><td>1<\/td><td>1<\/td><\/tr><tr><td>is_rest_api<\/td><td>0<\/td><td>1<\/td><\/tr><tr><td>page<\/td><td>0<\/td><td>1<\/td><\/tr><tr><td>numpages<\/td><td>0<\/td><td>1<\/td><\/tr><tr><td>is_archive<\/td><td>1<\/td><td><\/td><\/tr><tr><td>is_search<\/td><td>1<\/td><td><\/td><\/tr><tr><td>is_home<\/td><td>1<\/td><td><\/td><\/tr><tr><td>is_404<\/td><td>1<\/td><td><\/td><\/tr><tr><td>is_attachment<\/td><td>1<\/td><td><\/td><\/tr><tr><td>is_singular<\/td><td>1<\/td><td><\/td><\/tr><tr><td>is_front_page<\/td><td>1<\/td><td><\/td><\/tr><tr><td>is_feed<\/td><td>1<\/td><td><\/td><\/tr><\/table><\/div><br><br><span style=\"color: red;\">Seu site usa HTTPS, mas o c\u00f3digo do an\u00fancio cont\u00e9m HTTP e pode n\u00e3o funcionar.<\/span>\t<br><br>\n\t<a style=\"color: green;\" href=\"https:\/\/wpadvancedads.com\/manual\/ad-debug-mode\/?utm_source=advanced-ads&utm_medium=link&utm_campaign=ad-debug-mode\" target=\"_blank\" rel=\"nofollow\">Encontre solu\u00e7\u00f5es no manual<\/a>\n<\/div>\n<\/li><\/ul><\/div><script>( window.advanced_ads_ready || jQuery( document ).ready ).call( null, function() {var $lavraslider3128283121 = jQuery( \".lavra-slider-3128283121\" );$lavraslider3128283121.on( \"unslider.ready\", function() { jQuery( \"div.custom-slider ul li\" ).css( \"display\", \"block\" ); });$lavraslider3128283121.unslider({ delay:4000, autoplay:true, nav:false, arrows:false, infinite:true });$lavraslider3128283121.on(\"mouseover\", function() {$lavraslider3128283121.unslider(\"stop\");}).on(\"mouseout\", function() {$lavraslider3128283121.unslider(\"start\");});});<\/script><\/div>\n<h2 class=\"wp-block-heading\">Material re\u00fane dicas pr\u00e1ticas de preven\u00e7\u00e3o, acesso aos servi\u00e7os p\u00fablicos e cuidados para milh\u00f5es de foli\u00f5es em todo o estado<\/h2>\n\n\n\n<figure class=\"wp-block-image\"><img decoding=\"async\" src=\"https:\/\/www.agenciaminas.mg.gov.br\/system\/news\/images\/000\/128\/898\/large\/ensaio-carnaval-divulga%C3%A7%C3%A3o-SES-MG_%2842%29.jpg?1769801488\" alt=\"imagem de destaque\"\/><\/figure>\n\n\n\n<p>Com a expectativa de milh\u00f5es de foli\u00f5es circulando por Belo Horizonte, cidades hist\u00f3ricas e polos tur\u00edsticos, o&nbsp;<a href=\"https:\/\/www.mg.gov.br\/\" target=\"_blank\" rel=\"noreferrer noopener\">Governo de Minas<\/a>&nbsp;lan\u00e7ou a nova edi\u00e7\u00e3o da cartilha \u201cVem&nbsp;Mineirizar&nbsp;com Sa\u00fade\u201d, principal instrumento da&nbsp;<a href=\"https:\/\/www.saude.mg.gov.br\/\" target=\"_blank\" rel=\"noreferrer noopener\">Secretaria de Estado de Sa\u00fade (SES-MG)<\/a>&nbsp;para orientar a popula\u00e7\u00e3o durante o Carnaval 2026. O material re\u00fane informa\u00e7\u00f5es pr\u00e1ticas para&nbsp;curtir a&nbsp;folia com mais seguran\u00e7a, preven\u00e7\u00e3o e bem-estar.&nbsp;<\/p>\n\n\n\n<figure class=\"wp-block-image\"><img decoding=\"async\" src=\"https:\/\/www.agenciaminas.mg.gov.br\/ckeditor_assets\/pictures\/23857\/content_personagem_aline_pimenta_acervo_pessoal.jpeg\" alt=\"\"\/><figcaption class=\"wp-element-caption\"><em><sup>Aline Pimenta:&nbsp;\u201cHidrata\u00e7\u00e3o refor\u00e7ada, protetor solar, labial e at\u00e9 prote\u00e7\u00e3o auditiva fazem parte do meu kit&#8221; \/ Cr\u00e9dito: Arquivo pessoal<\/sup><\/em><\/figcaption><\/figure>\n\n\n\n<p>A cartilha conecta informa\u00e7\u00e3o, servi\u00e7os da rede p\u00fablica e a\u00e7\u00f5es de vigil\u00e2ncia em sa\u00fade, refor\u00e7ando o papel do Estado na prote\u00e7\u00e3o da popula\u00e7\u00e3o em um dos maiores eventos de massa do calend\u00e1rio mineiro. O conte\u00fado \u00e9 voltado para moradores&nbsp;e&nbsp;turistas, com linguagem acess\u00edvel e orienta\u00e7\u00f5es aplic\u00e1veis ao dia a dia da festa.&nbsp;<\/p>\n\n\n\n<p>Clique&nbsp;<a href=\"http:\/\/www.saude.mg.gov.br\/carnaval\" target=\"_blank\" rel=\"noreferrer noopener\">aqui<\/a>&nbsp;e confira a cartilha&nbsp;completa&nbsp;<\/p>\n\n\n\n<p>O material aborda cuidados como hidrata\u00e7\u00e3o constante, alimenta\u00e7\u00e3o segura, uso de protetor solar, vacina\u00e7\u00e3o em dia e preven\u00e7\u00e3o \u00e0s Infec\u00e7\u00f5es Sexualmente Transmiss\u00edveis (IST). Entre as principais recomenda\u00e7\u00f5es est\u00e3o intercalar bebidas alco\u00f3licas com \u00e1gua, evitar exageros, usar roupas leves e cal\u00e7ados confort\u00e1veis e nunca dirigir ap\u00f3s consumir \u00e1lcool.&nbsp;&nbsp;&nbsp;<\/p>\n\n\n\n<p>Segundo o subsecret\u00e1rio de Vigil\u00e2ncia em Sa\u00fade da SES-MG, Eduardo&nbsp;Prosdocimi, a cartilha integra uma estrat\u00e9gia de prote\u00e7\u00e3o da popula\u00e7\u00e3o. \u201cAl\u00e9m das orienta\u00e7\u00f5es para que todos possam curtir com sa\u00fade, o Governo de Minas distribui preservativos, lubrificantes e medicamentos da Profilaxia&nbsp;Pr\u00e9-Exposi\u00e7\u00e3o ao HIV, ofertada gratuitamente pelo SUS com acompanhamento regular\u201d, destaca.&nbsp;<\/p>\n\n\n\n<p><strong>Preven\u00e7\u00e3o entra no bloco<\/strong>&nbsp;<\/p>\n\n\n\n<p>No eixo da preven\u00e7\u00e3o \u00e0s IST, a Coordena\u00e7\u00e3o Estadual de IST\/HIV\/Hepatites Virais vai distribuir mais de 5 milh\u00f5es de preservativos masculinos, 60 mil preservativos femininos e mais de 600 mil sach\u00eas de gel lubrificante em todo o estado. Os insumos chegam \u00e0s Unidades Regionais de Sa\u00fade e, posteriormente, aos munic\u00edpios, al\u00e9m de a\u00e7\u00f5es em empresas e eventos institucionais.&nbsp;&nbsp;<\/p>\n\n\n\n<p>Prosdocimi&nbsp;ressalta que tamb\u00e9m estar\u00e1 dispon\u00edvel a Profilaxia P\u00f3s-Exposi\u00e7\u00e3o (PEP), indicada em casos de rela\u00e7\u00e3o sexual sem prote\u00e7\u00e3o. \u201cA medica\u00e7\u00e3o pode ser utilizada em at\u00e9 72 horas ap\u00f3s a exposi\u00e7\u00e3o de risco e est\u00e1 dispon\u00edvel na rede do SUS\u201d, completa.&nbsp;<\/p>\n\n\n\n<p><strong>Cuidado \u00e9 essencial&nbsp;<\/strong>&nbsp;<\/p>\n\n\n\n<p>A cartilha tamb\u00e9m refor\u00e7a orienta\u00e7\u00f5es para evitar problemas comuns no Carnaval, como desidrata\u00e7\u00e3o, intoxica\u00e7\u00e3o alimentar e insola\u00e7\u00e3o. Entre as dicas est\u00e3o beber \u00e1gua antes, durante e depois da folia, evitar exposi\u00e7\u00e3o ao sol entre 10h e 16h, reaplicar protetor solar a cada duas horas, higienizar as m\u00e3os antes de se alimentar e dar prefer\u00eancia a alimentos leves e bem armazenados.&nbsp;&nbsp;<\/p>\n\n\n\n<figure class=\"wp-block-image\"><img decoding=\"async\" src=\"https:\/\/www.agenciaminas.mg.gov.br\/ckeditor_assets\/pictures\/23858\/content_corte.jpg\" alt=\"\"\/><figcaption class=\"wp-element-caption\"><em><sup>Cr\u00e9dito: Carol Souza<\/sup><\/em><\/figcaption><\/figure>\n\n\n\n<p>O m\u00e9dico emergencista Nilo Assis Torres, do Hospital Jo\u00e3o XXIII, que integra a rede da&nbsp;<a href=\"https:\/\/www.fhemig.mg.gov.br\/\" target=\"_blank\" rel=\"noreferrer noopener\">Funda\u00e7\u00e3o Hospitalar do Estado de Minas Gerais (Fhemig)<\/a>,&nbsp;refer\u00eancia em urg\u00eancia e emerg\u00eancia&nbsp;no estado, alerta para os riscos da desidrata\u00e7\u00e3o durante a maratona carnavalesca.&nbsp;&nbsp;<\/p>\n\n\n\n<p>\u201cO esfor\u00e7o f\u00edsico intenso, associado ao consumo de \u00e1lcool, pode provocar desde mal-estar at\u00e9 quadros graves. Por isso, a recomenda\u00e7\u00e3o \u00e9 ingerir \u00e1gua antes, durante e depois da folia, sem esperar a sede aparecer\u201d, orienta.&nbsp;<\/p>\n\n\n\n<p>A servidora p\u00fablica Paula&nbsp;Orzil, 37 anos, foli\u00e3 em Belo Horizonte e Santa Luzia h\u00e1 mais de dez anos, afirma que manter uma rotina de autocuidado faz toda a diferen\u00e7a. \u201cAtividade f\u00edsica, boa hidrata\u00e7\u00e3o, alimenta\u00e7\u00e3o equilibrada e protetor solar s\u00e3o essenciais para conseguir aproveitar todos os dias\u201d, conta.&nbsp;&nbsp;<\/p>\n\n\n\n<p>J\u00e1 a fisioterapeuta Aline Pimenta,&nbsp;45&nbsp;anos,&nbsp;que&nbsp;enfrenta&nbsp;uma verdadeira maratona ao tocar em&nbsp;tr\u00eas&nbsp;blocos durante o Carnaval, conta que intensifica os cuidados para dar conta da rotina. \u201cHidrata\u00e7\u00e3o refor\u00e7ada, protetor solar, labial e at\u00e9 prote\u00e7\u00e3o auditiva fazem parte do meu kit. Sempre levo minha pr\u00f3pria garrafa de \u00e1gua, por causa do calor intenso nessa \u00e9poca\u201d, relata.&nbsp;<\/p>\n\n\n\n<p><strong>Unidades&nbsp;preparadas&nbsp;<\/strong>&nbsp;<\/p>\n\n\n\n<p>Durante o per\u00edodo carnavalesco, a SES-MG realiza a\u00e7\u00f5es educativas e preventivas em Centros de Testagem e Aconselhamento, Unidades B\u00e1sicas de Sa\u00fade e atividades itinerantes, com oferta de testagem r\u00e1pida e orienta\u00e7\u00e3o em sa\u00fade.&nbsp;&nbsp;<\/p>\n\n\n\n<p>A cartilha tamb\u00e9m orienta como acessar os servi\u00e7os p\u00fablicos de sa\u00fade durante a folia. Em&nbsp;situa\u00e7\u00f5es de emerg\u00eancia, como desmaios, intoxica\u00e7\u00f5es ou queimaduras, a popula\u00e7\u00e3o pode acionar o Samu 192, dispon\u00edvel em 100% do territ\u00f3rio mineiro, al\u00e9m das Unidades de Pronto Atendimento (UPAs) e hospitais da rede estadual.&nbsp;&nbsp;<\/p>\n\n\n\n<p>O m\u00e9dico cirurgi\u00e3o R\u00f4mulo&nbsp;Souki, tamb\u00e9m do Hospital Jo\u00e3o XXIII, destaca que a unidade est\u00e1 preparada para atender casos graves e complexos de urg\u00eancia e emerg\u00eancia, especialmente traumas.&nbsp;&nbsp;<\/p>\n\n\n\n<p>\u201cCom o aumento da circula\u00e7\u00e3o de pessoas, \u00e9 importante refor\u00e7ar cuidados como n\u00e3o dirigir ap\u00f3s ingest\u00e3o de \u00e1lcool, usar cinto de seguran\u00e7a e, no caso de motociclistas, capacete sempre\u201d, refor\u00e7a.&nbsp;<\/p>\n\n\n\n<p>Acesse o material em&nbsp;<a href=\"https:\/\/www.saude.mg.gov.br\/carnaval\" target=\"_blank\" rel=\"noreferrer noopener\">www.saude.mg.gov.br\/carnaval<\/a>.&nbsp;&nbsp;<\/p>\n\n\n\n<figure class=\"wp-block-image\"><a href=\"https:\/\/www.saude.mg.gov.br\/carnaval\/\" target=\"_blank\" rel=\"noreferrer noopener\"><img decoding=\"async\" src=\"https:\/\/www.agenciaminas.mg.gov.br\/ckeditor_assets\/pictures\/23859\/content_banner_para_materia_cartilha_carnaval_1.png\" alt=\"\"\/><\/a><\/figure>\n","protected":false},"excerpt":{"rendered":"<p>Material re\u00fane dicas pr\u00e1ticas de preven\u00e7\u00e3o, acesso aos servi\u00e7os p\u00fablicos e cuidados para milh\u00f5es de foli\u00f5es em todo o estado Com a expectativa de milh\u00f5es de foli\u00f5es circulando por Belo Horizonte, cidades hist\u00f3ricas e polos tur\u00edsticos, o&nbsp;Governo de Minas&nbsp;lan\u00e7ou a nova edi\u00e7\u00e3o da cartilha \u201cVem&nbsp;Mineirizar&nbsp;com Sa\u00fade\u201d, principal instrumento da&nbsp;Secretaria de Estado de Sa\u00fade (SES-MG)&nbsp;para orientar [&hellip;]<\/p>\n","protected":false},"author":5,"featured_media":169190,"comment_status":"closed","ping_status":"open","sticky":false,"template":"","format":"standard","meta":{"advgb_blocks_editor_width":"","advgb_blocks_columns_visual_guide":"","_exactmetrics_skip_tracking":false,"_exactmetrics_sitenote_active":false,"_exactmetrics_sitenote_note":"","_exactmetrics_sitenote_category":0,"footnotes":""},"categories":[7,2],"tags":[],"class_list":["post-169189","post","type-post","status-publish","format-standard","has-post-thumbnail","hentry","category-destaques","category-noticias"],"better_featured_image":{"id":169190,"alt_text":"","caption":"","description":"","media_type":"image","media_details":{"width":2560,"height":1440,"file":"2026\/02\/ensaio-carnaval-divulgacao-SES-MG_42-1-scaled.jpg","filesize":855756,"sizes":{"medium":{"file":"ensaio-carnaval-divulgacao-SES-MG_42-1-470x264.jpg","width":470,"height":264,"mime-type":"image\/jpeg","filesize":57865,"source_url":"https:\/\/lavras.tv\/site\/wp-content\/uploads\/2026\/02\/ensaio-carnaval-divulgacao-SES-MG_42-1-470x264.jpg"},"large":{"file":"ensaio-carnaval-divulgacao-SES-MG_42-1-970x546.jpg","width":970,"height":546,"mime-type":"image\/jpeg","filesize":184571,"source_url":"https:\/\/lavras.tv\/site\/wp-content\/uploads\/2026\/02\/ensaio-carnaval-divulgacao-SES-MG_42-1-970x546.jpg"},"thumbnail":{"file":"ensaio-carnaval-divulgacao-SES-MG_42-1-170x96.jpg","width":170,"height":96,"mime-type":"image\/jpeg","filesize":14981,"source_url":"https:\/\/lavras.tv\/site\/wp-content\/uploads\/2026\/02\/ensaio-carnaval-divulgacao-SES-MG_42-1-170x96.jpg"},"1536x1536":{"file":"ensaio-carnaval-divulgacao-SES-MG_42-1-1536x864.jpg","width":1536,"height":864,"mime-type":"image\/jpeg","filesize":379200,"source_url":"https:\/\/lavras.tv\/site\/wp-content\/uploads\/2026\/02\/ensaio-carnaval-divulgacao-SES-MG_42-1-1536x864.jpg"},"2048x2048":{"file":"ensaio-carnaval-divulgacao-SES-MG_42-1-2048x1152.jpg","width":2048,"height":1152,"mime-type":"image\/jpeg","filesize":600780,"source_url":"https:\/\/lavras.tv\/site\/wp-content\/uploads\/2026\/02\/ensaio-carnaval-divulgacao-SES-MG_42-1-2048x1152.jpg"},"alm-thumbnail":{"file":"ensaio-carnaval-divulgacao-SES-MG_42-1-150x150.jpg","width":150,"height":150,"mime-type":"image\/jpeg","filesize":17398,"source_url":"https:\/\/lavras.tv\/site\/wp-content\/uploads\/2026\/02\/ensaio-carnaval-divulgacao-SES-MG_42-1-150x150.jpg"},"sow-carousel-default":{"file":"ensaio-carnaval-divulgacao-SES-MG_42-1-272x182.jpg","width":272,"height":182,"mime-type":"image\/jpeg","filesize":29478,"source_url":"https:\/\/lavras.tv\/site\/wp-content\/uploads\/2026\/02\/ensaio-carnaval-divulgacao-SES-MG_42-1-272x182.jpg"}},"image_meta":{"aperture":"1.6","credit":"","camera":"iPhone 13","caption":"","created_timestamp":"1769460282","copyright":"","focal_length":"5.1","iso":"640","shutter_speed":"0.033333333333333","title":"","orientation":"1","keywords":[]},"original_image":"ensaio-carnaval-divulgacao-SES-MG_42-1.jpg"},"post":169189,"source_url":"https:\/\/lavras.tv\/site\/wp-content\/uploads\/2026\/02\/ensaio-carnaval-divulgacao-SES-MG_42-1-scaled.jpg"},"author_meta":{"display_name":"Vinicius Bustamante","author_link":"https:\/\/lavras.tv\/site\/author\/vinicius-bustamante\/"},"featured_img":"https:\/\/lavras.tv\/site\/wp-content\/uploads\/2026\/02\/ensaio-carnaval-divulgacao-SES-MG_42-1-470x264.jpg","coauthors":[],"tax_additional":{"categories":{"linked":["<a href=\"https:\/\/lavras.tv\/site\/category\/destaques\/\" class=\"advgb-post-tax-term\">Destaques<\/a>","<a href=\"https:\/\/lavras.tv\/site\/category\/noticias\/\" class=\"advgb-post-tax-term\">Not\u00edcias<\/a>"],"unlinked":["<span class=\"advgb-post-tax-term\">Destaques<\/span>","<span class=\"advgb-post-tax-term\">Not\u00edcias<\/span>"]}},"comment_count":"0","relative_dates":{"created":"Publicado 3 meses atr\u00e1s","modified":"Atualizado 3 meses atr\u00e1s"},"absolute_dates":{"created":"Publicado em 3 de fevereiro de 2026","modified":"Atualizado em 3 de fevereiro de 2026"},"absolute_dates_time":{"created":"Publicado em 3 de fevereiro de 2026 17:28","modified":"Atualizado em 3 de fevereiro de 2026 17:28"},"featured_img_caption":"","series_order":"","_links":{"self":[{"href":"https:\/\/lavras.tv\/site\/wp-json\/wp\/v2\/posts\/169189","targetHints":{"allow":["GET"]}}],"collection":[{"href":"https:\/\/lavras.tv\/site\/wp-json\/wp\/v2\/posts"}],"about":[{"href":"https:\/\/lavras.tv\/site\/wp-json\/wp\/v2\/types\/post"}],"author":[{"embeddable":true,"href":"https:\/\/lavras.tv\/site\/wp-json\/wp\/v2\/users\/5"}],"replies":[{"embeddable":true,"href":"https:\/\/lavras.tv\/site\/wp-json\/wp\/v2\/comments?post=169189"}],"version-history":[{"count":1,"href":"https:\/\/lavras.tv\/site\/wp-json\/wp\/v2\/posts\/169189\/revisions"}],"predecessor-version":[{"id":169191,"href":"https:\/\/lavras.tv\/site\/wp-json\/wp\/v2\/posts\/169189\/revisions\/169191"}],"wp:featuredmedia":[{"embeddable":true,"href":"https:\/\/lavras.tv\/site\/wp-json\/wp\/v2\/media\/169190"}],"wp:attachment":[{"href":"https:\/\/lavras.tv\/site\/wp-json\/wp\/v2\/media?parent=169189"}],"wp:term":[{"taxonomy":"category","embeddable":true,"href":"https:\/\/lavras.tv\/site\/wp-json\/wp\/v2\/categories?post=169189"},{"taxonomy":"post_tag","embeddable":true,"href":"https:\/\/lavras.tv\/site\/wp-json\/wp\/v2\/tags?post=169189"}],"curies":[{"name":"wp","href":"https:\/\/api.w.org\/{rel}","templated":true}]}}