{"id":169195,"date":"2026-02-03T17:39:33","date_gmt":"2026-02-03T20:39:33","guid":{"rendered":"https:\/\/lavras.tv\/site\/?p=169195"},"modified":"2026-02-03T17:39:35","modified_gmt":"2026-02-03T20:39:35","slug":"salario-minimo-reajustado-comecou-a-ser-pago-nessa-segunda-feira-2","status":"publish","type":"post","link":"https:\/\/lavras.tv\/site\/2026\/02\/03\/salario-minimo-reajustado-comecou-a-ser-pago-nessa-segunda-feira-2\/","title":{"rendered":"Sal\u00e1rio m\u00ednimo reajustado come\u00e7ou a ser pago nessa segunda-feira (2)"},"content":{"rendered":"<div class=\"lavra-antes-do-conteudo_2\" id=\"lavra-3512579970\"><div id=\"lavra-slider-27\" class=\"custom-slider lavra-slider-2876101900 lavra-slider\"><ul><li><div style=\"margin-left: auto;margin-right: auto;text-align: center;\" id=\"lavra-3321069305\"><a href=\"https:\/\/sistemas.lavras.mg.gov.br\/portalcidadao\/#df1b1a7c7b2a290bcb31e32771e610784662739a88807c0dacac58ede5f391a7530e299dc302d611ee73cb143fc22eaf93592e53e7b5bdb01b00a0b8d28dae460c141dd2ff83412e4dc1c31b16b25f33144a9e5620ea73b13f5bc1c59411d98439ad226e8af03840603796067d87afe130812cf3de24982d0e306f9e61e764e5\" aria-label=\"Lavras-TV&#8211;720x104px (1) (1)\"><img src=\"https:\/\/lavras.tv\/site\/wp-content\/uploads\/2025\/01\/Lavras-TV-720x104px-1-1.png\" alt=\"\"  srcset=\"https:\/\/lavras.tv\/site\/wp-content\/uploads\/2025\/01\/Lavras-TV-720x104px-1-1.png 720w, https:\/\/lavras.tv\/site\/wp-content\/uploads\/2025\/01\/Lavras-TV-720x104px-1-1-470x68.png 470w, https:\/\/lavras.tv\/site\/wp-content\/uploads\/2025\/01\/Lavras-TV-720x104px-1-1-170x25.png 170w, https:\/\/lavras.tv\/site\/wp-content\/uploads\/2025\/01\/Lavras-TV-720x104px-1-1-200x29.png 200w\" sizes=\"(max-width: 720px) 100vw, 720px\" width=\"720\" height=\"104\"  style=\"display: inline-block;\" \/><\/a><\/div><\/li><li><a href=\"https:\/\/sistemas.lavras.mg.gov.br\/portalcidadao\/#df1b1a7c7b2a290bcb31e32771e610784662739a88807c0dacac58ede5f391a7530e299dc302d611ee73cb143fc22eaf93592e53e7b5bdb01b00a0b8d28dae460c141dd2ff83412e4dc1c31b16b25f33144a9e5620ea73b13f5bc1c59411d98439ad226e8af03840603796067d87afe130812cf3de24982d0e306f9e61e764e5\" aria-label=\"Banner_Emprego_PortallavrasTV\"><img src=\"https:\/\/lavras.tv\/site\/wp-content\/uploads\/2025\/03\/Banner_Emprego_PortallavrasTV.png\" alt=\"\"  srcset=\"https:\/\/lavras.tv\/site\/wp-content\/uploads\/2025\/03\/Banner_Emprego_PortallavrasTV.png 720w, https:\/\/lavras.tv\/site\/wp-content\/uploads\/2025\/03\/Banner_Emprego_PortallavrasTV-470x68.png 470w, https:\/\/lavras.tv\/site\/wp-content\/uploads\/2025\/03\/Banner_Emprego_PortallavrasTV-170x25.png 170w, https:\/\/lavras.tv\/site\/wp-content\/uploads\/2025\/03\/Banner_Emprego_PortallavrasTV-200x29.png 200w\" sizes=\"(max-width: 720px) 100vw, 720px\" width=\"720\" height=\"104\"   \/><\/a><\/li><li><a href=\"https:\/\/sistemas.lavras.mg.gov.br\/portalcidadao\/#df1b1a7c7b2a290bcb31e32771e610784662739a88807c0dacac58ede5f391a7530e299dc302d611ee73cb143fc22eaf93592e53e7b5bdb01b00a0b8d28dae460c141dd2ff83412e4dc1c31b16b25f33144a9e5620ea73b13f5bc1c59411d98439ad226e8af03840603796067d87afe130812cf3de24982d0e306f9e61e764e5\" aria-label=\"Banner_Obras_PortallavrasTV\"><img src=\"https:\/\/lavras.tv\/site\/wp-content\/uploads\/2025\/03\/Banner_Obras_PortallavrasTV.png\" alt=\"\"  srcset=\"https:\/\/lavras.tv\/site\/wp-content\/uploads\/2025\/03\/Banner_Obras_PortallavrasTV.png 720w, https:\/\/lavras.tv\/site\/wp-content\/uploads\/2025\/03\/Banner_Obras_PortallavrasTV-470x68.png 470w, https:\/\/lavras.tv\/site\/wp-content\/uploads\/2025\/03\/Banner_Obras_PortallavrasTV-170x25.png 170w, https:\/\/lavras.tv\/site\/wp-content\/uploads\/2025\/03\/Banner_Obras_PortallavrasTV-200x29.png 200w\" sizes=\"(max-width: 720px) 100vw, 720px\" width=\"720\" height=\"104\"   \/><\/a><\/li><li><div style=\"margin-left: auto;margin-right: auto;text-align: center;\" id=\"lavra-1795860741\"><a href=\"https:\/\/sistemas.lavras.mg.gov.br\/portalcidadao\/#df1b1a7c7b2a290bcb31e32771e610784662739a88807c0dacac58ede5f391a7530e299dc302d611ee73cb143fc22eaf93592e53e7b5bdb01b00a0b8d28dae460c141dd2ff83412e4dc1c31b16b25f33144a9e5620ea73b13f5bc1c59411d98439ad226e8af03840603796067d87afe130812cf3de24982d0e306f9e61e764e5\" aria-label=\"Banner_Educa\u00e7\u00e3o_PortallavrasTV\"><img src=\"https:\/\/lavras.tv\/site\/wp-content\/uploads\/2025\/01\/Banner_Educacao_PortallavrasTV.png\" alt=\"\"  srcset=\"https:\/\/lavras.tv\/site\/wp-content\/uploads\/2025\/01\/Banner_Educacao_PortallavrasTV.png 720w, https:\/\/lavras.tv\/site\/wp-content\/uploads\/2025\/01\/Banner_Educacao_PortallavrasTV-470x68.png 470w, https:\/\/lavras.tv\/site\/wp-content\/uploads\/2025\/01\/Banner_Educacao_PortallavrasTV-170x25.png 170w, https:\/\/lavras.tv\/site\/wp-content\/uploads\/2025\/01\/Banner_Educacao_PortallavrasTV-200x29.png 200w\" sizes=\"(max-width: 720px) 100vw, 720px\" width=\"720\" height=\"104\"  style=\"display: inline-block;\" \/><\/a><\/div><\/li><li><a href=\"https:\/\/sistemas.lavras.mg.gov.br\/portalcidadao\/#df1b1a7c7b2a290bcb31e32771e610784662739a88807c0dacac58ede5f391a7530e299dc302d611ee73cb143fc22eaf93592e53e7b5bdb01b00a0b8d28dae460c141dd2ff83412e4dc1c31b16b25f33144a9e5620ea73b13f5bc1c59411d98439ad226e8af03840603796067d87afe130812cf3de24982d0e306f9e61e764e5\" aria-label=\"Banner_Sa\u00fade_PortallavrasTV\"><img src=\"https:\/\/lavras.tv\/site\/wp-content\/uploads\/2025\/03\/Banner_Saude_PortallavrasTV.png\" alt=\"\"  srcset=\"https:\/\/lavras.tv\/site\/wp-content\/uploads\/2025\/03\/Banner_Saude_PortallavrasTV.png 720w, https:\/\/lavras.tv\/site\/wp-content\/uploads\/2025\/03\/Banner_Saude_PortallavrasTV-470x68.png 470w, https:\/\/lavras.tv\/site\/wp-content\/uploads\/2025\/03\/Banner_Saude_PortallavrasTV-170x25.png 170w, https:\/\/lavras.tv\/site\/wp-content\/uploads\/2025\/03\/Banner_Saude_PortallavrasTV-200x29.png 200w\" sizes=\"(max-width: 720px) 100vw, 720px\" width=\"720\" height=\"104\"   \/><\/a><\/li><li><div id=\"lavra-1179082084\" style=\"width:720px;height:104px;background-color:#ddd;overflow:scroll;\">\n\t<strong>Sa\u00edda da depura\u00e7\u00e3o de an\u00fancios<\/strong>\n\t<br><br>\n\tO an\u00fancio n\u00e3o \u00e9 exibido na p\u00e1gina<br><br>post atual: Sal\u00e1rio m\u00ednimo reajustado come\u00e7ou a ser pago nessa segunda-feira (2), ID: 169195<br><br><span style=\"color: red;\">O post atual n\u00e3o \u00e9 id\u00eantico ao post principal.<\/span><br><br>An\u00fancios: ROXO - TOPO INTERNA - ROTATIVO 2 (197)<br \/>Grupo de an\u00fancios: Princ_Meio01_720x104 (27)<br><br>Condi\u00e7\u00f5es de exibi\u00e7\u00e3o<div style=\"margin-bottom: 20px; white-space: pre-wrap; font-family: monospace; width: 100%; background: #ffe9e9;\"><strong>condi\u00e7\u00f5es gerais<\/strong><table border=\"1\"><thead><tr><th><\/th><th>An\u00fancios<\/th><th>wp_the_query<\/th><\/tr><\/thead><tr><td>is_main_query<\/td><td>1<\/td><td>1<\/td><\/tr><tr><td>is_rest_api<\/td><td>0<\/td><td>1<\/td><\/tr><tr><td>page<\/td><td>0<\/td><td>1<\/td><\/tr><tr><td>numpages<\/td><td>0<\/td><td>1<\/td><\/tr><tr><td>is_archive<\/td><td>1<\/td><td><\/td><\/tr><tr><td>is_search<\/td><td>1<\/td><td><\/td><\/tr><tr><td>is_home<\/td><td>1<\/td><td><\/td><\/tr><tr><td>is_404<\/td><td>1<\/td><td><\/td><\/tr><tr><td>is_attachment<\/td><td>1<\/td><td><\/td><\/tr><tr><td>is_singular<\/td><td>1<\/td><td><\/td><\/tr><tr><td>is_front_page<\/td><td>1<\/td><td><\/td><\/tr><tr><td>is_feed<\/td><td>1<\/td><td><\/td><\/tr><\/table><\/div><br><br><span style=\"color: red;\">Seu site usa HTTPS, mas o c\u00f3digo do an\u00fancio cont\u00e9m HTTP e pode n\u00e3o funcionar.<\/span>\t<br><br>\n\t<a style=\"color: green;\" href=\"https:\/\/wpadvancedads.com\/manual\/ad-debug-mode\/?utm_source=advanced-ads&utm_medium=link&utm_campaign=ad-debug-mode\" target=\"_blank\" rel=\"nofollow\">Encontre solu\u00e7\u00f5es no manual<\/a>\n<\/div>\n<\/li><\/ul><\/div><script>( window.advanced_ads_ready || jQuery( document ).ready ).call( null, function() {var $lavraslider2876101900 = jQuery( \".lavra-slider-2876101900\" );$lavraslider2876101900.on( \"unslider.ready\", function() { jQuery( \"div.custom-slider ul li\" ).css( \"display\", \"block\" ); });$lavraslider2876101900.unslider({ delay:4000, autoplay:true, nav:false, arrows:false, infinite:true });$lavraslider2876101900.on(\"mouseover\", function() {$lavraslider2876101900.unslider(\"stop\");}).on(\"mouseout\", function() {$lavraslider2876101900.unslider(\"start\");});});<\/script><\/div>\n<h2 class=\"wp-block-heading\">Data limite para o pagamento dos trabalhadores \u00e9 at\u00e9 a pr\u00f3xima sexta-feira (6)<\/h2>\n\n\n\n<figure class=\"wp-block-image size-full\"><img fetchpriority=\"high\" decoding=\"async\" width=\"750\" height=\"422\" src=\"https:\/\/lavras.tv\/site\/wp-content\/uploads\/2026\/02\/image_750x_698091cea674a.jpg\" alt=\"\" class=\"wp-image-169196\" srcset=\"https:\/\/lavras.tv\/site\/wp-content\/uploads\/2026\/02\/image_750x_698091cea674a.jpg 750w, https:\/\/lavras.tv\/site\/wp-content\/uploads\/2026\/02\/image_750x_698091cea674a-470x264.jpg 470w, https:\/\/lavras.tv\/site\/wp-content\/uploads\/2026\/02\/image_750x_698091cea674a-170x96.jpg 170w\" sizes=\"(max-width: 750px) 100vw, 750px\" \/><\/figure>\n\n\n\n<p>O novo sal\u00e1rio m\u00ednimo de 2026, reajustado em 6,7%,\u00a0<a href=\"https:\/\/www.itatiaia.com.br\/economia\/quinto-dia-util-de-fevereiro-2026-saiba-a-data-do-pagamento-do-novo-salario-minimo\"><strong>come\u00e7ou a ser depositado na conta de milh\u00f5es de trabalhadores<\/strong><\/a>\u00a0nessa segunda-feira (2). Neste ano, o piso salarial vai sair de R$ 1,518 para R$ 1,621, um aumento de R$ 103 que considera o \u00cdndice Nacional de Pre\u00e7os ao Consumidor (INPC) de novembro de 2025, al\u00e9m da varia\u00e7\u00e3o do Produto Interno Bruto (PIB).<\/p>\n\n\n\n<p>O c\u00e1lculo ainda precisa respeitar os limites do arcabou\u00e7o fiscal, que restringe o reajusta a um limite de 2,5% acima da infla\u00e7\u00e3o do ano anterior. O m\u00ednimo de 2026 corresponde a um valor de R$ 54,04 di\u00e1rio, e R$ 7,37 por hora de trabalho.<\/p>\n\n\n\n<p>Cabe lembrar que, de acordo com o artigo 459 da Consolida\u00e7\u00e3o das Leis do Trabalho (CLT), o quinto dia \u00fatil do m\u00eas \u00e9 a data limite para o pagamento dos sal\u00e1rios, ou seja, na pr\u00f3xima sexta-feira (6).<\/p>\n\n\n\n<p>Se o pagamento atrasar, o empregado pode cobrar judicialmente o valor com corre\u00e7\u00e3o monet\u00e1ria. Por\u00e9m, o recomend\u00e1vel \u00e9 que o trabalhador cobre diretamente a empresa e busque alguma justificativa para o atraso com os Recursos Humanos (RH).<\/p>\n\n\n\n<p>Caso o problema persista, o trabalhador pode recorrer ao sindicato do qual sua categoria pertence ou ao Minist\u00e9rio do Trabalho. Se a situa\u00e7\u00e3o n\u00e3o for resolvida por uma negocia\u00e7\u00e3o, o empregado tem direito a entrar com uma a\u00e7\u00e3o trabalhista.<\/p>\n\n\n\n<p>Segundo o Departamento Intersindical de Estat\u00edstica e Estudos Socioecon\u00f4micos (Dieese), o novo sal\u00e1rio m\u00ednimo \u00e9 pago para 61,9 milh\u00f5es de brasileiro, injetando R$ 81,7 bilh\u00f5es na economia em 2026.<\/p>\n","protected":false},"excerpt":{"rendered":"<p>Data limite para o pagamento dos trabalhadores \u00e9 at\u00e9 a pr\u00f3xima sexta-feira (6) O novo sal\u00e1rio m\u00ednimo de 2026, reajustado em 6,7%,\u00a0come\u00e7ou a ser depositado na conta de milh\u00f5es de trabalhadores\u00a0nessa segunda-feira (2). Neste ano, o piso salarial vai sair de R$ 1,518 para R$ 1,621, um aumento de R$ 103 que considera o \u00cdndice [&hellip;]<\/p>\n","protected":false},"author":5,"featured_media":169196,"comment_status":"closed","ping_status":"open","sticky":false,"template":"","format":"standard","meta":{"advgb_blocks_editor_width":"","advgb_blocks_columns_visual_guide":"","_exactmetrics_skip_tracking":false,"_exactmetrics_sitenote_active":false,"_exactmetrics_sitenote_note":"","_exactmetrics_sitenote_category":0,"footnotes":""},"categories":[7,2],"tags":[],"class_list":["post-169195","post","type-post","status-publish","format-standard","has-post-thumbnail","hentry","category-destaques","category-noticias"],"better_featured_image":{"id":169196,"alt_text":"","caption":"","description":"","media_type":"image","media_details":{"width":750,"height":422,"file":"2026\/02\/image_750x_698091cea674a.jpg","filesize":42876,"sizes":{"medium":{"file":"image_750x_698091cea674a-470x264.jpg","width":470,"height":264,"mime-type":"image\/jpeg","filesize":17931,"source_url":"https:\/\/lavras.tv\/site\/wp-content\/uploads\/2026\/02\/image_750x_698091cea674a-470x264.jpg"},"thumbnail":{"file":"image_750x_698091cea674a-170x96.jpg","width":170,"height":96,"mime-type":"image\/jpeg","filesize":3980,"source_url":"https:\/\/lavras.tv\/site\/wp-content\/uploads\/2026\/02\/image_750x_698091cea674a-170x96.jpg"},"alm-thumbnail":{"file":"image_750x_698091cea674a-150x150.jpg","width":150,"height":150,"mime-type":"image\/jpeg","filesize":5344,"source_url":"https:\/\/lavras.tv\/site\/wp-content\/uploads\/2026\/02\/image_750x_698091cea674a-150x150.jpg"},"sow-carousel-default":{"file":"image_750x_698091cea674a-272x182.jpg","width":272,"height":182,"mime-type":"image\/jpeg","filesize":9204,"source_url":"https:\/\/lavras.tv\/site\/wp-content\/uploads\/2026\/02\/image_750x_698091cea674a-272x182.jpg"}},"image_meta":{"aperture":"0","credit":"","camera":"","caption":"","created_timestamp":"0","copyright":"","focal_length":"0","iso":"0","shutter_speed":"0","title":"","orientation":"0","keywords":[]}},"post":169195,"source_url":"https:\/\/lavras.tv\/site\/wp-content\/uploads\/2026\/02\/image_750x_698091cea674a.jpg"},"author_meta":{"display_name":"Vinicius Bustamante","author_link":"https:\/\/lavras.tv\/site\/author\/vinicius-bustamante\/"},"featured_img":"https:\/\/lavras.tv\/site\/wp-content\/uploads\/2026\/02\/image_750x_698091cea674a-470x264.jpg","coauthors":[],"tax_additional":{"categories":{"linked":["<a href=\"https:\/\/lavras.tv\/site\/category\/destaques\/\" class=\"advgb-post-tax-term\">Destaques<\/a>","<a href=\"https:\/\/lavras.tv\/site\/category\/noticias\/\" class=\"advgb-post-tax-term\">Not\u00edcias<\/a>"],"unlinked":["<span class=\"advgb-post-tax-term\">Destaques<\/span>","<span class=\"advgb-post-tax-term\">Not\u00edcias<\/span>"]}},"comment_count":"0","relative_dates":{"created":"Publicado 3 meses atr\u00e1s","modified":"Atualizado 3 meses atr\u00e1s"},"absolute_dates":{"created":"Publicado em 3 de fevereiro de 2026","modified":"Atualizado em 3 de fevereiro de 2026"},"absolute_dates_time":{"created":"Publicado em 3 de fevereiro de 2026 17:39","modified":"Atualizado em 3 de fevereiro de 2026 17:39"},"featured_img_caption":"","series_order":"","_links":{"self":[{"href":"https:\/\/lavras.tv\/site\/wp-json\/wp\/v2\/posts\/169195","targetHints":{"allow":["GET"]}}],"collection":[{"href":"https:\/\/lavras.tv\/site\/wp-json\/wp\/v2\/posts"}],"about":[{"href":"https:\/\/lavras.tv\/site\/wp-json\/wp\/v2\/types\/post"}],"author":[{"embeddable":true,"href":"https:\/\/lavras.tv\/site\/wp-json\/wp\/v2\/users\/5"}],"replies":[{"embeddable":true,"href":"https:\/\/lavras.tv\/site\/wp-json\/wp\/v2\/comments?post=169195"}],"version-history":[{"count":1,"href":"https:\/\/lavras.tv\/site\/wp-json\/wp\/v2\/posts\/169195\/revisions"}],"predecessor-version":[{"id":169197,"href":"https:\/\/lavras.tv\/site\/wp-json\/wp\/v2\/posts\/169195\/revisions\/169197"}],"wp:featuredmedia":[{"embeddable":true,"href":"https:\/\/lavras.tv\/site\/wp-json\/wp\/v2\/media\/169196"}],"wp:attachment":[{"href":"https:\/\/lavras.tv\/site\/wp-json\/wp\/v2\/media?parent=169195"}],"wp:term":[{"taxonomy":"category","embeddable":true,"href":"https:\/\/lavras.tv\/site\/wp-json\/wp\/v2\/categories?post=169195"},{"taxonomy":"post_tag","embeddable":true,"href":"https:\/\/lavras.tv\/site\/wp-json\/wp\/v2\/tags?post=169195"}],"curies":[{"name":"wp","href":"https:\/\/api.w.org\/{rel}","templated":true}]}}