{"id":169198,"date":"2026-02-03T17:43:18","date_gmt":"2026-02-03T20:43:18","guid":{"rendered":"https:\/\/lavras.tv\/site\/?p=169198"},"modified":"2026-02-03T17:43:19","modified_gmt":"2026-02-03T20:43:19","slug":"operacao-integrada-entre-policia-militar-e-policia-civil-prende-criminosos-e-retira-arma-de-circulacao","status":"publish","type":"post","link":"https:\/\/lavras.tv\/site\/2026\/02\/03\/operacao-integrada-entre-policia-militar-e-policia-civil-prende-criminosos-e-retira-arma-de-circulacao\/","title":{"rendered":"OPERA\u00c7\u00c3O INTEGRADA ENTRE POL\u00cdCIA MILITAR E POL\u00cdCIA CIVIL PRENDE CRIMINOSOS E RETIRA ARMA DE CIRCULA\u00c7\u00c3O"},"content":{"rendered":"<div class=\"lavra-antes-do-conteudo_2\" id=\"lavra-3010256844\"><div id=\"lavra-slider-27\" class=\"custom-slider lavra-slider-4027423102 lavra-slider\"><ul><li><div style=\"margin-left: auto;margin-right: auto;text-align: center;\" id=\"lavra-789486227\"><a href=\"https:\/\/sistemas.lavras.mg.gov.br\/portalcidadao\/#df1b1a7c7b2a290bcb31e32771e610784662739a88807c0dacac58ede5f391a7530e299dc302d611ee73cb143fc22eaf93592e53e7b5bdb01b00a0b8d28dae460c141dd2ff83412e4dc1c31b16b25f33144a9e5620ea73b13f5bc1c59411d98439ad226e8af03840603796067d87afe130812cf3de24982d0e306f9e61e764e5\" aria-label=\"Lavras-TV&#8211;720x104px (1) (1)\"><img src=\"https:\/\/lavras.tv\/site\/wp-content\/uploads\/2025\/01\/Lavras-TV-720x104px-1-1.png\" alt=\"\"  srcset=\"https:\/\/lavras.tv\/site\/wp-content\/uploads\/2025\/01\/Lavras-TV-720x104px-1-1.png 720w, https:\/\/lavras.tv\/site\/wp-content\/uploads\/2025\/01\/Lavras-TV-720x104px-1-1-470x68.png 470w, https:\/\/lavras.tv\/site\/wp-content\/uploads\/2025\/01\/Lavras-TV-720x104px-1-1-170x25.png 170w, https:\/\/lavras.tv\/site\/wp-content\/uploads\/2025\/01\/Lavras-TV-720x104px-1-1-200x29.png 200w\" sizes=\"(max-width: 720px) 100vw, 720px\" width=\"720\" height=\"104\"  style=\"display: inline-block;\" \/><\/a><\/div><\/li><li><a href=\"https:\/\/sistemas.lavras.mg.gov.br\/portalcidadao\/#df1b1a7c7b2a290bcb31e32771e610784662739a88807c0dacac58ede5f391a7530e299dc302d611ee73cb143fc22eaf93592e53e7b5bdb01b00a0b8d28dae460c141dd2ff83412e4dc1c31b16b25f33144a9e5620ea73b13f5bc1c59411d98439ad226e8af03840603796067d87afe130812cf3de24982d0e306f9e61e764e5\" aria-label=\"Banner_Emprego_PortallavrasTV\"><img src=\"https:\/\/lavras.tv\/site\/wp-content\/uploads\/2025\/03\/Banner_Emprego_PortallavrasTV.png\" alt=\"\"  srcset=\"https:\/\/lavras.tv\/site\/wp-content\/uploads\/2025\/03\/Banner_Emprego_PortallavrasTV.png 720w, https:\/\/lavras.tv\/site\/wp-content\/uploads\/2025\/03\/Banner_Emprego_PortallavrasTV-470x68.png 470w, https:\/\/lavras.tv\/site\/wp-content\/uploads\/2025\/03\/Banner_Emprego_PortallavrasTV-170x25.png 170w, https:\/\/lavras.tv\/site\/wp-content\/uploads\/2025\/03\/Banner_Emprego_PortallavrasTV-200x29.png 200w\" sizes=\"(max-width: 720px) 100vw, 720px\" width=\"720\" height=\"104\"   \/><\/a><\/li><li><a href=\"https:\/\/sistemas.lavras.mg.gov.br\/portalcidadao\/#df1b1a7c7b2a290bcb31e32771e610784662739a88807c0dacac58ede5f391a7530e299dc302d611ee73cb143fc22eaf93592e53e7b5bdb01b00a0b8d28dae460c141dd2ff83412e4dc1c31b16b25f33144a9e5620ea73b13f5bc1c59411d98439ad226e8af03840603796067d87afe130812cf3de24982d0e306f9e61e764e5\" aria-label=\"Banner_Obras_PortallavrasTV\"><img src=\"https:\/\/lavras.tv\/site\/wp-content\/uploads\/2025\/03\/Banner_Obras_PortallavrasTV.png\" alt=\"\"  srcset=\"https:\/\/lavras.tv\/site\/wp-content\/uploads\/2025\/03\/Banner_Obras_PortallavrasTV.png 720w, https:\/\/lavras.tv\/site\/wp-content\/uploads\/2025\/03\/Banner_Obras_PortallavrasTV-470x68.png 470w, https:\/\/lavras.tv\/site\/wp-content\/uploads\/2025\/03\/Banner_Obras_PortallavrasTV-170x25.png 170w, https:\/\/lavras.tv\/site\/wp-content\/uploads\/2025\/03\/Banner_Obras_PortallavrasTV-200x29.png 200w\" sizes=\"(max-width: 720px) 100vw, 720px\" width=\"720\" height=\"104\"   \/><\/a><\/li><li><div style=\"margin-left: auto;margin-right: auto;text-align: center;\" id=\"lavra-832892757\"><a href=\"https:\/\/sistemas.lavras.mg.gov.br\/portalcidadao\/#df1b1a7c7b2a290bcb31e32771e610784662739a88807c0dacac58ede5f391a7530e299dc302d611ee73cb143fc22eaf93592e53e7b5bdb01b00a0b8d28dae460c141dd2ff83412e4dc1c31b16b25f33144a9e5620ea73b13f5bc1c59411d98439ad226e8af03840603796067d87afe130812cf3de24982d0e306f9e61e764e5\" aria-label=\"Banner_Educa\u00e7\u00e3o_PortallavrasTV\"><img src=\"https:\/\/lavras.tv\/site\/wp-content\/uploads\/2025\/01\/Banner_Educacao_PortallavrasTV.png\" alt=\"\"  srcset=\"https:\/\/lavras.tv\/site\/wp-content\/uploads\/2025\/01\/Banner_Educacao_PortallavrasTV.png 720w, https:\/\/lavras.tv\/site\/wp-content\/uploads\/2025\/01\/Banner_Educacao_PortallavrasTV-470x68.png 470w, https:\/\/lavras.tv\/site\/wp-content\/uploads\/2025\/01\/Banner_Educacao_PortallavrasTV-170x25.png 170w, https:\/\/lavras.tv\/site\/wp-content\/uploads\/2025\/01\/Banner_Educacao_PortallavrasTV-200x29.png 200w\" sizes=\"(max-width: 720px) 100vw, 720px\" width=\"720\" height=\"104\"  style=\"display: inline-block;\" \/><\/a><\/div><\/li><li><a href=\"https:\/\/sistemas.lavras.mg.gov.br\/portalcidadao\/#df1b1a7c7b2a290bcb31e32771e610784662739a88807c0dacac58ede5f391a7530e299dc302d611ee73cb143fc22eaf93592e53e7b5bdb01b00a0b8d28dae460c141dd2ff83412e4dc1c31b16b25f33144a9e5620ea73b13f5bc1c59411d98439ad226e8af03840603796067d87afe130812cf3de24982d0e306f9e61e764e5\" aria-label=\"Banner_Sa\u00fade_PortallavrasTV\"><img src=\"https:\/\/lavras.tv\/site\/wp-content\/uploads\/2025\/03\/Banner_Saude_PortallavrasTV.png\" alt=\"\"  srcset=\"https:\/\/lavras.tv\/site\/wp-content\/uploads\/2025\/03\/Banner_Saude_PortallavrasTV.png 720w, https:\/\/lavras.tv\/site\/wp-content\/uploads\/2025\/03\/Banner_Saude_PortallavrasTV-470x68.png 470w, https:\/\/lavras.tv\/site\/wp-content\/uploads\/2025\/03\/Banner_Saude_PortallavrasTV-170x25.png 170w, https:\/\/lavras.tv\/site\/wp-content\/uploads\/2025\/03\/Banner_Saude_PortallavrasTV-200x29.png 200w\" sizes=\"(max-width: 720px) 100vw, 720px\" width=\"720\" height=\"104\"   \/><\/a><\/li><li><div id=\"lavra-1553365165\" style=\"width:720px;height:104px;background-color:#ddd;overflow:scroll;\">\n\t<strong>Sa\u00edda da depura\u00e7\u00e3o de an\u00fancios<\/strong>\n\t<br><br>\n\tO an\u00fancio n\u00e3o \u00e9 exibido na p\u00e1gina<br><br>post atual: OPERA\u00c7\u00c3O INTEGRADA ENTRE POL\u00cdCIA MILITAR E POL\u00cdCIA CIVIL PRENDE CRIMINOSOS E RETIRA ARMA DE CIRCULA\u00c7\u00c3O, ID: 169198<br><br><span style=\"color: red;\">O post atual n\u00e3o \u00e9 id\u00eantico ao post principal.<\/span><br><br>An\u00fancios: ROXO - TOPO INTERNA - ROTATIVO 2 (197)<br \/>Grupo de an\u00fancios: Princ_Meio01_720x104 (27)<br><br>Condi\u00e7\u00f5es de exibi\u00e7\u00e3o<div style=\"margin-bottom: 20px; white-space: pre-wrap; font-family: monospace; width: 100%; background: #ffe9e9;\"><strong>condi\u00e7\u00f5es gerais<\/strong><table border=\"1\"><thead><tr><th><\/th><th>An\u00fancios<\/th><th>wp_the_query<\/th><\/tr><\/thead><tr><td>is_main_query<\/td><td>1<\/td><td>1<\/td><\/tr><tr><td>is_rest_api<\/td><td>0<\/td><td>1<\/td><\/tr><tr><td>page<\/td><td>0<\/td><td>1<\/td><\/tr><tr><td>numpages<\/td><td>0<\/td><td>1<\/td><\/tr><tr><td>is_archive<\/td><td>1<\/td><td><\/td><\/tr><tr><td>is_search<\/td><td>1<\/td><td><\/td><\/tr><tr><td>is_home<\/td><td>1<\/td><td><\/td><\/tr><tr><td>is_404<\/td><td>1<\/td><td><\/td><\/tr><tr><td>is_attachment<\/td><td>1<\/td><td><\/td><\/tr><tr><td>is_singular<\/td><td>1<\/td><td><\/td><\/tr><tr><td>is_front_page<\/td><td>1<\/td><td><\/td><\/tr><tr><td>is_feed<\/td><td>1<\/td><td><\/td><\/tr><\/table><\/div><br><br><span style=\"color: red;\">Seu site usa HTTPS, mas o c\u00f3digo do an\u00fancio cont\u00e9m HTTP e pode n\u00e3o funcionar.<\/span>\t<br><br>\n\t<a style=\"color: green;\" href=\"https:\/\/wpadvancedads.com\/manual\/ad-debug-mode\/?utm_source=advanced-ads&utm_medium=link&utm_campaign=ad-debug-mode\" target=\"_blank\" rel=\"nofollow\">Encontre solu\u00e7\u00f5es no manual<\/a>\n<\/div>\n<\/li><\/ul><\/div><script>( window.advanced_ads_ready || jQuery( document ).ready ).call( null, function() {var $lavraslider4027423102 = jQuery( \".lavra-slider-4027423102\" );$lavraslider4027423102.on( \"unslider.ready\", function() { jQuery( \"div.custom-slider ul li\" ).css( \"display\", \"block\" ); });$lavraslider4027423102.unslider({ delay:4000, autoplay:true, nav:false, arrows:false, infinite:true });$lavraslider4027423102.on(\"mouseover\", function() {$lavraslider4027423102.unslider(\"stop\");}).on(\"mouseout\", function() {$lavraslider4027423102.unslider(\"start\");});});<\/script><\/div>\n<figure class=\"wp-block-image size-large is-resized\"><img fetchpriority=\"high\" decoding=\"async\" width=\"768\" height=\"1024\" src=\"https:\/\/lavras.tv\/site\/wp-content\/uploads\/2026\/02\/WhatsApp-Image-2026-02-03-at-14.25.21-768x1024.jpeg\" alt=\"\" class=\"wp-image-169199\" style=\"width:426px;height:auto\" srcset=\"https:\/\/lavras.tv\/site\/wp-content\/uploads\/2026\/02\/WhatsApp-Image-2026-02-03-at-14.25.21-768x1024.jpeg 768w, https:\/\/lavras.tv\/site\/wp-content\/uploads\/2026\/02\/WhatsApp-Image-2026-02-03-at-14.25.21-225x300.jpeg 225w, https:\/\/lavras.tv\/site\/wp-content\/uploads\/2026\/02\/WhatsApp-Image-2026-02-03-at-14.25.21-113x150.jpeg 113w, https:\/\/lavras.tv\/site\/wp-content\/uploads\/2026\/02\/WhatsApp-Image-2026-02-03-at-14.25.21-1152x1536.jpeg 1152w, https:\/\/lavras.tv\/site\/wp-content\/uploads\/2026\/02\/WhatsApp-Image-2026-02-03-at-14.25.21.jpeg 1200w\" sizes=\"(max-width: 768px) 100vw, 768px\" \/><\/figure>\n\n\n\n<p>Uma a\u00e7\u00e3o integrada entre a Pol\u00edcia Militar de Minas Gerais e a Pol\u00edcia Civil resultou em pris\u00f5es e apreens\u00f5es relevantes no munic\u00edpio de Carm\u00f3polis de Minas, refor\u00e7ando o combate ao tr\u00e1fico de drogas e \u00e0 criminalidade armada na regi\u00e3o.<\/p>\n\n\n\n<p>Na presente data, durante opera\u00e7\u00e3o conjunta, foi cumprido mandado de busca e apreens\u00e3o em um im\u00f3vel situado no bairro de F\u00e1tima, ocasi\u00e3o em que foram localizados e apreendidos uma arma de fogo de uso restrito, muni\u00e7\u00f5es e subst\u00e2ncia entorpecente an\u00e1loga \u00e0 coca\u00edna. O alvo da medida judicial n\u00e3o se encontrava no local no momento da dilig\u00eancia.<\/p>\n\n\n\n<p>Em continuidade \u00e0s a\u00e7\u00f5es, as for\u00e7as de seguran\u00e7a realizaram levantamentos que possibilitaram a localiza\u00e7\u00e3o do suspeito, o qual foi preso ap\u00f3s a\u00e7\u00e3o integrada e troca de informa\u00e7\u00f5es entre os \u00f3rg\u00e3os envolvidos e a Pol\u00edcia Rodovi\u00e1ria Federal, a qual foi respons\u00e1vel pela abordagem na rodovia.<\/p>\n\n\n\n<p>Ainda durante o desdobramento da opera\u00e7\u00e3o, as equipes receberam informa\u00e7\u00f5es sobre um segundo indiv\u00edduo com mandado de pris\u00e3o em aberto, o qual foi localizado e preso em seguida. Durante a abordagem, tamb\u00e9m foi constatada a pr\u00e1tica do crime de tr\u00e1fico de drogas, com a apreens\u00e3o de subst\u00e2ncia il\u00edcita.<\/p>\n\n\n\n<p>As ocorr\u00eancias demonstram a atua\u00e7\u00e3o coordenada e eficiente das for\u00e7as de seguran\u00e7a p\u00fablica, evidenciando que a integra\u00e7\u00e3o entre Pol\u00edcia Militar e Pol\u00edcia Civil tem produzido resultados concretos no enfrentamento ao crime e na preserva\u00e7\u00e3o da ordem p\u00fablica.<\/p>\n\n\n\n<p>A Pol\u00edcia Militar de Minas Gerais reafirma seu compromisso com a seguran\u00e7a da popula\u00e7\u00e3o, atuando de forma cont\u00ednua, t\u00e9cnica e integrada para retirar de circula\u00e7\u00e3o indiv\u00edduos envolvidos em atividades criminosas.<\/p>\n\n\n\n<p>ALCO 8\u00ba BPM<\/p>\n\n\n\n<figure class=\"wp-block-image size-large\"><img decoding=\"async\" width=\"769\" height=\"1024\" src=\"https:\/\/lavras.tv\/site\/wp-content\/uploads\/2026\/02\/WhatsApp-Image-2026-02-03-at-14.25.22-769x1024.jpeg\" alt=\"\" class=\"wp-image-169200\" srcset=\"https:\/\/lavras.tv\/site\/wp-content\/uploads\/2026\/02\/WhatsApp-Image-2026-02-03-at-14.25.22-769x1024.jpeg 769w, https:\/\/lavras.tv\/site\/wp-content\/uploads\/2026\/02\/WhatsApp-Image-2026-02-03-at-14.25.22-225x300.jpeg 225w, https:\/\/lavras.tv\/site\/wp-content\/uploads\/2026\/02\/WhatsApp-Image-2026-02-03-at-14.25.22-113x150.jpeg 113w, https:\/\/lavras.tv\/site\/wp-content\/uploads\/2026\/02\/WhatsApp-Image-2026-02-03-at-14.25.22.jpeg 960w\" sizes=\"(max-width: 769px) 100vw, 769px\" \/><\/figure>\n","protected":false},"excerpt":{"rendered":"<p>Uma a\u00e7\u00e3o integrada entre a Pol\u00edcia Militar de Minas Gerais e a Pol\u00edcia Civil resultou em pris\u00f5es e apreens\u00f5es relevantes no munic\u00edpio de Carm\u00f3polis de Minas, refor\u00e7ando o combate ao tr\u00e1fico de drogas e \u00e0 criminalidade armada na regi\u00e3o. Na presente data, durante opera\u00e7\u00e3o conjunta, foi cumprido mandado de busca e apreens\u00e3o em um im\u00f3vel [&hellip;]<\/p>\n","protected":false},"author":5,"featured_media":169199,"comment_status":"closed","ping_status":"open","sticky":false,"template":"","format":"standard","meta":{"advgb_blocks_editor_width":"","advgb_blocks_columns_visual_guide":"","_exactmetrics_skip_tracking":false,"_exactmetrics_sitenote_active":false,"_exactmetrics_sitenote_note":"","_exactmetrics_sitenote_category":0,"footnotes":""},"categories":[7,2],"tags":[],"class_list":["post-169198","post","type-post","status-publish","format-standard","has-post-thumbnail","hentry","category-destaques","category-noticias"],"better_featured_image":{"id":169199,"alt_text":"","caption":"","description":"","media_type":"image","media_details":{"width":1200,"height":1600,"file":"2026\/02\/WhatsApp-Image-2026-02-03-at-14.25.21.jpeg","filesize":228841,"sizes":{"medium":{"file":"WhatsApp-Image-2026-02-03-at-14.25.21-225x300.jpeg","width":225,"height":300,"mime-type":"image\/jpeg","filesize":19223,"source_url":"https:\/\/lavras.tv\/site\/wp-content\/uploads\/2026\/02\/WhatsApp-Image-2026-02-03-at-14.25.21-225x300.jpeg"},"large":{"file":"WhatsApp-Image-2026-02-03-at-14.25.21-768x1024.jpeg","width":768,"height":1024,"mime-type":"image\/jpeg","filesize":129389,"source_url":"https:\/\/lavras.tv\/site\/wp-content\/uploads\/2026\/02\/WhatsApp-Image-2026-02-03-at-14.25.21-768x1024.jpeg"},"thumbnail":{"file":"WhatsApp-Image-2026-02-03-at-14.25.21-113x150.jpeg","width":113,"height":150,"mime-type":"image\/jpeg","filesize":6396,"source_url":"https:\/\/lavras.tv\/site\/wp-content\/uploads\/2026\/02\/WhatsApp-Image-2026-02-03-at-14.25.21-113x150.jpeg"},"1536x1536":{"file":"WhatsApp-Image-2026-02-03-at-14.25.21-1152x1536.jpeg","width":1152,"height":1536,"mime-type":"image\/jpeg","filesize":234230,"source_url":"https:\/\/lavras.tv\/site\/wp-content\/uploads\/2026\/02\/WhatsApp-Image-2026-02-03-at-14.25.21-1152x1536.jpeg"},"alm-thumbnail":{"file":"WhatsApp-Image-2026-02-03-at-14.25.21-150x150.jpeg","width":150,"height":150,"mime-type":"image\/jpeg","filesize":7896,"source_url":"https:\/\/lavras.tv\/site\/wp-content\/uploads\/2026\/02\/WhatsApp-Image-2026-02-03-at-14.25.21-150x150.jpeg"},"sow-carousel-default":{"file":"WhatsApp-Image-2026-02-03-at-14.25.21-272x182.jpeg","width":272,"height":182,"mime-type":"image\/jpeg","filesize":14232,"source_url":"https:\/\/lavras.tv\/site\/wp-content\/uploads\/2026\/02\/WhatsApp-Image-2026-02-03-at-14.25.21-272x182.jpeg"}},"image_meta":{"aperture":"0","credit":"","camera":"","caption":"","created_timestamp":"0","copyright":"","focal_length":"0","iso":"0","shutter_speed":"0","title":"","orientation":"0","keywords":[]}},"post":169198,"source_url":"https:\/\/lavras.tv\/site\/wp-content\/uploads\/2026\/02\/WhatsApp-Image-2026-02-03-at-14.25.21.jpeg"},"author_meta":{"display_name":"Vinicius Bustamante","author_link":"https:\/\/lavras.tv\/site\/author\/vinicius-bustamante\/"},"featured_img":"https:\/\/lavras.tv\/site\/wp-content\/uploads\/2026\/02\/WhatsApp-Image-2026-02-03-at-14.25.21-225x300.jpeg","coauthors":[],"tax_additional":{"categories":{"linked":["<a href=\"https:\/\/lavras.tv\/site\/category\/destaques\/\" class=\"advgb-post-tax-term\">Destaques<\/a>","<a href=\"https:\/\/lavras.tv\/site\/category\/noticias\/\" class=\"advgb-post-tax-term\">Not\u00edcias<\/a>"],"unlinked":["<span class=\"advgb-post-tax-term\">Destaques<\/span>","<span class=\"advgb-post-tax-term\">Not\u00edcias<\/span>"]}},"comment_count":"0","relative_dates":{"created":"Publicado 3 meses atr\u00e1s","modified":"Atualizado 3 meses atr\u00e1s"},"absolute_dates":{"created":"Publicado em 3 de fevereiro de 2026","modified":"Atualizado em 3 de fevereiro de 2026"},"absolute_dates_time":{"created":"Publicado em 3 de fevereiro de 2026 17:43","modified":"Atualizado em 3 de fevereiro de 2026 17:43"},"featured_img_caption":"","series_order":"","_links":{"self":[{"href":"https:\/\/lavras.tv\/site\/wp-json\/wp\/v2\/posts\/169198","targetHints":{"allow":["GET"]}}],"collection":[{"href":"https:\/\/lavras.tv\/site\/wp-json\/wp\/v2\/posts"}],"about":[{"href":"https:\/\/lavras.tv\/site\/wp-json\/wp\/v2\/types\/post"}],"author":[{"embeddable":true,"href":"https:\/\/lavras.tv\/site\/wp-json\/wp\/v2\/users\/5"}],"replies":[{"embeddable":true,"href":"https:\/\/lavras.tv\/site\/wp-json\/wp\/v2\/comments?post=169198"}],"version-history":[{"count":1,"href":"https:\/\/lavras.tv\/site\/wp-json\/wp\/v2\/posts\/169198\/revisions"}],"predecessor-version":[{"id":169201,"href":"https:\/\/lavras.tv\/site\/wp-json\/wp\/v2\/posts\/169198\/revisions\/169201"}],"wp:featuredmedia":[{"embeddable":true,"href":"https:\/\/lavras.tv\/site\/wp-json\/wp\/v2\/media\/169199"}],"wp:attachment":[{"href":"https:\/\/lavras.tv\/site\/wp-json\/wp\/v2\/media?parent=169198"}],"wp:term":[{"taxonomy":"category","embeddable":true,"href":"https:\/\/lavras.tv\/site\/wp-json\/wp\/v2\/categories?post=169198"},{"taxonomy":"post_tag","embeddable":true,"href":"https:\/\/lavras.tv\/site\/wp-json\/wp\/v2\/tags?post=169198"}],"curies":[{"name":"wp","href":"https:\/\/api.w.org\/{rel}","templated":true}]}}