{"id":1692,"date":"2016-08-19T13:57:01","date_gmt":"2016-08-19T13:57:01","guid":{"rendered":"http:\/\/lavras.tv\/site\/?p=1692"},"modified":"2016-08-19T13:57:01","modified_gmt":"2016-08-19T13:57:01","slug":"ficha-limpa-pode-barrar-48-mil-candidatos-no-pais","status":"publish","type":"post","link":"https:\/\/lavras.tv\/site\/2016\/08\/19\/ficha-limpa-pode-barrar-48-mil-candidatos-no-pais\/","title":{"rendered":"Ficha Limpa pode barrar 4,8 mil candidatos no Pa\u00eds"},"content":{"rendered":"<div class=\"lavra-antes-do-conteudo_2\" id=\"lavra-1825391732\"><div id=\"lavra-slider-27\" class=\"custom-slider lavra-slider-107106418 lavra-slider\"><ul><li><div style=\"margin-left: auto;margin-right: auto;text-align: center;\" id=\"lavra-1246755123\"><a href=\"https:\/\/sistemas.lavras.mg.gov.br\/portalcidadao\/#df1b1a7c7b2a290bcb31e32771e610784662739a88807c0dacac58ede5f391a7530e299dc302d611ee73cb143fc22eaf93592e53e7b5bdb01b00a0b8d28dae460c141dd2ff83412e4dc1c31b16b25f33144a9e5620ea73b13f5bc1c59411d98439ad226e8af03840603796067d87afe130812cf3de24982d0e306f9e61e764e5\" aria-label=\"Lavras-TV&#8211;720x104px (1) (1)\"><img src=\"https:\/\/lavras.tv\/site\/wp-content\/uploads\/2025\/01\/Lavras-TV-720x104px-1-1.png\" alt=\"\"  srcset=\"https:\/\/lavras.tv\/site\/wp-content\/uploads\/2025\/01\/Lavras-TV-720x104px-1-1.png 720w, https:\/\/lavras.tv\/site\/wp-content\/uploads\/2025\/01\/Lavras-TV-720x104px-1-1-470x68.png 470w, https:\/\/lavras.tv\/site\/wp-content\/uploads\/2025\/01\/Lavras-TV-720x104px-1-1-170x25.png 170w, https:\/\/lavras.tv\/site\/wp-content\/uploads\/2025\/01\/Lavras-TV-720x104px-1-1-200x29.png 200w\" sizes=\"(max-width: 720px) 100vw, 720px\" width=\"720\" height=\"104\"  style=\"display: inline-block;\" \/><\/a><\/div><\/li><li><a href=\"https:\/\/sistemas.lavras.mg.gov.br\/portalcidadao\/#df1b1a7c7b2a290bcb31e32771e610784662739a88807c0dacac58ede5f391a7530e299dc302d611ee73cb143fc22eaf93592e53e7b5bdb01b00a0b8d28dae460c141dd2ff83412e4dc1c31b16b25f33144a9e5620ea73b13f5bc1c59411d98439ad226e8af03840603796067d87afe130812cf3de24982d0e306f9e61e764e5\" aria-label=\"Banner_Emprego_PortallavrasTV\"><img src=\"https:\/\/lavras.tv\/site\/wp-content\/uploads\/2025\/03\/Banner_Emprego_PortallavrasTV.png\" alt=\"\"  srcset=\"https:\/\/lavras.tv\/site\/wp-content\/uploads\/2025\/03\/Banner_Emprego_PortallavrasTV.png 720w, https:\/\/lavras.tv\/site\/wp-content\/uploads\/2025\/03\/Banner_Emprego_PortallavrasTV-470x68.png 470w, https:\/\/lavras.tv\/site\/wp-content\/uploads\/2025\/03\/Banner_Emprego_PortallavrasTV-170x25.png 170w, https:\/\/lavras.tv\/site\/wp-content\/uploads\/2025\/03\/Banner_Emprego_PortallavrasTV-200x29.png 200w\" sizes=\"(max-width: 720px) 100vw, 720px\" width=\"720\" height=\"104\"   \/><\/a><\/li><li><a href=\"https:\/\/sistemas.lavras.mg.gov.br\/portalcidadao\/#df1b1a7c7b2a290bcb31e32771e610784662739a88807c0dacac58ede5f391a7530e299dc302d611ee73cb143fc22eaf93592e53e7b5bdb01b00a0b8d28dae460c141dd2ff83412e4dc1c31b16b25f33144a9e5620ea73b13f5bc1c59411d98439ad226e8af03840603796067d87afe130812cf3de24982d0e306f9e61e764e5\" aria-label=\"Banner_Obras_PortallavrasTV\"><img src=\"https:\/\/lavras.tv\/site\/wp-content\/uploads\/2025\/03\/Banner_Obras_PortallavrasTV.png\" alt=\"\"  srcset=\"https:\/\/lavras.tv\/site\/wp-content\/uploads\/2025\/03\/Banner_Obras_PortallavrasTV.png 720w, https:\/\/lavras.tv\/site\/wp-content\/uploads\/2025\/03\/Banner_Obras_PortallavrasTV-470x68.png 470w, https:\/\/lavras.tv\/site\/wp-content\/uploads\/2025\/03\/Banner_Obras_PortallavrasTV-170x25.png 170w, https:\/\/lavras.tv\/site\/wp-content\/uploads\/2025\/03\/Banner_Obras_PortallavrasTV-200x29.png 200w\" sizes=\"(max-width: 720px) 100vw, 720px\" width=\"720\" height=\"104\"   \/><\/a><\/li><li><div style=\"margin-left: auto;margin-right: auto;text-align: center;\" id=\"lavra-1461567565\"><a href=\"https:\/\/sistemas.lavras.mg.gov.br\/portalcidadao\/#df1b1a7c7b2a290bcb31e32771e610784662739a88807c0dacac58ede5f391a7530e299dc302d611ee73cb143fc22eaf93592e53e7b5bdb01b00a0b8d28dae460c141dd2ff83412e4dc1c31b16b25f33144a9e5620ea73b13f5bc1c59411d98439ad226e8af03840603796067d87afe130812cf3de24982d0e306f9e61e764e5\" aria-label=\"Banner_Educa\u00e7\u00e3o_PortallavrasTV\"><img src=\"https:\/\/lavras.tv\/site\/wp-content\/uploads\/2025\/01\/Banner_Educacao_PortallavrasTV.png\" alt=\"\"  srcset=\"https:\/\/lavras.tv\/site\/wp-content\/uploads\/2025\/01\/Banner_Educacao_PortallavrasTV.png 720w, https:\/\/lavras.tv\/site\/wp-content\/uploads\/2025\/01\/Banner_Educacao_PortallavrasTV-470x68.png 470w, https:\/\/lavras.tv\/site\/wp-content\/uploads\/2025\/01\/Banner_Educacao_PortallavrasTV-170x25.png 170w, https:\/\/lavras.tv\/site\/wp-content\/uploads\/2025\/01\/Banner_Educacao_PortallavrasTV-200x29.png 200w\" sizes=\"(max-width: 720px) 100vw, 720px\" width=\"720\" height=\"104\"  style=\"display: inline-block;\" \/><\/a><\/div><\/li><li><a href=\"https:\/\/sistemas.lavras.mg.gov.br\/portalcidadao\/#df1b1a7c7b2a290bcb31e32771e610784662739a88807c0dacac58ede5f391a7530e299dc302d611ee73cb143fc22eaf93592e53e7b5bdb01b00a0b8d28dae460c141dd2ff83412e4dc1c31b16b25f33144a9e5620ea73b13f5bc1c59411d98439ad226e8af03840603796067d87afe130812cf3de24982d0e306f9e61e764e5\" aria-label=\"Banner_Sa\u00fade_PortallavrasTV\"><img src=\"https:\/\/lavras.tv\/site\/wp-content\/uploads\/2025\/03\/Banner_Saude_PortallavrasTV.png\" alt=\"\"  srcset=\"https:\/\/lavras.tv\/site\/wp-content\/uploads\/2025\/03\/Banner_Saude_PortallavrasTV.png 720w, https:\/\/lavras.tv\/site\/wp-content\/uploads\/2025\/03\/Banner_Saude_PortallavrasTV-470x68.png 470w, https:\/\/lavras.tv\/site\/wp-content\/uploads\/2025\/03\/Banner_Saude_PortallavrasTV-170x25.png 170w, https:\/\/lavras.tv\/site\/wp-content\/uploads\/2025\/03\/Banner_Saude_PortallavrasTV-200x29.png 200w\" sizes=\"(max-width: 720px) 100vw, 720px\" width=\"720\" height=\"104\"   \/><\/a><\/li><li><div id=\"lavra-60887499\" style=\"width:720px;height:104px;background-color:#ddd;overflow:scroll;\">\n\t<strong>Sa\u00edda da depura\u00e7\u00e3o de an\u00fancios<\/strong>\n\t<br><br>\n\tO an\u00fancio n\u00e3o \u00e9 exibido na p\u00e1gina<br><br>post atual: Ficha Limpa pode barrar 4,8 mil candidatos no Pa\u00eds, ID: 1692<br><br><span style=\"color: red;\">O post atual n\u00e3o \u00e9 id\u00eantico ao post principal.<\/span><br><br>An\u00fancios: ROXO - TOPO INTERNA - ROTATIVO 2 (197)<br \/>Grupo de an\u00fancios: Princ_Meio01_720x104 (27)<br><br>Condi\u00e7\u00f5es de exibi\u00e7\u00e3o<div style=\"margin-bottom: 20px; white-space: pre-wrap; font-family: monospace; width: 100%; background: #ffe9e9;\"><strong>condi\u00e7\u00f5es gerais<\/strong><table border=\"1\"><thead><tr><th><\/th><th>An\u00fancios<\/th><th>wp_the_query<\/th><\/tr><\/thead><tr><td>is_main_query<\/td><td>1<\/td><td>1<\/td><\/tr><tr><td>is_rest_api<\/td><td>0<\/td><td>1<\/td><\/tr><tr><td>page<\/td><td>0<\/td><td>1<\/td><\/tr><tr><td>numpages<\/td><td>0<\/td><td>1<\/td><\/tr><tr><td>is_archive<\/td><td>1<\/td><td><\/td><\/tr><tr><td>is_search<\/td><td>1<\/td><td><\/td><\/tr><tr><td>is_home<\/td><td>1<\/td><td><\/td><\/tr><tr><td>is_404<\/td><td>1<\/td><td><\/td><\/tr><tr><td>is_attachment<\/td><td>1<\/td><td><\/td><\/tr><tr><td>is_singular<\/td><td>1<\/td><td><\/td><\/tr><tr><td>is_front_page<\/td><td>1<\/td><td><\/td><\/tr><tr><td>is_feed<\/td><td>1<\/td><td><\/td><\/tr><\/table><\/div><br><br><span style=\"color: red;\">Seu site usa HTTPS, mas o c\u00f3digo do an\u00fancio cont\u00e9m HTTP e pode n\u00e3o funcionar.<\/span>\t<br><br>\n\t<a style=\"color: green;\" href=\"https:\/\/wpadvancedads.com\/manual\/ad-debug-mode\/?utm_source=advanced-ads&utm_medium=link&utm_campaign=ad-debug-mode\" target=\"_blank\" rel=\"nofollow\">Encontre solu\u00e7\u00f5es no manual<\/a>\n<\/div>\n<\/li><\/ul><\/div><script>( window.advanced_ads_ready || jQuery( document ).ready ).call( null, function() {var $lavraslider107106418 = jQuery( \".lavra-slider-107106418\" );$lavraslider107106418.on( \"unslider.ready\", function() { jQuery( \"div.custom-slider ul li\" ).css( \"display\", \"block\" ); });$lavraslider107106418.unslider({ delay:4000, autoplay:true, nav:false, arrows:false, infinite:true });$lavraslider107106418.on(\"mouseover\", function() {$lavraslider107106418.unslider(\"stop\");}).on(\"mouseout\", function() {$lavraslider107106418.unslider(\"start\");});});<\/script><\/div><p>Ao menos 4.849 pol\u00edticos que tentam concorrer nas elei\u00e7\u00f5es municipais deste ano no Pa\u00eds podem ter os registros de candidatura impugnados por serem considerados ficha-suja perante a Justi\u00e7a Eleitoral, segundo levantamento obtido pelo Estado. A an\u00e1lise foi feita sobre as 467.074 candidaturas j\u00e1 validadas pelo Tribunal Superior Eleitoral at\u00e9 quinta-feira, 18.<\/p>\n<p>Aprovada em 2010 com o intuito de evitar que pol\u00edticos condenados disputem cargos p\u00fablicos, a Lei da Ficha Limpa tornou-se alvo de uma das principais pol\u00eamicas neste in\u00edcio de campanha eleitoral. Parte delas ocorre por uma decis\u00e3o do Supremo Tribunal Federal, que deu ao Legislativo a palavra final sobre a reprova\u00e7\u00e3o de contas de gestores p\u00fablicos para fins de torn\u00e1-los ineleg\u00edveis.<\/p>\n<p>Al\u00e9m da reprova\u00e7\u00e3o de contas, entre as irregularidades que podem enquadrar um pol\u00edtico como ficha-suja est\u00e3o condena\u00e7\u00f5es em segunda inst\u00e2ncia por crimes como lavagem de dinheiro, corrup\u00e7\u00e3o, peculato ou improbidade administrativa.<\/p>\n<p>Este \u00faltimo \u00e9 o caso que levou uma ju\u00edza de Votorantim, no interior de S\u00e3o Paulo, a suspender, quarta-feira, 17, o registro da candidatura de Fernando de Oliveira Souza (DEM) e de Eric Romero Martins (PPS), que tentam disputar os cargos de prefeito e vice da cidade. Os dois foram condenados, em segunda inst\u00e2ncia, por receberem, de forma irregular, ajuda de custo para participar de reuni\u00f5es da C\u00e2mara Municipal quando eram vereadores.<\/p>\n<p>Em 2012, na primeira vez que a regra foi aplicada na disputa para prefeito e vereador, o Tribunal Superior Eleitoral (TSE) recebeu quase 8 mil recursos referentes a impugna\u00e7\u00e3o de candidatura, sendo que aproximadamente 3 mil foram baseadas na Lei da Ficha Limpa.<\/p>\n<p>Os quase 5 mil casos neste ano foram identificados ap\u00f3s cruzamento do CPF dos candidatos registrados com bases de dados de tribunais de Justi\u00e7a, tribunais de contas e outros \u00f3rg\u00e3os de controle.<\/p>\n<p>O cruzamento foi feito automaticamente por um sistema do Minist\u00e9rio P\u00fablico Federal e os dados foram enviados aos cerca de 3 mil promotores eleitorais, que devem verificar se a ocorr\u00eancia apontada vai ou n\u00e3o barrar o candidato. Isso porque o sistema pode encontrar, por exemplo, uma decis\u00e3o judicial desfavor\u00e1vel ao pol\u00edtico, mas que j\u00e1 est\u00e1 suspensa por uma liminar.<\/p>\n<p>N\u00famero maior<\/p>\n<p>O Minist\u00e9rio P\u00fablico Eleitoral acredita que o n\u00famero detectado at\u00e9 agora possa estar subestimado. Al\u00e9m de o TSE n\u00e3o ter validado todos os registros de candidaturas at\u00e9 o momento, h\u00e1 diversos casos de &#8220;falso negativo&#8221; \u2013 quando o sistema n\u00e3o verifica pend\u00eancias do pol\u00edtico pelo CPF, mas ele \u00e9 ineleg\u00edvel.<\/p>\n<p>A procuradora da Rep\u00fablica e coordenadora nacional do Grupo Executivo Nacional da Fun\u00e7\u00e3o Eleitoral (Genafe), Ana Paula Mantovani, estima que ao menos 10 mil recursos questionando registros de candidatura cheguem ao TSE a partir da segunda quinzena de setembro.<\/p>\n<p>Apesar dos prazos curtos para impugna\u00e7\u00e3o de registro, a previs\u00e3o \u00e9 de que nem todos os casos sejam solucionados antes do primeiro turno, que ocorre no dia 2 de outubro. &#8220;Podemos ter muitos candidatos concorrendo sem a defini\u00e7\u00e3o com rela\u00e7\u00e3o ao registro. Se ao final a decis\u00e3o (do TSE) for pela improced\u00eancia do recurso, todos os votos s\u00e3o anulados&#8221;, afirmou a procuradora.<\/p>\n<p>O Estado com maior ocorr\u00eancia de poss\u00edveis fichas-sujas \u00e9 S\u00e3o Paulo \u2013 localidade que tamb\u00e9m concentra o maior n\u00famero de candidatos registrados. No total, o sistema identificou 1.403 pol\u00edticos do Estado com ocorr\u00eancias que podem inviabilizar a elei\u00e7\u00e3o. Minas (620 casos identificados) e Paran\u00e1 (461) v\u00eam logo atr\u00e1s.<\/p>\n<p>Altera\u00e7\u00e3o<\/p>\n<p>Na conta do presidente da Associa\u00e7\u00e3o dos Membros dos Tribunais de Contas do Brasil (Atricon), Valdecir Pascoal, 6 mil prefeitos e ex-prefeitos ser\u00e3o &#8220;imunizados&#8221; pela decis\u00e3o do Supremo de n\u00e3o enquadr\u00e1-los como fichas-sujas ap\u00f3s a reprova\u00e7\u00e3o de contas por tribunal de contas.<\/p>\n<p>Pelo entendimento da maioria dos ministros, prefeitos que tiveram suas contas reprovadas por tribunais de contas poder\u00e3o concorrer nas elei\u00e7\u00f5es se o balan\u00e7o n\u00e3o tiver sido rejeitado tamb\u00e9m pelo Legislativo. As informa\u00e7\u00f5es s\u00e3o do jornal<\/p>\n<p>Fonte: O Estado de S. Paulo<\/p>\n","protected":false},"excerpt":{"rendered":"<p>Ao menos 4.849 pol\u00edticos que tentam concorrer nas elei\u00e7\u00f5es municipais deste ano no Pa\u00eds podem ter os registros de candidatura impugnados por serem considerados ficha-suja perante a Justi\u00e7a Eleitoral, segundo levantamento obtido pelo Estado. A an\u00e1lise foi feita sobre as 467.074 candidaturas j\u00e1 validadas pelo Tribunal Superior Eleitoral at\u00e9 quinta-feira, 18. Aprovada em 2010 com [&hellip;]<\/p>\n","protected":false},"author":2,"featured_media":1693,"comment_status":"closed","ping_status":"open","sticky":false,"template":"","format":"standard","meta":{"advgb_blocks_editor_width":"","advgb_blocks_columns_visual_guide":"","_exactmetrics_skip_tracking":false,"_exactmetrics_sitenote_active":false,"_exactmetrics_sitenote_note":"","_exactmetrics_sitenote_category":0,"footnotes":""},"categories":[12],"tags":[],"class_list":["post-1692","post","type-post","status-publish","format-standard","has-post-thumbnail","hentry","category-politica"],"better_featured_image":{"id":1693,"alt_text":"","caption":"","description":"","media_type":"image","media_details":{"width":1600,"height":900,"file":"2016\/08\/ficha-limpa.jpg","sizes":{"thumbnail":{"file":"ficha-limpa-150x84.jpg","width":150,"height":84,"mime-type":"image\/jpeg","source_url":"https:\/\/lavras.tv\/site\/wp-content\/uploads\/2016\/08\/ficha-limpa-150x84.jpg"},"medium":{"file":"ficha-limpa-300x169.jpg","width":300,"height":169,"mime-type":"image\/jpeg","source_url":"https:\/\/lavras.tv\/site\/wp-content\/uploads\/2016\/08\/ficha-limpa-300x169.jpg"},"large":{"file":"ficha-limpa-1024x576.jpg","width":1024,"height":576,"mime-type":"image\/jpeg","source_url":"https:\/\/lavras.tv\/site\/wp-content\/uploads\/2016\/08\/ficha-limpa-1024x576.jpg"},"featured-slider-img":{"file":"ficha-limpa-640x480.jpg","width":640,"height":480,"mime-type":"image\/jpeg","source_url":"https:\/\/lavras.tv\/site\/wp-content\/uploads\/2016\/08\/ficha-limpa-640x480.jpg"},"featured-post-img":{"file":"ficha-limpa-480x320.jpg","width":480,"height":320,"mime-type":"image\/jpeg","source_url":"https:\/\/lavras.tv\/site\/wp-content\/uploads\/2016\/08\/ficha-limpa-480x320.jpg"},"sow-carousel-default":{"file":"ficha-limpa-272x182.jpg","width":272,"height":182,"mime-type":"image\/jpeg","source_url":"https:\/\/lavras.tv\/site\/wp-content\/uploads\/2016\/08\/ficha-limpa-272x182.jpg"}},"image_meta":{"aperture":"0","credit":"","camera":"","caption":"","created_timestamp":"0","copyright":"","focal_length":"0","iso":"0","shutter_speed":"0","title":"","orientation":"1","keywords":[]}},"post":1692,"source_url":"https:\/\/lavras.tv\/site\/wp-content\/uploads\/2016\/08\/ficha-limpa.jpg"},"author_meta":{"display_name":"Lavras TV","author_link":"https:\/\/lavras.tv\/site\/author\/lavrastv\/"},"featured_img":"https:\/\/lavras.tv\/site\/wp-content\/uploads\/2016\/08\/ficha-limpa-300x169.jpg","coauthors":[],"tax_additional":{"categories":{"linked":["<a href=\"https:\/\/lavras.tv\/site\/category\/politica\/\" class=\"advgb-post-tax-term\">Pol\u00edtica<\/a>"],"unlinked":["<span class=\"advgb-post-tax-term\">Pol\u00edtica<\/span>"]}},"comment_count":"0","relative_dates":{"created":"Publicado 10 anos atr\u00e1s","modified":"Atualizado 10 anos atr\u00e1s"},"absolute_dates":{"created":"Publicado em 19 de agosto de 2016","modified":"Atualizado em 19 de agosto de 2016"},"absolute_dates_time":{"created":"Publicado em 19 de agosto de 2016 13:57","modified":"Atualizado em 19 de agosto de 2016 13:57"},"featured_img_caption":"","series_order":"","_links":{"self":[{"href":"https:\/\/lavras.tv\/site\/wp-json\/wp\/v2\/posts\/1692","targetHints":{"allow":["GET"]}}],"collection":[{"href":"https:\/\/lavras.tv\/site\/wp-json\/wp\/v2\/posts"}],"about":[{"href":"https:\/\/lavras.tv\/site\/wp-json\/wp\/v2\/types\/post"}],"author":[{"embeddable":true,"href":"https:\/\/lavras.tv\/site\/wp-json\/wp\/v2\/users\/2"}],"replies":[{"embeddable":true,"href":"https:\/\/lavras.tv\/site\/wp-json\/wp\/v2\/comments?post=1692"}],"version-history":[{"count":1,"href":"https:\/\/lavras.tv\/site\/wp-json\/wp\/v2\/posts\/1692\/revisions"}],"predecessor-version":[{"id":1694,"href":"https:\/\/lavras.tv\/site\/wp-json\/wp\/v2\/posts\/1692\/revisions\/1694"}],"wp:featuredmedia":[{"embeddable":true,"href":"https:\/\/lavras.tv\/site\/wp-json\/wp\/v2\/media\/1693"}],"wp:attachment":[{"href":"https:\/\/lavras.tv\/site\/wp-json\/wp\/v2\/media?parent=1692"}],"wp:term":[{"taxonomy":"category","embeddable":true,"href":"https:\/\/lavras.tv\/site\/wp-json\/wp\/v2\/categories?post=1692"},{"taxonomy":"post_tag","embeddable":true,"href":"https:\/\/lavras.tv\/site\/wp-json\/wp\/v2\/tags?post=1692"}],"curies":[{"name":"wp","href":"https:\/\/api.w.org\/{rel}","templated":true}]}}