{"id":169203,"date":"2026-02-04T16:56:52","date_gmt":"2026-02-04T19:56:52","guid":{"rendered":"https:\/\/lavras.tv\/site\/?p=169203"},"modified":"2026-02-04T16:56:53","modified_gmt":"2026-02-04T19:56:53","slug":"prefeituras-mineiras-terao-r-500-milhoes-para-financiar-infraestrutura-e-sustentabilidade-pelo-edital-bdmg-municipios-2026","status":"publish","type":"post","link":"https:\/\/lavras.tv\/site\/2026\/02\/04\/prefeituras-mineiras-terao-r-500-milhoes-para-financiar-infraestrutura-e-sustentabilidade-pelo-edital-bdmg-municipios-2026\/","title":{"rendered":"Prefeituras mineiras ter\u00e3o R$ 500 milh\u00f5es para financiar infraestrutura e sustentabilidade pelo Edital BDMG Munic\u00edpios 2026"},"content":{"rendered":"<div class=\"lavra-antes-do-conteudo_2\" id=\"lavra-1751987962\"><div id=\"lavra-slider-27\" class=\"custom-slider lavra-slider-1001342063 lavra-slider\"><ul><li><div style=\"margin-left: auto;margin-right: auto;text-align: center;\" id=\"lavra-3390219757\"><a href=\"https:\/\/sistemas.lavras.mg.gov.br\/portalcidadao\/#df1b1a7c7b2a290bcb31e32771e610784662739a88807c0dacac58ede5f391a7530e299dc302d611ee73cb143fc22eaf93592e53e7b5bdb01b00a0b8d28dae460c141dd2ff83412e4dc1c31b16b25f33144a9e5620ea73b13f5bc1c59411d98439ad226e8af03840603796067d87afe130812cf3de24982d0e306f9e61e764e5\" aria-label=\"Lavras-TV&#8211;720x104px (1) (1)\"><img src=\"https:\/\/lavras.tv\/site\/wp-content\/uploads\/2025\/01\/Lavras-TV-720x104px-1-1.png\" alt=\"\"  srcset=\"https:\/\/lavras.tv\/site\/wp-content\/uploads\/2025\/01\/Lavras-TV-720x104px-1-1.png 720w, https:\/\/lavras.tv\/site\/wp-content\/uploads\/2025\/01\/Lavras-TV-720x104px-1-1-470x68.png 470w, https:\/\/lavras.tv\/site\/wp-content\/uploads\/2025\/01\/Lavras-TV-720x104px-1-1-170x25.png 170w, https:\/\/lavras.tv\/site\/wp-content\/uploads\/2025\/01\/Lavras-TV-720x104px-1-1-200x29.png 200w\" sizes=\"(max-width: 720px) 100vw, 720px\" width=\"720\" height=\"104\"  style=\"display: inline-block;\" \/><\/a><\/div><\/li><li><a href=\"https:\/\/sistemas.lavras.mg.gov.br\/portalcidadao\/#df1b1a7c7b2a290bcb31e32771e610784662739a88807c0dacac58ede5f391a7530e299dc302d611ee73cb143fc22eaf93592e53e7b5bdb01b00a0b8d28dae460c141dd2ff83412e4dc1c31b16b25f33144a9e5620ea73b13f5bc1c59411d98439ad226e8af03840603796067d87afe130812cf3de24982d0e306f9e61e764e5\" aria-label=\"Banner_Emprego_PortallavrasTV\"><img src=\"https:\/\/lavras.tv\/site\/wp-content\/uploads\/2025\/03\/Banner_Emprego_PortallavrasTV.png\" alt=\"\"  srcset=\"https:\/\/lavras.tv\/site\/wp-content\/uploads\/2025\/03\/Banner_Emprego_PortallavrasTV.png 720w, https:\/\/lavras.tv\/site\/wp-content\/uploads\/2025\/03\/Banner_Emprego_PortallavrasTV-470x68.png 470w, https:\/\/lavras.tv\/site\/wp-content\/uploads\/2025\/03\/Banner_Emprego_PortallavrasTV-170x25.png 170w, https:\/\/lavras.tv\/site\/wp-content\/uploads\/2025\/03\/Banner_Emprego_PortallavrasTV-200x29.png 200w\" sizes=\"(max-width: 720px) 100vw, 720px\" width=\"720\" height=\"104\"   \/><\/a><\/li><li><a href=\"https:\/\/sistemas.lavras.mg.gov.br\/portalcidadao\/#df1b1a7c7b2a290bcb31e32771e610784662739a88807c0dacac58ede5f391a7530e299dc302d611ee73cb143fc22eaf93592e53e7b5bdb01b00a0b8d28dae460c141dd2ff83412e4dc1c31b16b25f33144a9e5620ea73b13f5bc1c59411d98439ad226e8af03840603796067d87afe130812cf3de24982d0e306f9e61e764e5\" aria-label=\"Banner_Obras_PortallavrasTV\"><img src=\"https:\/\/lavras.tv\/site\/wp-content\/uploads\/2025\/03\/Banner_Obras_PortallavrasTV.png\" alt=\"\"  srcset=\"https:\/\/lavras.tv\/site\/wp-content\/uploads\/2025\/03\/Banner_Obras_PortallavrasTV.png 720w, https:\/\/lavras.tv\/site\/wp-content\/uploads\/2025\/03\/Banner_Obras_PortallavrasTV-470x68.png 470w, https:\/\/lavras.tv\/site\/wp-content\/uploads\/2025\/03\/Banner_Obras_PortallavrasTV-170x25.png 170w, https:\/\/lavras.tv\/site\/wp-content\/uploads\/2025\/03\/Banner_Obras_PortallavrasTV-200x29.png 200w\" sizes=\"(max-width: 720px) 100vw, 720px\" width=\"720\" height=\"104\"   \/><\/a><\/li><li><div style=\"margin-left: auto;margin-right: auto;text-align: center;\" id=\"lavra-465140451\"><a href=\"https:\/\/sistemas.lavras.mg.gov.br\/portalcidadao\/#df1b1a7c7b2a290bcb31e32771e610784662739a88807c0dacac58ede5f391a7530e299dc302d611ee73cb143fc22eaf93592e53e7b5bdb01b00a0b8d28dae460c141dd2ff83412e4dc1c31b16b25f33144a9e5620ea73b13f5bc1c59411d98439ad226e8af03840603796067d87afe130812cf3de24982d0e306f9e61e764e5\" aria-label=\"Banner_Educa\u00e7\u00e3o_PortallavrasTV\"><img src=\"https:\/\/lavras.tv\/site\/wp-content\/uploads\/2025\/01\/Banner_Educacao_PortallavrasTV.png\" alt=\"\"  srcset=\"https:\/\/lavras.tv\/site\/wp-content\/uploads\/2025\/01\/Banner_Educacao_PortallavrasTV.png 720w, https:\/\/lavras.tv\/site\/wp-content\/uploads\/2025\/01\/Banner_Educacao_PortallavrasTV-470x68.png 470w, https:\/\/lavras.tv\/site\/wp-content\/uploads\/2025\/01\/Banner_Educacao_PortallavrasTV-170x25.png 170w, https:\/\/lavras.tv\/site\/wp-content\/uploads\/2025\/01\/Banner_Educacao_PortallavrasTV-200x29.png 200w\" sizes=\"(max-width: 720px) 100vw, 720px\" width=\"720\" height=\"104\"  style=\"display: inline-block;\" \/><\/a><\/div><\/li><li><a href=\"https:\/\/sistemas.lavras.mg.gov.br\/portalcidadao\/#df1b1a7c7b2a290bcb31e32771e610784662739a88807c0dacac58ede5f391a7530e299dc302d611ee73cb143fc22eaf93592e53e7b5bdb01b00a0b8d28dae460c141dd2ff83412e4dc1c31b16b25f33144a9e5620ea73b13f5bc1c59411d98439ad226e8af03840603796067d87afe130812cf3de24982d0e306f9e61e764e5\" aria-label=\"Banner_Sa\u00fade_PortallavrasTV\"><img src=\"https:\/\/lavras.tv\/site\/wp-content\/uploads\/2025\/03\/Banner_Saude_PortallavrasTV.png\" alt=\"\"  srcset=\"https:\/\/lavras.tv\/site\/wp-content\/uploads\/2025\/03\/Banner_Saude_PortallavrasTV.png 720w, https:\/\/lavras.tv\/site\/wp-content\/uploads\/2025\/03\/Banner_Saude_PortallavrasTV-470x68.png 470w, https:\/\/lavras.tv\/site\/wp-content\/uploads\/2025\/03\/Banner_Saude_PortallavrasTV-170x25.png 170w, https:\/\/lavras.tv\/site\/wp-content\/uploads\/2025\/03\/Banner_Saude_PortallavrasTV-200x29.png 200w\" sizes=\"(max-width: 720px) 100vw, 720px\" width=\"720\" height=\"104\"   \/><\/a><\/li><li><div id=\"lavra-1152075576\" style=\"width:720px;height:104px;background-color:#ddd;overflow:scroll;\">\n\t<strong>Sa\u00edda da depura\u00e7\u00e3o de an\u00fancios<\/strong>\n\t<br><br>\n\tO an\u00fancio n\u00e3o \u00e9 exibido na p\u00e1gina<br><br>post atual: Prefeituras mineiras ter\u00e3o R$ 500 milh\u00f5es para financiar infraestrutura e sustentabilidade pelo Edital BDMG Munic\u00edpios 2026, ID: 169203<br><br><span style=\"color: red;\">O post atual n\u00e3o \u00e9 id\u00eantico ao post principal.<\/span><br><br>An\u00fancios: ROXO - TOPO INTERNA - ROTATIVO 2 (197)<br \/>Grupo de an\u00fancios: Princ_Meio01_720x104 (27)<br><br>Condi\u00e7\u00f5es de exibi\u00e7\u00e3o<div style=\"margin-bottom: 20px; white-space: pre-wrap; font-family: monospace; width: 100%; background: #ffe9e9;\"><strong>condi\u00e7\u00f5es gerais<\/strong><table border=\"1\"><thead><tr><th><\/th><th>An\u00fancios<\/th><th>wp_the_query<\/th><\/tr><\/thead><tr><td>is_main_query<\/td><td>1<\/td><td>1<\/td><\/tr><tr><td>is_rest_api<\/td><td>0<\/td><td>1<\/td><\/tr><tr><td>page<\/td><td>0<\/td><td>1<\/td><\/tr><tr><td>numpages<\/td><td>0<\/td><td>1<\/td><\/tr><tr><td>is_archive<\/td><td>1<\/td><td><\/td><\/tr><tr><td>is_search<\/td><td>1<\/td><td><\/td><\/tr><tr><td>is_home<\/td><td>1<\/td><td><\/td><\/tr><tr><td>is_404<\/td><td>1<\/td><td><\/td><\/tr><tr><td>is_attachment<\/td><td>1<\/td><td><\/td><\/tr><tr><td>is_singular<\/td><td>1<\/td><td><\/td><\/tr><tr><td>is_front_page<\/td><td>1<\/td><td><\/td><\/tr><tr><td>is_feed<\/td><td>1<\/td><td><\/td><\/tr><\/table><\/div><br><br><span style=\"color: red;\">Seu site usa HTTPS, mas o c\u00f3digo do an\u00fancio cont\u00e9m HTTP e pode n\u00e3o funcionar.<\/span>\t<br><br>\n\t<a style=\"color: green;\" href=\"https:\/\/wpadvancedads.com\/manual\/ad-debug-mode\/?utm_source=advanced-ads&utm_medium=link&utm_campaign=ad-debug-mode\" target=\"_blank\" rel=\"nofollow\">Encontre solu\u00e7\u00f5es no manual<\/a>\n<\/div>\n<\/li><\/ul><\/div><script>( window.advanced_ads_ready || jQuery( document ).ready ).call( null, function() {var $lavraslider1001342063 = jQuery( \".lavra-slider-1001342063\" );$lavraslider1001342063.on( \"unslider.ready\", function() { jQuery( \"div.custom-slider ul li\" ).css( \"display\", \"block\" ); });$lavraslider1001342063.unslider({ delay:4000, autoplay:true, nav:false, arrows:false, infinite:true });$lavraslider1001342063.on(\"mouseover\", function() {$lavraslider1001342063.unslider(\"stop\");}).on(\"mouseout\", function() {$lavraslider1001342063.unslider(\"start\");});});<\/script><\/div>\n<h2 class=\"wp-block-heading\">Com novos itens financi\u00e1veis, banco mineiro de desenvolvimento vai disponibilizar o maior volume de cr\u00e9dito da hist\u00f3ria do edital, com at\u00e9 dez anos para pagamento<\/h2>\n\n\n\n<figure class=\"wp-block-image\"><img decoding=\"async\" src=\"https:\/\/www.agenciaminas.mg.gov.br\/system\/news\/images\/000\/128\/923\/large\/BDMG_Municipios_0005_%281%29.jpg?1770135419\" alt=\"imagem de destaque\"\/><\/figure>\n\n\n\n<p>As prefeituras mineiras ter\u00e3o acesso a meio bilh\u00e3o de reais em cr\u00e9dito no&nbsp;<a href=\"https:\/\/www.bdmg.mg.gov.br\/\" target=\"_blank\" rel=\"noreferrer noopener\">Banco de Desenvolvimento de Minas Gerais (BDMG)<\/a>&nbsp;para executar projetos de infraestrutura e de sustentabilidade. O Edital BDMG Munic\u00edpios 2026, lan\u00e7ado nesta ter\u00e7a-feira (3\/2), ter\u00e1 o maior volume de recursos da hist\u00f3ria da institui\u00e7\u00e3o, montante 25% superior \u00e0 edi\u00e7\u00e3o de 2025. Os gestores t\u00eam at\u00e9 o dia 20\/3 para aderir.<br>&nbsp;<\/p>\n\n\n\n<blockquote class=\"wp-block-quote is-layout-flow wp-block-quote-is-layout-flow\">\n<p><em><strong>Todas as informa\u00e7\u00f5es sobre o Edital BDMG Munic\u00edpios 2026 est\u00e3o dispon\u00edveis&nbsp;<a href=\"https:\/\/www.bdmg.mg.gov.br\/editalmunicipios\/\" target=\"_blank\" rel=\"noreferrer noopener\">aqui<\/a><\/strong><\/em><\/p>\n<\/blockquote>\n\n\n\n<p><br>Entre as novidades do edital est\u00e1 a amplia\u00e7\u00e3o dos projetos financi\u00e1veis, que passam a incluir, entre outros, a cria\u00e7\u00e3o de parques e corredores verdes, que reduzem&nbsp;ilhas de calor, e o financiamento \u00e0 elabora\u00e7\u00e3o dos projetos.<br><br>Al\u00e9m disso, pela primeira vez, o gestor ter\u00e1 a possibilidade de aderir ao Edital BDMG Munic\u00edpios antes mesmo de definir o projeto que deseja captar o cr\u00e9dito. A medida permite mais autonomia para atender as necessidades das prefeituras.<br>&nbsp;<\/p>\n\n\n\n<figure class=\"wp-block-table\"><table class=\"has-fixed-layout\"><tbody><tr><td class=\"has-text-align-center\" data-align=\"center\" colspan=\"5\"><img decoding=\"async\" alt=\"\" src=\"https:\/\/www.agenciaminas.mg.gov.br\/ckeditor_assets\/pictures\/20949\/content_2_olho_topo.jpg\"><\/td><\/tr><tr><td class=\"has-text-align-center\" data-align=\"center\">&nbsp;<\/td><td class=\"has-text-align-center\" data-align=\"center\" colspan=\"3\" rowspan=\"3\"><strong>&#8220;O BDMG tem sido um parceiro fundamental no desenvolvimento de Minas Gerais, com atua\u00e7\u00e3o cada vez mais atenta \u00e0s realidades dos munic\u00edpios, para que Minas continue crescendo de forma s\u00f3lida e equilibrada&#8221;, observa o governador Romeu Zema.<\/strong><\/td><td class=\"has-text-align-center\" data-align=\"center\">&nbsp;<\/td><\/tr><tr><td class=\"has-text-align-center\" data-align=\"center\">&nbsp;<\/td><td class=\"has-text-align-center\" data-align=\"center\">&nbsp;<\/td><\/tr><tr><td class=\"has-text-align-center\" data-align=\"center\">&nbsp;<\/td><td class=\"has-text-align-center\" data-align=\"center\">&nbsp;<\/td><\/tr><tr><td class=\"has-text-align-center\" data-align=\"center\" colspan=\"5\"><img decoding=\"async\" alt=\"\" src=\"https:\/\/www.agenciaminas.mg.gov.br\/ckeditor_assets\/pictures\/20950\/content_2_olho_inferior.jpg\"><\/td><\/tr><\/tbody><\/table><\/figure>\n\n\n\n<p><br>Os financiamentos ter\u00e3o prazos alongados de at\u00e9 dez anos para pagar, incluindo 18 meses de car\u00eancia. A taxa ser\u00e1 acess\u00edvel e unificada para todos os itens financi\u00e1veis: a partir de 0,47% ao m\u00eas mais Selic. Para dar agilidade \u00e0s iniciativas, o BDMG vai disponibilizar antecipadamente at\u00e9 40% do valor financiado do projeto.<br><br>Entre os projetos financi\u00e1veis com foco em sustentabilidade est\u00e3o sistemas de controle de enchentes, cria\u00e7\u00e3o de jardins de chuva, implanta\u00e7\u00e3o de tetos verdes em pr\u00e9dios p\u00fablicos, restaura\u00e7\u00e3o de bacias hidrogr\u00e1ficas, efici\u00eancia energ\u00e9tica, renova\u00e7\u00e3o da frota do munic\u00edpio com ve\u00edculos h\u00edbridos e el\u00e9tricos, entre outros.<br><br>&#8220;O objetivo \u00e9 que as prefeituras possam prosperar investindo com responsabilidade social e ambiental. O BDMG tem solu\u00e7\u00f5es para os desafios e a realidade dos 853 munic\u00edpios mineiros. Inclusive, muitas a\u00e7\u00f5es podem ser realizadas de forma imediata&#8221;, afirma o presidente do BDMG, Gabriel Vi\u00e9gas Neto.<br><br>Ele lembra que os munic\u00edpios com menor \u00cdndice de Desenvolvimento Humano (IDH) t\u00eam acesso \u00e0s menores taxas e todas as prefeituras podem contar com o apoio da equipe do BDMG em todas as etapas do processo.<br>&nbsp;<\/p>\n\n\n\n<figure class=\"wp-block-table\"><table class=\"has-fixed-layout\"><tbody><tr><td class=\"has-text-align-center\" data-align=\"center\" colspan=\"5\"><img decoding=\"async\" alt=\"\" src=\"https:\/\/www.agenciaminas.mg.gov.br\/ckeditor_assets\/pictures\/20949\/content_2_olho_topo.jpg\"><\/td><\/tr><tr><td class=\"has-text-align-center\" data-align=\"center\">&nbsp;<\/td><td class=\"has-text-align-center\" data-align=\"center\" colspan=\"3\" rowspan=\"3\"><strong>&#8220;Este \u00e9 um marco que refor\u00e7a nosso compromisso com o desenvolvimento municipal sustent\u00e1vel, com investimentos respons\u00e1veis e um futuro mais estruturado para Minas Gerais e cada um de n\u00f3s&#8221;, refor\u00e7a o vice-governador Mateus Sim\u00f5es.<\/strong><\/td><td class=\"has-text-align-center\" data-align=\"center\">&nbsp;<\/td><\/tr><tr><td class=\"has-text-align-center\" data-align=\"center\">&nbsp;<\/td><td class=\"has-text-align-center\" data-align=\"center\">&nbsp;<\/td><\/tr><tr><td class=\"has-text-align-center\" data-align=\"center\">&nbsp;<\/td><td class=\"has-text-align-center\" data-align=\"center\">&nbsp;<\/td><\/tr><tr><td class=\"has-text-align-center\" data-align=\"center\" colspan=\"5\"><img decoding=\"async\" alt=\"\" src=\"https:\/\/www.agenciaminas.mg.gov.br\/ckeditor_assets\/pictures\/20950\/content_2_olho_inferior.jpg\"><\/td><\/tr><\/tbody><\/table><\/figure>\n\n\n\n<p><br>O Edital BDMG 2026 ainda viabiliza propostas de pavimenta\u00e7\u00e3o, aquisi\u00e7\u00e3o de equipamentos e m\u00e1quinas, constru\u00e7\u00e3o e reformas em pr\u00e9dios p\u00fablicos, investimentos na infraestrutura de turismo, cultura e esportes, por exemplo. Outra possibilidade \u00e9 financiar projetos de implanta\u00e7\u00e3o de distritos empresariais, que atraem investimentos regionais e geram empregos.<br><br>&#8220;Esse edital refor\u00e7a o papel do BDMG como parceiro direto dos munic\u00edpios no fortalecimento da infraestrutura e da sustentabilidade. Estamos dando mais autonomia aos prefeitos, com cr\u00e9dito acess\u00edvel e prazos compat\u00edveis com a realidade local&#8221;, destaca a secret\u00e1ria de Estado de&nbsp;<a href=\"https:\/\/desenvolvimento.mg.gov.br\/\" target=\"_blank\" rel=\"noreferrer noopener\">Desenvolvimento Econ\u00f4mico de Minas Gerais (Sede-MG)<\/a>, Mila Corr\u00eaa da Costa.&nbsp;<br><br><strong>Como acessar<\/strong><br><br>Os cr\u00e9ditos podem ser contratados de forma 100% digital por meio do site do BDMG. A partir do cadastramento do gestor na plataforma, \u00e9 poss\u00edvel enviar as propostas para capta\u00e7\u00e3o do recurso.<br><br>Em fun\u00e7\u00e3o do per\u00edodo eleitoral em 2026, os prazos de contrata\u00e7\u00e3o pelo setor p\u00fablico s\u00e3o reduzidos, o que exige celeridade pelas prefeituras.<br><br>Ano a ano, o BDMG intensifica a atua\u00e7\u00e3o para que os munic\u00edpios possam avan\u00e7ar e gerar desenvolvimento. Considerando o \u00faltimo bi\u00eanio, o Banco lidera o n\u00famero de opera\u00e7\u00f5es com o setor p\u00fablico em Minas Gerais, com quase 50% do total. O dado \u00e9 do sistema de an\u00e1lise da d\u00edvida p\u00fablica, das opera\u00e7\u00f5es de cr\u00e9dito e garantias da Uni\u00e3o, Estados e Munic\u00edpios, o Sadipem, do Tesouro Nacional.<\/p>\n","protected":false},"excerpt":{"rendered":"<p>Com novos itens financi\u00e1veis, banco mineiro de desenvolvimento vai disponibilizar o maior volume de cr\u00e9dito da hist\u00f3ria do edital, com at\u00e9 dez anos para pagamento As prefeituras mineiras ter\u00e3o acesso a meio bilh\u00e3o de reais em cr\u00e9dito no&nbsp;Banco de Desenvolvimento de Minas Gerais (BDMG)&nbsp;para executar projetos de infraestrutura e de sustentabilidade. O Edital BDMG Munic\u00edpios [&hellip;]<\/p>\n","protected":false},"author":5,"featured_media":169204,"comment_status":"closed","ping_status":"open","sticky":false,"template":"","format":"standard","meta":{"advgb_blocks_editor_width":"","advgb_blocks_columns_visual_guide":"","_exactmetrics_skip_tracking":false,"_exactmetrics_sitenote_active":false,"_exactmetrics_sitenote_note":"","_exactmetrics_sitenote_category":0,"footnotes":""},"categories":[7,2],"tags":[],"class_list":["post-169203","post","type-post","status-publish","format-standard","has-post-thumbnail","hentry","category-destaques","category-noticias"],"better_featured_image":{"id":169204,"alt_text":"","caption":"","description":"","media_type":"image","media_details":{"width":2560,"height":953,"file":"2026\/02\/BDMG_Municipios_0005_1-scaled.jpg","filesize":472822,"sizes":{"medium":{"file":"BDMG_Municipios_0005_1-470x175.jpg","width":470,"height":175,"mime-type":"image\/jpeg","filesize":20806,"source_url":"https:\/\/lavras.tv\/site\/wp-content\/uploads\/2026\/02\/BDMG_Municipios_0005_1-470x175.jpg"},"large":{"file":"BDMG_Municipios_0005_1-970x361.jpg","width":970,"height":361,"mime-type":"image\/jpeg","filesize":74626,"source_url":"https:\/\/lavras.tv\/site\/wp-content\/uploads\/2026\/02\/BDMG_Municipios_0005_1-970x361.jpg"},"thumbnail":{"file":"BDMG_Municipios_0005_1-170x63.jpg","width":170,"height":63,"mime-type":"image\/jpeg","filesize":4160,"source_url":"https:\/\/lavras.tv\/site\/wp-content\/uploads\/2026\/02\/BDMG_Municipios_0005_1-170x63.jpg"},"1536x1536":{"file":"BDMG_Municipios_0005_1-1536x572.jpg","width":1536,"height":572,"mime-type":"image\/jpeg","filesize":171766,"source_url":"https:\/\/lavras.tv\/site\/wp-content\/uploads\/2026\/02\/BDMG_Municipios_0005_1-1536x572.jpg"},"2048x2048":{"file":"BDMG_Municipios_0005_1-2048x762.jpg","width":2048,"height":762,"mime-type":"image\/jpeg","filesize":299747,"source_url":"https:\/\/lavras.tv\/site\/wp-content\/uploads\/2026\/02\/BDMG_Municipios_0005_1-2048x762.jpg"},"alm-thumbnail":{"file":"BDMG_Municipios_0005_1-150x150.jpg","width":150,"height":150,"mime-type":"image\/jpeg","filesize":7005,"source_url":"https:\/\/lavras.tv\/site\/wp-content\/uploads\/2026\/02\/BDMG_Municipios_0005_1-150x150.jpg"},"sow-carousel-default":{"file":"BDMG_Municipios_0005_1-272x182.jpg","width":272,"height":182,"mime-type":"image\/jpeg","filesize":13607,"source_url":"https:\/\/lavras.tv\/site\/wp-content\/uploads\/2026\/02\/BDMG_Municipios_0005_1-272x182.jpg"}},"image_meta":{"aperture":"0","credit":"","camera":"","caption":"","created_timestamp":"0","copyright":"","focal_length":"0","iso":"0","shutter_speed":"0","title":"","orientation":"0","keywords":[]},"original_image":"BDMG_Municipios_0005_1.jpg"},"post":169203,"source_url":"https:\/\/lavras.tv\/site\/wp-content\/uploads\/2026\/02\/BDMG_Municipios_0005_1-scaled.jpg"},"author_meta":{"display_name":"Vinicius Bustamante","author_link":"https:\/\/lavras.tv\/site\/author\/vinicius-bustamante\/"},"featured_img":"https:\/\/lavras.tv\/site\/wp-content\/uploads\/2026\/02\/BDMG_Municipios_0005_1-470x175.jpg","coauthors":[],"tax_additional":{"categories":{"linked":["<a href=\"https:\/\/lavras.tv\/site\/category\/destaques\/\" class=\"advgb-post-tax-term\">Destaques<\/a>","<a href=\"https:\/\/lavras.tv\/site\/category\/noticias\/\" class=\"advgb-post-tax-term\">Not\u00edcias<\/a>"],"unlinked":["<span class=\"advgb-post-tax-term\">Destaques<\/span>","<span class=\"advgb-post-tax-term\">Not\u00edcias<\/span>"]}},"comment_count":"0","relative_dates":{"created":"Publicado 3 meses atr\u00e1s","modified":"Atualizado 3 meses atr\u00e1s"},"absolute_dates":{"created":"Publicado em 4 de fevereiro de 2026","modified":"Atualizado em 4 de fevereiro de 2026"},"absolute_dates_time":{"created":"Publicado em 4 de fevereiro de 2026 16:56","modified":"Atualizado em 4 de fevereiro de 2026 16:56"},"featured_img_caption":"","series_order":"","_links":{"self":[{"href":"https:\/\/lavras.tv\/site\/wp-json\/wp\/v2\/posts\/169203","targetHints":{"allow":["GET"]}}],"collection":[{"href":"https:\/\/lavras.tv\/site\/wp-json\/wp\/v2\/posts"}],"about":[{"href":"https:\/\/lavras.tv\/site\/wp-json\/wp\/v2\/types\/post"}],"author":[{"embeddable":true,"href":"https:\/\/lavras.tv\/site\/wp-json\/wp\/v2\/users\/5"}],"replies":[{"embeddable":true,"href":"https:\/\/lavras.tv\/site\/wp-json\/wp\/v2\/comments?post=169203"}],"version-history":[{"count":1,"href":"https:\/\/lavras.tv\/site\/wp-json\/wp\/v2\/posts\/169203\/revisions"}],"predecessor-version":[{"id":169205,"href":"https:\/\/lavras.tv\/site\/wp-json\/wp\/v2\/posts\/169203\/revisions\/169205"}],"wp:featuredmedia":[{"embeddable":true,"href":"https:\/\/lavras.tv\/site\/wp-json\/wp\/v2\/media\/169204"}],"wp:attachment":[{"href":"https:\/\/lavras.tv\/site\/wp-json\/wp\/v2\/media?parent=169203"}],"wp:term":[{"taxonomy":"category","embeddable":true,"href":"https:\/\/lavras.tv\/site\/wp-json\/wp\/v2\/categories?post=169203"},{"taxonomy":"post_tag","embeddable":true,"href":"https:\/\/lavras.tv\/site\/wp-json\/wp\/v2\/tags?post=169203"}],"curies":[{"name":"wp","href":"https:\/\/api.w.org\/{rel}","templated":true}]}}