{"id":169206,"date":"2026-02-04T17:02:14","date_gmt":"2026-02-04T20:02:14","guid":{"rendered":"https:\/\/lavras.tv\/site\/?p=169206"},"modified":"2026-02-04T17:02:16","modified_gmt":"2026-02-04T20:02:16","slug":"pm-apreende-drogas-e-aborda-motociclista-suspeito-no-bairro-centenario","status":"publish","type":"post","link":"https:\/\/lavras.tv\/site\/2026\/02\/04\/pm-apreende-drogas-e-aborda-motociclista-suspeito-no-bairro-centenario\/","title":{"rendered":"PM apreende drogas e aborda motociclista suspeito no bairro Centen\u00e1rio"},"content":{"rendered":"<div class=\"lavra-antes-do-conteudo_2\" id=\"lavra-4220966120\"><div id=\"lavra-slider-27\" class=\"custom-slider lavra-slider-3042778193 lavra-slider\"><ul><li><div style=\"margin-left: auto;margin-right: auto;text-align: center;\" id=\"lavra-3240839564\"><a href=\"https:\/\/sistemas.lavras.mg.gov.br\/portalcidadao\/#df1b1a7c7b2a290bcb31e32771e610784662739a88807c0dacac58ede5f391a7530e299dc302d611ee73cb143fc22eaf93592e53e7b5bdb01b00a0b8d28dae460c141dd2ff83412e4dc1c31b16b25f33144a9e5620ea73b13f5bc1c59411d98439ad226e8af03840603796067d87afe130812cf3de24982d0e306f9e61e764e5\" aria-label=\"Lavras-TV&#8211;720x104px (1) (1)\"><img src=\"https:\/\/lavras.tv\/site\/wp-content\/uploads\/2025\/01\/Lavras-TV-720x104px-1-1.png\" alt=\"\"  srcset=\"https:\/\/lavras.tv\/site\/wp-content\/uploads\/2025\/01\/Lavras-TV-720x104px-1-1.png 720w, https:\/\/lavras.tv\/site\/wp-content\/uploads\/2025\/01\/Lavras-TV-720x104px-1-1-470x68.png 470w, https:\/\/lavras.tv\/site\/wp-content\/uploads\/2025\/01\/Lavras-TV-720x104px-1-1-170x25.png 170w, https:\/\/lavras.tv\/site\/wp-content\/uploads\/2025\/01\/Lavras-TV-720x104px-1-1-200x29.png 200w\" sizes=\"(max-width: 720px) 100vw, 720px\" width=\"720\" height=\"104\"  style=\"display: inline-block;\" \/><\/a><\/div><\/li><li><a href=\"https:\/\/sistemas.lavras.mg.gov.br\/portalcidadao\/#df1b1a7c7b2a290bcb31e32771e610784662739a88807c0dacac58ede5f391a7530e299dc302d611ee73cb143fc22eaf93592e53e7b5bdb01b00a0b8d28dae460c141dd2ff83412e4dc1c31b16b25f33144a9e5620ea73b13f5bc1c59411d98439ad226e8af03840603796067d87afe130812cf3de24982d0e306f9e61e764e5\" aria-label=\"Banner_Emprego_PortallavrasTV\"><img src=\"https:\/\/lavras.tv\/site\/wp-content\/uploads\/2025\/03\/Banner_Emprego_PortallavrasTV.png\" alt=\"\"  srcset=\"https:\/\/lavras.tv\/site\/wp-content\/uploads\/2025\/03\/Banner_Emprego_PortallavrasTV.png 720w, https:\/\/lavras.tv\/site\/wp-content\/uploads\/2025\/03\/Banner_Emprego_PortallavrasTV-470x68.png 470w, https:\/\/lavras.tv\/site\/wp-content\/uploads\/2025\/03\/Banner_Emprego_PortallavrasTV-170x25.png 170w, https:\/\/lavras.tv\/site\/wp-content\/uploads\/2025\/03\/Banner_Emprego_PortallavrasTV-200x29.png 200w\" sizes=\"(max-width: 720px) 100vw, 720px\" width=\"720\" height=\"104\"   \/><\/a><\/li><li><a href=\"https:\/\/sistemas.lavras.mg.gov.br\/portalcidadao\/#df1b1a7c7b2a290bcb31e32771e610784662739a88807c0dacac58ede5f391a7530e299dc302d611ee73cb143fc22eaf93592e53e7b5bdb01b00a0b8d28dae460c141dd2ff83412e4dc1c31b16b25f33144a9e5620ea73b13f5bc1c59411d98439ad226e8af03840603796067d87afe130812cf3de24982d0e306f9e61e764e5\" aria-label=\"Banner_Obras_PortallavrasTV\"><img src=\"https:\/\/lavras.tv\/site\/wp-content\/uploads\/2025\/03\/Banner_Obras_PortallavrasTV.png\" alt=\"\"  srcset=\"https:\/\/lavras.tv\/site\/wp-content\/uploads\/2025\/03\/Banner_Obras_PortallavrasTV.png 720w, https:\/\/lavras.tv\/site\/wp-content\/uploads\/2025\/03\/Banner_Obras_PortallavrasTV-470x68.png 470w, https:\/\/lavras.tv\/site\/wp-content\/uploads\/2025\/03\/Banner_Obras_PortallavrasTV-170x25.png 170w, https:\/\/lavras.tv\/site\/wp-content\/uploads\/2025\/03\/Banner_Obras_PortallavrasTV-200x29.png 200w\" sizes=\"(max-width: 720px) 100vw, 720px\" width=\"720\" height=\"104\"   \/><\/a><\/li><li><div style=\"margin-left: auto;margin-right: auto;text-align: center;\" id=\"lavra-3993653947\"><a href=\"https:\/\/sistemas.lavras.mg.gov.br\/portalcidadao\/#df1b1a7c7b2a290bcb31e32771e610784662739a88807c0dacac58ede5f391a7530e299dc302d611ee73cb143fc22eaf93592e53e7b5bdb01b00a0b8d28dae460c141dd2ff83412e4dc1c31b16b25f33144a9e5620ea73b13f5bc1c59411d98439ad226e8af03840603796067d87afe130812cf3de24982d0e306f9e61e764e5\" aria-label=\"Banner_Educa\u00e7\u00e3o_PortallavrasTV\"><img src=\"https:\/\/lavras.tv\/site\/wp-content\/uploads\/2025\/01\/Banner_Educacao_PortallavrasTV.png\" alt=\"\"  srcset=\"https:\/\/lavras.tv\/site\/wp-content\/uploads\/2025\/01\/Banner_Educacao_PortallavrasTV.png 720w, https:\/\/lavras.tv\/site\/wp-content\/uploads\/2025\/01\/Banner_Educacao_PortallavrasTV-470x68.png 470w, https:\/\/lavras.tv\/site\/wp-content\/uploads\/2025\/01\/Banner_Educacao_PortallavrasTV-170x25.png 170w, https:\/\/lavras.tv\/site\/wp-content\/uploads\/2025\/01\/Banner_Educacao_PortallavrasTV-200x29.png 200w\" sizes=\"(max-width: 720px) 100vw, 720px\" width=\"720\" height=\"104\"  style=\"display: inline-block;\" \/><\/a><\/div><\/li><li><a href=\"https:\/\/sistemas.lavras.mg.gov.br\/portalcidadao\/#df1b1a7c7b2a290bcb31e32771e610784662739a88807c0dacac58ede5f391a7530e299dc302d611ee73cb143fc22eaf93592e53e7b5bdb01b00a0b8d28dae460c141dd2ff83412e4dc1c31b16b25f33144a9e5620ea73b13f5bc1c59411d98439ad226e8af03840603796067d87afe130812cf3de24982d0e306f9e61e764e5\" aria-label=\"Banner_Sa\u00fade_PortallavrasTV\"><img src=\"https:\/\/lavras.tv\/site\/wp-content\/uploads\/2025\/03\/Banner_Saude_PortallavrasTV.png\" alt=\"\"  srcset=\"https:\/\/lavras.tv\/site\/wp-content\/uploads\/2025\/03\/Banner_Saude_PortallavrasTV.png 720w, https:\/\/lavras.tv\/site\/wp-content\/uploads\/2025\/03\/Banner_Saude_PortallavrasTV-470x68.png 470w, https:\/\/lavras.tv\/site\/wp-content\/uploads\/2025\/03\/Banner_Saude_PortallavrasTV-170x25.png 170w, https:\/\/lavras.tv\/site\/wp-content\/uploads\/2025\/03\/Banner_Saude_PortallavrasTV-200x29.png 200w\" sizes=\"(max-width: 720px) 100vw, 720px\" width=\"720\" height=\"104\"   \/><\/a><\/li><li><div id=\"lavra-1299074899\" style=\"width:720px;height:104px;background-color:#ddd;overflow:scroll;\">\n\t<strong>Sa\u00edda da depura\u00e7\u00e3o de an\u00fancios<\/strong>\n\t<br><br>\n\tO an\u00fancio n\u00e3o \u00e9 exibido na p\u00e1gina<br><br>post atual: PM apreende drogas e aborda motociclista suspeito no bairro Centen\u00e1rio, ID: 169206<br><br><span style=\"color: red;\">O post atual n\u00e3o \u00e9 id\u00eantico ao post principal.<\/span><br><br>An\u00fancios: ROXO - TOPO INTERNA - ROTATIVO 2 (197)<br \/>Grupo de an\u00fancios: Princ_Meio01_720x104 (27)<br><br>Condi\u00e7\u00f5es de exibi\u00e7\u00e3o<div style=\"margin-bottom: 20px; white-space: pre-wrap; font-family: monospace; width: 100%; background: #ffe9e9;\"><strong>condi\u00e7\u00f5es gerais<\/strong><table border=\"1\"><thead><tr><th><\/th><th>An\u00fancios<\/th><th>wp_the_query<\/th><\/tr><\/thead><tr><td>is_main_query<\/td><td>1<\/td><td>1<\/td><\/tr><tr><td>is_rest_api<\/td><td>0<\/td><td>1<\/td><\/tr><tr><td>page<\/td><td>0<\/td><td>1<\/td><\/tr><tr><td>numpages<\/td><td>0<\/td><td>1<\/td><\/tr><tr><td>is_archive<\/td><td>1<\/td><td><\/td><\/tr><tr><td>is_search<\/td><td>1<\/td><td><\/td><\/tr><tr><td>is_home<\/td><td>1<\/td><td><\/td><\/tr><tr><td>is_404<\/td><td>1<\/td><td><\/td><\/tr><tr><td>is_attachment<\/td><td>1<\/td><td><\/td><\/tr><tr><td>is_singular<\/td><td>1<\/td><td><\/td><\/tr><tr><td>is_front_page<\/td><td>1<\/td><td><\/td><\/tr><tr><td>is_feed<\/td><td>1<\/td><td><\/td><\/tr><\/table><\/div><br><br><span style=\"color: red;\">Seu site usa HTTPS, mas o c\u00f3digo do an\u00fancio cont\u00e9m HTTP e pode n\u00e3o funcionar.<\/span>\t<br><br>\n\t<a style=\"color: green;\" href=\"https:\/\/wpadvancedads.com\/manual\/ad-debug-mode\/?utm_source=advanced-ads&utm_medium=link&utm_campaign=ad-debug-mode\" target=\"_blank\" rel=\"nofollow\">Encontre solu\u00e7\u00f5es no manual<\/a>\n<\/div>\n<\/li><\/ul><\/div><script>( window.advanced_ads_ready || jQuery( document ).ready ).call( null, function() {var $lavraslider3042778193 = jQuery( \".lavra-slider-3042778193\" );$lavraslider3042778193.on( \"unslider.ready\", function() { jQuery( \"div.custom-slider ul li\" ).css( \"display\", \"block\" ); });$lavraslider3042778193.unslider({ delay:4000, autoplay:true, nav:false, arrows:false, infinite:true });$lavraslider3042778193.on(\"mouseover\", function() {$lavraslider3042778193.unslider(\"stop\");}).on(\"mouseout\", function() {$lavraslider3042778193.unslider(\"start\");});});<\/script><\/div>\n<figure class=\"wp-block-image size-full is-resized\"><img fetchpriority=\"high\" decoding=\"async\" width=\"900\" height=\"676\" src=\"https:\/\/lavras.tv\/site\/wp-content\/uploads\/2026\/02\/foragido-por-homicidio-e-preso-pela-policia-militar-em-lavras.jpg\" alt=\"\" class=\"wp-image-169207\" style=\"aspect-ratio:1.3313851259317961;width:523px;height:auto\" srcset=\"https:\/\/lavras.tv\/site\/wp-content\/uploads\/2026\/02\/foragido-por-homicidio-e-preso-pela-policia-militar-em-lavras.jpg 900w, https:\/\/lavras.tv\/site\/wp-content\/uploads\/2026\/02\/foragido-por-homicidio-e-preso-pela-policia-militar-em-lavras-399x300.jpg 399w, https:\/\/lavras.tv\/site\/wp-content\/uploads\/2026\/02\/foragido-por-homicidio-e-preso-pela-policia-militar-em-lavras-170x128.jpg 170w\" sizes=\"(max-width: 900px) 100vw, 900px\" \/><\/figure>\n\n\n\n<p>Nota \u00e0 Imprensa<\/p>\n\n\n\n<p>Na tarde do dia 03 de fevereiro, durante patrulhamento no bairro Centen\u00e1rio, a Pol\u00edcia Militar realizou a abordagem de um motociclista ap\u00f3s observar atitude suspeita ao perceber a presen\u00e7a policial. Durante a a\u00e7\u00e3o, o condutor tentou se desfazer de um objeto, arremessando-o para o interior de um im\u00f3vel pr\u00f3ximo.<\/p>\n\n\n\n<p>Ap\u00f3s a interven\u00e7\u00e3o, os militares localizaram um tablete de maconha, no ponto exato onde o objeto foi dispensado. O abordado, identificado como um homem de 31 anos, possui registros anteriores relacionados ao tr\u00e1fico de drogas.<\/p>\n\n\n\n<p>No prosseguimento das dilig\u00eancias, os policiais realizaram verifica\u00e7\u00f5es no im\u00f3vel indicado, onde tamb\u00e9m foram localizadas duas buchas de subst\u00e2ncia an\u00e1loga \u00e0 maconha. Parte do material il\u00edcito teria sido descartada por uma mulher, que tentou evadir-se do local ao notar a presen\u00e7a policial, a qual tamb\u00e9m possui passagens por les\u00e3o corporal, vias de fato, amea\u00e7a e tr\u00e1fico de drogas.<\/p>\n\n\n\n<p>Durante a ocorr\u00eancia, constatou-se ainda que o condutor da motocicleta era inabilitado, sendo lavrado o respectivo auto de infra\u00e7\u00e3o, com o ve\u00edculo liberado a condutor devidamente habilitado.<\/p>\n\n\n\n<p>Os envolvidos foram orientados quanto aos procedimentos legais e informados sobre o comparecimento ao Juizado Especial Criminal, em data previamente agendada.<\/p>\n\n\n\n<p>ALCO\/8\u00ba BPM<\/p>\n","protected":false},"excerpt":{"rendered":"<p>Nota \u00e0 Imprensa Na tarde do dia 03 de fevereiro, durante patrulhamento no bairro Centen\u00e1rio, a Pol\u00edcia Militar realizou a abordagem de um motociclista ap\u00f3s observar atitude suspeita ao perceber a presen\u00e7a policial. Durante a a\u00e7\u00e3o, o condutor tentou se desfazer de um objeto, arremessando-o para o interior de um im\u00f3vel pr\u00f3ximo. Ap\u00f3s a interven\u00e7\u00e3o, [&hellip;]<\/p>\n","protected":false},"author":5,"featured_media":169207,"comment_status":"closed","ping_status":"open","sticky":false,"template":"","format":"standard","meta":{"advgb_blocks_editor_width":"","advgb_blocks_columns_visual_guide":"","_exactmetrics_skip_tracking":false,"_exactmetrics_sitenote_active":false,"_exactmetrics_sitenote_note":"","_exactmetrics_sitenote_category":0,"footnotes":""},"categories":[17,2,5760],"tags":[],"class_list":["post-169206","post","type-post","status-publish","format-standard","has-post-thumbnail","hentry","category-jornal-cidade","category-noticias","category-noticias-jornal-cidade"],"better_featured_image":{"id":169207,"alt_text":"","caption":"","description":"","media_type":"image","media_details":{"width":900,"height":676,"file":"2026\/02\/foragido-por-homicidio-e-preso-pela-policia-militar-em-lavras.jpg","filesize":509529,"sizes":{"medium":{"file":"foragido-por-homicidio-e-preso-pela-policia-militar-em-lavras-399x300.jpg","width":399,"height":300,"mime-type":"image\/jpeg","filesize":33946,"source_url":"https:\/\/lavras.tv\/site\/wp-content\/uploads\/2026\/02\/foragido-por-homicidio-e-preso-pela-policia-militar-em-lavras-399x300.jpg"},"thumbnail":{"file":"foragido-por-homicidio-e-preso-pela-policia-militar-em-lavras-170x128.jpg","width":170,"height":128,"mime-type":"image\/jpeg","filesize":9241,"source_url":"https:\/\/lavras.tv\/site\/wp-content\/uploads\/2026\/02\/foragido-por-homicidio-e-preso-pela-policia-militar-em-lavras-170x128.jpg"},"alm-thumbnail":{"file":"foragido-por-homicidio-e-preso-pela-policia-militar-em-lavras-150x150.jpg","width":150,"height":150,"mime-type":"image\/jpeg","filesize":9117,"source_url":"https:\/\/lavras.tv\/site\/wp-content\/uploads\/2026\/02\/foragido-por-homicidio-e-preso-pela-policia-militar-em-lavras-150x150.jpg"},"sow-carousel-default":{"file":"foragido-por-homicidio-e-preso-pela-policia-militar-em-lavras-272x182.jpg","width":272,"height":182,"mime-type":"image\/jpeg","filesize":16973,"source_url":"https:\/\/lavras.tv\/site\/wp-content\/uploads\/2026\/02\/foragido-por-homicidio-e-preso-pela-policia-militar-em-lavras-272x182.jpg"}},"image_meta":{"aperture":"0","credit":"","camera":"","caption":"","created_timestamp":"0","copyright":"","focal_length":"0","iso":"0","shutter_speed":"0","title":"","orientation":"0","keywords":[]}},"post":169206,"source_url":"https:\/\/lavras.tv\/site\/wp-content\/uploads\/2026\/02\/foragido-por-homicidio-e-preso-pela-policia-militar-em-lavras.jpg"},"author_meta":{"display_name":"Vinicius Bustamante","author_link":"https:\/\/lavras.tv\/site\/author\/vinicius-bustamante\/"},"featured_img":"https:\/\/lavras.tv\/site\/wp-content\/uploads\/2026\/02\/foragido-por-homicidio-e-preso-pela-policia-militar-em-lavras-399x300.jpg","coauthors":[],"tax_additional":{"categories":{"linked":["<a href=\"https:\/\/lavras.tv\/site\/category\/sem-categoria\/jornal-cidade\/\" class=\"advgb-post-tax-term\">DESTAQUE PRINCIPAL<\/a>","<a href=\"https:\/\/lavras.tv\/site\/category\/noticias\/\" class=\"advgb-post-tax-term\">Not\u00edcias<\/a>","<a href=\"https:\/\/lavras.tv\/site\/category\/sem-categoria\/jornal-cidade\/noticias-jornal-cidade\/\" class=\"advgb-post-tax-term\">NOT\u00cdCIAS<\/a>"],"unlinked":["<span class=\"advgb-post-tax-term\">DESTAQUE PRINCIPAL<\/span>","<span class=\"advgb-post-tax-term\">Not\u00edcias<\/span>","<span class=\"advgb-post-tax-term\">NOT\u00cdCIAS<\/span>"]}},"comment_count":"0","relative_dates":{"created":"Publicado 3 meses atr\u00e1s","modified":"Atualizado 3 meses atr\u00e1s"},"absolute_dates":{"created":"Publicado em 4 de fevereiro de 2026","modified":"Atualizado em 4 de fevereiro de 2026"},"absolute_dates_time":{"created":"Publicado em 4 de fevereiro de 2026 17:02","modified":"Atualizado em 4 de fevereiro de 2026 17:02"},"featured_img_caption":"","series_order":"","_links":{"self":[{"href":"https:\/\/lavras.tv\/site\/wp-json\/wp\/v2\/posts\/169206","targetHints":{"allow":["GET"]}}],"collection":[{"href":"https:\/\/lavras.tv\/site\/wp-json\/wp\/v2\/posts"}],"about":[{"href":"https:\/\/lavras.tv\/site\/wp-json\/wp\/v2\/types\/post"}],"author":[{"embeddable":true,"href":"https:\/\/lavras.tv\/site\/wp-json\/wp\/v2\/users\/5"}],"replies":[{"embeddable":true,"href":"https:\/\/lavras.tv\/site\/wp-json\/wp\/v2\/comments?post=169206"}],"version-history":[{"count":1,"href":"https:\/\/lavras.tv\/site\/wp-json\/wp\/v2\/posts\/169206\/revisions"}],"predecessor-version":[{"id":169208,"href":"https:\/\/lavras.tv\/site\/wp-json\/wp\/v2\/posts\/169206\/revisions\/169208"}],"wp:featuredmedia":[{"embeddable":true,"href":"https:\/\/lavras.tv\/site\/wp-json\/wp\/v2\/media\/169207"}],"wp:attachment":[{"href":"https:\/\/lavras.tv\/site\/wp-json\/wp\/v2\/media?parent=169206"}],"wp:term":[{"taxonomy":"category","embeddable":true,"href":"https:\/\/lavras.tv\/site\/wp-json\/wp\/v2\/categories?post=169206"},{"taxonomy":"post_tag","embeddable":true,"href":"https:\/\/lavras.tv\/site\/wp-json\/wp\/v2\/tags?post=169206"}],"curies":[{"name":"wp","href":"https:\/\/api.w.org\/{rel}","templated":true}]}}