{"id":169209,"date":"2026-02-04T17:12:22","date_gmt":"2026-02-04T20:12:22","guid":{"rendered":"https:\/\/lavras.tv\/site\/?p=169209"},"modified":"2026-02-04T17:12:24","modified_gmt":"2026-02-04T20:12:24","slug":"carnaval-de-2026-vai-impactar-mais-de-400-mil-pequenos-negocios-de-minas-gerais","status":"publish","type":"post","link":"https:\/\/lavras.tv\/site\/2026\/02\/04\/carnaval-de-2026-vai-impactar-mais-de-400-mil-pequenos-negocios-de-minas-gerais\/","title":{"rendered":"Carnaval de 2026 vai impactar mais de 400 mil pequenos neg\u00f3cios de Minas Gerais"},"content":{"rendered":"<div class=\"lavra-antes-do-conteudo_2\" id=\"lavra-913830485\"><div id=\"lavra-slider-27\" class=\"custom-slider lavra-slider-3092642887 lavra-slider\"><ul><li><div style=\"margin-left: auto;margin-right: auto;text-align: center;\" id=\"lavra-1084939195\"><a href=\"https:\/\/sistemas.lavras.mg.gov.br\/portalcidadao\/#df1b1a7c7b2a290bcb31e32771e610784662739a88807c0dacac58ede5f391a7530e299dc302d611ee73cb143fc22eaf93592e53e7b5bdb01b00a0b8d28dae460c141dd2ff83412e4dc1c31b16b25f33144a9e5620ea73b13f5bc1c59411d98439ad226e8af03840603796067d87afe130812cf3de24982d0e306f9e61e764e5\" aria-label=\"Lavras-TV&#8211;720x104px (1) (1)\"><img src=\"https:\/\/lavras.tv\/site\/wp-content\/uploads\/2025\/01\/Lavras-TV-720x104px-1-1.png\" alt=\"\"  srcset=\"https:\/\/lavras.tv\/site\/wp-content\/uploads\/2025\/01\/Lavras-TV-720x104px-1-1.png 720w, https:\/\/lavras.tv\/site\/wp-content\/uploads\/2025\/01\/Lavras-TV-720x104px-1-1-470x68.png 470w, https:\/\/lavras.tv\/site\/wp-content\/uploads\/2025\/01\/Lavras-TV-720x104px-1-1-170x25.png 170w, https:\/\/lavras.tv\/site\/wp-content\/uploads\/2025\/01\/Lavras-TV-720x104px-1-1-200x29.png 200w\" sizes=\"(max-width: 720px) 100vw, 720px\" width=\"720\" height=\"104\"  style=\"display: inline-block;\" \/><\/a><\/div><\/li><li><a href=\"https:\/\/sistemas.lavras.mg.gov.br\/portalcidadao\/#df1b1a7c7b2a290bcb31e32771e610784662739a88807c0dacac58ede5f391a7530e299dc302d611ee73cb143fc22eaf93592e53e7b5bdb01b00a0b8d28dae460c141dd2ff83412e4dc1c31b16b25f33144a9e5620ea73b13f5bc1c59411d98439ad226e8af03840603796067d87afe130812cf3de24982d0e306f9e61e764e5\" aria-label=\"Banner_Emprego_PortallavrasTV\"><img src=\"https:\/\/lavras.tv\/site\/wp-content\/uploads\/2025\/03\/Banner_Emprego_PortallavrasTV.png\" alt=\"\"  srcset=\"https:\/\/lavras.tv\/site\/wp-content\/uploads\/2025\/03\/Banner_Emprego_PortallavrasTV.png 720w, https:\/\/lavras.tv\/site\/wp-content\/uploads\/2025\/03\/Banner_Emprego_PortallavrasTV-470x68.png 470w, https:\/\/lavras.tv\/site\/wp-content\/uploads\/2025\/03\/Banner_Emprego_PortallavrasTV-170x25.png 170w, https:\/\/lavras.tv\/site\/wp-content\/uploads\/2025\/03\/Banner_Emprego_PortallavrasTV-200x29.png 200w\" sizes=\"(max-width: 720px) 100vw, 720px\" width=\"720\" height=\"104\"   \/><\/a><\/li><li><a href=\"https:\/\/sistemas.lavras.mg.gov.br\/portalcidadao\/#df1b1a7c7b2a290bcb31e32771e610784662739a88807c0dacac58ede5f391a7530e299dc302d611ee73cb143fc22eaf93592e53e7b5bdb01b00a0b8d28dae460c141dd2ff83412e4dc1c31b16b25f33144a9e5620ea73b13f5bc1c59411d98439ad226e8af03840603796067d87afe130812cf3de24982d0e306f9e61e764e5\" aria-label=\"Banner_Obras_PortallavrasTV\"><img src=\"https:\/\/lavras.tv\/site\/wp-content\/uploads\/2025\/03\/Banner_Obras_PortallavrasTV.png\" alt=\"\"  srcset=\"https:\/\/lavras.tv\/site\/wp-content\/uploads\/2025\/03\/Banner_Obras_PortallavrasTV.png 720w, https:\/\/lavras.tv\/site\/wp-content\/uploads\/2025\/03\/Banner_Obras_PortallavrasTV-470x68.png 470w, https:\/\/lavras.tv\/site\/wp-content\/uploads\/2025\/03\/Banner_Obras_PortallavrasTV-170x25.png 170w, https:\/\/lavras.tv\/site\/wp-content\/uploads\/2025\/03\/Banner_Obras_PortallavrasTV-200x29.png 200w\" sizes=\"(max-width: 720px) 100vw, 720px\" width=\"720\" height=\"104\"   \/><\/a><\/li><li><div style=\"margin-left: auto;margin-right: auto;text-align: center;\" id=\"lavra-570780242\"><a href=\"https:\/\/sistemas.lavras.mg.gov.br\/portalcidadao\/#df1b1a7c7b2a290bcb31e32771e610784662739a88807c0dacac58ede5f391a7530e299dc302d611ee73cb143fc22eaf93592e53e7b5bdb01b00a0b8d28dae460c141dd2ff83412e4dc1c31b16b25f33144a9e5620ea73b13f5bc1c59411d98439ad226e8af03840603796067d87afe130812cf3de24982d0e306f9e61e764e5\" aria-label=\"Banner_Educa\u00e7\u00e3o_PortallavrasTV\"><img src=\"https:\/\/lavras.tv\/site\/wp-content\/uploads\/2025\/01\/Banner_Educacao_PortallavrasTV.png\" alt=\"\"  srcset=\"https:\/\/lavras.tv\/site\/wp-content\/uploads\/2025\/01\/Banner_Educacao_PortallavrasTV.png 720w, https:\/\/lavras.tv\/site\/wp-content\/uploads\/2025\/01\/Banner_Educacao_PortallavrasTV-470x68.png 470w, https:\/\/lavras.tv\/site\/wp-content\/uploads\/2025\/01\/Banner_Educacao_PortallavrasTV-170x25.png 170w, https:\/\/lavras.tv\/site\/wp-content\/uploads\/2025\/01\/Banner_Educacao_PortallavrasTV-200x29.png 200w\" sizes=\"(max-width: 720px) 100vw, 720px\" width=\"720\" height=\"104\"  style=\"display: inline-block;\" \/><\/a><\/div><\/li><li><a href=\"https:\/\/sistemas.lavras.mg.gov.br\/portalcidadao\/#df1b1a7c7b2a290bcb31e32771e610784662739a88807c0dacac58ede5f391a7530e299dc302d611ee73cb143fc22eaf93592e53e7b5bdb01b00a0b8d28dae460c141dd2ff83412e4dc1c31b16b25f33144a9e5620ea73b13f5bc1c59411d98439ad226e8af03840603796067d87afe130812cf3de24982d0e306f9e61e764e5\" aria-label=\"Banner_Sa\u00fade_PortallavrasTV\"><img src=\"https:\/\/lavras.tv\/site\/wp-content\/uploads\/2025\/03\/Banner_Saude_PortallavrasTV.png\" alt=\"\"  srcset=\"https:\/\/lavras.tv\/site\/wp-content\/uploads\/2025\/03\/Banner_Saude_PortallavrasTV.png 720w, https:\/\/lavras.tv\/site\/wp-content\/uploads\/2025\/03\/Banner_Saude_PortallavrasTV-470x68.png 470w, https:\/\/lavras.tv\/site\/wp-content\/uploads\/2025\/03\/Banner_Saude_PortallavrasTV-170x25.png 170w, https:\/\/lavras.tv\/site\/wp-content\/uploads\/2025\/03\/Banner_Saude_PortallavrasTV-200x29.png 200w\" sizes=\"(max-width: 720px) 100vw, 720px\" width=\"720\" height=\"104\"   \/><\/a><\/li><li><div id=\"lavra-3442008764\" style=\"width:720px;height:104px;background-color:#ddd;overflow:scroll;\">\n\t<strong>Sa\u00edda da depura\u00e7\u00e3o de an\u00fancios<\/strong>\n\t<br><br>\n\tO an\u00fancio n\u00e3o \u00e9 exibido na p\u00e1gina<br><br>post atual: Carnaval de 2026 vai impactar mais de 400 mil pequenos neg\u00f3cios de Minas Gerais, ID: 169209<br><br><span style=\"color: red;\">O post atual n\u00e3o \u00e9 id\u00eantico ao post principal.<\/span><br><br>An\u00fancios: ROXO - TOPO INTERNA - ROTATIVO 2 (197)<br \/>Grupo de an\u00fancios: Princ_Meio01_720x104 (27)<br><br>Condi\u00e7\u00f5es de exibi\u00e7\u00e3o<div style=\"margin-bottom: 20px; white-space: pre-wrap; font-family: monospace; width: 100%; background: #ffe9e9;\"><strong>condi\u00e7\u00f5es gerais<\/strong><table border=\"1\"><thead><tr><th><\/th><th>An\u00fancios<\/th><th>wp_the_query<\/th><\/tr><\/thead><tr><td>is_main_query<\/td><td>1<\/td><td>1<\/td><\/tr><tr><td>is_rest_api<\/td><td>0<\/td><td>1<\/td><\/tr><tr><td>page<\/td><td>0<\/td><td>1<\/td><\/tr><tr><td>numpages<\/td><td>0<\/td><td>1<\/td><\/tr><tr><td>is_archive<\/td><td>1<\/td><td><\/td><\/tr><tr><td>is_search<\/td><td>1<\/td><td><\/td><\/tr><tr><td>is_home<\/td><td>1<\/td><td><\/td><\/tr><tr><td>is_404<\/td><td>1<\/td><td><\/td><\/tr><tr><td>is_attachment<\/td><td>1<\/td><td><\/td><\/tr><tr><td>is_singular<\/td><td>1<\/td><td><\/td><\/tr><tr><td>is_front_page<\/td><td>1<\/td><td><\/td><\/tr><tr><td>is_feed<\/td><td>1<\/td><td><\/td><\/tr><\/table><\/div><br><br><span style=\"color: red;\">Seu site usa HTTPS, mas o c\u00f3digo do an\u00fancio cont\u00e9m HTTP e pode n\u00e3o funcionar.<\/span>\t<br><br>\n\t<a style=\"color: green;\" href=\"https:\/\/wpadvancedads.com\/manual\/ad-debug-mode\/?utm_source=advanced-ads&utm_medium=link&utm_campaign=ad-debug-mode\" target=\"_blank\" rel=\"nofollow\">Encontre solu\u00e7\u00f5es no manual<\/a>\n<\/div>\n<\/li><\/ul><\/div><script>( window.advanced_ads_ready || jQuery( document ).ready ).call( null, function() {var $lavraslider3092642887 = jQuery( \".lavra-slider-3092642887\" );$lavraslider3092642887.on( \"unslider.ready\", function() { jQuery( \"div.custom-slider ul li\" ).css( \"display\", \"block\" ); });$lavraslider3092642887.unslider({ delay:4000, autoplay:true, nav:false, arrows:false, infinite:true });$lavraslider3092642887.on(\"mouseover\", function() {$lavraslider3092642887.unslider(\"stop\");}).on(\"mouseout\", function() {$lavraslider3092642887.unslider(\"start\");});});<\/script><\/div>\n<p><em>Sebrae Minas prepara dicas para empreendedores de diversos segmentos aproveitarem o momento e aumentar a rentabilidade<\/em><\/p>\n\n\n\n<figure class=\"wp-block-image size-full\"><img fetchpriority=\"high\" decoding=\"async\" width=\"814\" height=\"492\" src=\"https:\/\/lavras.tv\/site\/wp-content\/uploads\/2026\/02\/CARNAVAL_p27216_cover_image_resized.webp\" alt=\"\" class=\"wp-image-169210\" srcset=\"https:\/\/lavras.tv\/site\/wp-content\/uploads\/2026\/02\/CARNAVAL_p27216_cover_image_resized.webp 814w, https:\/\/lavras.tv\/site\/wp-content\/uploads\/2026\/02\/CARNAVAL_p27216_cover_image_resized-470x284.webp 470w, https:\/\/lavras.tv\/site\/wp-content\/uploads\/2026\/02\/CARNAVAL_p27216_cover_image_resized-170x103.webp 170w\" sizes=\"(max-width: 814px) 100vw, 814px\" \/><\/figure>\n\n\n\n<p>Sin\u00f4nimo de grande festa para muitos foli\u00e3es, o Carnaval se consolida como um dos principais eventos para movimenta\u00e7\u00e3o dos setores de Com\u00e9rcio e Servi\u00e7os e da economia criativa em Minas Gerais. Em 2026, a expectativa \u00e9 de 13,2 milh\u00f5es de pessoas participem dos eventos em todo o estado, com impacto econ\u00f4mico de R$ 5,75 bilh\u00f5es, conforme dados da Secretaria de Estado, Cultura e Turismo de Minas Gerais (Secult).&nbsp;<mark>Mais de 400 mil pequenos neg\u00f3cios mineiros, entre microempreendedores individuais, microempresas e empresas de pequeno porte, podem se beneficiar e aumentar suas vendas e servi\u00e7os durante os quatro dias de festa.<\/mark><\/p>\n\n\n\n<p>A festa popular impacta direta ou indiretamente diversos empreendimentos ligados aos bares e restaurantes, vestu\u00e1rio e cal\u00e7ados, rede hoteleira, transporte, entretenimento, cultura e turismo. Durante o per\u00edodo carnavalesco, as micro e pequenas empresas ganham visibilidade, com possibilidade de criar oportunidades de mercado. Nesse sentido, o apoio do Sebrae Minas \u00e9 essencial para fortalecer os pequenos neg\u00f3cios por meio de capacita\u00e7\u00f5es e consultorias, al\u00e9m do incentivo \u00e0 formaliza\u00e7\u00e3o, auxiliando os empres\u00e1rios, melhorando a sua gest\u00e3o, sua produtividade e competitividade, al\u00e9m da sua presen\u00e7a digital.<\/p>\n\n\n\n<p>A festa tamb\u00e9m se destaca como espa\u00e7o de inova\u00e7\u00e3o e empreendedorismo, com o surgimento e o crescimento dos neg\u00f3cios sustent\u00e1veis. Os blocos de rua, as marcas autorais e outras atra\u00e7\u00f5es \u00e0 parte ajudam a dar visibilidade aos novos produtos, servi\u00e7os e experi\u00eancias, aumentando o acesso ao mercado.<\/p>\n\n\n\n<blockquote class=\"wp-block-quote is-layout-flow wp-block-quote-is-layout-flow\">\n<p>\u201cO Carnaval em Minas Gerais une cultura, identidade e empreendedorismo, transformando a festa em oportunidade de renda e fortalecimento da economia local. Ao se preparar com anteced\u00eancia, fazer um planejamento financeiro e qualificar o atendimento, as micro e pequenas empresas conseguem transformar esse per\u00edodo em oportunidade de crescimento. O Sebrae Minas se torna um parceiro importante para que esses empreendedores se organizem, inovem e aproveitem todo o potencial econ\u00f4mico dessa grande festa popular\u201d, destaca o presidente do conselho Deliberativo do Sebrae Minas, Marcelo de Souza e Silva.<\/p>\n<\/blockquote>\n\n\n\n<p>Segundo pesquisa realizada pelo N\u00facleo de Estudos Econ\u00f4micos e de Intelig\u00eancia &amp; Pesquisa da Fecom\u00e9rcio-MG,&nbsp;<mark>65,8% dos empres\u00e1rios do com\u00e9rcio varejista avaliam o impacto do Carnaval como positivo para seus neg\u00f3cios.<\/mark>&nbsp;Entre os principais fatores est\u00e3o o aumento do movimento nos estabelecimentos, citado por 47,6%, e a maior presen\u00e7a de turistas e moradores circulando pela cidade, apontada por 45,4%.<\/p>\n\n\n\n<p><img decoding=\"async\" src=\"https:\/\/mg.agenciasebrae.com.br\/wp-content\/uploads\/sites\/13\/2026\/02\/CARNAVAL-2023.jpg\" alt=\"\" width=\"922\" height=\"604\">Apoio do Sebrae Minas \u00e9 essencial para fortalecer os pequenos neg\u00f3cios por meio de capacita\u00e7\u00f5es e consultorias e incentivo \u00e0 formaliza\u00e7\u00e3o<\/p>\n\n\n\n<p><strong>Meu Neg\u00f3cio \u00e9 Carnaval<\/strong><\/p>\n\n\n\n<p>Para apoiar os empreendedores que atuam no Carnaval, o Sebrae Minas j\u00e1 conta com diversos conte\u00fados gratuitos na plataforma do Sebrae Play. A s\u00e9rie&nbsp;<strong>Meu Neg\u00f3cio \u00e9 Carnaval<\/strong>&nbsp;abrange materiais sobre planejamento, marketing, gest\u00e3o de estoque e finan\u00e7as para setores como turismo, alimenta\u00e7\u00e3o e economia criativa. Ela pode ser acessada por meio do&nbsp;<a href=\"https:\/\/sebraeplay.com.br\/colecoes\/meu-negocio-e-carnaval\">link<\/a>.<\/p>\n\n\n\n<p><strong>O Sebrae Minas tamb\u00e9m preparou dez dicas para alavancar as vendas em diferentes segmentos.&nbsp;Confira:<\/strong><\/p>\n\n\n\n<ol class=\"wp-block-list\">\n<li><em>Ofere\u00e7a produtos ou servi\u00e7os para blocos de rua e eventos, com acess\u00f3rios personalizados ou tem\u00e1ticos e kits para foli\u00f5es com \u00e1gua, lanches e glitter biodegrad\u00e1vel.<\/em><\/li>\n\n\n\n<li><em>Estabele\u00e7a pontos de vendas em \u00e1reas estrat\u00e9gicas e crie alimentos e bebidas tem\u00e1ticos e\/ou exclusivos para blocos e festas.<\/em><\/li>\n\n\n\n<li><em>Customize e personalize abad\u00e1s e fantasias, criando pacotes especiais para grupos e blocos.<\/em><\/li>\n\n\n\n<li><em>Use as redes sociais para divulgar produtos e servi\u00e7os da sua marca.<\/em><\/li>\n\n\n\n<li><em>Ao trabalhar com a produ\u00e7\u00e3o de comidas, esteja presente em aplicativos, como iFood e UberEats.<\/em><\/li>\n\n\n\n<li><em>Use estrat\u00e9gias que destaquem a sustentabilidade do seu produto ou servi\u00e7o e busque parcerias com ONGs para recolhimento de res\u00edduos.<\/em><\/li>\n\n\n\n<li><em>Ofere\u00e7a solu\u00e7\u00f5es para turistas, montando pacotes com guias personalizados, mapas da cidade e dos blocos e orienta\u00e7\u00f5es \u00fateis.<\/em><\/li>\n\n\n\n<li><em>Saiba como fornecer para festas ou eventos privados e busque se informar sobre como ter um ponto de venda m\u00f3vel em \u00e1reas de maior fluxo.<\/em><\/li>\n\n\n\n<li><em>Comece a divulgar e aceitar encomendas com anteced\u00eancia.<\/em><\/li>\n\n\n\n<li><em>Fa\u00e7a combos e promo\u00e7\u00f5es para atrair clientes antes do per\u00edodo.<\/em><\/li>\n<\/ol>\n","protected":false},"excerpt":{"rendered":"<p>Sebrae Minas prepara dicas para empreendedores de diversos segmentos aproveitarem o momento e aumentar a rentabilidade Sin\u00f4nimo de grande festa para muitos foli\u00e3es, o Carnaval se consolida como um dos principais eventos para movimenta\u00e7\u00e3o dos setores de Com\u00e9rcio e Servi\u00e7os e da economia criativa em Minas Gerais. Em 2026, a expectativa \u00e9 de 13,2 milh\u00f5es [&hellip;]<\/p>\n","protected":false},"author":5,"featured_media":169210,"comment_status":"closed","ping_status":"open","sticky":false,"template":"","format":"standard","meta":{"advgb_blocks_editor_width":"","advgb_blocks_columns_visual_guide":"","_exactmetrics_skip_tracking":false,"_exactmetrics_sitenote_active":false,"_exactmetrics_sitenote_note":"","_exactmetrics_sitenote_category":0,"footnotes":""},"categories":[7,2],"tags":[],"class_list":["post-169209","post","type-post","status-publish","format-standard","has-post-thumbnail","hentry","category-destaques","category-noticias"],"better_featured_image":{"id":169210,"alt_text":"","caption":"","description":"","media_type":"image","media_details":{"width":814,"height":492,"file":"2026\/02\/CARNAVAL_p27216_cover_image_resized.webp","filesize":47858,"sizes":{"medium":{"file":"CARNAVAL_p27216_cover_image_resized-470x284.webp","width":470,"height":284,"mime-type":"image\/webp","filesize":30046,"source_url":"https:\/\/lavras.tv\/site\/wp-content\/uploads\/2026\/02\/CARNAVAL_p27216_cover_image_resized-470x284.webp"},"thumbnail":{"file":"CARNAVAL_p27216_cover_image_resized-170x103.webp","width":170,"height":103,"mime-type":"image\/webp","filesize":6942,"source_url":"https:\/\/lavras.tv\/site\/wp-content\/uploads\/2026\/02\/CARNAVAL_p27216_cover_image_resized-170x103.webp"},"alm-thumbnail":{"file":"CARNAVAL_p27216_cover_image_resized-150x150.webp","width":150,"height":150,"mime-type":"image\/webp","filesize":7746,"source_url":"https:\/\/lavras.tv\/site\/wp-content\/uploads\/2026\/02\/CARNAVAL_p27216_cover_image_resized-150x150.webp"},"sow-carousel-default":{"file":"CARNAVAL_p27216_cover_image_resized-272x182.webp","width":272,"height":182,"mime-type":"image\/webp","filesize":14322,"source_url":"https:\/\/lavras.tv\/site\/wp-content\/uploads\/2026\/02\/CARNAVAL_p27216_cover_image_resized-272x182.webp"}},"image_meta":{"aperture":"0","credit":"","camera":"","caption":"","created_timestamp":"0","copyright":"","focal_length":"0","iso":"0","shutter_speed":"0","title":"","orientation":"0","keywords":[]}},"post":169209,"source_url":"https:\/\/lavras.tv\/site\/wp-content\/uploads\/2026\/02\/CARNAVAL_p27216_cover_image_resized.webp"},"author_meta":{"display_name":"Vinicius Bustamante","author_link":"https:\/\/lavras.tv\/site\/author\/vinicius-bustamante\/"},"featured_img":"https:\/\/lavras.tv\/site\/wp-content\/uploads\/2026\/02\/CARNAVAL_p27216_cover_image_resized-470x284.webp","coauthors":[],"tax_additional":{"categories":{"linked":["<a href=\"https:\/\/lavras.tv\/site\/category\/destaques\/\" class=\"advgb-post-tax-term\">Destaques<\/a>","<a href=\"https:\/\/lavras.tv\/site\/category\/noticias\/\" class=\"advgb-post-tax-term\">Not\u00edcias<\/a>"],"unlinked":["<span class=\"advgb-post-tax-term\">Destaques<\/span>","<span class=\"advgb-post-tax-term\">Not\u00edcias<\/span>"]}},"comment_count":"0","relative_dates":{"created":"Publicado 3 meses atr\u00e1s","modified":"Atualizado 3 meses atr\u00e1s"},"absolute_dates":{"created":"Publicado em 4 de fevereiro de 2026","modified":"Atualizado em 4 de fevereiro de 2026"},"absolute_dates_time":{"created":"Publicado em 4 de fevereiro de 2026 17:12","modified":"Atualizado em 4 de fevereiro de 2026 17:12"},"featured_img_caption":"","series_order":"","_links":{"self":[{"href":"https:\/\/lavras.tv\/site\/wp-json\/wp\/v2\/posts\/169209","targetHints":{"allow":["GET"]}}],"collection":[{"href":"https:\/\/lavras.tv\/site\/wp-json\/wp\/v2\/posts"}],"about":[{"href":"https:\/\/lavras.tv\/site\/wp-json\/wp\/v2\/types\/post"}],"author":[{"embeddable":true,"href":"https:\/\/lavras.tv\/site\/wp-json\/wp\/v2\/users\/5"}],"replies":[{"embeddable":true,"href":"https:\/\/lavras.tv\/site\/wp-json\/wp\/v2\/comments?post=169209"}],"version-history":[{"count":1,"href":"https:\/\/lavras.tv\/site\/wp-json\/wp\/v2\/posts\/169209\/revisions"}],"predecessor-version":[{"id":169211,"href":"https:\/\/lavras.tv\/site\/wp-json\/wp\/v2\/posts\/169209\/revisions\/169211"}],"wp:featuredmedia":[{"embeddable":true,"href":"https:\/\/lavras.tv\/site\/wp-json\/wp\/v2\/media\/169210"}],"wp:attachment":[{"href":"https:\/\/lavras.tv\/site\/wp-json\/wp\/v2\/media?parent=169209"}],"wp:term":[{"taxonomy":"category","embeddable":true,"href":"https:\/\/lavras.tv\/site\/wp-json\/wp\/v2\/categories?post=169209"},{"taxonomy":"post_tag","embeddable":true,"href":"https:\/\/lavras.tv\/site\/wp-json\/wp\/v2\/tags?post=169209"}],"curies":[{"name":"wp","href":"https:\/\/api.w.org\/{rel}","templated":true}]}}