{"id":169212,"date":"2026-02-04T17:18:07","date_gmt":"2026-02-04T20:18:07","guid":{"rendered":"https:\/\/lavras.tv\/site\/?p=169212"},"modified":"2026-02-04T17:18:08","modified_gmt":"2026-02-04T20:18:08","slug":"abono-salarial-do-pis-pasep-sera-pago-em-fevereiro-saiba-o-calendario","status":"publish","type":"post","link":"https:\/\/lavras.tv\/site\/2026\/02\/04\/abono-salarial-do-pis-pasep-sera-pago-em-fevereiro-saiba-o-calendario\/","title":{"rendered":"Abono salarial do PIS\/Pasep ser\u00e1 pago em fevereiro; saiba o calend\u00e1rio"},"content":{"rendered":"<div class=\"lavra-antes-do-conteudo_2\" id=\"lavra-480729665\"><div id=\"lavra-slider-27\" class=\"custom-slider lavra-slider-2145407307 lavra-slider\"><ul><li><div style=\"margin-left: auto;margin-right: auto;text-align: center;\" id=\"lavra-2317838742\"><a href=\"https:\/\/sistemas.lavras.mg.gov.br\/portalcidadao\/#df1b1a7c7b2a290bcb31e32771e610784662739a88807c0dacac58ede5f391a7530e299dc302d611ee73cb143fc22eaf93592e53e7b5bdb01b00a0b8d28dae460c141dd2ff83412e4dc1c31b16b25f33144a9e5620ea73b13f5bc1c59411d98439ad226e8af03840603796067d87afe130812cf3de24982d0e306f9e61e764e5\" aria-label=\"Lavras-TV&#8211;720x104px (1) (1)\"><img src=\"https:\/\/lavras.tv\/site\/wp-content\/uploads\/2025\/01\/Lavras-TV-720x104px-1-1.png\" alt=\"\"  srcset=\"https:\/\/lavras.tv\/site\/wp-content\/uploads\/2025\/01\/Lavras-TV-720x104px-1-1.png 720w, https:\/\/lavras.tv\/site\/wp-content\/uploads\/2025\/01\/Lavras-TV-720x104px-1-1-470x68.png 470w, https:\/\/lavras.tv\/site\/wp-content\/uploads\/2025\/01\/Lavras-TV-720x104px-1-1-170x25.png 170w, https:\/\/lavras.tv\/site\/wp-content\/uploads\/2025\/01\/Lavras-TV-720x104px-1-1-200x29.png 200w\" sizes=\"(max-width: 720px) 100vw, 720px\" width=\"720\" height=\"104\"  style=\"display: inline-block;\" \/><\/a><\/div><\/li><li><a href=\"https:\/\/sistemas.lavras.mg.gov.br\/portalcidadao\/#df1b1a7c7b2a290bcb31e32771e610784662739a88807c0dacac58ede5f391a7530e299dc302d611ee73cb143fc22eaf93592e53e7b5bdb01b00a0b8d28dae460c141dd2ff83412e4dc1c31b16b25f33144a9e5620ea73b13f5bc1c59411d98439ad226e8af03840603796067d87afe130812cf3de24982d0e306f9e61e764e5\" aria-label=\"Banner_Emprego_PortallavrasTV\"><img src=\"https:\/\/lavras.tv\/site\/wp-content\/uploads\/2025\/03\/Banner_Emprego_PortallavrasTV.png\" alt=\"\"  srcset=\"https:\/\/lavras.tv\/site\/wp-content\/uploads\/2025\/03\/Banner_Emprego_PortallavrasTV.png 720w, https:\/\/lavras.tv\/site\/wp-content\/uploads\/2025\/03\/Banner_Emprego_PortallavrasTV-470x68.png 470w, https:\/\/lavras.tv\/site\/wp-content\/uploads\/2025\/03\/Banner_Emprego_PortallavrasTV-170x25.png 170w, https:\/\/lavras.tv\/site\/wp-content\/uploads\/2025\/03\/Banner_Emprego_PortallavrasTV-200x29.png 200w\" sizes=\"(max-width: 720px) 100vw, 720px\" width=\"720\" height=\"104\"   \/><\/a><\/li><li><a href=\"https:\/\/sistemas.lavras.mg.gov.br\/portalcidadao\/#df1b1a7c7b2a290bcb31e32771e610784662739a88807c0dacac58ede5f391a7530e299dc302d611ee73cb143fc22eaf93592e53e7b5bdb01b00a0b8d28dae460c141dd2ff83412e4dc1c31b16b25f33144a9e5620ea73b13f5bc1c59411d98439ad226e8af03840603796067d87afe130812cf3de24982d0e306f9e61e764e5\" aria-label=\"Banner_Obras_PortallavrasTV\"><img src=\"https:\/\/lavras.tv\/site\/wp-content\/uploads\/2025\/03\/Banner_Obras_PortallavrasTV.png\" alt=\"\"  srcset=\"https:\/\/lavras.tv\/site\/wp-content\/uploads\/2025\/03\/Banner_Obras_PortallavrasTV.png 720w, https:\/\/lavras.tv\/site\/wp-content\/uploads\/2025\/03\/Banner_Obras_PortallavrasTV-470x68.png 470w, https:\/\/lavras.tv\/site\/wp-content\/uploads\/2025\/03\/Banner_Obras_PortallavrasTV-170x25.png 170w, https:\/\/lavras.tv\/site\/wp-content\/uploads\/2025\/03\/Banner_Obras_PortallavrasTV-200x29.png 200w\" sizes=\"(max-width: 720px) 100vw, 720px\" width=\"720\" height=\"104\"   \/><\/a><\/li><li><div style=\"margin-left: auto;margin-right: auto;text-align: center;\" id=\"lavra-3562408593\"><a href=\"https:\/\/sistemas.lavras.mg.gov.br\/portalcidadao\/#df1b1a7c7b2a290bcb31e32771e610784662739a88807c0dacac58ede5f391a7530e299dc302d611ee73cb143fc22eaf93592e53e7b5bdb01b00a0b8d28dae460c141dd2ff83412e4dc1c31b16b25f33144a9e5620ea73b13f5bc1c59411d98439ad226e8af03840603796067d87afe130812cf3de24982d0e306f9e61e764e5\" aria-label=\"Banner_Educa\u00e7\u00e3o_PortallavrasTV\"><img src=\"https:\/\/lavras.tv\/site\/wp-content\/uploads\/2025\/01\/Banner_Educacao_PortallavrasTV.png\" alt=\"\"  srcset=\"https:\/\/lavras.tv\/site\/wp-content\/uploads\/2025\/01\/Banner_Educacao_PortallavrasTV.png 720w, https:\/\/lavras.tv\/site\/wp-content\/uploads\/2025\/01\/Banner_Educacao_PortallavrasTV-470x68.png 470w, https:\/\/lavras.tv\/site\/wp-content\/uploads\/2025\/01\/Banner_Educacao_PortallavrasTV-170x25.png 170w, https:\/\/lavras.tv\/site\/wp-content\/uploads\/2025\/01\/Banner_Educacao_PortallavrasTV-200x29.png 200w\" sizes=\"(max-width: 720px) 100vw, 720px\" width=\"720\" height=\"104\"  style=\"display: inline-block;\" \/><\/a><\/div><\/li><li><a href=\"https:\/\/sistemas.lavras.mg.gov.br\/portalcidadao\/#df1b1a7c7b2a290bcb31e32771e610784662739a88807c0dacac58ede5f391a7530e299dc302d611ee73cb143fc22eaf93592e53e7b5bdb01b00a0b8d28dae460c141dd2ff83412e4dc1c31b16b25f33144a9e5620ea73b13f5bc1c59411d98439ad226e8af03840603796067d87afe130812cf3de24982d0e306f9e61e764e5\" aria-label=\"Banner_Sa\u00fade_PortallavrasTV\"><img src=\"https:\/\/lavras.tv\/site\/wp-content\/uploads\/2025\/03\/Banner_Saude_PortallavrasTV.png\" alt=\"\"  srcset=\"https:\/\/lavras.tv\/site\/wp-content\/uploads\/2025\/03\/Banner_Saude_PortallavrasTV.png 720w, https:\/\/lavras.tv\/site\/wp-content\/uploads\/2025\/03\/Banner_Saude_PortallavrasTV-470x68.png 470w, https:\/\/lavras.tv\/site\/wp-content\/uploads\/2025\/03\/Banner_Saude_PortallavrasTV-170x25.png 170w, https:\/\/lavras.tv\/site\/wp-content\/uploads\/2025\/03\/Banner_Saude_PortallavrasTV-200x29.png 200w\" sizes=\"(max-width: 720px) 100vw, 720px\" width=\"720\" height=\"104\"   \/><\/a><\/li><li><div id=\"lavra-3051970476\" style=\"width:720px;height:104px;background-color:#ddd;overflow:scroll;\">\n\t<strong>Sa\u00edda da depura\u00e7\u00e3o de an\u00fancios<\/strong>\n\t<br><br>\n\tO an\u00fancio n\u00e3o \u00e9 exibido na p\u00e1gina<br><br>post atual: Abono salarial do PIS\/Pasep ser\u00e1 pago em fevereiro; saiba o calend\u00e1rio, ID: 169212<br><br><span style=\"color: red;\">O post atual n\u00e3o \u00e9 id\u00eantico ao post principal.<\/span><br><br>An\u00fancios: ROXO - TOPO INTERNA - ROTATIVO 2 (197)<br \/>Grupo de an\u00fancios: Princ_Meio01_720x104 (27)<br><br>Condi\u00e7\u00f5es de exibi\u00e7\u00e3o<div style=\"margin-bottom: 20px; white-space: pre-wrap; font-family: monospace; width: 100%; background: #ffe9e9;\"><strong>condi\u00e7\u00f5es gerais<\/strong><table border=\"1\"><thead><tr><th><\/th><th>An\u00fancios<\/th><th>wp_the_query<\/th><\/tr><\/thead><tr><td>is_main_query<\/td><td>1<\/td><td>1<\/td><\/tr><tr><td>is_rest_api<\/td><td>0<\/td><td>1<\/td><\/tr><tr><td>page<\/td><td>0<\/td><td>1<\/td><\/tr><tr><td>numpages<\/td><td>0<\/td><td>1<\/td><\/tr><tr><td>is_archive<\/td><td>1<\/td><td><\/td><\/tr><tr><td>is_search<\/td><td>1<\/td><td><\/td><\/tr><tr><td>is_home<\/td><td>1<\/td><td><\/td><\/tr><tr><td>is_404<\/td><td>1<\/td><td><\/td><\/tr><tr><td>is_attachment<\/td><td>1<\/td><td><\/td><\/tr><tr><td>is_singular<\/td><td>1<\/td><td><\/td><\/tr><tr><td>is_front_page<\/td><td>1<\/td><td><\/td><\/tr><tr><td>is_feed<\/td><td>1<\/td><td><\/td><\/tr><\/table><\/div><br><br><span style=\"color: red;\">Seu site usa HTTPS, mas o c\u00f3digo do an\u00fancio cont\u00e9m HTTP e pode n\u00e3o funcionar.<\/span>\t<br><br>\n\t<a style=\"color: green;\" href=\"https:\/\/wpadvancedads.com\/manual\/ad-debug-mode\/?utm_source=advanced-ads&utm_medium=link&utm_campaign=ad-debug-mode\" target=\"_blank\" rel=\"nofollow\">Encontre solu\u00e7\u00f5es no manual<\/a>\n<\/div>\n<\/li><\/ul><\/div><script>( window.advanced_ads_ready || jQuery( document ).ready ).call( null, function() {var $lavraslider2145407307 = jQuery( \".lavra-slider-2145407307\" );$lavraslider2145407307.on( \"unslider.ready\", function() { jQuery( \"div.custom-slider ul li\" ).css( \"display\", \"block\" ); });$lavraslider2145407307.unslider({ delay:4000, autoplay:true, nav:false, arrows:false, infinite:true });$lavraslider2145407307.on(\"mouseover\", function() {$lavraslider2145407307.unslider(\"stop\");}).on(\"mouseout\", function() {$lavraslider2145407307.unslider(\"start\");});});<\/script><\/div>\n<h2 class=\"wp-block-heading\">Benef\u00edcio de um sal\u00e1rio m\u00ednimo destinado a trabalhadores de baixa renda ser\u00e1 pago para 26,9 milh\u00f5es de pessoas em 2026<\/h2>\n\n\n\n<p><img fetchpriority=\"high\" decoding=\"async\" alt=\"Abono salarial ser\u00e1 pago primeiro para os trabalhadores que nasceram em janeiro\" width=\"1000\" height=\"563\" src=\"https:\/\/medias.itatiaia.com.br\/dims4\/default\/9435597\/2147483647\/strip\/true\/crop\/1600x901+0+83\/resize\/1000x563!\/quality\/90\/?url=https%3A%2F%2Fk2-prod-radio-itatiaia.s3.us-east-1.amazonaws.com%2Fbrightspot%2F5e%2Fd5%2F284f845a42a0be4e1ec42ed6c656%2Fwhatsapp-image-2026-02-03-at-20-40-27.jpeg\"><\/p>\n\n\n\n<p>Marcello Casal Jr | Ag\u00eancia Brasil<\/p>\n\n\n\n<p>Abono salarial ser\u00e1 pago primeiro para os trabalhadores que nasceram em janeiro<\/p>\n\n\n\n<p>O calend\u00e1rio de&nbsp;<a href=\"https:\/\/www.itatiaia.com.br\/economia\/abono-salarial-do-pis-pasep-2026-saiba-quando-e-o-primeiro-pagamento\"><strong>pagamento do abono salarial<\/strong><\/a>&nbsp;do Programa de Integra\u00e7\u00e3o Social (PIS) e do Programa de Forma\u00e7\u00e3o do Patrim\u00f4nio do Servidor P\u00fablico (Pasep) em 2026 come\u00e7a neste m\u00eas de fevereiro. Segundo o Minist\u00e9rio do Trabalho e Emprego (MTE), a estimativa \u00e9 pagar R$ 33,5 bilh\u00f5es do benef\u00edcio, calculado em um sal\u00e1rio m\u00ednimo de R$ 1.621,00, para 26,9 milh\u00f5es de trabalhadores ao longo do ano.<\/p>\n\n\n\n<p>Em janeiro n\u00e3o houve pagamento do abono salarial. Isso ocorre porque o calend\u00e1rio aprovado pelo Conselho Deliberativo do Fundo de Amparo ao Trabalhador (Codefat), est\u00e1 previsto para 15 de fevereiro para os trabalhadores nascidos em janeiro. Nesse caso, como a data \u00e9 um domingo, o dep\u00f3sito ser\u00e1 efetivado na segunda-feira, dia 16.<\/p>\n\n\n\n<p>O dep\u00f3sito \u00e9 destinado para os trabalhadores da iniciativa privada e do servi\u00e7o p\u00fablico vinculados aos programas h\u00e1, pelo menos, cinco anos, que tenham recebido no ano-base de 2024 uma remunera\u00e7\u00e3o m\u00e9dia mensal de R$ 2.766. Para os trabalhadores nascidos em fevereiro, o benef\u00edcio \u00e9 pago no dia 15 de mar\u00e7o, e assim por diante.<\/p>\n\n\n\n<p>Para saber se est\u00e1 entre os benefici\u00e1rios, o trabalhador deve consultar o abono salarial pelo aplicativo da Carteira de Trabalho Digital. O usu\u00e1rio deve atualizar o programa, acessar a aba \u201cbenef\u00edcios\u201d, selecionar \u201cabono salarial\u201d e clicar em \u201cpagamentos\u201d. Nessa se\u00e7\u00e3o, o trabalhador pode verificar o valor, a data e o banco de recebimento.<\/p>\n\n\n\n<h2 class=\"wp-block-heading\">Veja o calend\u00e1rio de pagamentos em 2026<\/h2>\n\n\n\n<figure class=\"wp-block-table\"><table class=\"has-fixed-layout\"><tbody><tr><td><strong>Nascidos em<\/strong><\/td><td><strong>Data de pagamento<\/strong><\/td><\/tr><tr><td>Janeiro<\/td><td>16 de fevereiro<\/td><\/tr><tr><td>Fevereiro<\/td><td>16 de mar\u00e7o<\/td><\/tr><tr><td>Mar\u00e7o e abril<\/td><td>15 de abril<\/td><\/tr><tr><td>Maio e junho<\/td><td>15 de maio<\/td><\/tr><tr><td>Julho e agosto<\/td><td>15 de junho<\/td><\/tr><tr><td>Setembro e outubro<\/td><td>15 de julho<\/td><\/tr><tr><td>Novembro e dezembro<\/td><td>15 de agosto<\/td><\/tr><\/tbody><\/table><\/figure>\n\n\n\n<p>A partir deste ano, passam a valer novas regras do Abono Salarial, de acordo com a Emenda Constitucional n\u00ba 135 de 2024, que alterou o crit\u00e9rio de renda para o acesso ao benef\u00edcio. O limite de renda deixar\u00e1 de ser calculado com dois sal\u00e1rios m\u00ednimos, passando a ser fixado em R$ 2.640 e reajustado anualmente pelo \u00cdndice Nacional de Pre\u00e7os ao Consumidor (INPC). O crit\u00e9rio ser\u00e1 reduzido gradualmente at\u00e9 atingir 1,5 sal\u00e1rio m\u00ednimo por volta de 2035.<\/p>\n\n\n\n<p>Isso vai ocorrer porque o sal\u00e1rio m\u00ednimo agora \u00e9 corrigido pela infla\u00e7\u00e3o mais o crescimento do Produto Interno Bruto (PIB). Assim, o n\u00famero de benefici\u00e1rios do PIS\/Pasep aumentaria a cada ano, aumentando tamb\u00e9m os gastos do governo com o benef\u00edcio.<\/p>\n\n\n\n<p>Segundo o governo, espera-se uma redu\u00e7\u00e3o gradual no n\u00famero de benefici\u00e1rios a partir de 2026, sendo que em 2030, a depender de par\u00e2metros econ\u00f4micos, cerca de 3 milh\u00f5es de pessoas devem deixar de receber o benef\u00edcio. A economia acumulada deve ser de R$ 24,8 bilh\u00f5es at\u00e9 essa marca.<\/p>\n","protected":false},"excerpt":{"rendered":"<p>Benef\u00edcio de um sal\u00e1rio m\u00ednimo destinado a trabalhadores de baixa renda ser\u00e1 pago para 26,9 milh\u00f5es de pessoas em 2026 Marcello Casal Jr | Ag\u00eancia Brasil Abono salarial ser\u00e1 pago primeiro para os trabalhadores que nasceram em janeiro O calend\u00e1rio de&nbsp;pagamento do abono salarial&nbsp;do Programa de Integra\u00e7\u00e3o Social (PIS) e do Programa de Forma\u00e7\u00e3o do [&hellip;]<\/p>\n","protected":false},"author":5,"featured_media":169213,"comment_status":"closed","ping_status":"open","sticky":false,"template":"","format":"standard","meta":{"advgb_blocks_editor_width":"","advgb_blocks_columns_visual_guide":"","_exactmetrics_skip_tracking":false,"_exactmetrics_sitenote_active":false,"_exactmetrics_sitenote_note":"","_exactmetrics_sitenote_category":0,"footnotes":""},"categories":[7,5717,2],"tags":[],"class_list":["post-169212","post","type-post","status-publish","format-standard","has-post-thumbnail","hentry","category-destaques","category-economia","category-noticias"],"better_featured_image":{"id":169213,"alt_text":"","caption":"","description":"","media_type":"image","media_details":{"width":1000,"height":563,"file":"2026\/02\/download-2.webp","filesize":53584,"sizes":{"medium":{"file":"download-2-470x265.webp","width":470,"height":265,"mime-type":"image\/webp","filesize":13364,"source_url":"https:\/\/lavras.tv\/site\/wp-content\/uploads\/2026\/02\/download-2-470x265.webp"},"large":{"file":"download-2-970x546.webp","width":970,"height":546,"mime-type":"image\/webp","filesize":31760,"source_url":"https:\/\/lavras.tv\/site\/wp-content\/uploads\/2026\/02\/download-2-970x546.webp"},"thumbnail":{"file":"download-2-170x96.webp","width":170,"height":96,"mime-type":"image\/webp","filesize":3374,"source_url":"https:\/\/lavras.tv\/site\/wp-content\/uploads\/2026\/02\/download-2-170x96.webp"},"alm-thumbnail":{"file":"download-2-150x150.webp","width":150,"height":150,"mime-type":"image\/webp","filesize":5420,"source_url":"https:\/\/lavras.tv\/site\/wp-content\/uploads\/2026\/02\/download-2-150x150.webp"},"sow-carousel-default":{"file":"download-2-272x182.webp","width":272,"height":182,"mime-type":"image\/webp","filesize":8440,"source_url":"https:\/\/lavras.tv\/site\/wp-content\/uploads\/2026\/02\/download-2-272x182.webp"}},"image_meta":{"aperture":"0","credit":"","camera":"","caption":"","created_timestamp":"0","copyright":"","focal_length":"0","iso":"0","shutter_speed":"0","title":"","orientation":"0","keywords":[]}},"post":169212,"source_url":"https:\/\/lavras.tv\/site\/wp-content\/uploads\/2026\/02\/download-2.webp"},"author_meta":{"display_name":"Vinicius Bustamante","author_link":"https:\/\/lavras.tv\/site\/author\/vinicius-bustamante\/"},"featured_img":"https:\/\/lavras.tv\/site\/wp-content\/uploads\/2026\/02\/download-2-470x265.webp","coauthors":[],"tax_additional":{"categories":{"linked":["<a href=\"https:\/\/lavras.tv\/site\/category\/destaques\/\" class=\"advgb-post-tax-term\">Destaques<\/a>","<a href=\"https:\/\/lavras.tv\/site\/category\/economia\/\" class=\"advgb-post-tax-term\">Economia<\/a>","<a href=\"https:\/\/lavras.tv\/site\/category\/noticias\/\" class=\"advgb-post-tax-term\">Not\u00edcias<\/a>"],"unlinked":["<span class=\"advgb-post-tax-term\">Destaques<\/span>","<span class=\"advgb-post-tax-term\">Economia<\/span>","<span class=\"advgb-post-tax-term\">Not\u00edcias<\/span>"]}},"comment_count":"0","relative_dates":{"created":"Publicado 3 meses atr\u00e1s","modified":"Atualizado 3 meses atr\u00e1s"},"absolute_dates":{"created":"Publicado em 4 de fevereiro de 2026","modified":"Atualizado em 4 de fevereiro de 2026"},"absolute_dates_time":{"created":"Publicado em 4 de fevereiro de 2026 17:18","modified":"Atualizado em 4 de fevereiro de 2026 17:18"},"featured_img_caption":"","series_order":"","_links":{"self":[{"href":"https:\/\/lavras.tv\/site\/wp-json\/wp\/v2\/posts\/169212","targetHints":{"allow":["GET"]}}],"collection":[{"href":"https:\/\/lavras.tv\/site\/wp-json\/wp\/v2\/posts"}],"about":[{"href":"https:\/\/lavras.tv\/site\/wp-json\/wp\/v2\/types\/post"}],"author":[{"embeddable":true,"href":"https:\/\/lavras.tv\/site\/wp-json\/wp\/v2\/users\/5"}],"replies":[{"embeddable":true,"href":"https:\/\/lavras.tv\/site\/wp-json\/wp\/v2\/comments?post=169212"}],"version-history":[{"count":1,"href":"https:\/\/lavras.tv\/site\/wp-json\/wp\/v2\/posts\/169212\/revisions"}],"predecessor-version":[{"id":169214,"href":"https:\/\/lavras.tv\/site\/wp-json\/wp\/v2\/posts\/169212\/revisions\/169214"}],"wp:featuredmedia":[{"embeddable":true,"href":"https:\/\/lavras.tv\/site\/wp-json\/wp\/v2\/media\/169213"}],"wp:attachment":[{"href":"https:\/\/lavras.tv\/site\/wp-json\/wp\/v2\/media?parent=169212"}],"wp:term":[{"taxonomy":"category","embeddable":true,"href":"https:\/\/lavras.tv\/site\/wp-json\/wp\/v2\/categories?post=169212"},{"taxonomy":"post_tag","embeddable":true,"href":"https:\/\/lavras.tv\/site\/wp-json\/wp\/v2\/tags?post=169212"}],"curies":[{"name":"wp","href":"https:\/\/api.w.org\/{rel}","templated":true}]}}