{"id":169215,"date":"2026-02-05T17:19:10","date_gmt":"2026-02-05T20:19:10","guid":{"rendered":"https:\/\/lavras.tv\/site\/?p=169215"},"modified":"2026-02-05T17:19:12","modified_gmt":"2026-02-05T20:19:12","slug":"minas-gerais-atua-com-acoes-integradas-de-educacao-prevencao-e-fiscalizacao-na-protecao-animal","status":"publish","type":"post","link":"https:\/\/lavras.tv\/site\/2026\/02\/05\/minas-gerais-atua-com-acoes-integradas-de-educacao-prevencao-e-fiscalizacao-na-protecao-animal\/","title":{"rendered":"Minas Gerais atua com a\u00e7\u00f5es integradas de educa\u00e7\u00e3o, preven\u00e7\u00e3o e fiscaliza\u00e7\u00e3o na prote\u00e7\u00e3o animal"},"content":{"rendered":"<div class=\"lavra-antes-do-conteudo_2\" id=\"lavra-219082257\"><div id=\"lavra-slider-27\" class=\"custom-slider lavra-slider-928048025 lavra-slider\"><ul><li><div style=\"margin-left: auto;margin-right: auto;text-align: center;\" id=\"lavra-2210139838\"><a href=\"https:\/\/sistemas.lavras.mg.gov.br\/portalcidadao\/#df1b1a7c7b2a290bcb31e32771e610784662739a88807c0dacac58ede5f391a7530e299dc302d611ee73cb143fc22eaf93592e53e7b5bdb01b00a0b8d28dae460c141dd2ff83412e4dc1c31b16b25f33144a9e5620ea73b13f5bc1c59411d98439ad226e8af03840603796067d87afe130812cf3de24982d0e306f9e61e764e5\" aria-label=\"Lavras-TV&#8211;720x104px (1) (1)\"><img src=\"https:\/\/lavras.tv\/site\/wp-content\/uploads\/2025\/01\/Lavras-TV-720x104px-1-1.png\" alt=\"\"  srcset=\"https:\/\/lavras.tv\/site\/wp-content\/uploads\/2025\/01\/Lavras-TV-720x104px-1-1.png 720w, https:\/\/lavras.tv\/site\/wp-content\/uploads\/2025\/01\/Lavras-TV-720x104px-1-1-470x68.png 470w, https:\/\/lavras.tv\/site\/wp-content\/uploads\/2025\/01\/Lavras-TV-720x104px-1-1-170x25.png 170w, https:\/\/lavras.tv\/site\/wp-content\/uploads\/2025\/01\/Lavras-TV-720x104px-1-1-200x29.png 200w\" sizes=\"(max-width: 720px) 100vw, 720px\" width=\"720\" height=\"104\"  style=\"display: inline-block;\" \/><\/a><\/div><\/li><li><a href=\"https:\/\/sistemas.lavras.mg.gov.br\/portalcidadao\/#df1b1a7c7b2a290bcb31e32771e610784662739a88807c0dacac58ede5f391a7530e299dc302d611ee73cb143fc22eaf93592e53e7b5bdb01b00a0b8d28dae460c141dd2ff83412e4dc1c31b16b25f33144a9e5620ea73b13f5bc1c59411d98439ad226e8af03840603796067d87afe130812cf3de24982d0e306f9e61e764e5\" aria-label=\"Banner_Emprego_PortallavrasTV\"><img src=\"https:\/\/lavras.tv\/site\/wp-content\/uploads\/2025\/03\/Banner_Emprego_PortallavrasTV.png\" alt=\"\"  srcset=\"https:\/\/lavras.tv\/site\/wp-content\/uploads\/2025\/03\/Banner_Emprego_PortallavrasTV.png 720w, https:\/\/lavras.tv\/site\/wp-content\/uploads\/2025\/03\/Banner_Emprego_PortallavrasTV-470x68.png 470w, https:\/\/lavras.tv\/site\/wp-content\/uploads\/2025\/03\/Banner_Emprego_PortallavrasTV-170x25.png 170w, https:\/\/lavras.tv\/site\/wp-content\/uploads\/2025\/03\/Banner_Emprego_PortallavrasTV-200x29.png 200w\" sizes=\"(max-width: 720px) 100vw, 720px\" width=\"720\" height=\"104\"   \/><\/a><\/li><li><a href=\"https:\/\/sistemas.lavras.mg.gov.br\/portalcidadao\/#df1b1a7c7b2a290bcb31e32771e610784662739a88807c0dacac58ede5f391a7530e299dc302d611ee73cb143fc22eaf93592e53e7b5bdb01b00a0b8d28dae460c141dd2ff83412e4dc1c31b16b25f33144a9e5620ea73b13f5bc1c59411d98439ad226e8af03840603796067d87afe130812cf3de24982d0e306f9e61e764e5\" aria-label=\"Banner_Obras_PortallavrasTV\"><img src=\"https:\/\/lavras.tv\/site\/wp-content\/uploads\/2025\/03\/Banner_Obras_PortallavrasTV.png\" alt=\"\"  srcset=\"https:\/\/lavras.tv\/site\/wp-content\/uploads\/2025\/03\/Banner_Obras_PortallavrasTV.png 720w, https:\/\/lavras.tv\/site\/wp-content\/uploads\/2025\/03\/Banner_Obras_PortallavrasTV-470x68.png 470w, https:\/\/lavras.tv\/site\/wp-content\/uploads\/2025\/03\/Banner_Obras_PortallavrasTV-170x25.png 170w, https:\/\/lavras.tv\/site\/wp-content\/uploads\/2025\/03\/Banner_Obras_PortallavrasTV-200x29.png 200w\" sizes=\"(max-width: 720px) 100vw, 720px\" width=\"720\" height=\"104\"   \/><\/a><\/li><li><div style=\"margin-left: auto;margin-right: auto;text-align: center;\" id=\"lavra-329330250\"><a href=\"https:\/\/sistemas.lavras.mg.gov.br\/portalcidadao\/#df1b1a7c7b2a290bcb31e32771e610784662739a88807c0dacac58ede5f391a7530e299dc302d611ee73cb143fc22eaf93592e53e7b5bdb01b00a0b8d28dae460c141dd2ff83412e4dc1c31b16b25f33144a9e5620ea73b13f5bc1c59411d98439ad226e8af03840603796067d87afe130812cf3de24982d0e306f9e61e764e5\" aria-label=\"Banner_Educa\u00e7\u00e3o_PortallavrasTV\"><img src=\"https:\/\/lavras.tv\/site\/wp-content\/uploads\/2025\/01\/Banner_Educacao_PortallavrasTV.png\" alt=\"\"  srcset=\"https:\/\/lavras.tv\/site\/wp-content\/uploads\/2025\/01\/Banner_Educacao_PortallavrasTV.png 720w, https:\/\/lavras.tv\/site\/wp-content\/uploads\/2025\/01\/Banner_Educacao_PortallavrasTV-470x68.png 470w, https:\/\/lavras.tv\/site\/wp-content\/uploads\/2025\/01\/Banner_Educacao_PortallavrasTV-170x25.png 170w, https:\/\/lavras.tv\/site\/wp-content\/uploads\/2025\/01\/Banner_Educacao_PortallavrasTV-200x29.png 200w\" sizes=\"(max-width: 720px) 100vw, 720px\" width=\"720\" height=\"104\"  style=\"display: inline-block;\" \/><\/a><\/div><\/li><li><a href=\"https:\/\/sistemas.lavras.mg.gov.br\/portalcidadao\/#df1b1a7c7b2a290bcb31e32771e610784662739a88807c0dacac58ede5f391a7530e299dc302d611ee73cb143fc22eaf93592e53e7b5bdb01b00a0b8d28dae460c141dd2ff83412e4dc1c31b16b25f33144a9e5620ea73b13f5bc1c59411d98439ad226e8af03840603796067d87afe130812cf3de24982d0e306f9e61e764e5\" aria-label=\"Banner_Sa\u00fade_PortallavrasTV\"><img src=\"https:\/\/lavras.tv\/site\/wp-content\/uploads\/2025\/03\/Banner_Saude_PortallavrasTV.png\" alt=\"\"  srcset=\"https:\/\/lavras.tv\/site\/wp-content\/uploads\/2025\/03\/Banner_Saude_PortallavrasTV.png 720w, https:\/\/lavras.tv\/site\/wp-content\/uploads\/2025\/03\/Banner_Saude_PortallavrasTV-470x68.png 470w, https:\/\/lavras.tv\/site\/wp-content\/uploads\/2025\/03\/Banner_Saude_PortallavrasTV-170x25.png 170w, https:\/\/lavras.tv\/site\/wp-content\/uploads\/2025\/03\/Banner_Saude_PortallavrasTV-200x29.png 200w\" sizes=\"(max-width: 720px) 100vw, 720px\" width=\"720\" height=\"104\"   \/><\/a><\/li><li><div id=\"lavra-2076161784\" style=\"width:720px;height:104px;background-color:#ddd;overflow:scroll;\">\n\t<strong>Sa\u00edda da depura\u00e7\u00e3o de an\u00fancios<\/strong>\n\t<br><br>\n\tO an\u00fancio n\u00e3o \u00e9 exibido na p\u00e1gina<br><br>post atual: Minas Gerais atua com a\u00e7\u00f5es integradas de educa\u00e7\u00e3o, preven\u00e7\u00e3o e fiscaliza\u00e7\u00e3o na prote\u00e7\u00e3o animal, ID: 169215<br><br><span style=\"color: red;\">O post atual n\u00e3o \u00e9 id\u00eantico ao post principal.<\/span><br><br>An\u00fancios: ROXO - TOPO INTERNA - ROTATIVO 2 (197)<br \/>Grupo de an\u00fancios: Princ_Meio01_720x104 (27)<br><br>Condi\u00e7\u00f5es de exibi\u00e7\u00e3o<div style=\"margin-bottom: 20px; white-space: pre-wrap; font-family: monospace; width: 100%; background: #ffe9e9;\"><strong>condi\u00e7\u00f5es gerais<\/strong><table border=\"1\"><thead><tr><th><\/th><th>An\u00fancios<\/th><th>wp_the_query<\/th><\/tr><\/thead><tr><td>is_main_query<\/td><td>1<\/td><td>1<\/td><\/tr><tr><td>is_rest_api<\/td><td>0<\/td><td>1<\/td><\/tr><tr><td>page<\/td><td>0<\/td><td>1<\/td><\/tr><tr><td>numpages<\/td><td>0<\/td><td>1<\/td><\/tr><tr><td>is_archive<\/td><td>1<\/td><td><\/td><\/tr><tr><td>is_search<\/td><td>1<\/td><td><\/td><\/tr><tr><td>is_home<\/td><td>1<\/td><td><\/td><\/tr><tr><td>is_404<\/td><td>1<\/td><td><\/td><\/tr><tr><td>is_attachment<\/td><td>1<\/td><td><\/td><\/tr><tr><td>is_singular<\/td><td>1<\/td><td><\/td><\/tr><tr><td>is_front_page<\/td><td>1<\/td><td><\/td><\/tr><tr><td>is_feed<\/td><td>1<\/td><td><\/td><\/tr><\/table><\/div><br><br><span style=\"color: red;\">Seu site usa HTTPS, mas o c\u00f3digo do an\u00fancio cont\u00e9m HTTP e pode n\u00e3o funcionar.<\/span>\t<br><br>\n\t<a style=\"color: green;\" href=\"https:\/\/wpadvancedads.com\/manual\/ad-debug-mode\/?utm_source=advanced-ads&utm_medium=link&utm_campaign=ad-debug-mode\" target=\"_blank\" rel=\"nofollow\">Encontre solu\u00e7\u00f5es no manual<\/a>\n<\/div>\n<\/li><\/ul><\/div><script>( window.advanced_ads_ready || jQuery( document ).ready ).call( null, function() {var $lavraslider928048025 = jQuery( \".lavra-slider-928048025\" );$lavraslider928048025.on( \"unslider.ready\", function() { jQuery( \"div.custom-slider ul li\" ).css( \"display\", \"block\" ); });$lavraslider928048025.unslider({ delay:4000, autoplay:true, nav:false, arrows:false, infinite:true });$lavraslider928048025.on(\"mouseover\", function() {$lavraslider928048025.unslider(\"stop\");}).on(\"mouseout\", function() {$lavraslider928048025.unslider(\"start\");});});<\/script><\/div>\n<h2 class=\"wp-block-heading\">Iniciativas do Estado combinam educa\u00e7\u00e3o ambiental, manejo \u00e9tico, pol\u00edticas p\u00fablicas, capacita\u00e7\u00e3o t\u00e9cnica e fiscaliza\u00e7\u00e3o para combater os maus-tratos contra animais<\/h2>\n\n\n\n<figure class=\"wp-block-image\"><img decoding=\"async\" src=\"https:\/\/www.agenciaminas.mg.gov.br\/system\/news\/images\/000\/128\/928\/large\/Semad_MG.jpg?1770147544\" alt=\"imagem de destaque\"\/><\/figure>\n\n\n\n<p>Em Minas Gerais, a pol\u00edtica de prote\u00e7\u00e3o animal \u00e9 conduzida de forma integrada, tendo como eixo central o manejo \u00e9tico da popula\u00e7\u00e3o de c\u00e3es e gatos. A partir dessa diretriz, o&nbsp;<a href=\"https:\/\/www.mg.gov.br\/\" target=\"_blank\" rel=\"noreferrer noopener\">Governo do Estado<\/a>&nbsp;desenvolve programas e a\u00e7\u00f5es voltados \u00e0 sa\u00fade e ao bem-estar animal, \u00e0 educa\u00e7\u00e3o ambiental e \u00e0 fiscaliza\u00e7\u00e3o administrativa, em parceria com os munic\u00edpios e dentro das compet\u00eancias legais da&nbsp;<a href=\"https:\/\/www.mg.gov.br\/instituicao_unidade\/secretaria-de-estado-de-meio-ambiente-e-desenvolvimento-sustentavel-semad\" target=\"_blank\" rel=\"noreferrer noopener\">Secretaria de Estado de Meio Ambiente e Desenvolvimento Sustent\u00e1vel (Semad)<\/a>.<br><br>A educa\u00e7\u00e3o ambiental \u00e9 um dos pilares dessa pol\u00edtica p\u00fablica. Por meio do programa Jovens Mineiros Sustent\u00e1veis (JMS), o Estado promove a\u00e7\u00f5es educativas que levam o debate sobre bem-estar animal, guarda respons\u00e1vel e respeito \u00e0 vida ao ambiente escolar, contribuindo para a forma\u00e7\u00e3o de crian\u00e7as e adolescentes mais conscientes.<br><br>Segundo o diretor de Educa\u00e7\u00e3o Ambiental da Semad, Ricardo Cottini, a preven\u00e7\u00e3o aos maus-tratos come\u00e7a pela mudan\u00e7a de comportamento. &#8220;Quando falamos de bem-estar animal, estamos falando de empatia, responsabilidade e cidadania, valores que precisam ser constru\u00eddos desde cedo&#8221;, destaca.<br><br>As pol\u00edticas p\u00fablicas voltadas \u00e0 fauna dom\u00e9stica incluem a\u00e7\u00f5es de castra\u00e7\u00e3o, microchipagem e cuidados b\u00e1sicos de sa\u00fade animal, conforme estabelece a Lei Estadual n\u00ba 21.970\/16. Essas iniciativas s\u00e3o fundamentais para prevenir os maus-tratos, ao atuarem diretamente sobre fatores como superpopula\u00e7\u00e3o, abandono e neglig\u00eancia. A esteriliza\u00e7\u00e3o cir\u00fargica contribui para reduzir a reprodu\u00e7\u00e3o descontrolada, enquanto a microchipagem possibilita a identifica\u00e7\u00e3o permanente dos animais, fortalece a responsabiliza\u00e7\u00e3o dos tutores e qualifica a atua\u00e7\u00e3o do poder p\u00fablico.<br><br>De acordo com a diretora de Fauna Dom\u00e9stica da Semad, J\u00falia Amorim Faria, as a\u00e7\u00f5es t\u00eam impacto direto na preven\u00e7\u00e3o da viol\u00eancia contra animais. &#8220;O enfrentamento aos maus-tratos vai al\u00e9m da resposta punitiva e se baseia na preven\u00e7\u00e3o, no acesso a servi\u00e7os, na educa\u00e7\u00e3o e no fortalecimento institucional&#8221;, afirma.<br><br>A fiscaliza\u00e7\u00e3o ambiental \u00e9 conduzida pela Subsecretaria de Fiscaliza\u00e7\u00e3o Ambiental (Sufis), respons\u00e1vel pela apura\u00e7\u00e3o administrativa das den\u00fancias em todo o estado. A legisla\u00e7\u00e3o mineira considera maus-tratos pr\u00e1ticas como agress\u00f5es, abandono, priva\u00e7\u00e3o de \u00e1gua e alimento e manuten\u00e7\u00e3o de animais em locais inadequados.<br><br>Como parte do fortalecimento dessa atua\u00e7\u00e3o, o Governo de Minas lan\u00e7ou, em dezembro de 2025, uma capacita\u00e7\u00e3o na modalidade Educa\u00e7\u00e3o \u00e0 Dist\u00e2ncia (EaD) destinada a servidores p\u00fablicos e policiais militares, abordando a identifica\u00e7\u00e3o dos maus-tratos e o uso de ferramentas como a leitura de microchips.<br><br>A Semad atua na esfera administrativa, enquanto a responsabiliza\u00e7\u00e3o criminal cabe ao Poder Judici\u00e1rio. As den\u00fancias podem ser feitas de forma an\u00f4nima pelo Disque Den\u00fancia 181, LigMinas 155 ou pelo&nbsp;<a href=\"https:\/\/semad.mg.gov.br\/web\/semad\/formulario-denuncia\" target=\"_blank\" rel=\"noreferrer noopener\">formul\u00e1rio eletr\u00f4nico<\/a>&nbsp;da Semad. Mais do que um instrumento de fiscaliza\u00e7\u00e3o, denunciar \u00e9 um ato de cidadania e um passo essencial para garantir o bem-estar animal em Minas Gerais.<\/p>\n","protected":false},"excerpt":{"rendered":"<p>Iniciativas do Estado combinam educa\u00e7\u00e3o ambiental, manejo \u00e9tico, pol\u00edticas p\u00fablicas, capacita\u00e7\u00e3o t\u00e9cnica e fiscaliza\u00e7\u00e3o para combater os maus-tratos contra animais Em Minas Gerais, a pol\u00edtica de prote\u00e7\u00e3o animal \u00e9 conduzida de forma integrada, tendo como eixo central o manejo \u00e9tico da popula\u00e7\u00e3o de c\u00e3es e gatos. A partir dessa diretriz, o&nbsp;Governo do Estado&nbsp;desenvolve programas e [&hellip;]<\/p>\n","protected":false},"author":5,"featured_media":169216,"comment_status":"closed","ping_status":"open","sticky":false,"template":"","format":"standard","meta":{"advgb_blocks_editor_width":"","advgb_blocks_columns_visual_guide":"","_exactmetrics_skip_tracking":false,"_exactmetrics_sitenote_active":false,"_exactmetrics_sitenote_note":"","_exactmetrics_sitenote_category":0,"footnotes":""},"categories":[7,2],"tags":[],"class_list":["post-169215","post","type-post","status-publish","format-standard","has-post-thumbnail","hentry","category-destaques","category-noticias"],"better_featured_image":{"id":169216,"alt_text":"","caption":"","description":"","media_type":"image","media_details":{"width":1280,"height":647,"file":"2026\/02\/Semad_MG.jpg","filesize":60411,"sizes":{"medium":{"file":"Semad_MG-470x238.jpg","width":470,"height":238,"mime-type":"image\/jpeg","filesize":14056,"source_url":"https:\/\/lavras.tv\/site\/wp-content\/uploads\/2026\/02\/Semad_MG-470x238.jpg"},"large":{"file":"Semad_MG-970x490.jpg","width":970,"height":490,"mime-type":"image\/jpeg","filesize":41204,"source_url":"https:\/\/lavras.tv\/site\/wp-content\/uploads\/2026\/02\/Semad_MG-970x490.jpg"},"thumbnail":{"file":"Semad_MG-170x86.jpg","width":170,"height":86,"mime-type":"image\/jpeg","filesize":3283,"source_url":"https:\/\/lavras.tv\/site\/wp-content\/uploads\/2026\/02\/Semad_MG-170x86.jpg"},"alm-thumbnail":{"file":"Semad_MG-150x150.jpg","width":150,"height":150,"mime-type":"image\/jpeg","filesize":4808,"source_url":"https:\/\/lavras.tv\/site\/wp-content\/uploads\/2026\/02\/Semad_MG-150x150.jpg"},"sow-carousel-default":{"file":"Semad_MG-272x182.jpg","width":272,"height":182,"mime-type":"image\/jpeg","filesize":8332,"source_url":"https:\/\/lavras.tv\/site\/wp-content\/uploads\/2026\/02\/Semad_MG-272x182.jpg"}},"image_meta":{"aperture":"0","credit":"","camera":"","caption":"","created_timestamp":"0","copyright":"","focal_length":"0","iso":"0","shutter_speed":"0","title":"","orientation":"0","keywords":[]}},"post":169215,"source_url":"https:\/\/lavras.tv\/site\/wp-content\/uploads\/2026\/02\/Semad_MG.jpg"},"author_meta":{"display_name":"Vinicius Bustamante","author_link":"https:\/\/lavras.tv\/site\/author\/vinicius-bustamante\/"},"featured_img":"https:\/\/lavras.tv\/site\/wp-content\/uploads\/2026\/02\/Semad_MG-470x238.jpg","coauthors":[],"tax_additional":{"categories":{"linked":["<a href=\"https:\/\/lavras.tv\/site\/category\/destaques\/\" class=\"advgb-post-tax-term\">Destaques<\/a>","<a href=\"https:\/\/lavras.tv\/site\/category\/noticias\/\" class=\"advgb-post-tax-term\">Not\u00edcias<\/a>"],"unlinked":["<span class=\"advgb-post-tax-term\">Destaques<\/span>","<span class=\"advgb-post-tax-term\">Not\u00edcias<\/span>"]}},"comment_count":"0","relative_dates":{"created":"Publicado 3 meses atr\u00e1s","modified":"Atualizado 3 meses atr\u00e1s"},"absolute_dates":{"created":"Publicado em 5 de fevereiro de 2026","modified":"Atualizado em 5 de fevereiro de 2026"},"absolute_dates_time":{"created":"Publicado em 5 de fevereiro de 2026 17:19","modified":"Atualizado em 5 de fevereiro de 2026 17:19"},"featured_img_caption":"","series_order":"","_links":{"self":[{"href":"https:\/\/lavras.tv\/site\/wp-json\/wp\/v2\/posts\/169215","targetHints":{"allow":["GET"]}}],"collection":[{"href":"https:\/\/lavras.tv\/site\/wp-json\/wp\/v2\/posts"}],"about":[{"href":"https:\/\/lavras.tv\/site\/wp-json\/wp\/v2\/types\/post"}],"author":[{"embeddable":true,"href":"https:\/\/lavras.tv\/site\/wp-json\/wp\/v2\/users\/5"}],"replies":[{"embeddable":true,"href":"https:\/\/lavras.tv\/site\/wp-json\/wp\/v2\/comments?post=169215"}],"version-history":[{"count":1,"href":"https:\/\/lavras.tv\/site\/wp-json\/wp\/v2\/posts\/169215\/revisions"}],"predecessor-version":[{"id":169217,"href":"https:\/\/lavras.tv\/site\/wp-json\/wp\/v2\/posts\/169215\/revisions\/169217"}],"wp:featuredmedia":[{"embeddable":true,"href":"https:\/\/lavras.tv\/site\/wp-json\/wp\/v2\/media\/169216"}],"wp:attachment":[{"href":"https:\/\/lavras.tv\/site\/wp-json\/wp\/v2\/media?parent=169215"}],"wp:term":[{"taxonomy":"category","embeddable":true,"href":"https:\/\/lavras.tv\/site\/wp-json\/wp\/v2\/categories?post=169215"},{"taxonomy":"post_tag","embeddable":true,"href":"https:\/\/lavras.tv\/site\/wp-json\/wp\/v2\/tags?post=169215"}],"curies":[{"name":"wp","href":"https:\/\/api.w.org\/{rel}","templated":true}]}}