{"id":169218,"date":"2026-02-05T17:24:22","date_gmt":"2026-02-05T20:24:22","guid":{"rendered":"https:\/\/lavras.tv\/site\/?p=169218"},"modified":"2026-02-05T17:24:24","modified_gmt":"2026-02-05T20:24:24","slug":"cirurgias-eletivas-ficam-mais-rapidas-e-ampliam-o-atendimento-aos-mineiros-em-todo-o-estado","status":"publish","type":"post","link":"https:\/\/lavras.tv\/site\/2026\/02\/05\/cirurgias-eletivas-ficam-mais-rapidas-e-ampliam-o-atendimento-aos-mineiros-em-todo-o-estado\/","title":{"rendered":"Cirurgias eletivas ficam mais r\u00e1pidas e ampliam o atendimento aos mineiros em todo o estado"},"content":{"rendered":"<div class=\"lavra-antes-do-conteudo_2\" id=\"lavra-1102716404\"><div id=\"lavra-slider-27\" class=\"custom-slider lavra-slider-1062585599 lavra-slider\"><ul><li><div style=\"margin-left: auto;margin-right: auto;text-align: center;\" id=\"lavra-3830811313\"><a href=\"https:\/\/sistemas.lavras.mg.gov.br\/portalcidadao\/#df1b1a7c7b2a290bcb31e32771e610784662739a88807c0dacac58ede5f391a7530e299dc302d611ee73cb143fc22eaf93592e53e7b5bdb01b00a0b8d28dae460c141dd2ff83412e4dc1c31b16b25f33144a9e5620ea73b13f5bc1c59411d98439ad226e8af03840603796067d87afe130812cf3de24982d0e306f9e61e764e5\" aria-label=\"Lavras-TV&#8211;720x104px (1) (1)\"><img src=\"https:\/\/lavras.tv\/site\/wp-content\/uploads\/2025\/01\/Lavras-TV-720x104px-1-1.png\" alt=\"\"  srcset=\"https:\/\/lavras.tv\/site\/wp-content\/uploads\/2025\/01\/Lavras-TV-720x104px-1-1.png 720w, https:\/\/lavras.tv\/site\/wp-content\/uploads\/2025\/01\/Lavras-TV-720x104px-1-1-470x68.png 470w, https:\/\/lavras.tv\/site\/wp-content\/uploads\/2025\/01\/Lavras-TV-720x104px-1-1-170x25.png 170w, https:\/\/lavras.tv\/site\/wp-content\/uploads\/2025\/01\/Lavras-TV-720x104px-1-1-200x29.png 200w\" sizes=\"(max-width: 720px) 100vw, 720px\" width=\"720\" height=\"104\"  style=\"display: inline-block;\" \/><\/a><\/div><\/li><li><a href=\"https:\/\/sistemas.lavras.mg.gov.br\/portalcidadao\/#df1b1a7c7b2a290bcb31e32771e610784662739a88807c0dacac58ede5f391a7530e299dc302d611ee73cb143fc22eaf93592e53e7b5bdb01b00a0b8d28dae460c141dd2ff83412e4dc1c31b16b25f33144a9e5620ea73b13f5bc1c59411d98439ad226e8af03840603796067d87afe130812cf3de24982d0e306f9e61e764e5\" aria-label=\"Banner_Emprego_PortallavrasTV\"><img src=\"https:\/\/lavras.tv\/site\/wp-content\/uploads\/2025\/03\/Banner_Emprego_PortallavrasTV.png\" alt=\"\"  srcset=\"https:\/\/lavras.tv\/site\/wp-content\/uploads\/2025\/03\/Banner_Emprego_PortallavrasTV.png 720w, https:\/\/lavras.tv\/site\/wp-content\/uploads\/2025\/03\/Banner_Emprego_PortallavrasTV-470x68.png 470w, https:\/\/lavras.tv\/site\/wp-content\/uploads\/2025\/03\/Banner_Emprego_PortallavrasTV-170x25.png 170w, https:\/\/lavras.tv\/site\/wp-content\/uploads\/2025\/03\/Banner_Emprego_PortallavrasTV-200x29.png 200w\" sizes=\"(max-width: 720px) 100vw, 720px\" width=\"720\" height=\"104\"   \/><\/a><\/li><li><a href=\"https:\/\/sistemas.lavras.mg.gov.br\/portalcidadao\/#df1b1a7c7b2a290bcb31e32771e610784662739a88807c0dacac58ede5f391a7530e299dc302d611ee73cb143fc22eaf93592e53e7b5bdb01b00a0b8d28dae460c141dd2ff83412e4dc1c31b16b25f33144a9e5620ea73b13f5bc1c59411d98439ad226e8af03840603796067d87afe130812cf3de24982d0e306f9e61e764e5\" aria-label=\"Banner_Obras_PortallavrasTV\"><img src=\"https:\/\/lavras.tv\/site\/wp-content\/uploads\/2025\/03\/Banner_Obras_PortallavrasTV.png\" alt=\"\"  srcset=\"https:\/\/lavras.tv\/site\/wp-content\/uploads\/2025\/03\/Banner_Obras_PortallavrasTV.png 720w, https:\/\/lavras.tv\/site\/wp-content\/uploads\/2025\/03\/Banner_Obras_PortallavrasTV-470x68.png 470w, https:\/\/lavras.tv\/site\/wp-content\/uploads\/2025\/03\/Banner_Obras_PortallavrasTV-170x25.png 170w, https:\/\/lavras.tv\/site\/wp-content\/uploads\/2025\/03\/Banner_Obras_PortallavrasTV-200x29.png 200w\" sizes=\"(max-width: 720px) 100vw, 720px\" width=\"720\" height=\"104\"   \/><\/a><\/li><li><div style=\"margin-left: auto;margin-right: auto;text-align: center;\" id=\"lavra-3831578110\"><a href=\"https:\/\/sistemas.lavras.mg.gov.br\/portalcidadao\/#df1b1a7c7b2a290bcb31e32771e610784662739a88807c0dacac58ede5f391a7530e299dc302d611ee73cb143fc22eaf93592e53e7b5bdb01b00a0b8d28dae460c141dd2ff83412e4dc1c31b16b25f33144a9e5620ea73b13f5bc1c59411d98439ad226e8af03840603796067d87afe130812cf3de24982d0e306f9e61e764e5\" aria-label=\"Banner_Educa\u00e7\u00e3o_PortallavrasTV\"><img src=\"https:\/\/lavras.tv\/site\/wp-content\/uploads\/2025\/01\/Banner_Educacao_PortallavrasTV.png\" alt=\"\"  srcset=\"https:\/\/lavras.tv\/site\/wp-content\/uploads\/2025\/01\/Banner_Educacao_PortallavrasTV.png 720w, https:\/\/lavras.tv\/site\/wp-content\/uploads\/2025\/01\/Banner_Educacao_PortallavrasTV-470x68.png 470w, https:\/\/lavras.tv\/site\/wp-content\/uploads\/2025\/01\/Banner_Educacao_PortallavrasTV-170x25.png 170w, https:\/\/lavras.tv\/site\/wp-content\/uploads\/2025\/01\/Banner_Educacao_PortallavrasTV-200x29.png 200w\" sizes=\"(max-width: 720px) 100vw, 720px\" width=\"720\" height=\"104\"  style=\"display: inline-block;\" \/><\/a><\/div><\/li><li><a href=\"https:\/\/sistemas.lavras.mg.gov.br\/portalcidadao\/#df1b1a7c7b2a290bcb31e32771e610784662739a88807c0dacac58ede5f391a7530e299dc302d611ee73cb143fc22eaf93592e53e7b5bdb01b00a0b8d28dae460c141dd2ff83412e4dc1c31b16b25f33144a9e5620ea73b13f5bc1c59411d98439ad226e8af03840603796067d87afe130812cf3de24982d0e306f9e61e764e5\" aria-label=\"Banner_Sa\u00fade_PortallavrasTV\"><img src=\"https:\/\/lavras.tv\/site\/wp-content\/uploads\/2025\/03\/Banner_Saude_PortallavrasTV.png\" alt=\"\"  srcset=\"https:\/\/lavras.tv\/site\/wp-content\/uploads\/2025\/03\/Banner_Saude_PortallavrasTV.png 720w, https:\/\/lavras.tv\/site\/wp-content\/uploads\/2025\/03\/Banner_Saude_PortallavrasTV-470x68.png 470w, https:\/\/lavras.tv\/site\/wp-content\/uploads\/2025\/03\/Banner_Saude_PortallavrasTV-170x25.png 170w, https:\/\/lavras.tv\/site\/wp-content\/uploads\/2025\/03\/Banner_Saude_PortallavrasTV-200x29.png 200w\" sizes=\"(max-width: 720px) 100vw, 720px\" width=\"720\" height=\"104\"   \/><\/a><\/li><li><div id=\"lavra-3012955196\" style=\"width:720px;height:104px;background-color:#ddd;overflow:scroll;\">\n\t<strong>Sa\u00edda da depura\u00e7\u00e3o de an\u00fancios<\/strong>\n\t<br><br>\n\tO an\u00fancio n\u00e3o \u00e9 exibido na p\u00e1gina<br><br>post atual: Cirurgias eletivas ficam mais r\u00e1pidas e ampliam o atendimento aos mineiros em todo o estado, ID: 169218<br><br><span style=\"color: red;\">O post atual n\u00e3o \u00e9 id\u00eantico ao post principal.<\/span><br><br>An\u00fancios: ROXO - TOPO INTERNA - ROTATIVO 2 (197)<br \/>Grupo de an\u00fancios: Princ_Meio01_720x104 (27)<br><br>Condi\u00e7\u00f5es de exibi\u00e7\u00e3o<div style=\"margin-bottom: 20px; white-space: pre-wrap; font-family: monospace; width: 100%; background: #ffe9e9;\"><strong>condi\u00e7\u00f5es gerais<\/strong><table border=\"1\"><thead><tr><th><\/th><th>An\u00fancios<\/th><th>wp_the_query<\/th><\/tr><\/thead><tr><td>is_main_query<\/td><td>1<\/td><td>1<\/td><\/tr><tr><td>is_rest_api<\/td><td>0<\/td><td>1<\/td><\/tr><tr><td>page<\/td><td>0<\/td><td>1<\/td><\/tr><tr><td>numpages<\/td><td>0<\/td><td>1<\/td><\/tr><tr><td>is_archive<\/td><td>1<\/td><td><\/td><\/tr><tr><td>is_search<\/td><td>1<\/td><td><\/td><\/tr><tr><td>is_home<\/td><td>1<\/td><td><\/td><\/tr><tr><td>is_404<\/td><td>1<\/td><td><\/td><\/tr><tr><td>is_attachment<\/td><td>1<\/td><td><\/td><\/tr><tr><td>is_singular<\/td><td>1<\/td><td><\/td><\/tr><tr><td>is_front_page<\/td><td>1<\/td><td><\/td><\/tr><tr><td>is_feed<\/td><td>1<\/td><td><\/td><\/tr><\/table><\/div><br><br><span style=\"color: red;\">Seu site usa HTTPS, mas o c\u00f3digo do an\u00fancio cont\u00e9m HTTP e pode n\u00e3o funcionar.<\/span>\t<br><br>\n\t<a style=\"color: green;\" href=\"https:\/\/wpadvancedads.com\/manual\/ad-debug-mode\/?utm_source=advanced-ads&utm_medium=link&utm_campaign=ad-debug-mode\" target=\"_blank\" rel=\"nofollow\">Encontre solu\u00e7\u00f5es no manual<\/a>\n<\/div>\n<\/li><\/ul><\/div><script>( window.advanced_ads_ready || jQuery( document ).ready ).call( null, function() {var $lavraslider1062585599 = jQuery( \".lavra-slider-1062585599\" );$lavraslider1062585599.on( \"unslider.ready\", function() { jQuery( \"div.custom-slider ul li\" ).css( \"display\", \"block\" ); });$lavraslider1062585599.unslider({ delay:4000, autoplay:true, nav:false, arrows:false, infinite:true });$lavraslider1062585599.on(\"mouseover\", function() {$lavraslider1062585599.unslider(\"stop\");}).on(\"mouseout\", function() {$lavraslider1062585599.unslider(\"start\");});});<\/script><\/div>\n<h2 class=\"wp-block-heading\">Com investimento superior a R$ 1,2 bilh\u00e3o e mais de 3,5 milh\u00f5es de cirurgias realizadas, o programa &#8220;Opera Mais, Minas Gerais&#8221; amplia o acesso e reduz o tempo de espera&nbsp;<\/h2>\n\n\n\n<figure class=\"wp-block-image\"><img decoding=\"async\" src=\"https:\/\/agenciaminas.mg.gov.br\/system\/news\/images\/000\/128\/931\/large\/sau3valeeste.jpg?1770155919\" alt=\"imagem de destaque\"\/><\/figure>\n\n\n\n<p>Houve um tempo em que realizar uma cirurgia eletiva pela rede p\u00fablica, especialmente no interior de Minas Gerais, significava enfrentar longos meses de espera e deslocamentos para grandes centros urbanos. Esse cen\u00e1rio vem mudando de forma consistente nesta gest\u00e3o, a partir do fortalecimento da rede hospitalar regional promovido pelo&nbsp;<a href=\"https:\/\/www.mg.gov.br\/\" target=\"_blank\" rel=\"noreferrer noopener\">Governo de Minas<\/a>, por meio do programa &#8220;Opera Mais, Minas Gerais&#8221;.&nbsp;&nbsp;<br><br>Moradora de Taiobeiras, no Norte do estado, a dom\u00e9stica&nbsp;Aclenizia&nbsp;Tiago, de 51 anos, \u00e9 um retrato desse novo momento da sa\u00fade p\u00fablica mineira. Ap\u00f3s crises de dor abdominal, ela recebeu o diagn\u00f3stico de c\u00e1lculo na ves\u00edcula e precisou passar por cirurgia. \u201cFui parar no hospital, recebi o encaminhamento e, em 15 dias, j\u00e1 fui chamada para a cirurgia\u201d, relata. Hoje,&nbsp;Aclenizia&nbsp;est\u00e1 em recupera\u00e7\u00e3o.&nbsp;&nbsp;<br><br>A experi\u00eancia de&nbsp;Aclenizia&nbsp;reflete uma pol\u00edtica p\u00fablica estruturante, baseada na descentraliza\u00e7\u00e3o dos investimentos e no fortalecimento dos hospitais de m\u00e9dio porte no interior. A estrat\u00e9gia tem permitido que milhares de mineiros realizem exames, consultas e cirurgias mais perto de casa, reduzindo filas, tempo de espera e custos com deslocamento.&nbsp;&nbsp;<br><br>Para o secret\u00e1rio de Estado de&nbsp;<a href=\"https:\/\/www.saude.mg.gov.br\/\" target=\"_blank\" rel=\"noreferrer noopener\">Sa\u00fade<\/a>, F\u00e1bio&nbsp;Baccheretti, o Opera Mais se consolidou como uma das pol\u00edticas p\u00fablicas mais bem-sucedidas da sa\u00fade em Minas.&nbsp;\u201cO&nbsp;programa conseguiu reduzir de forma r\u00e1pida o tempo de espera e reorganizar a rede hospitalar em todo o estado. Cirurgias que antes levavam anos para serem realizadas, hoje acontecem em poucos meses e, em muitos casos, em poucos dias\u201d, afirmou.&nbsp;<br><br>A reorganiza\u00e7\u00e3o da rede assistencial tamb\u00e9m trouxe ganhos expressivos na rela\u00e7\u00e3o entre diagn\u00f3stico e tratamento, especialmente nas cirurgias eletivas, que, embora n\u00e3o sejam de urg\u00eancia, s\u00e3o fundamentais para a qualidade de vida, a preven\u00e7\u00e3o de agravamentos cl\u00ednicos e a redu\u00e7\u00e3o de sequelas.&nbsp;&nbsp;<br><br><strong>Retomada das cirurgias ap\u00f3s a pandemia&nbsp;&nbsp;<\/strong><br><br>Criado em 2021, o Opera Mais surgiu como resposta direta ao represamento de cirurgias durante a pandemia da covid-19 e se consolidou como um dos principais programas de amplia\u00e7\u00e3o do acesso \u00e0 sa\u00fade no estado. Desde o in\u00edcio da iniciativa at\u00e9 novembro de 2025, Minas Gerais j\u00e1 contabiliza mais de 3,5 milh\u00f5es de cirurgias eletivas realizadas pelo programa.&nbsp;&nbsp;<br><br>Para viabilizar esse avan\u00e7o, o Governo de Minas j\u00e1 destinou mais de R$ 1,2 bilh\u00e3o em investimentos diretos, ampliando a capacidade instalada da rede SUS, qualificando o financiamento dos procedimentos e estimulando a produ\u00e7\u00e3o cir\u00fargica em todas as regi\u00f5es do estado.<br><br>Os recursos s\u00e3o repassados de forma descentralizada, priorizando munic\u00edpios de pequeno e m\u00e9dio porte e fortalecendo a l\u00f3gica de regionaliza\u00e7\u00e3o do atendimento. Com isso, hospitais que antes tinham atua\u00e7\u00e3o restrita passaram a realizar desde procedimentos ambulatoriais at\u00e9 cirurgias com necessidade de interna\u00e7\u00e3o, garantindo maior resolutividade local.&nbsp;&nbsp;<br><br>&#8220;A descentraliza\u00e7\u00e3o dos recursos permitiu levar cirurgias para munic\u00edpios pequenos, que tinham hospitais pouco utilizados, mas que hoje atendem toda uma regi\u00e3o e ganharam import\u00e2ncia na rede p\u00fablica de sa\u00fade\u201d, destacou&nbsp;Baccheretti.<br><br><strong>Resultados no Norte de Minas&nbsp;&nbsp;<\/strong><br><br>No Norte de Minas, os repasses do Opera Mais somam cerca de R$ 120 milh\u00f5es. Taiobeiras est\u00e1 entre os munic\u00edpios beneficiados. Antes do programa, grande parte das cirurgias eletivas era encaminhada para Montes Claros, a 262 quil\u00f4metros de dist\u00e2ncia, o que ampliava o tempo de espera e sobrecarregava a rede de refer\u00eancia.<br><br>Com o fortalecimento da estrutura local, a realidade mudou de forma expressiva. Desde a ades\u00e3o ao programa, Taiobeiras j\u00e1 realizou mais de 7 mil cirurgias eletivas, com repasses superiores a R$ 8 milh\u00f5es, atendendo toda a regi\u00e3o do Alto Rio Pardo e parte do Vale do Jequitinhonha.<br><br>Segundo o secret\u00e1rio municipal de sa\u00fade de Taiobeiras, Marlon Cardoso Ramos, o impacto do programa \u00e9 vis\u00edvel na rotina do munic\u00edpio, especialmente na redu\u00e7\u00e3o do tempo de espera e na amplia\u00e7\u00e3o da oferta de especialidades.<br><br>&#8220;O tempo m\u00e9dio de espera caiu de cerca de seis meses para aproximadamente 60 dias. Al\u00e9m disso, o munic\u00edpio passou a ofertar novas especialidades, como urologia e otorrinolaringologia, o que ampliou significativamente a capacidade de atendimento local\u201d, destacou.&nbsp;&nbsp;<br><br>A reorganiza\u00e7\u00e3o da rede no munic\u00edpio tamb\u00e9m se reflete nos indicadores por especialidade, conforme mostra o infogr\u00e1fico, abaixo:<br>&nbsp;<\/p>\n\n\n\n<figure class=\"wp-block-image\"><img decoding=\"async\" src=\"https:\/\/agenciaminas.mg.gov.br\/ckeditor_assets\/pictures\/23873\/content_infografico-taiobeiras-final.png\" alt=\"\"\/><\/figure>\n\n\n\n<p><br>Montes Claros segue como refer\u00eancia para procedimentos de alta complexidade, mas, com o fortalecimento da rede regional, a maior parte das cirurgias eletivas passou a ser realizada mais pr\u00f3xima dos pacientes. O resultado \u00e9 mais agilidade no atendimento, menor tempo de espera e acesso ampliado \u00e0 sa\u00fade p\u00fablica de qualidade em todas as regi\u00f5es de Minas Gerais.&nbsp;&nbsp;<\/p>\n","protected":false},"excerpt":{"rendered":"<p>Com investimento superior a R$ 1,2 bilh\u00e3o e mais de 3,5 milh\u00f5es de cirurgias realizadas, o programa &#8220;Opera Mais, Minas Gerais&#8221; amplia o acesso e reduz o tempo de espera&nbsp; Houve um tempo em que realizar uma cirurgia eletiva pela rede p\u00fablica, especialmente no interior de Minas Gerais, significava enfrentar longos meses de espera e [&hellip;]<\/p>\n","protected":false},"author":5,"featured_media":169219,"comment_status":"closed","ping_status":"open","sticky":false,"template":"","format":"standard","meta":{"advgb_blocks_editor_width":"","advgb_blocks_columns_visual_guide":"","_exactmetrics_skip_tracking":false,"_exactmetrics_sitenote_active":false,"_exactmetrics_sitenote_note":"","_exactmetrics_sitenote_category":0,"footnotes":""},"categories":[7,2,5749],"tags":[],"class_list":["post-169218","post","type-post","status-publish","format-standard","has-post-thumbnail","hentry","category-destaques","category-noticias","category-saude"],"better_featured_image":{"id":169219,"alt_text":"","caption":"","description":"","media_type":"image","media_details":{"width":940,"height":350,"file":"2026\/02\/sau3valeeste.jpg","filesize":404825,"sizes":{"medium":{"file":"sau3valeeste-470x175.jpg","width":470,"height":175,"mime-type":"image\/jpeg","filesize":25699,"source_url":"https:\/\/lavras.tv\/site\/wp-content\/uploads\/2026\/02\/sau3valeeste-470x175.jpg"},"thumbnail":{"file":"sau3valeeste-170x63.jpg","width":170,"height":63,"mime-type":"image\/jpeg","filesize":5215,"source_url":"https:\/\/lavras.tv\/site\/wp-content\/uploads\/2026\/02\/sau3valeeste-170x63.jpg"},"alm-thumbnail":{"file":"sau3valeeste-150x150.jpg","width":150,"height":150,"mime-type":"image\/jpeg","filesize":9408,"source_url":"https:\/\/lavras.tv\/site\/wp-content\/uploads\/2026\/02\/sau3valeeste-150x150.jpg"},"sow-carousel-default":{"file":"sau3valeeste-272x182.jpg","width":272,"height":182,"mime-type":"image\/jpeg","filesize":17868,"source_url":"https:\/\/lavras.tv\/site\/wp-content\/uploads\/2026\/02\/sau3valeeste-272x182.jpg"}},"image_meta":{"aperture":"0","credit":"","camera":"","caption":"","created_timestamp":"0","copyright":"","focal_length":"0","iso":"0","shutter_speed":"0","title":"","orientation":"0","keywords":[]}},"post":169218,"source_url":"https:\/\/lavras.tv\/site\/wp-content\/uploads\/2026\/02\/sau3valeeste.jpg"},"author_meta":{"display_name":"Vinicius Bustamante","author_link":"https:\/\/lavras.tv\/site\/author\/vinicius-bustamante\/"},"featured_img":"https:\/\/lavras.tv\/site\/wp-content\/uploads\/2026\/02\/sau3valeeste-470x175.jpg","coauthors":[],"tax_additional":{"categories":{"linked":["<a href=\"https:\/\/lavras.tv\/site\/category\/destaques\/\" class=\"advgb-post-tax-term\">Destaques<\/a>","<a href=\"https:\/\/lavras.tv\/site\/category\/noticias\/\" class=\"advgb-post-tax-term\">Not\u00edcias<\/a>","<a href=\"https:\/\/lavras.tv\/site\/category\/saude\/\" class=\"advgb-post-tax-term\">Sa\u00fade<\/a>"],"unlinked":["<span class=\"advgb-post-tax-term\">Destaques<\/span>","<span class=\"advgb-post-tax-term\">Not\u00edcias<\/span>","<span class=\"advgb-post-tax-term\">Sa\u00fade<\/span>"]}},"comment_count":"0","relative_dates":{"created":"Publicado 3 meses atr\u00e1s","modified":"Atualizado 3 meses atr\u00e1s"},"absolute_dates":{"created":"Publicado em 5 de fevereiro de 2026","modified":"Atualizado em 5 de fevereiro de 2026"},"absolute_dates_time":{"created":"Publicado em 5 de fevereiro de 2026 17:24","modified":"Atualizado em 5 de fevereiro de 2026 17:24"},"featured_img_caption":"","series_order":"","_links":{"self":[{"href":"https:\/\/lavras.tv\/site\/wp-json\/wp\/v2\/posts\/169218","targetHints":{"allow":["GET"]}}],"collection":[{"href":"https:\/\/lavras.tv\/site\/wp-json\/wp\/v2\/posts"}],"about":[{"href":"https:\/\/lavras.tv\/site\/wp-json\/wp\/v2\/types\/post"}],"author":[{"embeddable":true,"href":"https:\/\/lavras.tv\/site\/wp-json\/wp\/v2\/users\/5"}],"replies":[{"embeddable":true,"href":"https:\/\/lavras.tv\/site\/wp-json\/wp\/v2\/comments?post=169218"}],"version-history":[{"count":1,"href":"https:\/\/lavras.tv\/site\/wp-json\/wp\/v2\/posts\/169218\/revisions"}],"predecessor-version":[{"id":169220,"href":"https:\/\/lavras.tv\/site\/wp-json\/wp\/v2\/posts\/169218\/revisions\/169220"}],"wp:featuredmedia":[{"embeddable":true,"href":"https:\/\/lavras.tv\/site\/wp-json\/wp\/v2\/media\/169219"}],"wp:attachment":[{"href":"https:\/\/lavras.tv\/site\/wp-json\/wp\/v2\/media?parent=169218"}],"wp:term":[{"taxonomy":"category","embeddable":true,"href":"https:\/\/lavras.tv\/site\/wp-json\/wp\/v2\/categories?post=169218"},{"taxonomy":"post_tag","embeddable":true,"href":"https:\/\/lavras.tv\/site\/wp-json\/wp\/v2\/tags?post=169218"}],"curies":[{"name":"wp","href":"https:\/\/api.w.org\/{rel}","templated":true}]}}