{"id":169224,"date":"2026-02-05T17:32:04","date_gmt":"2026-02-05T20:32:04","guid":{"rendered":"https:\/\/lavras.tv\/site\/?p=169224"},"modified":"2026-02-05T17:32:06","modified_gmt":"2026-02-05T20:32:06","slug":"estado-inaugura-nova-sede-do-colegio-tiradentes-em-sao-joao-del-rei","status":"publish","type":"post","link":"https:\/\/lavras.tv\/site\/2026\/02\/05\/estado-inaugura-nova-sede-do-colegio-tiradentes-em-sao-joao-del-rei\/","title":{"rendered":"Estado inaugura nova sede do Col\u00e9gio Tiradentes em S\u00e3o Jo\u00e3o del-Rei"},"content":{"rendered":"<div class=\"lavra-antes-do-conteudo_2\" id=\"lavra-872611501\"><div id=\"lavra-slider-27\" class=\"custom-slider lavra-slider-2322118498 lavra-slider\"><ul><li><div style=\"margin-left: auto;margin-right: auto;text-align: center;\" id=\"lavra-458389893\"><a href=\"https:\/\/sistemas.lavras.mg.gov.br\/portalcidadao\/#df1b1a7c7b2a290bcb31e32771e610784662739a88807c0dacac58ede5f391a7530e299dc302d611ee73cb143fc22eaf93592e53e7b5bdb01b00a0b8d28dae460c141dd2ff83412e4dc1c31b16b25f33144a9e5620ea73b13f5bc1c59411d98439ad226e8af03840603796067d87afe130812cf3de24982d0e306f9e61e764e5\" aria-label=\"Lavras-TV&#8211;720x104px (1) (1)\"><img src=\"https:\/\/lavras.tv\/site\/wp-content\/uploads\/2025\/01\/Lavras-TV-720x104px-1-1.png\" alt=\"\"  srcset=\"https:\/\/lavras.tv\/site\/wp-content\/uploads\/2025\/01\/Lavras-TV-720x104px-1-1.png 720w, https:\/\/lavras.tv\/site\/wp-content\/uploads\/2025\/01\/Lavras-TV-720x104px-1-1-470x68.png 470w, https:\/\/lavras.tv\/site\/wp-content\/uploads\/2025\/01\/Lavras-TV-720x104px-1-1-170x25.png 170w, https:\/\/lavras.tv\/site\/wp-content\/uploads\/2025\/01\/Lavras-TV-720x104px-1-1-200x29.png 200w\" sizes=\"(max-width: 720px) 100vw, 720px\" width=\"720\" height=\"104\"  style=\"display: inline-block;\" \/><\/a><\/div><\/li><li><a href=\"https:\/\/sistemas.lavras.mg.gov.br\/portalcidadao\/#df1b1a7c7b2a290bcb31e32771e610784662739a88807c0dacac58ede5f391a7530e299dc302d611ee73cb143fc22eaf93592e53e7b5bdb01b00a0b8d28dae460c141dd2ff83412e4dc1c31b16b25f33144a9e5620ea73b13f5bc1c59411d98439ad226e8af03840603796067d87afe130812cf3de24982d0e306f9e61e764e5\" aria-label=\"Banner_Emprego_PortallavrasTV\"><img src=\"https:\/\/lavras.tv\/site\/wp-content\/uploads\/2025\/03\/Banner_Emprego_PortallavrasTV.png\" alt=\"\"  srcset=\"https:\/\/lavras.tv\/site\/wp-content\/uploads\/2025\/03\/Banner_Emprego_PortallavrasTV.png 720w, https:\/\/lavras.tv\/site\/wp-content\/uploads\/2025\/03\/Banner_Emprego_PortallavrasTV-470x68.png 470w, https:\/\/lavras.tv\/site\/wp-content\/uploads\/2025\/03\/Banner_Emprego_PortallavrasTV-170x25.png 170w, https:\/\/lavras.tv\/site\/wp-content\/uploads\/2025\/03\/Banner_Emprego_PortallavrasTV-200x29.png 200w\" sizes=\"(max-width: 720px) 100vw, 720px\" width=\"720\" height=\"104\"   \/><\/a><\/li><li><a href=\"https:\/\/sistemas.lavras.mg.gov.br\/portalcidadao\/#df1b1a7c7b2a290bcb31e32771e610784662739a88807c0dacac58ede5f391a7530e299dc302d611ee73cb143fc22eaf93592e53e7b5bdb01b00a0b8d28dae460c141dd2ff83412e4dc1c31b16b25f33144a9e5620ea73b13f5bc1c59411d98439ad226e8af03840603796067d87afe130812cf3de24982d0e306f9e61e764e5\" aria-label=\"Banner_Obras_PortallavrasTV\"><img src=\"https:\/\/lavras.tv\/site\/wp-content\/uploads\/2025\/03\/Banner_Obras_PortallavrasTV.png\" alt=\"\"  srcset=\"https:\/\/lavras.tv\/site\/wp-content\/uploads\/2025\/03\/Banner_Obras_PortallavrasTV.png 720w, https:\/\/lavras.tv\/site\/wp-content\/uploads\/2025\/03\/Banner_Obras_PortallavrasTV-470x68.png 470w, https:\/\/lavras.tv\/site\/wp-content\/uploads\/2025\/03\/Banner_Obras_PortallavrasTV-170x25.png 170w, https:\/\/lavras.tv\/site\/wp-content\/uploads\/2025\/03\/Banner_Obras_PortallavrasTV-200x29.png 200w\" sizes=\"(max-width: 720px) 100vw, 720px\" width=\"720\" height=\"104\"   \/><\/a><\/li><li><div style=\"margin-left: auto;margin-right: auto;text-align: center;\" id=\"lavra-2911022584\"><a href=\"https:\/\/sistemas.lavras.mg.gov.br\/portalcidadao\/#df1b1a7c7b2a290bcb31e32771e610784662739a88807c0dacac58ede5f391a7530e299dc302d611ee73cb143fc22eaf93592e53e7b5bdb01b00a0b8d28dae460c141dd2ff83412e4dc1c31b16b25f33144a9e5620ea73b13f5bc1c59411d98439ad226e8af03840603796067d87afe130812cf3de24982d0e306f9e61e764e5\" aria-label=\"Banner_Educa\u00e7\u00e3o_PortallavrasTV\"><img src=\"https:\/\/lavras.tv\/site\/wp-content\/uploads\/2025\/01\/Banner_Educacao_PortallavrasTV.png\" alt=\"\"  srcset=\"https:\/\/lavras.tv\/site\/wp-content\/uploads\/2025\/01\/Banner_Educacao_PortallavrasTV.png 720w, https:\/\/lavras.tv\/site\/wp-content\/uploads\/2025\/01\/Banner_Educacao_PortallavrasTV-470x68.png 470w, https:\/\/lavras.tv\/site\/wp-content\/uploads\/2025\/01\/Banner_Educacao_PortallavrasTV-170x25.png 170w, https:\/\/lavras.tv\/site\/wp-content\/uploads\/2025\/01\/Banner_Educacao_PortallavrasTV-200x29.png 200w\" sizes=\"(max-width: 720px) 100vw, 720px\" width=\"720\" height=\"104\"  style=\"display: inline-block;\" \/><\/a><\/div><\/li><li><a href=\"https:\/\/sistemas.lavras.mg.gov.br\/portalcidadao\/#df1b1a7c7b2a290bcb31e32771e610784662739a88807c0dacac58ede5f391a7530e299dc302d611ee73cb143fc22eaf93592e53e7b5bdb01b00a0b8d28dae460c141dd2ff83412e4dc1c31b16b25f33144a9e5620ea73b13f5bc1c59411d98439ad226e8af03840603796067d87afe130812cf3de24982d0e306f9e61e764e5\" aria-label=\"Banner_Sa\u00fade_PortallavrasTV\"><img src=\"https:\/\/lavras.tv\/site\/wp-content\/uploads\/2025\/03\/Banner_Saude_PortallavrasTV.png\" alt=\"\"  srcset=\"https:\/\/lavras.tv\/site\/wp-content\/uploads\/2025\/03\/Banner_Saude_PortallavrasTV.png 720w, https:\/\/lavras.tv\/site\/wp-content\/uploads\/2025\/03\/Banner_Saude_PortallavrasTV-470x68.png 470w, https:\/\/lavras.tv\/site\/wp-content\/uploads\/2025\/03\/Banner_Saude_PortallavrasTV-170x25.png 170w, https:\/\/lavras.tv\/site\/wp-content\/uploads\/2025\/03\/Banner_Saude_PortallavrasTV-200x29.png 200w\" sizes=\"(max-width: 720px) 100vw, 720px\" width=\"720\" height=\"104\"   \/><\/a><\/li><li><div id=\"lavra-500671953\" style=\"width:720px;height:104px;background-color:#ddd;overflow:scroll;\">\n\t<strong>Sa\u00edda da depura\u00e7\u00e3o de an\u00fancios<\/strong>\n\t<br><br>\n\tO an\u00fancio n\u00e3o \u00e9 exibido na p\u00e1gina<br><br>post atual: Estado inaugura nova sede do Col\u00e9gio Tiradentes em S\u00e3o Jo\u00e3o del-Rei, ID: 169224<br><br><span style=\"color: red;\">O post atual n\u00e3o \u00e9 id\u00eantico ao post principal.<\/span><br><br>An\u00fancios: ROXO - TOPO INTERNA - ROTATIVO 2 (197)<br \/>Grupo de an\u00fancios: Princ_Meio01_720x104 (27)<br><br>Condi\u00e7\u00f5es de exibi\u00e7\u00e3o<div style=\"margin-bottom: 20px; white-space: pre-wrap; font-family: monospace; width: 100%; background: #ffe9e9;\"><strong>condi\u00e7\u00f5es gerais<\/strong><table border=\"1\"><thead><tr><th><\/th><th>An\u00fancios<\/th><th>wp_the_query<\/th><\/tr><\/thead><tr><td>is_main_query<\/td><td>1<\/td><td>1<\/td><\/tr><tr><td>is_rest_api<\/td><td>0<\/td><td>1<\/td><\/tr><tr><td>page<\/td><td>0<\/td><td>1<\/td><\/tr><tr><td>numpages<\/td><td>0<\/td><td>1<\/td><\/tr><tr><td>is_archive<\/td><td>1<\/td><td><\/td><\/tr><tr><td>is_search<\/td><td>1<\/td><td><\/td><\/tr><tr><td>is_home<\/td><td>1<\/td><td><\/td><\/tr><tr><td>is_404<\/td><td>1<\/td><td><\/td><\/tr><tr><td>is_attachment<\/td><td>1<\/td><td><\/td><\/tr><tr><td>is_singular<\/td><td>1<\/td><td><\/td><\/tr><tr><td>is_front_page<\/td><td>1<\/td><td><\/td><\/tr><tr><td>is_feed<\/td><td>1<\/td><td><\/td><\/tr><\/table><\/div><br><br><span style=\"color: red;\">Seu site usa HTTPS, mas o c\u00f3digo do an\u00fancio cont\u00e9m HTTP e pode n\u00e3o funcionar.<\/span>\t<br><br>\n\t<a style=\"color: green;\" href=\"https:\/\/wpadvancedads.com\/manual\/ad-debug-mode\/?utm_source=advanced-ads&utm_medium=link&utm_campaign=ad-debug-mode\" target=\"_blank\" rel=\"nofollow\">Encontre solu\u00e7\u00f5es no manual<\/a>\n<\/div>\n<\/li><\/ul><\/div><script>( window.advanced_ads_ready || jQuery( document ).ready ).call( null, function() {var $lavraslider2322118498 = jQuery( \".lavra-slider-2322118498\" );$lavraslider2322118498.on( \"unslider.ready\", function() { jQuery( \"div.custom-slider ul li\" ).css( \"display\", \"block\" ); });$lavraslider2322118498.unslider({ delay:4000, autoplay:true, nav:false, arrows:false, infinite:true });$lavraslider2322118498.on(\"mouseover\", function() {$lavraslider2322118498.unslider(\"stop\");}).on(\"mouseout\", function() {$lavraslider2322118498.unslider(\"start\");});});<\/script><\/div>\n<h2 class=\"wp-block-heading\">Estrutura moderna amplia capacidade de atendimento e refor\u00e7a a educa\u00e7\u00e3o p\u00fablica no Campo das Vertentes<\/h2>\n\n\n\n<figure class=\"wp-block-image\"><img decoding=\"async\" src=\"https:\/\/www.agenciaminas.mg.gov.br\/system\/news\/images\/000\/128\/956\/large\/_X1A4863_%281%29.jpg?1770317486\" alt=\"imagem de destaque\"\/><\/figure>\n\n\n\n<p>O governador de Minas Gerais, Romeu Zema, e o vice-governador do Mateus Sim\u00f5es, inauguraram, nesta quinta-feira (5\/2), a nova sede do&nbsp;<a href=\"https:\/\/www.policiamilitar.mg.gov.br\/\" target=\"_blank\" rel=\"noreferrer noopener\">Col\u00e9gio Tiradentes da Pol\u00edcia Militar de Minas Gerais (PMMG)<\/a>&nbsp;em S\u00e3o Jo\u00e3o del-Rei.<br><br>Constru\u00edda com recursos do&nbsp;<a href=\"https:\/\/www.mg.gov.br\/\" target=\"_blank\" rel=\"noreferrer noopener\">Governo de Minas<\/a>, por meio da&nbsp;<a href=\"https:\/\/www.educacao.mg.gov.br\/\" target=\"_blank\" rel=\"noreferrer noopener\">Secretaria de Estado de Educa\u00e7\u00e3o de Minas Gerais (SEE\/MG)<\/a>, em parceria com a PMMG, a nova unidade oferece uma estrutura moderna, acess\u00edvel e preparada para atender \u00e0s demandas educacionais, atuais e futuras, na regi\u00e3o do Campo das Vertentes.<br><br>&nbsp;<\/p>\n\n\n\n<figure class=\"wp-block-table\"><table class=\"has-fixed-layout\"><tbody><tr><td class=\"has-text-align-center\" data-align=\"center\" colspan=\"5\"><img decoding=\"async\" alt=\"\" src=\"https:\/\/www.agenciaminas.mg.gov.br\/ckeditor_assets\/pictures\/20949\/content_2_olho_topo.jpg\"><\/td><\/tr><tr><td class=\"has-text-align-center\" data-align=\"center\">&nbsp;<\/td><td class=\"has-text-align-center\" data-align=\"center\" colspan=\"3\" rowspan=\"3\"><strong>&#8220;A \u00fanica op\u00e7\u00e3o para o Estado progredir&nbsp;\u00e9 uma educa\u00e7\u00e3o de qualidade. E isso se faz com bons profissionais, estrutura de excel\u00eancia e investimento nessa pasta t\u00e3o importante para os mineiros. \u00c9 com gente respons\u00e1vel, com gente que estudou em escolas que t\u00eam disciplina, que ensinam civismo, que n\u00f3s vamos cada vez mais longe&#8221;, disse Romeu Zema.<\/strong><\/td><td class=\"has-text-align-center\" data-align=\"center\">&nbsp;<\/td><\/tr><tr><td class=\"has-text-align-center\" data-align=\"center\">&nbsp;<\/td><td class=\"has-text-align-center\" data-align=\"center\">&nbsp;<\/td><\/tr><tr><td class=\"has-text-align-center\" data-align=\"center\">&nbsp;<\/td><td class=\"has-text-align-center\" data-align=\"center\">&nbsp;<\/td><\/tr><tr><td class=\"has-text-align-center\" data-align=\"center\" colspan=\"5\"><img decoding=\"async\" alt=\"\" src=\"https:\/\/www.agenciaminas.mg.gov.br\/ckeditor_assets\/pictures\/20950\/content_2_olho_inferior.jpg\"><\/td><\/tr><\/tbody><\/table><\/figure>\n\n\n\n<p><br>&#8220;Tenho ficado impressionado com os resultados que estamos colhendo na educa\u00e7\u00e3o em Minas. A estrutura inaugurada aqui me d\u00e1 a certeza que esses alunos ter\u00e3o uma educa\u00e7\u00e3o de qualidade e que seus pais podem ficar tranquilos no que diz respeito ao futuro desses estudantes&#8221;, destacou Mateus Sim\u00f5es.<br><br>A unidade do Col\u00e9gio Tiradentes atende cerca de 350 alunos e passa a contar, agora, com uma infraestrutura que permite a amplia\u00e7\u00e3o do n\u00famero de vagas.<br><br>\u201cEstou muito orgulhoso de poder ver de perto este col\u00e9gio. Esta entrega \u00e9 fruto do Governo do Estado, em parceria com a Pol\u00edcia Militar e com a Secretaria de Educa\u00e7\u00e3o, tr\u00eas pilares que lutam para que crian\u00e7as e adolescentes possam cada vez mais mudar suas vidas atrav\u00e9s do poder da educa\u00e7\u00e3o\u201d, enfatizou o secret\u00e1rio de Estado de Educa\u00e7\u00e3o de Minas Gerais, Rossieli Soares.<br><br><strong>Investimentos e moderniza\u00e7\u00e3o<\/strong><br><br>O investimento total na obra foi de R$ 23,6 milh\u00f5es, viabilizados por meio de parceria entre a Secretaria de Educa\u00e7\u00e3o e a Pol\u00edcia Militar, com recursos liberados via Termo de Descentraliza\u00e7\u00e3o de Cr\u00e9dito Or\u00e7ament\u00e1rio (TDCO).<br><br>As novas instala\u00e7\u00f5es disp\u00f5em de uma estrutura completa, com laborat\u00f3rios individualizados de qu\u00edmica, f\u00edsica e ci\u00eancias, laborat\u00f3rio de inform\u00e1tica educacional, duas quadras poliesportivas, audit\u00f3rio, parquinhos infantis, cantinho de alfabetiza\u00e7\u00e3o e sala de atendimento aos alunos.<br><br>A nova sede substitui as antigas instala\u00e7\u00f5es do Col\u00e9gio Tiradentes de S\u00e3o Jo\u00e3o del-Rei, que funcionavam em estruturas anexas ao 38\u00ba Batalh\u00e3o da PMMG desde que foi criado, em 2016.<br><br>\u201cHoje \u00e9 um dia que entra para a hist\u00f3ria. N\u00e3o s\u00f3 de S\u00e3o Jo\u00e3o del-Rei, mas para a Pol\u00edcia Militar. Esta inaugura\u00e7\u00e3o demonstra o compromisso do Estado com os mineiros, al\u00e9m do apoio e confian\u00e7a na educa\u00e7\u00e3o como poder transformador\u201d, ressaltou o comandante-geral da Pol\u00edcia Militar de Minas Gerais, coronel Frederico Otoni Garcia.<br><br><strong>Excel\u00eancia e reconhecimento nacional<\/strong><br><br>Com cerca de 80 profissionais da educa\u00e7\u00e3o e servidores militares, o Col\u00e9gio Tiradentes de S\u00e3o Jo\u00e3o del-Rei oferece desde o 1\u00ba ano do ensino fundamental at\u00e9 o 3\u00ba ano do ensino m\u00e9dio.<br><br>Em 2025, a institui\u00e7\u00e3o acumulou 818 premia\u00e7\u00f5es em Olimp\u00edadas do Conhecimento, al\u00e9m de ter conquistado o certificado internacional \u201cGreat Place to Study\u201d (traduzido do ingl\u00eas, significa \u00f3timo lugar para estudar). A certifica\u00e7\u00e3o \u00e9 concedida a apenas 10% das escolas avaliadas no Brasil em seu primeiro ano de admiss\u00e3o.<br><br>Em Minas Gerais, apenas cinco escolas possuem o selo ativo. A unidade de S\u00e3o Jo\u00e3o del-Rei obteve pontua\u00e7\u00e3o m\u00e9dia de 830 pontos em uma escala de 0 a 1.000, superando a m\u00e9dia nacional, que inclui escolas da rede particular de ensino.<\/p>\n\n\n\n<p><strong>Rede Col\u00e9gio Tiradentes em Minas Gerais<\/strong><\/p>\n\n\n\n<p>Atualmente, o Col\u00e9gio Tiradentes da PMMG possui 30 unidades distribu\u00eddas em diversas regi\u00f5es do estado, atendendo a cerca de 24 mil matriculados na educa\u00e7\u00e3o b\u00e1sica, abrangendo o ensino fundamental e o ensino m\u00e9dio na Regi\u00e3o Metropolitana de Belo Horizonte (RMBH) e interior do estado.<\/p>\n\n\n\n<p>Desde 2021, os investimentos conjuntos j\u00e1 somaram mais de R$ 343 milh\u00f5es, com previs\u00e3o de alcan\u00e7ar cerca de R$ 453 milh\u00f5es at\u00e9 2026, abrangendo a\u00e7\u00f5es de manuten\u00e7\u00e3o, infraestrutura, apoio pedag\u00f3gico e melhorias nas unidades.<\/p>\n","protected":false},"excerpt":{"rendered":"<p>Estrutura moderna amplia capacidade de atendimento e refor\u00e7a a educa\u00e7\u00e3o p\u00fablica no Campo das Vertentes O governador de Minas Gerais, Romeu Zema, e o vice-governador do Mateus Sim\u00f5es, inauguraram, nesta quinta-feira (5\/2), a nova sede do&nbsp;Col\u00e9gio Tiradentes da Pol\u00edcia Militar de Minas Gerais (PMMG)&nbsp;em S\u00e3o Jo\u00e3o del-Rei. Constru\u00edda com recursos do&nbsp;Governo de Minas, por meio [&hellip;]<\/p>\n","protected":false},"author":5,"featured_media":169225,"comment_status":"closed","ping_status":"open","sticky":false,"template":"","format":"standard","meta":{"advgb_blocks_editor_width":"","advgb_blocks_columns_visual_guide":"","_exactmetrics_skip_tracking":false,"_exactmetrics_sitenote_active":false,"_exactmetrics_sitenote_note":"","_exactmetrics_sitenote_category":0,"footnotes":""},"categories":[7,5719,2],"tags":[],"class_list":["post-169224","post","type-post","status-publish","format-standard","has-post-thumbnail","hentry","category-destaques","category-educacao","category-noticias"],"better_featured_image":{"id":169225,"alt_text":"","caption":"","description":"","media_type":"image","media_details":{"width":940,"height":350,"file":"2026\/02\/X1A4863_1.jpg","filesize":399794,"sizes":{"medium":{"file":"X1A4863_1-470x175.jpg","width":470,"height":175,"mime-type":"image\/jpeg","filesize":27403,"source_url":"https:\/\/lavras.tv\/site\/wp-content\/uploads\/2026\/02\/X1A4863_1-470x175.jpg"},"thumbnail":{"file":"X1A4863_1-170x63.jpg","width":170,"height":63,"mime-type":"image\/jpeg","filesize":5550,"source_url":"https:\/\/lavras.tv\/site\/wp-content\/uploads\/2026\/02\/X1A4863_1-170x63.jpg"},"alm-thumbnail":{"file":"X1A4863_1-150x150.jpg","width":150,"height":150,"mime-type":"image\/jpeg","filesize":8905,"source_url":"https:\/\/lavras.tv\/site\/wp-content\/uploads\/2026\/02\/X1A4863_1-150x150.jpg"},"sow-carousel-default":{"file":"X1A4863_1-272x182.jpg","width":272,"height":182,"mime-type":"image\/jpeg","filesize":16908,"source_url":"https:\/\/lavras.tv\/site\/wp-content\/uploads\/2026\/02\/X1A4863_1-272x182.jpg"}},"image_meta":{"aperture":"0","credit":"","camera":"","caption":"","created_timestamp":"0","copyright":"","focal_length":"0","iso":"0","shutter_speed":"0","title":"","orientation":"0","keywords":[]}},"post":169224,"source_url":"https:\/\/lavras.tv\/site\/wp-content\/uploads\/2026\/02\/X1A4863_1.jpg"},"author_meta":{"display_name":"Vinicius Bustamante","author_link":"https:\/\/lavras.tv\/site\/author\/vinicius-bustamante\/"},"featured_img":"https:\/\/lavras.tv\/site\/wp-content\/uploads\/2026\/02\/X1A4863_1-470x175.jpg","coauthors":[],"tax_additional":{"categories":{"linked":["<a href=\"https:\/\/lavras.tv\/site\/category\/destaques\/\" class=\"advgb-post-tax-term\">Destaques<\/a>","<a href=\"https:\/\/lavras.tv\/site\/category\/educacao\/\" class=\"advgb-post-tax-term\">Educa\u00e7\u00e3o<\/a>","<a href=\"https:\/\/lavras.tv\/site\/category\/noticias\/\" class=\"advgb-post-tax-term\">Not\u00edcias<\/a>"],"unlinked":["<span class=\"advgb-post-tax-term\">Destaques<\/span>","<span class=\"advgb-post-tax-term\">Educa\u00e7\u00e3o<\/span>","<span class=\"advgb-post-tax-term\">Not\u00edcias<\/span>"]}},"comment_count":"0","relative_dates":{"created":"Publicado 3 meses atr\u00e1s","modified":"Atualizado 3 meses atr\u00e1s"},"absolute_dates":{"created":"Publicado em 5 de fevereiro de 2026","modified":"Atualizado em 5 de fevereiro de 2026"},"absolute_dates_time":{"created":"Publicado em 5 de fevereiro de 2026 17:32","modified":"Atualizado em 5 de fevereiro de 2026 17:32"},"featured_img_caption":"","series_order":"","_links":{"self":[{"href":"https:\/\/lavras.tv\/site\/wp-json\/wp\/v2\/posts\/169224","targetHints":{"allow":["GET"]}}],"collection":[{"href":"https:\/\/lavras.tv\/site\/wp-json\/wp\/v2\/posts"}],"about":[{"href":"https:\/\/lavras.tv\/site\/wp-json\/wp\/v2\/types\/post"}],"author":[{"embeddable":true,"href":"https:\/\/lavras.tv\/site\/wp-json\/wp\/v2\/users\/5"}],"replies":[{"embeddable":true,"href":"https:\/\/lavras.tv\/site\/wp-json\/wp\/v2\/comments?post=169224"}],"version-history":[{"count":1,"href":"https:\/\/lavras.tv\/site\/wp-json\/wp\/v2\/posts\/169224\/revisions"}],"predecessor-version":[{"id":169226,"href":"https:\/\/lavras.tv\/site\/wp-json\/wp\/v2\/posts\/169224\/revisions\/169226"}],"wp:featuredmedia":[{"embeddable":true,"href":"https:\/\/lavras.tv\/site\/wp-json\/wp\/v2\/media\/169225"}],"wp:attachment":[{"href":"https:\/\/lavras.tv\/site\/wp-json\/wp\/v2\/media?parent=169224"}],"wp:term":[{"taxonomy":"category","embeddable":true,"href":"https:\/\/lavras.tv\/site\/wp-json\/wp\/v2\/categories?post=169224"},{"taxonomy":"post_tag","embeddable":true,"href":"https:\/\/lavras.tv\/site\/wp-json\/wp\/v2\/tags?post=169224"}],"curies":[{"name":"wp","href":"https:\/\/api.w.org\/{rel}","templated":true}]}}