{"id":169227,"date":"2026-02-05T17:39:02","date_gmt":"2026-02-05T20:39:02","guid":{"rendered":"https:\/\/lavras.tv\/site\/?p=169227"},"modified":"2026-02-05T17:39:04","modified_gmt":"2026-02-05T20:39:04","slug":"senac-lavras-promove-2a-edicao-do-conexao-senac-com-foco-em-lideranca-e-inteligencia-artificial","status":"publish","type":"post","link":"https:\/\/lavras.tv\/site\/2026\/02\/05\/senac-lavras-promove-2a-edicao-do-conexao-senac-com-foco-em-lideranca-e-inteligencia-artificial\/","title":{"rendered":"Senac Lavras promove 2\u00aa edi\u00e7\u00e3o do &#8220;Conex\u00e3o Senac&#8221; com foco em lideran\u00e7a e intelig\u00eancia artificial"},"content":{"rendered":"<div class=\"lavra-antes-do-conteudo_2\" id=\"lavra-2907192313\"><div id=\"lavra-slider-27\" class=\"custom-slider lavra-slider-3272691665 lavra-slider\"><ul><li><div style=\"margin-left: auto;margin-right: auto;text-align: center;\" id=\"lavra-1096713025\"><a href=\"https:\/\/sistemas.lavras.mg.gov.br\/portalcidadao\/#df1b1a7c7b2a290bcb31e32771e610784662739a88807c0dacac58ede5f391a7530e299dc302d611ee73cb143fc22eaf93592e53e7b5bdb01b00a0b8d28dae460c141dd2ff83412e4dc1c31b16b25f33144a9e5620ea73b13f5bc1c59411d98439ad226e8af03840603796067d87afe130812cf3de24982d0e306f9e61e764e5\" aria-label=\"Lavras-TV&#8211;720x104px (1) (1)\"><img src=\"https:\/\/lavras.tv\/site\/wp-content\/uploads\/2025\/01\/Lavras-TV-720x104px-1-1.png\" alt=\"\"  srcset=\"https:\/\/lavras.tv\/site\/wp-content\/uploads\/2025\/01\/Lavras-TV-720x104px-1-1.png 720w, https:\/\/lavras.tv\/site\/wp-content\/uploads\/2025\/01\/Lavras-TV-720x104px-1-1-470x68.png 470w, https:\/\/lavras.tv\/site\/wp-content\/uploads\/2025\/01\/Lavras-TV-720x104px-1-1-170x25.png 170w, https:\/\/lavras.tv\/site\/wp-content\/uploads\/2025\/01\/Lavras-TV-720x104px-1-1-200x29.png 200w\" sizes=\"(max-width: 720px) 100vw, 720px\" width=\"720\" height=\"104\"  style=\"display: inline-block;\" \/><\/a><\/div><\/li><li><a href=\"https:\/\/sistemas.lavras.mg.gov.br\/portalcidadao\/#df1b1a7c7b2a290bcb31e32771e610784662739a88807c0dacac58ede5f391a7530e299dc302d611ee73cb143fc22eaf93592e53e7b5bdb01b00a0b8d28dae460c141dd2ff83412e4dc1c31b16b25f33144a9e5620ea73b13f5bc1c59411d98439ad226e8af03840603796067d87afe130812cf3de24982d0e306f9e61e764e5\" aria-label=\"Banner_Emprego_PortallavrasTV\"><img src=\"https:\/\/lavras.tv\/site\/wp-content\/uploads\/2025\/03\/Banner_Emprego_PortallavrasTV.png\" alt=\"\"  srcset=\"https:\/\/lavras.tv\/site\/wp-content\/uploads\/2025\/03\/Banner_Emprego_PortallavrasTV.png 720w, https:\/\/lavras.tv\/site\/wp-content\/uploads\/2025\/03\/Banner_Emprego_PortallavrasTV-470x68.png 470w, https:\/\/lavras.tv\/site\/wp-content\/uploads\/2025\/03\/Banner_Emprego_PortallavrasTV-170x25.png 170w, https:\/\/lavras.tv\/site\/wp-content\/uploads\/2025\/03\/Banner_Emprego_PortallavrasTV-200x29.png 200w\" sizes=\"(max-width: 720px) 100vw, 720px\" width=\"720\" height=\"104\"   \/><\/a><\/li><li><a href=\"https:\/\/sistemas.lavras.mg.gov.br\/portalcidadao\/#df1b1a7c7b2a290bcb31e32771e610784662739a88807c0dacac58ede5f391a7530e299dc302d611ee73cb143fc22eaf93592e53e7b5bdb01b00a0b8d28dae460c141dd2ff83412e4dc1c31b16b25f33144a9e5620ea73b13f5bc1c59411d98439ad226e8af03840603796067d87afe130812cf3de24982d0e306f9e61e764e5\" aria-label=\"Banner_Obras_PortallavrasTV\"><img src=\"https:\/\/lavras.tv\/site\/wp-content\/uploads\/2025\/03\/Banner_Obras_PortallavrasTV.png\" alt=\"\"  srcset=\"https:\/\/lavras.tv\/site\/wp-content\/uploads\/2025\/03\/Banner_Obras_PortallavrasTV.png 720w, https:\/\/lavras.tv\/site\/wp-content\/uploads\/2025\/03\/Banner_Obras_PortallavrasTV-470x68.png 470w, https:\/\/lavras.tv\/site\/wp-content\/uploads\/2025\/03\/Banner_Obras_PortallavrasTV-170x25.png 170w, https:\/\/lavras.tv\/site\/wp-content\/uploads\/2025\/03\/Banner_Obras_PortallavrasTV-200x29.png 200w\" sizes=\"(max-width: 720px) 100vw, 720px\" width=\"720\" height=\"104\"   \/><\/a><\/li><li><div style=\"margin-left: auto;margin-right: auto;text-align: center;\" id=\"lavra-3093911015\"><a href=\"https:\/\/sistemas.lavras.mg.gov.br\/portalcidadao\/#df1b1a7c7b2a290bcb31e32771e610784662739a88807c0dacac58ede5f391a7530e299dc302d611ee73cb143fc22eaf93592e53e7b5bdb01b00a0b8d28dae460c141dd2ff83412e4dc1c31b16b25f33144a9e5620ea73b13f5bc1c59411d98439ad226e8af03840603796067d87afe130812cf3de24982d0e306f9e61e764e5\" aria-label=\"Banner_Educa\u00e7\u00e3o_PortallavrasTV\"><img src=\"https:\/\/lavras.tv\/site\/wp-content\/uploads\/2025\/01\/Banner_Educacao_PortallavrasTV.png\" alt=\"\"  srcset=\"https:\/\/lavras.tv\/site\/wp-content\/uploads\/2025\/01\/Banner_Educacao_PortallavrasTV.png 720w, https:\/\/lavras.tv\/site\/wp-content\/uploads\/2025\/01\/Banner_Educacao_PortallavrasTV-470x68.png 470w, https:\/\/lavras.tv\/site\/wp-content\/uploads\/2025\/01\/Banner_Educacao_PortallavrasTV-170x25.png 170w, https:\/\/lavras.tv\/site\/wp-content\/uploads\/2025\/01\/Banner_Educacao_PortallavrasTV-200x29.png 200w\" sizes=\"(max-width: 720px) 100vw, 720px\" width=\"720\" height=\"104\"  style=\"display: inline-block;\" \/><\/a><\/div><\/li><li><a href=\"https:\/\/sistemas.lavras.mg.gov.br\/portalcidadao\/#df1b1a7c7b2a290bcb31e32771e610784662739a88807c0dacac58ede5f391a7530e299dc302d611ee73cb143fc22eaf93592e53e7b5bdb01b00a0b8d28dae460c141dd2ff83412e4dc1c31b16b25f33144a9e5620ea73b13f5bc1c59411d98439ad226e8af03840603796067d87afe130812cf3de24982d0e306f9e61e764e5\" aria-label=\"Banner_Sa\u00fade_PortallavrasTV\"><img src=\"https:\/\/lavras.tv\/site\/wp-content\/uploads\/2025\/03\/Banner_Saude_PortallavrasTV.png\" alt=\"\"  srcset=\"https:\/\/lavras.tv\/site\/wp-content\/uploads\/2025\/03\/Banner_Saude_PortallavrasTV.png 720w, https:\/\/lavras.tv\/site\/wp-content\/uploads\/2025\/03\/Banner_Saude_PortallavrasTV-470x68.png 470w, https:\/\/lavras.tv\/site\/wp-content\/uploads\/2025\/03\/Banner_Saude_PortallavrasTV-170x25.png 170w, https:\/\/lavras.tv\/site\/wp-content\/uploads\/2025\/03\/Banner_Saude_PortallavrasTV-200x29.png 200w\" sizes=\"(max-width: 720px) 100vw, 720px\" width=\"720\" height=\"104\"   \/><\/a><\/li><li><div id=\"lavra-2364609983\" style=\"width:720px;height:104px;background-color:#ddd;overflow:scroll;\">\n\t<strong>Sa\u00edda da depura\u00e7\u00e3o de an\u00fancios<\/strong>\n\t<br><br>\n\tO an\u00fancio n\u00e3o \u00e9 exibido na p\u00e1gina<br><br>post atual: Senac Lavras promove 2\u00aa edi\u00e7\u00e3o do \"Conex\u00e3o Senac\" com foco em lideran\u00e7a e intelig\u00eancia artificial, ID: 169227<br><br><span style=\"color: red;\">O post atual n\u00e3o \u00e9 id\u00eantico ao post principal.<\/span><br><br>An\u00fancios: ROXO - TOPO INTERNA - ROTATIVO 2 (197)<br \/>Grupo de an\u00fancios: Princ_Meio01_720x104 (27)<br><br>Condi\u00e7\u00f5es de exibi\u00e7\u00e3o<div style=\"margin-bottom: 20px; white-space: pre-wrap; font-family: monospace; width: 100%; background: #ffe9e9;\"><strong>condi\u00e7\u00f5es gerais<\/strong><table border=\"1\"><thead><tr><th><\/th><th>An\u00fancios<\/th><th>wp_the_query<\/th><\/tr><\/thead><tr><td>is_main_query<\/td><td>1<\/td><td>1<\/td><\/tr><tr><td>is_rest_api<\/td><td>0<\/td><td>1<\/td><\/tr><tr><td>page<\/td><td>0<\/td><td>1<\/td><\/tr><tr><td>numpages<\/td><td>0<\/td><td>1<\/td><\/tr><tr><td>is_archive<\/td><td>1<\/td><td><\/td><\/tr><tr><td>is_search<\/td><td>1<\/td><td><\/td><\/tr><tr><td>is_home<\/td><td>1<\/td><td><\/td><\/tr><tr><td>is_404<\/td><td>1<\/td><td><\/td><\/tr><tr><td>is_attachment<\/td><td>1<\/td><td><\/td><\/tr><tr><td>is_singular<\/td><td>1<\/td><td><\/td><\/tr><tr><td>is_front_page<\/td><td>1<\/td><td><\/td><\/tr><tr><td>is_feed<\/td><td>1<\/td><td><\/td><\/tr><\/table><\/div><br><br><span style=\"color: red;\">Seu site usa HTTPS, mas o c\u00f3digo do an\u00fancio cont\u00e9m HTTP e pode n\u00e3o funcionar.<\/span>\t<br><br>\n\t<a style=\"color: green;\" href=\"https:\/\/wpadvancedads.com\/manual\/ad-debug-mode\/?utm_source=advanced-ads&utm_medium=link&utm_campaign=ad-debug-mode\" target=\"_blank\" rel=\"nofollow\">Encontre solu\u00e7\u00f5es no manual<\/a>\n<\/div>\n<\/li><\/ul><\/div><script>( window.advanced_ads_ready || jQuery( document ).ready ).call( null, function() {var $lavraslider3272691665 = jQuery( \".lavra-slider-3272691665\" );$lavraslider3272691665.on( \"unslider.ready\", function() { jQuery( \"div.custom-slider ul li\" ).css( \"display\", \"block\" ); });$lavraslider3272691665.unslider({ delay:4000, autoplay:true, nav:false, arrows:false, infinite:true });$lavraslider3272691665.on(\"mouseover\", function() {$lavraslider3272691665.unslider(\"stop\");}).on(\"mouseout\", function() {$lavraslider3272691665.unslider(\"start\");});});<\/script><\/div>\n<p><em>Evento gratuito discute como profissionais podem acelerar carreiras e manter a relev\u00e2ncia frente \u00e0s novas tecnologias; inscri\u00e7\u00f5es est\u00e3o abertas.<\/em><\/p>\n\n\n\n<figure class=\"wp-block-image size-large\"><img fetchpriority=\"high\" decoding=\"async\" width=\"970\" height=\"434\" src=\"https:\/\/lavras.tv\/site\/wp-content\/uploads\/2026\/02\/Senac-em-Lavras-970x434.jpg\" alt=\"\" class=\"wp-image-169228\" srcset=\"https:\/\/lavras.tv\/site\/wp-content\/uploads\/2026\/02\/Senac-em-Lavras-970x434.jpg 970w, https:\/\/lavras.tv\/site\/wp-content\/uploads\/2026\/02\/Senac-em-Lavras-470x210.jpg 470w, https:\/\/lavras.tv\/site\/wp-content\/uploads\/2026\/02\/Senac-em-Lavras-170x76.jpg 170w, https:\/\/lavras.tv\/site\/wp-content\/uploads\/2026\/02\/Senac-em-Lavras.jpg 1280w\" sizes=\"(max-width: 970px) 100vw, 970px\" \/><\/figure>\n\n\n\n<p>No dia 11 de fevereiro, o&nbsp;<a href=\"https:\/\/mg.senac.br\/web\/guest\/w\/lavras\" target=\"_blank\" rel=\"noreferrer noopener\">Senac em Lavras<\/a>, integrante do Sistema Fecom\u00e9rcio MG, realiza a segunda edi\u00e7\u00e3o do&nbsp;<strong>Conex\u00e3o Senac<\/strong>. O evento, que busca integrar conhecimento de ponta e tend\u00eancias de mercado, ter\u00e1 como tema central&nbsp;<strong>&#8220;Como Desenvolver a Lideran\u00e7a e Acelerar a carreira com o uso de IA&#8221;<\/strong>. O encontro acontece \u00e0s 18h30 e as inscri\u00e7\u00f5es, que s\u00e3o gratuitas e limitadas, j\u00e1 podem ser realizadas pela plataforma Sympla.<\/p>\n\n\n\n<p>Voltada para gestores, empreendedores, estudantes e profissionais que desejam se destacar na era digital, a iniciativa traz como grande diferencial o foco na&nbsp;<strong>intelig\u00eancia humana como diferencial estrat\u00e9gico<\/strong>. Enquanto a Intelig\u00eancia Artificial (IA) redefine processos e automatiza tarefas, o evento prop\u00f5e uma reflex\u00e3o sobre as compet\u00eancias que n\u00e3o podem ser replicadas por m\u00e1quinas, como o julgamento \u00e9tico, a empatia e a lideran\u00e7a com prop\u00f3sito.<\/p>\n\n\n\n<p><strong>Palestra e Expertise<\/strong><\/p>\n\n\n\n<p>A palestra principal ser\u00e1 ministrada por&nbsp;<strong>Carla Kirilos<\/strong>, refer\u00eancia nacional em Educa\u00e7\u00e3o Corporativa e Desenvolvimento de Pessoas. Mestre em Educa\u00e7\u00e3o com MBA em Gest\u00e3o de Pessoas pela FGV, Carla \u00e9 docente de p\u00f3s-gradua\u00e7\u00e3o do Senac, s\u00f3cia da FKM Consultoria e escritora.<\/p>\n\n\n\n<figure class=\"wp-block-image size-large\"><img decoding=\"async\" width=\"970\" height=\"647\" src=\"https:\/\/lavras.tv\/site\/wp-content\/uploads\/2026\/02\/Carla-Kirilos-970x647.jpeg\" alt=\"\" class=\"wp-image-169229\" srcset=\"https:\/\/lavras.tv\/site\/wp-content\/uploads\/2026\/02\/Carla-Kirilos-970x647.jpeg 970w, https:\/\/lavras.tv\/site\/wp-content\/uploads\/2026\/02\/Carla-Kirilos-450x300.jpeg 450w, https:\/\/lavras.tv\/site\/wp-content\/uploads\/2026\/02\/Carla-Kirilos-170x113.jpeg 170w, https:\/\/lavras.tv\/site\/wp-content\/uploads\/2026\/02\/Carla-Kirilos-272x182.jpeg 272w, https:\/\/lavras.tv\/site\/wp-content\/uploads\/2026\/02\/Carla-Kirilos.jpeg 1280w\" sizes=\"(max-width: 970px) 100vw, 970px\" \/><\/figure>\n\n\n\n<p>Durante o encontro, a especialista abordar\u00e1 temas pr\u00e1ticos e inspiradores, incluindo:<\/p>\n\n\n\n<ul class=\"wp-block-list\">\n<li>O novo papel do l\u00edder frente \u00e0 automa\u00e7\u00e3o;<\/li>\n\n\n\n<li>Compet\u00eancias essenciais que a IA n\u00e3o substitui;<\/li>\n\n\n\n<li>Tomada de decis\u00e3o estrat\u00e9gica em ambientes de incerteza;<\/li>\n\n\n\n<li>Caminhos para evoluir na carreira sem perder a ess\u00eancia e o prop\u00f3sito.<\/li>\n<\/ul>\n\n\n\n<p>Mais informa\u00e7\u00f5es sobre o evento pelo WhatsApp&nbsp;<a href=\"https:\/\/api.whatsapp.com\/send?phone=553130578600&amp;text=Ol%C3%A1!%20vi%20esse%20an%C3%BAncio%20nas%20redes%20sociais.\" target=\"_blank\" rel=\"noreferrer noopener\">31 3057-8600<\/a>.<\/p>\n\n\n\n<p><strong><u>Servi\u00e7o: 2\u00aa Edi\u00e7\u00e3o Conex\u00e3o Senac em Lavras<\/u><\/strong><\/p>\n\n\n\n<p>\u00b7&nbsp;&nbsp;&nbsp;&nbsp;&nbsp;&nbsp;&nbsp;&nbsp;<strong>Tema:<\/strong>&nbsp;Lideran\u00e7a e Desenvolvimento de Carreira em Tempos de IA<\/p>\n\n\n\n<p>\u00b7&nbsp;&nbsp;&nbsp;&nbsp;&nbsp;&nbsp;&nbsp;&nbsp;<strong>Data e Hor\u00e1rio:<\/strong>&nbsp;11 de fevereiro de 2026 (quarta-feira), \u00e0s 18h30<\/p>\n\n\n\n<p>\u00b7&nbsp;&nbsp;&nbsp;&nbsp;&nbsp;&nbsp;&nbsp;&nbsp;<strong>Local:<\/strong>&nbsp;Senac em Lavras \u2013 Avenida Comandante Soares Jr, 68, Arthur Bernardes<\/p>\n\n\n\n<p>\u00b7&nbsp;&nbsp;&nbsp;&nbsp;&nbsp;&nbsp;&nbsp;&nbsp;<strong>Inscri\u00e7\u00f5es:<\/strong>&nbsp;<a href=\"https:\/\/www.sympla.com.br\/evento\/conexao-senac----lideranca-e-desenvolvimento-de-carreira-em-tempos-de-ia\/3291567\" target=\"_blank\" rel=\"noreferrer noopener\">Link Sympla<\/a><\/p>\n\n\n\n<p>\u00b7&nbsp;&nbsp;&nbsp;&nbsp;&nbsp;&nbsp;&nbsp;&nbsp;<strong>Informa\u00e7\u00f5es\/WhatsApp:<\/strong>&nbsp;<a href=\"https:\/\/api.whatsapp.com\/send?phone=553130578600&amp;text=Ol%C3%A1!%20vi%20esse%20an%C3%BAncio%20nas%20redes%20sociais.\" target=\"_blank\" rel=\"noreferrer noopener\">31 3057-8600<\/a><\/p>\n\n\n\n<p><strong>Sobre a Fecom\u00e9rcio MG e o Senac em Lavras&nbsp;<\/strong>&nbsp;<\/p>\n\n\n\n<p>A Federa\u00e7\u00e3o do Com\u00e9rcio de Bens, Servi\u00e7os e Turismo de Minas Gerais (Fecom\u00e9rcio MG) \u00e9 a principal entidade representativa do setor do com\u00e9rcio de bens, servi\u00e7os e turismo no estado, abrangendo mais de 750 mil empresas e 54 sindicatos. Sob a presid\u00eancia de Nadim Elias Donato Filho, a Fecom\u00e9rcio MG atua como porta-voz das demandas do empresariado, buscando solu\u00e7\u00f5es atrav\u00e9s do di\u00e1logo com o governo e a sociedade, h\u00e1 87 anos. Outra importante atribui\u00e7\u00e3o da entidade \u00e9 a administra\u00e7\u00e3o do Servi\u00e7o Social do Com\u00e9rcio (Sesc) e do Servi\u00e7o Nacional de Aprendizagem Comercial (Senac) em Minas Gerais. A atua\u00e7\u00e3o integrada das tr\u00eas casas fortalece a promo\u00e7\u00e3o de servi\u00e7os que beneficiam comerci\u00e1rios(as), empres\u00e1rios(as) e a comunidade em geral, a partir de suas diversas unidades distribu\u00eddas pelo estado.<\/p>\n\n\n\n<p>\u202fO&nbsp;<strong>Senac em Lavras<\/strong>&nbsp;\u00e9 refer\u00eancia em ensino e qualifica\u00e7\u00e3o profissional na regi\u00e3o e possui um amplo portf\u00f3lio de cursos t\u00e9cnicos, \u00e1geis, Aprendizagem Comercial e MBA, al\u00e9m de ser polo de Educa\u00e7\u00e3o a Dist\u00e2ncia (EAD). Presente na regi\u00e3o desde 2015, a unidade tem atua\u00e7\u00e3o pr\u00f3xima com a comunidade, com uma programa\u00e7\u00e3o frequente de workshops e palestras.<\/p>\n\n\n\n<p>A Fecom\u00e9rcio MG tamb\u00e9m trabalha em estreita colabora\u00e7\u00e3o com a Confedera\u00e7\u00e3o Nacional do Com\u00e9rcio (CNC), presidida por Jos\u00e9 Roberto Tadros, para defender os interesses do setor nos \u00e2mbitos municipal, estadual e federal. Com 87 anos de atua\u00e7\u00e3o, a Fecom\u00e9rcio MG \u00e9 fundamental para transformar a vida de cidad\u00e3os e cidad\u00e3s e impulsionar a economia mineira.&nbsp;<\/p>\n","protected":false},"excerpt":{"rendered":"<p>Evento gratuito discute como profissionais podem acelerar carreiras e manter a relev\u00e2ncia frente \u00e0s novas tecnologias; inscri\u00e7\u00f5es est\u00e3o abertas. No dia 11 de fevereiro, o&nbsp;Senac em Lavras, integrante do Sistema Fecom\u00e9rcio MG, realiza a segunda edi\u00e7\u00e3o do&nbsp;Conex\u00e3o Senac. O evento, que busca integrar conhecimento de ponta e tend\u00eancias de mercado, ter\u00e1 como tema central&nbsp;&#8220;Como Desenvolver [&hellip;]<\/p>\n","protected":false},"author":5,"featured_media":169228,"comment_status":"closed","ping_status":"open","sticky":false,"template":"","format":"standard","meta":{"advgb_blocks_editor_width":"","advgb_blocks_columns_visual_guide":"","_exactmetrics_skip_tracking":false,"_exactmetrics_sitenote_active":false,"_exactmetrics_sitenote_note":"","_exactmetrics_sitenote_category":0,"footnotes":""},"categories":[7,2],"tags":[],"class_list":["post-169227","post","type-post","status-publish","format-standard","has-post-thumbnail","hentry","category-destaques","category-noticias"],"better_featured_image":{"id":169228,"alt_text":"","caption":"","description":"","media_type":"image","media_details":{"width":1280,"height":573,"file":"2026\/02\/Senac-em-Lavras.jpg","filesize":107668,"sizes":{"medium":{"file":"Senac-em-Lavras-470x210.jpg","width":470,"height":210,"mime-type":"image\/jpeg","filesize":22098,"source_url":"https:\/\/lavras.tv\/site\/wp-content\/uploads\/2026\/02\/Senac-em-Lavras-470x210.jpg"},"large":{"file":"Senac-em-Lavras-970x434.jpg","width":970,"height":434,"mime-type":"image\/jpeg","filesize":74509,"source_url":"https:\/\/lavras.tv\/site\/wp-content\/uploads\/2026\/02\/Senac-em-Lavras-970x434.jpg"},"thumbnail":{"file":"Senac-em-Lavras-170x76.jpg","width":170,"height":76,"mime-type":"image\/jpeg","filesize":4219,"source_url":"https:\/\/lavras.tv\/site\/wp-content\/uploads\/2026\/02\/Senac-em-Lavras-170x76.jpg"},"alm-thumbnail":{"file":"Senac-em-Lavras-150x150.jpg","width":150,"height":150,"mime-type":"image\/jpeg","filesize":6067,"source_url":"https:\/\/lavras.tv\/site\/wp-content\/uploads\/2026\/02\/Senac-em-Lavras-150x150.jpg"},"sow-carousel-default":{"file":"Senac-em-Lavras-272x182.jpg","width":272,"height":182,"mime-type":"image\/jpeg","filesize":11577,"source_url":"https:\/\/lavras.tv\/site\/wp-content\/uploads\/2026\/02\/Senac-em-Lavras-272x182.jpg"}},"image_meta":{"aperture":"0","credit":"","camera":"","caption":"","created_timestamp":"0","copyright":"","focal_length":"0","iso":"0","shutter_speed":"0","title":"","orientation":"0","keywords":[]}},"post":169227,"source_url":"https:\/\/lavras.tv\/site\/wp-content\/uploads\/2026\/02\/Senac-em-Lavras.jpg"},"author_meta":{"display_name":"Vinicius Bustamante","author_link":"https:\/\/lavras.tv\/site\/author\/vinicius-bustamante\/"},"featured_img":"https:\/\/lavras.tv\/site\/wp-content\/uploads\/2026\/02\/Senac-em-Lavras-470x210.jpg","coauthors":[],"tax_additional":{"categories":{"linked":["<a href=\"https:\/\/lavras.tv\/site\/category\/destaques\/\" class=\"advgb-post-tax-term\">Destaques<\/a>","<a href=\"https:\/\/lavras.tv\/site\/category\/noticias\/\" class=\"advgb-post-tax-term\">Not\u00edcias<\/a>"],"unlinked":["<span class=\"advgb-post-tax-term\">Destaques<\/span>","<span class=\"advgb-post-tax-term\">Not\u00edcias<\/span>"]}},"comment_count":"0","relative_dates":{"created":"Publicado 3 meses atr\u00e1s","modified":"Atualizado 3 meses atr\u00e1s"},"absolute_dates":{"created":"Publicado em 5 de fevereiro de 2026","modified":"Atualizado em 5 de fevereiro de 2026"},"absolute_dates_time":{"created":"Publicado em 5 de fevereiro de 2026 17:39","modified":"Atualizado em 5 de fevereiro de 2026 17:39"},"featured_img_caption":"","series_order":"","_links":{"self":[{"href":"https:\/\/lavras.tv\/site\/wp-json\/wp\/v2\/posts\/169227","targetHints":{"allow":["GET"]}}],"collection":[{"href":"https:\/\/lavras.tv\/site\/wp-json\/wp\/v2\/posts"}],"about":[{"href":"https:\/\/lavras.tv\/site\/wp-json\/wp\/v2\/types\/post"}],"author":[{"embeddable":true,"href":"https:\/\/lavras.tv\/site\/wp-json\/wp\/v2\/users\/5"}],"replies":[{"embeddable":true,"href":"https:\/\/lavras.tv\/site\/wp-json\/wp\/v2\/comments?post=169227"}],"version-history":[{"count":1,"href":"https:\/\/lavras.tv\/site\/wp-json\/wp\/v2\/posts\/169227\/revisions"}],"predecessor-version":[{"id":169230,"href":"https:\/\/lavras.tv\/site\/wp-json\/wp\/v2\/posts\/169227\/revisions\/169230"}],"wp:featuredmedia":[{"embeddable":true,"href":"https:\/\/lavras.tv\/site\/wp-json\/wp\/v2\/media\/169228"}],"wp:attachment":[{"href":"https:\/\/lavras.tv\/site\/wp-json\/wp\/v2\/media?parent=169227"}],"wp:term":[{"taxonomy":"category","embeddable":true,"href":"https:\/\/lavras.tv\/site\/wp-json\/wp\/v2\/categories?post=169227"},{"taxonomy":"post_tag","embeddable":true,"href":"https:\/\/lavras.tv\/site\/wp-json\/wp\/v2\/tags?post=169227"}],"curies":[{"name":"wp","href":"https:\/\/api.w.org\/{rel}","templated":true}]}}