{"id":169249,"date":"2026-02-08T12:27:09","date_gmt":"2026-02-08T15:27:09","guid":{"rendered":"https:\/\/lavras.tv\/site\/?p=169249"},"modified":"2026-02-08T12:27:11","modified_gmt":"2026-02-08T15:27:11","slug":"minas-gerais-comeca-2026-com-us-33-bilhoes-em-exportacoes","status":"publish","type":"post","link":"https:\/\/lavras.tv\/site\/2026\/02\/08\/minas-gerais-comeca-2026-com-us-33-bilhoes-em-exportacoes\/","title":{"rendered":"Minas Gerais come\u00e7a 2026 com US$ 3,3 bilh\u00f5es em exporta\u00e7\u00f5es"},"content":{"rendered":"<div class=\"lavra-antes-do-conteudo_2\" id=\"lavra-2449057888\"><div id=\"lavra-slider-27\" class=\"custom-slider lavra-slider-2338347599 lavra-slider\"><ul><li><div style=\"margin-left: auto;margin-right: auto;text-align: center;\" id=\"lavra-3145610987\"><a href=\"https:\/\/sistemas.lavras.mg.gov.br\/portalcidadao\/#df1b1a7c7b2a290bcb31e32771e610784662739a88807c0dacac58ede5f391a7530e299dc302d611ee73cb143fc22eaf93592e53e7b5bdb01b00a0b8d28dae460c141dd2ff83412e4dc1c31b16b25f33144a9e5620ea73b13f5bc1c59411d98439ad226e8af03840603796067d87afe130812cf3de24982d0e306f9e61e764e5\" aria-label=\"Lavras-TV&#8211;720x104px (1) (1)\"><img src=\"https:\/\/lavras.tv\/site\/wp-content\/uploads\/2025\/01\/Lavras-TV-720x104px-1-1.png\" alt=\"\"  srcset=\"https:\/\/lavras.tv\/site\/wp-content\/uploads\/2025\/01\/Lavras-TV-720x104px-1-1.png 720w, https:\/\/lavras.tv\/site\/wp-content\/uploads\/2025\/01\/Lavras-TV-720x104px-1-1-470x68.png 470w, https:\/\/lavras.tv\/site\/wp-content\/uploads\/2025\/01\/Lavras-TV-720x104px-1-1-170x25.png 170w, https:\/\/lavras.tv\/site\/wp-content\/uploads\/2025\/01\/Lavras-TV-720x104px-1-1-200x29.png 200w\" sizes=\"(max-width: 720px) 100vw, 720px\" width=\"720\" height=\"104\"  style=\"display: inline-block;\" \/><\/a><\/div><\/li><li><a href=\"https:\/\/sistemas.lavras.mg.gov.br\/portalcidadao\/#df1b1a7c7b2a290bcb31e32771e610784662739a88807c0dacac58ede5f391a7530e299dc302d611ee73cb143fc22eaf93592e53e7b5bdb01b00a0b8d28dae460c141dd2ff83412e4dc1c31b16b25f33144a9e5620ea73b13f5bc1c59411d98439ad226e8af03840603796067d87afe130812cf3de24982d0e306f9e61e764e5\" aria-label=\"Banner_Emprego_PortallavrasTV\"><img src=\"https:\/\/lavras.tv\/site\/wp-content\/uploads\/2025\/03\/Banner_Emprego_PortallavrasTV.png\" alt=\"\"  srcset=\"https:\/\/lavras.tv\/site\/wp-content\/uploads\/2025\/03\/Banner_Emprego_PortallavrasTV.png 720w, https:\/\/lavras.tv\/site\/wp-content\/uploads\/2025\/03\/Banner_Emprego_PortallavrasTV-470x68.png 470w, https:\/\/lavras.tv\/site\/wp-content\/uploads\/2025\/03\/Banner_Emprego_PortallavrasTV-170x25.png 170w, https:\/\/lavras.tv\/site\/wp-content\/uploads\/2025\/03\/Banner_Emprego_PortallavrasTV-200x29.png 200w\" sizes=\"(max-width: 720px) 100vw, 720px\" width=\"720\" height=\"104\"   \/><\/a><\/li><li><a href=\"https:\/\/sistemas.lavras.mg.gov.br\/portalcidadao\/#df1b1a7c7b2a290bcb31e32771e610784662739a88807c0dacac58ede5f391a7530e299dc302d611ee73cb143fc22eaf93592e53e7b5bdb01b00a0b8d28dae460c141dd2ff83412e4dc1c31b16b25f33144a9e5620ea73b13f5bc1c59411d98439ad226e8af03840603796067d87afe130812cf3de24982d0e306f9e61e764e5\" aria-label=\"Banner_Obras_PortallavrasTV\"><img src=\"https:\/\/lavras.tv\/site\/wp-content\/uploads\/2025\/03\/Banner_Obras_PortallavrasTV.png\" alt=\"\"  srcset=\"https:\/\/lavras.tv\/site\/wp-content\/uploads\/2025\/03\/Banner_Obras_PortallavrasTV.png 720w, https:\/\/lavras.tv\/site\/wp-content\/uploads\/2025\/03\/Banner_Obras_PortallavrasTV-470x68.png 470w, https:\/\/lavras.tv\/site\/wp-content\/uploads\/2025\/03\/Banner_Obras_PortallavrasTV-170x25.png 170w, https:\/\/lavras.tv\/site\/wp-content\/uploads\/2025\/03\/Banner_Obras_PortallavrasTV-200x29.png 200w\" sizes=\"(max-width: 720px) 100vw, 720px\" width=\"720\" height=\"104\"   \/><\/a><\/li><li><div style=\"margin-left: auto;margin-right: auto;text-align: center;\" id=\"lavra-4067794385\"><a href=\"https:\/\/sistemas.lavras.mg.gov.br\/portalcidadao\/#df1b1a7c7b2a290bcb31e32771e610784662739a88807c0dacac58ede5f391a7530e299dc302d611ee73cb143fc22eaf93592e53e7b5bdb01b00a0b8d28dae460c141dd2ff83412e4dc1c31b16b25f33144a9e5620ea73b13f5bc1c59411d98439ad226e8af03840603796067d87afe130812cf3de24982d0e306f9e61e764e5\" aria-label=\"Banner_Educa\u00e7\u00e3o_PortallavrasTV\"><img src=\"https:\/\/lavras.tv\/site\/wp-content\/uploads\/2025\/01\/Banner_Educacao_PortallavrasTV.png\" alt=\"\"  srcset=\"https:\/\/lavras.tv\/site\/wp-content\/uploads\/2025\/01\/Banner_Educacao_PortallavrasTV.png 720w, https:\/\/lavras.tv\/site\/wp-content\/uploads\/2025\/01\/Banner_Educacao_PortallavrasTV-470x68.png 470w, https:\/\/lavras.tv\/site\/wp-content\/uploads\/2025\/01\/Banner_Educacao_PortallavrasTV-170x25.png 170w, https:\/\/lavras.tv\/site\/wp-content\/uploads\/2025\/01\/Banner_Educacao_PortallavrasTV-200x29.png 200w\" sizes=\"(max-width: 720px) 100vw, 720px\" width=\"720\" height=\"104\"  style=\"display: inline-block;\" \/><\/a><\/div><\/li><li><a href=\"https:\/\/sistemas.lavras.mg.gov.br\/portalcidadao\/#df1b1a7c7b2a290bcb31e32771e610784662739a88807c0dacac58ede5f391a7530e299dc302d611ee73cb143fc22eaf93592e53e7b5bdb01b00a0b8d28dae460c141dd2ff83412e4dc1c31b16b25f33144a9e5620ea73b13f5bc1c59411d98439ad226e8af03840603796067d87afe130812cf3de24982d0e306f9e61e764e5\" aria-label=\"Banner_Sa\u00fade_PortallavrasTV\"><img src=\"https:\/\/lavras.tv\/site\/wp-content\/uploads\/2025\/03\/Banner_Saude_PortallavrasTV.png\" alt=\"\"  srcset=\"https:\/\/lavras.tv\/site\/wp-content\/uploads\/2025\/03\/Banner_Saude_PortallavrasTV.png 720w, https:\/\/lavras.tv\/site\/wp-content\/uploads\/2025\/03\/Banner_Saude_PortallavrasTV-470x68.png 470w, https:\/\/lavras.tv\/site\/wp-content\/uploads\/2025\/03\/Banner_Saude_PortallavrasTV-170x25.png 170w, https:\/\/lavras.tv\/site\/wp-content\/uploads\/2025\/03\/Banner_Saude_PortallavrasTV-200x29.png 200w\" sizes=\"(max-width: 720px) 100vw, 720px\" width=\"720\" height=\"104\"   \/><\/a><\/li><li><div id=\"lavra-884879791\" style=\"width:720px;height:104px;background-color:#ddd;overflow:scroll;\">\n\t<strong>Sa\u00edda da depura\u00e7\u00e3o de an\u00fancios<\/strong>\n\t<br><br>\n\tO an\u00fancio n\u00e3o \u00e9 exibido na p\u00e1gina<br><br>post atual: Minas Gerais come\u00e7a 2026 com US$ 3,3 bilh\u00f5es em exporta\u00e7\u00f5es, ID: 169249<br><br><span style=\"color: red;\">O post atual n\u00e3o \u00e9 id\u00eantico ao post principal.<\/span><br><br>An\u00fancios: ROXO - TOPO INTERNA - ROTATIVO 2 (197)<br \/>Grupo de an\u00fancios: Princ_Meio01_720x104 (27)<br><br>Condi\u00e7\u00f5es de exibi\u00e7\u00e3o<div style=\"margin-bottom: 20px; white-space: pre-wrap; font-family: monospace; width: 100%; background: #ffe9e9;\"><strong>condi\u00e7\u00f5es gerais<\/strong><table border=\"1\"><thead><tr><th><\/th><th>An\u00fancios<\/th><th>wp_the_query<\/th><\/tr><\/thead><tr><td>is_main_query<\/td><td>1<\/td><td>1<\/td><\/tr><tr><td>is_rest_api<\/td><td>0<\/td><td>1<\/td><\/tr><tr><td>page<\/td><td>0<\/td><td>1<\/td><\/tr><tr><td>numpages<\/td><td>0<\/td><td>1<\/td><\/tr><tr><td>is_archive<\/td><td>1<\/td><td><\/td><\/tr><tr><td>is_search<\/td><td>1<\/td><td><\/td><\/tr><tr><td>is_home<\/td><td>1<\/td><td><\/td><\/tr><tr><td>is_404<\/td><td>1<\/td><td><\/td><\/tr><tr><td>is_attachment<\/td><td>1<\/td><td><\/td><\/tr><tr><td>is_singular<\/td><td>1<\/td><td><\/td><\/tr><tr><td>is_front_page<\/td><td>1<\/td><td><\/td><\/tr><tr><td>is_feed<\/td><td>1<\/td><td><\/td><\/tr><\/table><\/div><br><br><span style=\"color: red;\">Seu site usa HTTPS, mas o c\u00f3digo do an\u00fancio cont\u00e9m HTTP e pode n\u00e3o funcionar.<\/span>\t<br><br>\n\t<a style=\"color: green;\" href=\"https:\/\/wpadvancedads.com\/manual\/ad-debug-mode\/?utm_source=advanced-ads&utm_medium=link&utm_campaign=ad-debug-mode\" target=\"_blank\" rel=\"nofollow\">Encontre solu\u00e7\u00f5es no manual<\/a>\n<\/div>\n<\/li><\/ul><\/div><script>( window.advanced_ads_ready || jQuery( document ).ready ).call( null, function() {var $lavraslider2338347599 = jQuery( \".lavra-slider-2338347599\" );$lavraslider2338347599.on( \"unslider.ready\", function() { jQuery( \"div.custom-slider ul li\" ).css( \"display\", \"block\" ); });$lavraslider2338347599.unslider({ delay:4000, autoplay:true, nav:false, arrows:false, infinite:true });$lavraslider2338347599.on(\"mouseover\", function() {$lavraslider2338347599.unslider(\"stop\");}).on(\"mouseout\", function() {$lavraslider2338347599.unslider(\"start\");});});<\/script><\/div>\n<h2 class=\"wp-block-heading\">Com super\u00e1vit de US$ 1,7 bilh\u00e3o na balan\u00e7a comercial, o estado alcan\u00e7ou 153 pa\u00edses em janeiro<\/h2>\n\n\n\n<figure class=\"wp-block-image\"><img decoding=\"async\" src=\"https:\/\/www.agenciaminas.mg.gov.br\/system\/news\/images\/000\/128\/977\/large\/WhatsApp_Image_2026-02-06_at_17.43.08.jpeg?1770410627\" alt=\"imagem de destaque\"\/><\/figure>\n\n\n\n<p>Minas Gerais come\u00e7ou 2026 com US$ 3,3 bilh\u00f5es em exporta\u00e7\u00f5es realizadas durante janeiro, aumento de 1,7% frente ao mesmo m\u00eas de 2025. O estado foi o terceiro maior exportador nacional, respondendo por 12,9% das vendas internacionais do pa\u00eds.<\/p>\n\n\n\n<p>O saldo da balan\u00e7a comercial mineira fechou com super\u00e1vit de US$ 1,7 bilh\u00e3o, alta de 5,9% frente a janeiro de 2025.<\/p>\n\n\n\n<p>Ainda segundo dados do Minist\u00e9rio do Desenvolvimento, Ind\u00fastria, Com\u00e9rcio e Servi\u00e7os (Mdic), as importa\u00e7\u00f5es mineiras totalizaram US$ 1,5 bilh\u00e3o. O resultado coloca Minas como o terceiro maior importador nacional, sendo respons\u00e1vel por 7,2% das compras internacionais do pa\u00eds.<\/p>\n\n\n\n<p>J\u00e1 o fluxo comercial mineiro somou US$ 4,8 bilh\u00f5es, o terceiro maior do Brasil, com crescimento de 0,3% em compara\u00e7\u00e3o a janeiro de 2025.<\/p>\n\n\n\n<p>\u201cAp\u00f3s resultados recordes em 2025, iniciamos este ano com o objetivo de promover mais produtos mineiros no exterior, ampliar o n\u00famero de parceiros comerciais e destacar o protagonismo de Minas Gerais no com\u00e9rcio internacional\u201d, afirma a secret\u00e1ria de Estado de&nbsp;<a href=\"https:\/\/desenvolvimento.mg.gov.br\/\" target=\"_blank\" rel=\"noreferrer noopener\">Desenvolvimento Econ\u00f4mico<\/a>, Mila Corr\u00eaa da Costa.<\/p>\n\n\n\n<p><strong>Pa\u00edses da \u00c1sia e da Europa impulsionam as exporta\u00e7\u00f5es<\/strong><\/p>\n\n\n\n<p>Ao longo de janeiro, os produtos mineiros alcan\u00e7aram 153 destinos. A China foi o principal comprador, respons\u00e1vel por 31,7% das exporta\u00e7\u00f5es do estado, seguida pelos Estados Unidos (9,9%), Su\u00ed\u00e7a (4,3%), Reino Unido (4,0%) e Argentina (3,8%).<\/p>\n\n\n\n<p>Minas tamb\u00e9m ampliou suas vendas externas para mercados estrat\u00e9gicos. A China liderou com 13,2% (US$ 119,9 milh\u00f5es), seguida pelo Reino Unido (US$ 48,0 milh\u00f5es ou 58,9%), Su\u00ed\u00e7a (US$ 47,9 milh\u00f5es ou 51,6%), Emirados \u00c1rabes Unidos (US$ 47,6 milh\u00f5es ou 142,3%) e Finl\u00e2ndia (US$ 34,7 milh\u00f5es ou 294%).<\/p>\n\n\n\n<p><strong>Mercadorias e munic\u00edpios de destaque nas exporta\u00e7\u00f5es<\/strong><\/p>\n\n\n\n<p>Os principais produtos exportados em janeiro foram min\u00e9rios de ferro e seus concentrados (28,5%), caf\u00e9 (24,2%), ouro (11,3%), ferro-ligas (3,6%) e a\u00e7\u00facar (3,1%). Minas foi o maior exportador de min\u00e9rio de ferro (US$ 928,3 milh\u00f5es), caf\u00e9 (US$ 786,3 milh\u00f5es), ouro (US$ 367,7 milh\u00f5es) e ferro-ligas (US$ 118,4 milh\u00f5es).<\/p>\n\n\n\n<p>O estado tamb\u00e9m liderou as exporta\u00e7\u00f5es de ferro fundido (US$ 70,2 milh\u00f5es), tubos e perfis ocos de ferro ou a\u00e7o (US$ 53,5 milh\u00f5es) e min\u00e9rios de metais preciosos (US$ 47,2 milh\u00f5es).<\/p>\n\n\n\n<p>Entre os produtos com maior crescimento nas vendas internacionais, em compara\u00e7\u00e3o ao mesmo per\u00edodo de 2025, o ouro registrou&nbsp; aumento de&nbsp; US$ 189,8 milh\u00f5es (106,8%), seguido de min\u00e9rios de metais preciosos (US$ 47,2 milh\u00f5es com abertura de mercado) e soja (US$ 32,2 milh\u00f5es e 432,3%).<\/p>\n\n\n\n<p><strong>Turborreatores, produtos imunol\u00f3gicos e hulhas marcam as importa\u00e7\u00f5es<\/strong><\/p>\n\n\n\n<p>Entre as principais mercadorias adquiridas por Minas em janeiro, os turborreatores, turbopropulsores e outras turbinas a g\u00e1s responderam por 5,5% das aquisi\u00e7\u00f5es internacionais.<\/p>\n\n\n\n<p>Na sequ\u00eancia, destacam-se produtos imunol\u00f3gicos (4,8%), medicamentos (4,5%), hulhas, briquetes, bolas e combust\u00edveis s\u00f3lidos semelhantes (3,9%) e ve\u00edculos autom\u00f3veis para transporte de mercadorias (3,0%).<\/p>\n\n\n\n<p>O estado realizou compras externas de 109 pa\u00edses. Mais uma vez, a China aparece como a principal parceira comercial, origem de 22,0% das importa\u00e7\u00f5es mineiras, seguida pelos Estados Unidos (18,8%), Argentina (5,3%), Alemanha (4,4%) e \u00cdndia (4,4%).<\/p>\n","protected":false},"excerpt":{"rendered":"<p>Com super\u00e1vit de US$ 1,7 bilh\u00e3o na balan\u00e7a comercial, o estado alcan\u00e7ou 153 pa\u00edses em janeiro Minas Gerais come\u00e7ou 2026 com US$ 3,3 bilh\u00f5es em exporta\u00e7\u00f5es realizadas durante janeiro, aumento de 1,7% frente ao mesmo m\u00eas de 2025. O estado foi o terceiro maior exportador nacional, respondendo por 12,9% das vendas internacionais do pa\u00eds. O [&hellip;]<\/p>\n","protected":false},"author":5,"featured_media":169250,"comment_status":"closed","ping_status":"open","sticky":false,"template":"","format":"standard","meta":{"advgb_blocks_editor_width":"","advgb_blocks_columns_visual_guide":"","_exactmetrics_skip_tracking":false,"_exactmetrics_sitenote_active":false,"_exactmetrics_sitenote_note":"","_exactmetrics_sitenote_category":0,"footnotes":""},"categories":[7,2],"tags":[],"class_list":["post-169249","post","type-post","status-publish","format-standard","has-post-thumbnail","hentry","category-destaques","category-noticias"],"better_featured_image":{"id":169250,"alt_text":"","caption":"","description":"","media_type":"image","media_details":{"width":1600,"height":1066,"file":"2026\/02\/WhatsApp_Image_2026-02-06_at_17.43.08-1.jpeg","filesize":355741,"sizes":{"medium":{"file":"WhatsApp_Image_2026-02-06_at_17.43.08-1-450x300.jpeg","width":450,"height":300,"mime-type":"image\/jpeg","filesize":19852,"source_url":"https:\/\/lavras.tv\/site\/wp-content\/uploads\/2026\/02\/WhatsApp_Image_2026-02-06_at_17.43.08-1-450x300.jpeg"},"large":{"file":"WhatsApp_Image_2026-02-06_at_17.43.08-1-970x646.jpeg","width":970,"height":646,"mime-type":"image\/jpeg","filesize":76687,"source_url":"https:\/\/lavras.tv\/site\/wp-content\/uploads\/2026\/02\/WhatsApp_Image_2026-02-06_at_17.43.08-1-970x646.jpeg"},"thumbnail":{"file":"WhatsApp_Image_2026-02-06_at_17.43.08-1-170x113.jpeg","width":170,"height":113,"mime-type":"image\/jpeg","filesize":4360,"source_url":"https:\/\/lavras.tv\/site\/wp-content\/uploads\/2026\/02\/WhatsApp_Image_2026-02-06_at_17.43.08-1-170x113.jpeg"},"1536x1536":{"file":"WhatsApp_Image_2026-02-06_at_17.43.08-1-1536x1023.jpeg","width":1536,"height":1023,"mime-type":"image\/jpeg","filesize":180168,"source_url":"https:\/\/lavras.tv\/site\/wp-content\/uploads\/2026\/02\/WhatsApp_Image_2026-02-06_at_17.43.08-1-1536x1023.jpeg"},"alm-thumbnail":{"file":"WhatsApp_Image_2026-02-06_at_17.43.08-1-150x150.jpeg","width":150,"height":150,"mime-type":"image\/jpeg","filesize":4756,"source_url":"https:\/\/lavras.tv\/site\/wp-content\/uploads\/2026\/02\/WhatsApp_Image_2026-02-06_at_17.43.08-1-150x150.jpeg"},"sow-carousel-default":{"file":"WhatsApp_Image_2026-02-06_at_17.43.08-1-272x182.jpeg","width":272,"height":182,"mime-type":"image\/jpeg","filesize":8685,"source_url":"https:\/\/lavras.tv\/site\/wp-content\/uploads\/2026\/02\/WhatsApp_Image_2026-02-06_at_17.43.08-1-272x182.jpeg"}},"image_meta":{"aperture":"0","credit":"","camera":"","caption":"","created_timestamp":"0","copyright":"","focal_length":"0","iso":"0","shutter_speed":"0","title":"","orientation":"0","keywords":[]}},"post":169249,"source_url":"https:\/\/lavras.tv\/site\/wp-content\/uploads\/2026\/02\/WhatsApp_Image_2026-02-06_at_17.43.08-1.jpeg"},"author_meta":{"display_name":"Vinicius Bustamante","author_link":"https:\/\/lavras.tv\/site\/author\/vinicius-bustamante\/"},"featured_img":"https:\/\/lavras.tv\/site\/wp-content\/uploads\/2026\/02\/WhatsApp_Image_2026-02-06_at_17.43.08-1-450x300.jpeg","coauthors":[],"tax_additional":{"categories":{"linked":["<a href=\"https:\/\/lavras.tv\/site\/category\/destaques\/\" class=\"advgb-post-tax-term\">Destaques<\/a>","<a href=\"https:\/\/lavras.tv\/site\/category\/noticias\/\" class=\"advgb-post-tax-term\">Not\u00edcias<\/a>"],"unlinked":["<span class=\"advgb-post-tax-term\">Destaques<\/span>","<span class=\"advgb-post-tax-term\">Not\u00edcias<\/span>"]}},"comment_count":"0","relative_dates":{"created":"Publicado 3 meses atr\u00e1s","modified":"Atualizado 3 meses atr\u00e1s"},"absolute_dates":{"created":"Publicado em 8 de fevereiro de 2026","modified":"Atualizado em 8 de fevereiro de 2026"},"absolute_dates_time":{"created":"Publicado em 8 de fevereiro de 2026 12:27","modified":"Atualizado em 8 de fevereiro de 2026 12:27"},"featured_img_caption":"","series_order":"","_links":{"self":[{"href":"https:\/\/lavras.tv\/site\/wp-json\/wp\/v2\/posts\/169249","targetHints":{"allow":["GET"]}}],"collection":[{"href":"https:\/\/lavras.tv\/site\/wp-json\/wp\/v2\/posts"}],"about":[{"href":"https:\/\/lavras.tv\/site\/wp-json\/wp\/v2\/types\/post"}],"author":[{"embeddable":true,"href":"https:\/\/lavras.tv\/site\/wp-json\/wp\/v2\/users\/5"}],"replies":[{"embeddable":true,"href":"https:\/\/lavras.tv\/site\/wp-json\/wp\/v2\/comments?post=169249"}],"version-history":[{"count":1,"href":"https:\/\/lavras.tv\/site\/wp-json\/wp\/v2\/posts\/169249\/revisions"}],"predecessor-version":[{"id":169251,"href":"https:\/\/lavras.tv\/site\/wp-json\/wp\/v2\/posts\/169249\/revisions\/169251"}],"wp:featuredmedia":[{"embeddable":true,"href":"https:\/\/lavras.tv\/site\/wp-json\/wp\/v2\/media\/169250"}],"wp:attachment":[{"href":"https:\/\/lavras.tv\/site\/wp-json\/wp\/v2\/media?parent=169249"}],"wp:term":[{"taxonomy":"category","embeddable":true,"href":"https:\/\/lavras.tv\/site\/wp-json\/wp\/v2\/categories?post=169249"},{"taxonomy":"post_tag","embeddable":true,"href":"https:\/\/lavras.tv\/site\/wp-json\/wp\/v2\/tags?post=169249"}],"curies":[{"name":"wp","href":"https:\/\/api.w.org\/{rel}","templated":true}]}}