{"id":169258,"date":"2026-02-09T19:15:41","date_gmt":"2026-02-09T22:15:41","guid":{"rendered":"https:\/\/lavras.tv\/site\/?p=169258"},"modified":"2026-02-09T19:15:43","modified_gmt":"2026-02-09T22:15:43","slug":"pesquisa-da-ufla-desenvolve-sistemas-acessiveis-para-produtores-rurais-e-pessoas-com-deficiencia-visual","status":"publish","type":"post","link":"https:\/\/lavras.tv\/site\/2026\/02\/09\/pesquisa-da-ufla-desenvolve-sistemas-acessiveis-para-produtores-rurais-e-pessoas-com-deficiencia-visual\/","title":{"rendered":"Pesquisa da UFLA desenvolve sistemas acess\u00edveis para produtores rurais e pessoas com defici\u00eancia visual"},"content":{"rendered":"<div class=\"lavra-antes-do-conteudo_2\" id=\"lavra-4198817124\"><div id=\"lavra-slider-27\" class=\"custom-slider lavra-slider-443754726 lavra-slider\"><ul><li><div style=\"margin-left: auto;margin-right: auto;text-align: center;\" id=\"lavra-3661267561\"><a href=\"https:\/\/sistemas.lavras.mg.gov.br\/portalcidadao\/#df1b1a7c7b2a290bcb31e32771e610784662739a88807c0dacac58ede5f391a7530e299dc302d611ee73cb143fc22eaf93592e53e7b5bdb01b00a0b8d28dae460c141dd2ff83412e4dc1c31b16b25f33144a9e5620ea73b13f5bc1c59411d98439ad226e8af03840603796067d87afe130812cf3de24982d0e306f9e61e764e5\" aria-label=\"Lavras-TV&#8211;720x104px (1) (1)\"><img src=\"https:\/\/lavras.tv\/site\/wp-content\/uploads\/2025\/01\/Lavras-TV-720x104px-1-1.png\" alt=\"\"  srcset=\"https:\/\/lavras.tv\/site\/wp-content\/uploads\/2025\/01\/Lavras-TV-720x104px-1-1.png 720w, https:\/\/lavras.tv\/site\/wp-content\/uploads\/2025\/01\/Lavras-TV-720x104px-1-1-470x68.png 470w, https:\/\/lavras.tv\/site\/wp-content\/uploads\/2025\/01\/Lavras-TV-720x104px-1-1-170x25.png 170w, https:\/\/lavras.tv\/site\/wp-content\/uploads\/2025\/01\/Lavras-TV-720x104px-1-1-200x29.png 200w\" sizes=\"(max-width: 720px) 100vw, 720px\" width=\"720\" height=\"104\"  style=\"display: inline-block;\" \/><\/a><\/div><\/li><li><a href=\"https:\/\/sistemas.lavras.mg.gov.br\/portalcidadao\/#df1b1a7c7b2a290bcb31e32771e610784662739a88807c0dacac58ede5f391a7530e299dc302d611ee73cb143fc22eaf93592e53e7b5bdb01b00a0b8d28dae460c141dd2ff83412e4dc1c31b16b25f33144a9e5620ea73b13f5bc1c59411d98439ad226e8af03840603796067d87afe130812cf3de24982d0e306f9e61e764e5\" aria-label=\"Banner_Emprego_PortallavrasTV\"><img src=\"https:\/\/lavras.tv\/site\/wp-content\/uploads\/2025\/03\/Banner_Emprego_PortallavrasTV.png\" alt=\"\"  srcset=\"https:\/\/lavras.tv\/site\/wp-content\/uploads\/2025\/03\/Banner_Emprego_PortallavrasTV.png 720w, https:\/\/lavras.tv\/site\/wp-content\/uploads\/2025\/03\/Banner_Emprego_PortallavrasTV-470x68.png 470w, https:\/\/lavras.tv\/site\/wp-content\/uploads\/2025\/03\/Banner_Emprego_PortallavrasTV-170x25.png 170w, https:\/\/lavras.tv\/site\/wp-content\/uploads\/2025\/03\/Banner_Emprego_PortallavrasTV-200x29.png 200w\" sizes=\"(max-width: 720px) 100vw, 720px\" width=\"720\" height=\"104\"   \/><\/a><\/li><li><a href=\"https:\/\/sistemas.lavras.mg.gov.br\/portalcidadao\/#df1b1a7c7b2a290bcb31e32771e610784662739a88807c0dacac58ede5f391a7530e299dc302d611ee73cb143fc22eaf93592e53e7b5bdb01b00a0b8d28dae460c141dd2ff83412e4dc1c31b16b25f33144a9e5620ea73b13f5bc1c59411d98439ad226e8af03840603796067d87afe130812cf3de24982d0e306f9e61e764e5\" aria-label=\"Banner_Obras_PortallavrasTV\"><img src=\"https:\/\/lavras.tv\/site\/wp-content\/uploads\/2025\/03\/Banner_Obras_PortallavrasTV.png\" alt=\"\"  srcset=\"https:\/\/lavras.tv\/site\/wp-content\/uploads\/2025\/03\/Banner_Obras_PortallavrasTV.png 720w, https:\/\/lavras.tv\/site\/wp-content\/uploads\/2025\/03\/Banner_Obras_PortallavrasTV-470x68.png 470w, https:\/\/lavras.tv\/site\/wp-content\/uploads\/2025\/03\/Banner_Obras_PortallavrasTV-170x25.png 170w, https:\/\/lavras.tv\/site\/wp-content\/uploads\/2025\/03\/Banner_Obras_PortallavrasTV-200x29.png 200w\" sizes=\"(max-width: 720px) 100vw, 720px\" width=\"720\" height=\"104\"   \/><\/a><\/li><li><div style=\"margin-left: auto;margin-right: auto;text-align: center;\" id=\"lavra-916933654\"><a href=\"https:\/\/sistemas.lavras.mg.gov.br\/portalcidadao\/#df1b1a7c7b2a290bcb31e32771e610784662739a88807c0dacac58ede5f391a7530e299dc302d611ee73cb143fc22eaf93592e53e7b5bdb01b00a0b8d28dae460c141dd2ff83412e4dc1c31b16b25f33144a9e5620ea73b13f5bc1c59411d98439ad226e8af03840603796067d87afe130812cf3de24982d0e306f9e61e764e5\" aria-label=\"Banner_Educa\u00e7\u00e3o_PortallavrasTV\"><img src=\"https:\/\/lavras.tv\/site\/wp-content\/uploads\/2025\/01\/Banner_Educacao_PortallavrasTV.png\" alt=\"\"  srcset=\"https:\/\/lavras.tv\/site\/wp-content\/uploads\/2025\/01\/Banner_Educacao_PortallavrasTV.png 720w, https:\/\/lavras.tv\/site\/wp-content\/uploads\/2025\/01\/Banner_Educacao_PortallavrasTV-470x68.png 470w, https:\/\/lavras.tv\/site\/wp-content\/uploads\/2025\/01\/Banner_Educacao_PortallavrasTV-170x25.png 170w, https:\/\/lavras.tv\/site\/wp-content\/uploads\/2025\/01\/Banner_Educacao_PortallavrasTV-200x29.png 200w\" sizes=\"(max-width: 720px) 100vw, 720px\" width=\"720\" height=\"104\"  style=\"display: inline-block;\" \/><\/a><\/div><\/li><li><a href=\"https:\/\/sistemas.lavras.mg.gov.br\/portalcidadao\/#df1b1a7c7b2a290bcb31e32771e610784662739a88807c0dacac58ede5f391a7530e299dc302d611ee73cb143fc22eaf93592e53e7b5bdb01b00a0b8d28dae460c141dd2ff83412e4dc1c31b16b25f33144a9e5620ea73b13f5bc1c59411d98439ad226e8af03840603796067d87afe130812cf3de24982d0e306f9e61e764e5\" aria-label=\"Banner_Sa\u00fade_PortallavrasTV\"><img src=\"https:\/\/lavras.tv\/site\/wp-content\/uploads\/2025\/03\/Banner_Saude_PortallavrasTV.png\" alt=\"\"  srcset=\"https:\/\/lavras.tv\/site\/wp-content\/uploads\/2025\/03\/Banner_Saude_PortallavrasTV.png 720w, https:\/\/lavras.tv\/site\/wp-content\/uploads\/2025\/03\/Banner_Saude_PortallavrasTV-470x68.png 470w, https:\/\/lavras.tv\/site\/wp-content\/uploads\/2025\/03\/Banner_Saude_PortallavrasTV-170x25.png 170w, https:\/\/lavras.tv\/site\/wp-content\/uploads\/2025\/03\/Banner_Saude_PortallavrasTV-200x29.png 200w\" sizes=\"(max-width: 720px) 100vw, 720px\" width=\"720\" height=\"104\"   \/><\/a><\/li><li><div id=\"lavra-3997445077\" style=\"width:720px;height:104px;background-color:#ddd;overflow:scroll;\">\n\t<strong>Sa\u00edda da depura\u00e7\u00e3o de an\u00fancios<\/strong>\n\t<br><br>\n\tO an\u00fancio n\u00e3o \u00e9 exibido na p\u00e1gina<br><br>post atual: Pesquisa da UFLA desenvolve sistemas acess\u00edveis para produtores rurais e pessoas com defici\u00eancia visual, ID: 169258<br><br><span style=\"color: red;\">O post atual n\u00e3o \u00e9 id\u00eantico ao post principal.<\/span><br><br>An\u00fancios: ROXO - TOPO INTERNA - ROTATIVO 2 (197)<br \/>Grupo de an\u00fancios: Princ_Meio01_720x104 (27)<br><br>Condi\u00e7\u00f5es de exibi\u00e7\u00e3o<div style=\"margin-bottom: 20px; white-space: pre-wrap; font-family: monospace; width: 100%; background: #ffe9e9;\"><strong>condi\u00e7\u00f5es gerais<\/strong><table border=\"1\"><thead><tr><th><\/th><th>An\u00fancios<\/th><th>wp_the_query<\/th><\/tr><\/thead><tr><td>is_main_query<\/td><td>1<\/td><td>1<\/td><\/tr><tr><td>is_rest_api<\/td><td>0<\/td><td>1<\/td><\/tr><tr><td>page<\/td><td>0<\/td><td>1<\/td><\/tr><tr><td>numpages<\/td><td>0<\/td><td>1<\/td><\/tr><tr><td>is_archive<\/td><td>1<\/td><td><\/td><\/tr><tr><td>is_search<\/td><td>1<\/td><td><\/td><\/tr><tr><td>is_home<\/td><td>1<\/td><td><\/td><\/tr><tr><td>is_404<\/td><td>1<\/td><td><\/td><\/tr><tr><td>is_attachment<\/td><td>1<\/td><td><\/td><\/tr><tr><td>is_singular<\/td><td>1<\/td><td><\/td><\/tr><tr><td>is_front_page<\/td><td>1<\/td><td><\/td><\/tr><tr><td>is_feed<\/td><td>1<\/td><td><\/td><\/tr><\/table><\/div><br><br><span style=\"color: red;\">Seu site usa HTTPS, mas o c\u00f3digo do an\u00fancio cont\u00e9m HTTP e pode n\u00e3o funcionar.<\/span>\t<br><br>\n\t<a style=\"color: green;\" href=\"https:\/\/wpadvancedads.com\/manual\/ad-debug-mode\/?utm_source=advanced-ads&utm_medium=link&utm_campaign=ad-debug-mode\" target=\"_blank\" rel=\"nofollow\">Encontre solu\u00e7\u00f5es no manual<\/a>\n<\/div>\n<\/li><\/ul><\/div><script>( window.advanced_ads_ready || jQuery( document ).ready ).call( null, function() {var $lavraslider443754726 = jQuery( \".lavra-slider-443754726\" );$lavraslider443754726.on( \"unslider.ready\", function() { jQuery( \"div.custom-slider ul li\" ).css( \"display\", \"block\" ); });$lavraslider443754726.unslider({ delay:4000, autoplay:true, nav:false, arrows:false, infinite:true });$lavraslider443754726.on(\"mouseover\", function() {$lavraslider443754726.unslider(\"stop\");}).on(\"mouseout\", function() {$lavraslider443754726.unslider(\"start\");});});<\/script><\/div>\n<p><strong><em>Quando o site tamb\u00e9m aprende a enxergar<\/em><\/strong><\/p>\n\n\n\n<figure class=\"wp-block-image size-large is-resized\"><img fetchpriority=\"high\" decoding=\"async\" width=\"768\" height=\"1024\" src=\"https:\/\/lavras.tv\/site\/wp-content\/uploads\/2026\/02\/WhatsApp-Image-2026-02-09-at-16.06.13-768x1024.jpeg\" alt=\"\" class=\"wp-image-169259\" style=\"width:462px;height:auto\" srcset=\"https:\/\/lavras.tv\/site\/wp-content\/uploads\/2026\/02\/WhatsApp-Image-2026-02-09-at-16.06.13-768x1024.jpeg 768w, https:\/\/lavras.tv\/site\/wp-content\/uploads\/2026\/02\/WhatsApp-Image-2026-02-09-at-16.06.13-225x300.jpeg 225w, https:\/\/lavras.tv\/site\/wp-content\/uploads\/2026\/02\/WhatsApp-Image-2026-02-09-at-16.06.13-113x150.jpeg 113w, https:\/\/lavras.tv\/site\/wp-content\/uploads\/2026\/02\/WhatsApp-Image-2026-02-09-at-16.06.13-1152x1536.jpeg 1152w, https:\/\/lavras.tv\/site\/wp-content\/uploads\/2026\/02\/WhatsApp-Image-2026-02-09-at-16.06.13.jpeg 1200w\" sizes=\"(max-width: 768px) 100vw, 768px\" \/><\/figure>\n\n\n\n<p>Uma pesquisa desenvolvida no GEDAI \u2013 Laborat\u00f3rio de Processamento, Ci\u00eancia de Dados e Intelig\u00eancia Artificial, da Universidade Federal de Lavras (UFLA), est\u00e1 mudando a forma como sistemas p\u00fablicos s\u00e3o pensados e desenvolvidos em Minas Gerais. O projeto aposta na acessibilidade digital desde as primeiras linhas de c\u00f3digo, garantindo que pessoas cegas, com defici\u00eancia visual, idosos e produtores rurais consigam acessar servi\u00e7os essenciais com autonomia.<\/p>\n\n\n\n<figure class=\"wp-block-gallery has-nested-images columns-default is-cropped wp-block-gallery-1 is-layout-flex wp-block-gallery-is-layout-flex\">\n<figure class=\"wp-block-image size-large\"><img decoding=\"async\" width=\"970\" height=\"728\" data-id=\"169262\" src=\"https:\/\/lavras.tv\/site\/wp-content\/uploads\/2026\/02\/WhatsApp-Image-2026-02-09-at-16.06.13-1-970x728.jpeg\" alt=\"\" class=\"wp-image-169262\" srcset=\"https:\/\/lavras.tv\/site\/wp-content\/uploads\/2026\/02\/WhatsApp-Image-2026-02-09-at-16.06.13-1-970x728.jpeg 970w, https:\/\/lavras.tv\/site\/wp-content\/uploads\/2026\/02\/WhatsApp-Image-2026-02-09-at-16.06.13-1-400x300.jpeg 400w, https:\/\/lavras.tv\/site\/wp-content\/uploads\/2026\/02\/WhatsApp-Image-2026-02-09-at-16.06.13-1-170x128.jpeg 170w, https:\/\/lavras.tv\/site\/wp-content\/uploads\/2026\/02\/WhatsApp-Image-2026-02-09-at-16.06.13-1-1536x1152.jpeg 1536w, https:\/\/lavras.tv\/site\/wp-content\/uploads\/2026\/02\/WhatsApp-Image-2026-02-09-at-16.06.13-1.jpeg 1600w\" sizes=\"(max-width: 970px) 100vw, 970px\" \/><\/figure>\n\n\n\n<figure class=\"wp-block-image size-large\"><img decoding=\"async\" width=\"768\" height=\"1024\" data-id=\"169261\" src=\"https:\/\/lavras.tv\/site\/wp-content\/uploads\/2026\/02\/WhatsApp-Image-2026-02-09-at-16.06.13-2-768x1024.jpeg\" alt=\"\" class=\"wp-image-169261\" srcset=\"https:\/\/lavras.tv\/site\/wp-content\/uploads\/2026\/02\/WhatsApp-Image-2026-02-09-at-16.06.13-2-768x1024.jpeg 768w, https:\/\/lavras.tv\/site\/wp-content\/uploads\/2026\/02\/WhatsApp-Image-2026-02-09-at-16.06.13-2-225x300.jpeg 225w, https:\/\/lavras.tv\/site\/wp-content\/uploads\/2026\/02\/WhatsApp-Image-2026-02-09-at-16.06.13-2-113x150.jpeg 113w, https:\/\/lavras.tv\/site\/wp-content\/uploads\/2026\/02\/WhatsApp-Image-2026-02-09-at-16.06.13-2-1152x1536.jpeg 1152w, https:\/\/lavras.tv\/site\/wp-content\/uploads\/2026\/02\/WhatsApp-Image-2026-02-09-at-16.06.13-2.jpeg 1200w\" sizes=\"(max-width: 768px) 100vw, 768px\" \/><\/figure>\n\n\n\n<figure class=\"wp-block-image size-large\"><img loading=\"lazy\" decoding=\"async\" width=\"768\" height=\"1024\" data-id=\"169260\" src=\"https:\/\/lavras.tv\/site\/wp-content\/uploads\/2026\/02\/WhatsApp-Image-2026-02-09-at-16.06.13-3-768x1024.jpeg\" alt=\"\" class=\"wp-image-169260\" srcset=\"https:\/\/lavras.tv\/site\/wp-content\/uploads\/2026\/02\/WhatsApp-Image-2026-02-09-at-16.06.13-3-768x1024.jpeg 768w, https:\/\/lavras.tv\/site\/wp-content\/uploads\/2026\/02\/WhatsApp-Image-2026-02-09-at-16.06.13-3-225x300.jpeg 225w, https:\/\/lavras.tv\/site\/wp-content\/uploads\/2026\/02\/WhatsApp-Image-2026-02-09-at-16.06.13-3-113x150.jpeg 113w, https:\/\/lavras.tv\/site\/wp-content\/uploads\/2026\/02\/WhatsApp-Image-2026-02-09-at-16.06.13-3-1152x1536.jpeg 1152w, https:\/\/lavras.tv\/site\/wp-content\/uploads\/2026\/02\/WhatsApp-Image-2026-02-09-at-16.06.13-3.jpeg 1200w\" sizes=\"(max-width: 768px) 100vw, 768px\" \/><\/figure>\n<\/figure>\n\n\n\n<p>O trabalho foi apresentado durante um workshop realizado no s\u00e1bado, 7 de fevereiro, e integra um conv\u00eanio com o Instituto Mineiro de Agropecu\u00e1ria (IMA), \u00f3rg\u00e3o do Governo de Minas Gerais, com gest\u00e3o da Funda\u00e7\u00e3o de Desenvolvimento Cient\u00edfico e Cultural (FUNDECC). No \u00e2mbito do conv\u00eanio, est\u00e3o sendo desenvolvidos sistemas como o SIDAGRO e o GeoProcess, utilizados por produtores rurais, servidores p\u00fablicos e cidad\u00e3os em todo o estado.<\/p>\n\n\n\n<p>Diferentemente de abordagens tradicionais, a acessibilidade n\u00e3o aparece como corre\u00e7\u00e3o final, mas como requisito obrigat\u00f3rio do projeto. Durante o workshop, o estudante de Sistemas de Informa\u00e7\u00e3o Gabriel Aguiar Alves e Silva demonstrou que ajustes simples, como a descri\u00e7\u00e3o correta de imagens e campos de formul\u00e1rio, j\u00e1 s\u00e3o capazes de transformar completamente a experi\u00eancia de usu\u00e1rios que dependem de leitores de tela.<\/p>\n\n\n\n<p>\u201c\u00c9 o b\u00e1sico do b\u00e1sico, mas s\u00f3 isso j\u00e1 muda completamente a experi\u00eancia de quem usa\u201d, explicou o estudante.<\/p>\n\n\n\n<p>A desenvolvedora front-end do GEDAI, Esther Silva de Magalh\u00e3es, destacou que a maior barreira para a acessibilidade ainda \u00e9 cultural. \u201cMuitos sistemas deixam de ser acess\u00edveis n\u00e3o por falta de tecnologia, mas por n\u00e3o considerarem a diversidade de usu\u00e1rios\u201d, afirmou.<\/p>\n\n\n\n<p>Para J\u00falio C\u00e9sar Souza de Lima, desenvolvedor s\u00eanior e tech lead da FUNDECC, o projeto representa uma mudan\u00e7a estrutural na forma de desenvolver software. \u201cNormalmente, a acessibilidade \u00e9 pensada no final. Aqui, ela faz parte da entrega obrigat\u00f3ria\u201d, ressaltou. O conv\u00eanio tem dura\u00e7\u00e3o de tr\u00eas anos, de 2024 a 2027, e prev\u00ea que todos os sistemas atendam \u00e0s normas e legisla\u00e7\u00f5es de acessibilidade vigentes.<\/p>\n\n\n\n<p>O impacto da pesquisa vai al\u00e9m da universidade. Segundo o professor Andr\u00e9 Pimenta Freire, do Departamento de Ci\u00eancia da Computa\u00e7\u00e3o da UFLA, os sistemas desenvolvidos ser\u00e3o usados diariamente por produtores rurais, comerciantes e servidores p\u00fablicos. \u201cO IMA presta servi\u00e7os essenciais \u00e0 sociedade, e seus sistemas precisam estar preparados para atender diferentes realidades\u201d, explicou.<\/p>\n\n\n\n<p>Felipe Fortes Braz, doutor em F\u00edsica, pessoa cega e t\u00e9cnico em regula\u00e7\u00e3o da CEMIG, destacou a import\u00e2ncia da iniciativa. \u201cQuando um sistema \u00e9 genuinamente acess\u00edvel, ele nos traz autonomia, confian\u00e7a e condi\u00e7\u00f5es reais de trabalho\u201d, afirmou.<\/p>\n\n\n\n<p>Ao unir ci\u00eancia de dados, intelig\u00eancia artificial e desenvolvimento de software, a pesquisa refor\u00e7a o papel da universidade p\u00fablica na constru\u00e7\u00e3o de solu\u00e7\u00f5es que ampliam o acesso a direitos e servi\u00e7os. Mais do que cumprir normas, o projeto mostra que tecnologia de qualidade \u00e9 aquela que funciona para todos.<\/p>\n\n\n\n<figure class=\"wp-block-gallery has-nested-images columns-default is-cropped wp-block-gallery-2 is-layout-flex wp-block-gallery-is-layout-flex\">\n<figure class=\"wp-block-image size-large\"><img loading=\"lazy\" decoding=\"async\" width=\"970\" height=\"728\" data-id=\"169264\" src=\"https:\/\/lavras.tv\/site\/wp-content\/uploads\/2026\/02\/WhatsApp-Image-2026-02-09-at-16.06.14-970x728.jpeg\" alt=\"\" class=\"wp-image-169264\" srcset=\"https:\/\/lavras.tv\/site\/wp-content\/uploads\/2026\/02\/WhatsApp-Image-2026-02-09-at-16.06.14-970x728.jpeg 970w, https:\/\/lavras.tv\/site\/wp-content\/uploads\/2026\/02\/WhatsApp-Image-2026-02-09-at-16.06.14-400x300.jpeg 400w, https:\/\/lavras.tv\/site\/wp-content\/uploads\/2026\/02\/WhatsApp-Image-2026-02-09-at-16.06.14-170x128.jpeg 170w, https:\/\/lavras.tv\/site\/wp-content\/uploads\/2026\/02\/WhatsApp-Image-2026-02-09-at-16.06.14-1536x1152.jpeg 1536w, https:\/\/lavras.tv\/site\/wp-content\/uploads\/2026\/02\/WhatsApp-Image-2026-02-09-at-16.06.14.jpeg 1600w\" sizes=\"(max-width: 970px) 100vw, 970px\" \/><\/figure>\n\n\n\n<figure class=\"wp-block-image size-large\"><img loading=\"lazy\" decoding=\"async\" width=\"970\" height=\"728\" data-id=\"169263\" src=\"https:\/\/lavras.tv\/site\/wp-content\/uploads\/2026\/02\/WhatsApp-Image-2026-02-09-at-16.06.14-1-970x728.jpeg\" alt=\"\" class=\"wp-image-169263\" srcset=\"https:\/\/lavras.tv\/site\/wp-content\/uploads\/2026\/02\/WhatsApp-Image-2026-02-09-at-16.06.14-1-970x728.jpeg 970w, https:\/\/lavras.tv\/site\/wp-content\/uploads\/2026\/02\/WhatsApp-Image-2026-02-09-at-16.06.14-1-400x300.jpeg 400w, https:\/\/lavras.tv\/site\/wp-content\/uploads\/2026\/02\/WhatsApp-Image-2026-02-09-at-16.06.14-1-170x128.jpeg 170w, https:\/\/lavras.tv\/site\/wp-content\/uploads\/2026\/02\/WhatsApp-Image-2026-02-09-at-16.06.14-1-1536x1152.jpeg 1536w, https:\/\/lavras.tv\/site\/wp-content\/uploads\/2026\/02\/WhatsApp-Image-2026-02-09-at-16.06.14-1.jpeg 1600w\" sizes=\"(max-width: 970px) 100vw, 970px\" \/><\/figure>\n\n\n\n<figure class=\"wp-block-image size-large\"><img loading=\"lazy\" decoding=\"async\" width=\"768\" height=\"1024\" data-id=\"169265\" src=\"https:\/\/lavras.tv\/site\/wp-content\/uploads\/2026\/02\/WhatsApp-Image-2026-02-09-at-16.06.14-2-768x1024.jpeg\" alt=\"\" class=\"wp-image-169265\" srcset=\"https:\/\/lavras.tv\/site\/wp-content\/uploads\/2026\/02\/WhatsApp-Image-2026-02-09-at-16.06.14-2-768x1024.jpeg 768w, https:\/\/lavras.tv\/site\/wp-content\/uploads\/2026\/02\/WhatsApp-Image-2026-02-09-at-16.06.14-2-225x300.jpeg 225w, https:\/\/lavras.tv\/site\/wp-content\/uploads\/2026\/02\/WhatsApp-Image-2026-02-09-at-16.06.14-2-113x150.jpeg 113w, https:\/\/lavras.tv\/site\/wp-content\/uploads\/2026\/02\/WhatsApp-Image-2026-02-09-at-16.06.14-2-1152x1536.jpeg 1152w, https:\/\/lavras.tv\/site\/wp-content\/uploads\/2026\/02\/WhatsApp-Image-2026-02-09-at-16.06.14-2.jpeg 1200w\" sizes=\"(max-width: 768px) 100vw, 768px\" \/><\/figure>\n<\/figure>\n","protected":false},"excerpt":{"rendered":"<p>Quando o site tamb\u00e9m aprende a enxergar Uma pesquisa desenvolvida no GEDAI \u2013 Laborat\u00f3rio de Processamento, Ci\u00eancia de Dados e Intelig\u00eancia Artificial, da Universidade Federal de Lavras (UFLA), est\u00e1 mudando a forma como sistemas p\u00fablicos s\u00e3o pensados e desenvolvidos em Minas Gerais. O projeto aposta na acessibilidade digital desde as primeiras linhas de c\u00f3digo, garantindo [&hellip;]<\/p>\n","protected":false},"author":5,"featured_media":169259,"comment_status":"closed","ping_status":"open","sticky":false,"template":"","format":"standard","meta":{"advgb_blocks_editor_width":"","advgb_blocks_columns_visual_guide":"","_exactmetrics_skip_tracking":false,"_exactmetrics_sitenote_active":false,"_exactmetrics_sitenote_note":"","_exactmetrics_sitenote_category":0,"footnotes":""},"categories":[17,2],"tags":[],"class_list":["post-169258","post","type-post","status-publish","format-standard","has-post-thumbnail","hentry","category-jornal-cidade","category-noticias"],"better_featured_image":{"id":169259,"alt_text":"","caption":"","description":"","media_type":"image","media_details":{"width":1200,"height":1600,"file":"2026\/02\/WhatsApp-Image-2026-02-09-at-16.06.13.jpeg","filesize":411381,"sizes":{"medium":{"file":"WhatsApp-Image-2026-02-09-at-16.06.13-225x300.jpeg","width":225,"height":300,"mime-type":"image\/jpeg","filesize":12664,"source_url":"https:\/\/lavras.tv\/site\/wp-content\/uploads\/2026\/02\/WhatsApp-Image-2026-02-09-at-16.06.13-225x300.jpeg"},"large":{"file":"WhatsApp-Image-2026-02-09-at-16.06.13-768x1024.jpeg","width":768,"height":1024,"mime-type":"image\/jpeg","filesize":97077,"source_url":"https:\/\/lavras.tv\/site\/wp-content\/uploads\/2026\/02\/WhatsApp-Image-2026-02-09-at-16.06.13-768x1024.jpeg"},"thumbnail":{"file":"WhatsApp-Image-2026-02-09-at-16.06.13-113x150.jpeg","width":113,"height":150,"mime-type":"image\/jpeg","filesize":4663,"source_url":"https:\/\/lavras.tv\/site\/wp-content\/uploads\/2026\/02\/WhatsApp-Image-2026-02-09-at-16.06.13-113x150.jpeg"},"1536x1536":{"file":"WhatsApp-Image-2026-02-09-at-16.06.13-1152x1536.jpeg","width":1152,"height":1536,"mime-type":"image\/jpeg","filesize":204831,"source_url":"https:\/\/lavras.tv\/site\/wp-content\/uploads\/2026\/02\/WhatsApp-Image-2026-02-09-at-16.06.13-1152x1536.jpeg"},"alm-thumbnail":{"file":"WhatsApp-Image-2026-02-09-at-16.06.13-150x150.jpeg","width":150,"height":150,"mime-type":"image\/jpeg","filesize":5595,"source_url":"https:\/\/lavras.tv\/site\/wp-content\/uploads\/2026\/02\/WhatsApp-Image-2026-02-09-at-16.06.13-150x150.jpeg"},"sow-carousel-default":{"file":"WhatsApp-Image-2026-02-09-at-16.06.13-272x182.jpeg","width":272,"height":182,"mime-type":"image\/jpeg","filesize":9515,"source_url":"https:\/\/lavras.tv\/site\/wp-content\/uploads\/2026\/02\/WhatsApp-Image-2026-02-09-at-16.06.13-272x182.jpeg"}},"image_meta":{"aperture":"0","credit":"","camera":"","caption":"","created_timestamp":"0","copyright":"","focal_length":"0","iso":"0","shutter_speed":"0","title":"","orientation":"0","keywords":[]}},"post":169258,"source_url":"https:\/\/lavras.tv\/site\/wp-content\/uploads\/2026\/02\/WhatsApp-Image-2026-02-09-at-16.06.13.jpeg"},"author_meta":{"display_name":"Vinicius Bustamante","author_link":"https:\/\/lavras.tv\/site\/author\/vinicius-bustamante\/"},"featured_img":"https:\/\/lavras.tv\/site\/wp-content\/uploads\/2026\/02\/WhatsApp-Image-2026-02-09-at-16.06.13-225x300.jpeg","coauthors":[],"tax_additional":{"categories":{"linked":["<a href=\"https:\/\/lavras.tv\/site\/category\/sem-categoria\/jornal-cidade\/\" class=\"advgb-post-tax-term\">DESTAQUE PRINCIPAL<\/a>","<a href=\"https:\/\/lavras.tv\/site\/category\/noticias\/\" class=\"advgb-post-tax-term\">Not\u00edcias<\/a>"],"unlinked":["<span class=\"advgb-post-tax-term\">DESTAQUE PRINCIPAL<\/span>","<span class=\"advgb-post-tax-term\">Not\u00edcias<\/span>"]}},"comment_count":"0","relative_dates":{"created":"Publicado 3 meses atr\u00e1s","modified":"Atualizado 3 meses atr\u00e1s"},"absolute_dates":{"created":"Publicado em 9 de fevereiro de 2026","modified":"Atualizado em 9 de fevereiro de 2026"},"absolute_dates_time":{"created":"Publicado em 9 de fevereiro de 2026 19:15","modified":"Atualizado em 9 de fevereiro de 2026 19:15"},"featured_img_caption":"","series_order":"","_links":{"self":[{"href":"https:\/\/lavras.tv\/site\/wp-json\/wp\/v2\/posts\/169258","targetHints":{"allow":["GET"]}}],"collection":[{"href":"https:\/\/lavras.tv\/site\/wp-json\/wp\/v2\/posts"}],"about":[{"href":"https:\/\/lavras.tv\/site\/wp-json\/wp\/v2\/types\/post"}],"author":[{"embeddable":true,"href":"https:\/\/lavras.tv\/site\/wp-json\/wp\/v2\/users\/5"}],"replies":[{"embeddable":true,"href":"https:\/\/lavras.tv\/site\/wp-json\/wp\/v2\/comments?post=169258"}],"version-history":[{"count":1,"href":"https:\/\/lavras.tv\/site\/wp-json\/wp\/v2\/posts\/169258\/revisions"}],"predecessor-version":[{"id":169266,"href":"https:\/\/lavras.tv\/site\/wp-json\/wp\/v2\/posts\/169258\/revisions\/169266"}],"wp:featuredmedia":[{"embeddable":true,"href":"https:\/\/lavras.tv\/site\/wp-json\/wp\/v2\/media\/169259"}],"wp:attachment":[{"href":"https:\/\/lavras.tv\/site\/wp-json\/wp\/v2\/media?parent=169258"}],"wp:term":[{"taxonomy":"category","embeddable":true,"href":"https:\/\/lavras.tv\/site\/wp-json\/wp\/v2\/categories?post=169258"},{"taxonomy":"post_tag","embeddable":true,"href":"https:\/\/lavras.tv\/site\/wp-json\/wp\/v2\/tags?post=169258"}],"curies":[{"name":"wp","href":"https:\/\/api.w.org\/{rel}","templated":true}]}}