{"id":169270,"date":"2026-02-09T19:22:34","date_gmt":"2026-02-09T22:22:34","guid":{"rendered":"https:\/\/lavras.tv\/site\/?p=169270"},"modified":"2026-02-09T19:22:36","modified_gmt":"2026-02-09T22:22:36","slug":"pec-que-pode-extinguir-escala-6x1-comeca-a-tramitar-na-camara","status":"publish","type":"post","link":"https:\/\/lavras.tv\/site\/2026\/02\/09\/pec-que-pode-extinguir-escala-6x1-comeca-a-tramitar-na-camara\/","title":{"rendered":"PEC que pode extinguir escala 6&#215;1 come\u00e7a a tramitar na C\u00e2mara"},"content":{"rendered":"<div class=\"lavra-antes-do-conteudo_2\" id=\"lavra-3670017403\"><div id=\"lavra-slider-27\" class=\"custom-slider lavra-slider-3389889733 lavra-slider\"><ul><li><div style=\"margin-left: auto;margin-right: auto;text-align: center;\" id=\"lavra-1665913026\"><a href=\"https:\/\/sistemas.lavras.mg.gov.br\/portalcidadao\/#df1b1a7c7b2a290bcb31e32771e610784662739a88807c0dacac58ede5f391a7530e299dc302d611ee73cb143fc22eaf93592e53e7b5bdb01b00a0b8d28dae460c141dd2ff83412e4dc1c31b16b25f33144a9e5620ea73b13f5bc1c59411d98439ad226e8af03840603796067d87afe130812cf3de24982d0e306f9e61e764e5\" aria-label=\"Lavras-TV&#8211;720x104px (1) (1)\"><img src=\"https:\/\/lavras.tv\/site\/wp-content\/uploads\/2025\/01\/Lavras-TV-720x104px-1-1.png\" alt=\"\"  srcset=\"https:\/\/lavras.tv\/site\/wp-content\/uploads\/2025\/01\/Lavras-TV-720x104px-1-1.png 720w, https:\/\/lavras.tv\/site\/wp-content\/uploads\/2025\/01\/Lavras-TV-720x104px-1-1-470x68.png 470w, https:\/\/lavras.tv\/site\/wp-content\/uploads\/2025\/01\/Lavras-TV-720x104px-1-1-170x25.png 170w, https:\/\/lavras.tv\/site\/wp-content\/uploads\/2025\/01\/Lavras-TV-720x104px-1-1-200x29.png 200w\" sizes=\"(max-width: 720px) 100vw, 720px\" width=\"720\" height=\"104\"  style=\"display: inline-block;\" \/><\/a><\/div><\/li><li><a href=\"https:\/\/sistemas.lavras.mg.gov.br\/portalcidadao\/#df1b1a7c7b2a290bcb31e32771e610784662739a88807c0dacac58ede5f391a7530e299dc302d611ee73cb143fc22eaf93592e53e7b5bdb01b00a0b8d28dae460c141dd2ff83412e4dc1c31b16b25f33144a9e5620ea73b13f5bc1c59411d98439ad226e8af03840603796067d87afe130812cf3de24982d0e306f9e61e764e5\" aria-label=\"Banner_Emprego_PortallavrasTV\"><img src=\"https:\/\/lavras.tv\/site\/wp-content\/uploads\/2025\/03\/Banner_Emprego_PortallavrasTV.png\" alt=\"\"  srcset=\"https:\/\/lavras.tv\/site\/wp-content\/uploads\/2025\/03\/Banner_Emprego_PortallavrasTV.png 720w, https:\/\/lavras.tv\/site\/wp-content\/uploads\/2025\/03\/Banner_Emprego_PortallavrasTV-470x68.png 470w, https:\/\/lavras.tv\/site\/wp-content\/uploads\/2025\/03\/Banner_Emprego_PortallavrasTV-170x25.png 170w, https:\/\/lavras.tv\/site\/wp-content\/uploads\/2025\/03\/Banner_Emprego_PortallavrasTV-200x29.png 200w\" sizes=\"(max-width: 720px) 100vw, 720px\" width=\"720\" height=\"104\"   \/><\/a><\/li><li><a href=\"https:\/\/sistemas.lavras.mg.gov.br\/portalcidadao\/#df1b1a7c7b2a290bcb31e32771e610784662739a88807c0dacac58ede5f391a7530e299dc302d611ee73cb143fc22eaf93592e53e7b5bdb01b00a0b8d28dae460c141dd2ff83412e4dc1c31b16b25f33144a9e5620ea73b13f5bc1c59411d98439ad226e8af03840603796067d87afe130812cf3de24982d0e306f9e61e764e5\" aria-label=\"Banner_Obras_PortallavrasTV\"><img src=\"https:\/\/lavras.tv\/site\/wp-content\/uploads\/2025\/03\/Banner_Obras_PortallavrasTV.png\" alt=\"\"  srcset=\"https:\/\/lavras.tv\/site\/wp-content\/uploads\/2025\/03\/Banner_Obras_PortallavrasTV.png 720w, https:\/\/lavras.tv\/site\/wp-content\/uploads\/2025\/03\/Banner_Obras_PortallavrasTV-470x68.png 470w, https:\/\/lavras.tv\/site\/wp-content\/uploads\/2025\/03\/Banner_Obras_PortallavrasTV-170x25.png 170w, https:\/\/lavras.tv\/site\/wp-content\/uploads\/2025\/03\/Banner_Obras_PortallavrasTV-200x29.png 200w\" sizes=\"(max-width: 720px) 100vw, 720px\" width=\"720\" height=\"104\"   \/><\/a><\/li><li><div style=\"margin-left: auto;margin-right: auto;text-align: center;\" id=\"lavra-1309889978\"><a href=\"https:\/\/sistemas.lavras.mg.gov.br\/portalcidadao\/#df1b1a7c7b2a290bcb31e32771e610784662739a88807c0dacac58ede5f391a7530e299dc302d611ee73cb143fc22eaf93592e53e7b5bdb01b00a0b8d28dae460c141dd2ff83412e4dc1c31b16b25f33144a9e5620ea73b13f5bc1c59411d98439ad226e8af03840603796067d87afe130812cf3de24982d0e306f9e61e764e5\" aria-label=\"Banner_Educa\u00e7\u00e3o_PortallavrasTV\"><img src=\"https:\/\/lavras.tv\/site\/wp-content\/uploads\/2025\/01\/Banner_Educacao_PortallavrasTV.png\" alt=\"\"  srcset=\"https:\/\/lavras.tv\/site\/wp-content\/uploads\/2025\/01\/Banner_Educacao_PortallavrasTV.png 720w, https:\/\/lavras.tv\/site\/wp-content\/uploads\/2025\/01\/Banner_Educacao_PortallavrasTV-470x68.png 470w, https:\/\/lavras.tv\/site\/wp-content\/uploads\/2025\/01\/Banner_Educacao_PortallavrasTV-170x25.png 170w, https:\/\/lavras.tv\/site\/wp-content\/uploads\/2025\/01\/Banner_Educacao_PortallavrasTV-200x29.png 200w\" sizes=\"(max-width: 720px) 100vw, 720px\" width=\"720\" height=\"104\"  style=\"display: inline-block;\" \/><\/a><\/div><\/li><li><a href=\"https:\/\/sistemas.lavras.mg.gov.br\/portalcidadao\/#df1b1a7c7b2a290bcb31e32771e610784662739a88807c0dacac58ede5f391a7530e299dc302d611ee73cb143fc22eaf93592e53e7b5bdb01b00a0b8d28dae460c141dd2ff83412e4dc1c31b16b25f33144a9e5620ea73b13f5bc1c59411d98439ad226e8af03840603796067d87afe130812cf3de24982d0e306f9e61e764e5\" aria-label=\"Banner_Sa\u00fade_PortallavrasTV\"><img src=\"https:\/\/lavras.tv\/site\/wp-content\/uploads\/2025\/03\/Banner_Saude_PortallavrasTV.png\" alt=\"\"  srcset=\"https:\/\/lavras.tv\/site\/wp-content\/uploads\/2025\/03\/Banner_Saude_PortallavrasTV.png 720w, https:\/\/lavras.tv\/site\/wp-content\/uploads\/2025\/03\/Banner_Saude_PortallavrasTV-470x68.png 470w, https:\/\/lavras.tv\/site\/wp-content\/uploads\/2025\/03\/Banner_Saude_PortallavrasTV-170x25.png 170w, https:\/\/lavras.tv\/site\/wp-content\/uploads\/2025\/03\/Banner_Saude_PortallavrasTV-200x29.png 200w\" sizes=\"(max-width: 720px) 100vw, 720px\" width=\"720\" height=\"104\"   \/><\/a><\/li><li><div id=\"lavra-2062887117\" style=\"width:720px;height:104px;background-color:#ddd;overflow:scroll;\">\n\t<strong>Sa\u00edda da depura\u00e7\u00e3o de an\u00fancios<\/strong>\n\t<br><br>\n\tO an\u00fancio n\u00e3o \u00e9 exibido na p\u00e1gina<br><br>post atual: PEC que pode extinguir escala 6x1 come\u00e7a a tramitar na C\u00e2mara, ID: 169270<br><br><span style=\"color: red;\">O post atual n\u00e3o \u00e9 id\u00eantico ao post principal.<\/span><br><br>An\u00fancios: ROXO - TOPO INTERNA - ROTATIVO 2 (197)<br \/>Grupo de an\u00fancios: Princ_Meio01_720x104 (27)<br><br>Condi\u00e7\u00f5es de exibi\u00e7\u00e3o<div style=\"margin-bottom: 20px; white-space: pre-wrap; font-family: monospace; width: 100%; background: #ffe9e9;\"><strong>condi\u00e7\u00f5es gerais<\/strong><table border=\"1\"><thead><tr><th><\/th><th>An\u00fancios<\/th><th>wp_the_query<\/th><\/tr><\/thead><tr><td>is_main_query<\/td><td>1<\/td><td>1<\/td><\/tr><tr><td>is_rest_api<\/td><td>0<\/td><td>1<\/td><\/tr><tr><td>page<\/td><td>0<\/td><td>1<\/td><\/tr><tr><td>numpages<\/td><td>0<\/td><td>1<\/td><\/tr><tr><td>is_archive<\/td><td>1<\/td><td><\/td><\/tr><tr><td>is_search<\/td><td>1<\/td><td><\/td><\/tr><tr><td>is_home<\/td><td>1<\/td><td><\/td><\/tr><tr><td>is_404<\/td><td>1<\/td><td><\/td><\/tr><tr><td>is_attachment<\/td><td>1<\/td><td><\/td><\/tr><tr><td>is_singular<\/td><td>1<\/td><td><\/td><\/tr><tr><td>is_front_page<\/td><td>1<\/td><td><\/td><\/tr><tr><td>is_feed<\/td><td>1<\/td><td><\/td><\/tr><\/table><\/div><br><br><span style=\"color: red;\">Seu site usa HTTPS, mas o c\u00f3digo do an\u00fancio cont\u00e9m HTTP e pode n\u00e3o funcionar.<\/span>\t<br><br>\n\t<a style=\"color: green;\" href=\"https:\/\/wpadvancedads.com\/manual\/ad-debug-mode\/?utm_source=advanced-ads&utm_medium=link&utm_campaign=ad-debug-mode\" target=\"_blank\" rel=\"nofollow\">Encontre solu\u00e7\u00f5es no manual<\/a>\n<\/div>\n<\/li><\/ul><\/div><script>( window.advanced_ads_ready || jQuery( document ).ready ).call( null, function() {var $lavraslider3389889733 = jQuery( \".lavra-slider-3389889733\" );$lavraslider3389889733.on( \"unslider.ready\", function() { jQuery( \"div.custom-slider ul li\" ).css( \"display\", \"block\" ); });$lavraslider3389889733.unslider({ delay:4000, autoplay:true, nav:false, arrows:false, infinite:true });$lavraslider3389889733.on(\"mouseover\", function() {$lavraslider3389889733.unslider(\"stop\");}).on(\"mouseout\", function() {$lavraslider3389889733.unslider(\"start\");});});<\/script><\/div>\n<h2 class=\"wp-block-heading\">Texto trata da redu\u00e7\u00e3o da jornada de trabalho foi encaminhado nesta segunda-feira (9) a Comiss\u00e3o de Constitui\u00e7\u00e3o e Justi\u00e7a pelo presidente da Casa, Hugo Motta (Republicanos-PB)<\/h2>\n\n\n\n<figure class=\"wp-block-image\"><img decoding=\"async\" src=\"https:\/\/medias.itatiaia.com.br\/dims4\/default\/1672320\/2147483647\/strip\/true\/crop\/1984x1117+0+53\/resize\/1000x563!\/quality\/90\/?url=https%3A%2F%2Fk2-prod-radio-itatiaia.s3.us-east-1.amazonaws.com%2Fbrightspot%2F34%2F9c%2Fdc8d8e1986adcd90ba491af24a75%2Fhugo-motta-12-02-2020d75cc8a-42e2-4eaf-836a-09876f5a4a3c.jpg\" alt=\"C\u00e2mara d\u00e1 primeiro passo para discutir fim da escala 6x1\"\/><\/figure>\n\n\n\n<p>C\u00e2mara dos Deputados<\/p>\n\n\n\n<p>C\u00e2mara d\u00e1 primeiro passo para discutir fim da escala 6&#215;1<\/p>\n\n\n\n<p><\/p>\n\n\n\n<p>O presidente da C\u00e2mara dos Deputados, Hugo Motta (Republicanos-PB), encaminhou nesta segunda-feira (9) \u00e0\u00a0<strong>Comiss\u00e3o de Constitui\u00e7\u00e3o e Justi\u00e7a (CCJ)<\/strong>\u00a0a proposta de emenda \u00e0 Constitui\u00e7\u00e3o que trata da\u00a0<a href=\"https:\/\/www.itatiaia.com.br\/emprego-e-concursos\/lula-pede-prioridade-para-fim-da-escala-6x1-e-regulacao-de-trabalho-por-aplicativos\"><strong>redu\u00e7\u00e3o da jornada de trabalho e do fim da escala 6&#215;1.<\/strong><\/a><\/p>\n\n\n\n<p>O texto unifica duas PECs apresentadas por&nbsp;<strong>\u00c9rika Hilton (PSOL-SP) e Reginaldo Lopes (PT-MG).<\/strong>&nbsp;As propostas defendem mudan\u00e7as no modelo atual de organiza\u00e7\u00e3o da jornada semanal, especialmente em setores que adotam seis dias consecutivos de trabalho para um de descanso.<\/p>\n\n\n\n<p>Em nota, Motta afirmou que o tema exige cautela. \u201c\u00c9 uma pauta hist\u00f3rica da classe trabalhadora, que precisa ser debatida com responsabilidade, ouvindo todos os setores e considerando os impactos na economia\u201d, declarou.<\/p>\n\n\n\n<p>A an\u00e1lise come\u00e7a pela admissibilidade na CCJ, etapa em que os deputados avaliam se o texto est\u00e1 de acordo com a Constitui\u00e7\u00e3o. Caso avance, a proposta seguir\u00e1 para uma comiss\u00e3o especial, onde o m\u00e9rito ser\u00e1 discutido. Nessa fase, podem ser realizadas audi\u00eancias p\u00fablicas e apresentadas emendas ao texto.<\/p>\n\n\n\n<p>Para ser aprovada, a PEC precisa do apoio de ao menos tr\u00eas quintos dos deputados, em dois turnos de vota\u00e7\u00e3o no plen\u00e1rio da C\u00e2mara.<\/p>\n","protected":false},"excerpt":{"rendered":"<p>Texto trata da redu\u00e7\u00e3o da jornada de trabalho foi encaminhado nesta segunda-feira (9) a Comiss\u00e3o de Constitui\u00e7\u00e3o e Justi\u00e7a pelo presidente da Casa, Hugo Motta (Republicanos-PB) C\u00e2mara dos Deputados C\u00e2mara d\u00e1 primeiro passo para discutir fim da escala 6&#215;1 O presidente da C\u00e2mara dos Deputados, Hugo Motta (Republicanos-PB), encaminhou nesta segunda-feira (9) \u00e0\u00a0Comiss\u00e3o de Constitui\u00e7\u00e3o [&hellip;]<\/p>\n","protected":false},"author":5,"featured_media":169271,"comment_status":"closed","ping_status":"open","sticky":false,"template":"","format":"standard","meta":{"advgb_blocks_editor_width":"","advgb_blocks_columns_visual_guide":"","_exactmetrics_skip_tracking":false,"_exactmetrics_sitenote_active":false,"_exactmetrics_sitenote_note":"","_exactmetrics_sitenote_category":0,"footnotes":""},"categories":[7,2],"tags":[],"class_list":["post-169270","post","type-post","status-publish","format-standard","has-post-thumbnail","hentry","category-destaques","category-noticias"],"better_featured_image":{"id":169271,"alt_text":"","caption":"","description":"","media_type":"image","media_details":{"width":1000,"height":563,"file":"2026\/02\/download-1.webp","filesize":30350,"sizes":{"medium":{"file":"download-1-470x265.webp","width":470,"height":265,"mime-type":"image\/webp","filesize":12806,"source_url":"https:\/\/lavras.tv\/site\/wp-content\/uploads\/2026\/02\/download-1-470x265.webp"},"large":{"file":"download-1-970x546.webp","width":970,"height":546,"mime-type":"image\/webp","filesize":29646,"source_url":"https:\/\/lavras.tv\/site\/wp-content\/uploads\/2026\/02\/download-1-970x546.webp"},"thumbnail":{"file":"download-1-170x96.webp","width":170,"height":96,"mime-type":"image\/webp","filesize":3810,"source_url":"https:\/\/lavras.tv\/site\/wp-content\/uploads\/2026\/02\/download-1-170x96.webp"},"alm-thumbnail":{"file":"download-1-150x150.webp","width":150,"height":150,"mime-type":"image\/webp","filesize":4486,"source_url":"https:\/\/lavras.tv\/site\/wp-content\/uploads\/2026\/02\/download-1-150x150.webp"},"sow-carousel-default":{"file":"download-1-272x182.webp","width":272,"height":182,"mime-type":"image\/webp","filesize":7310,"source_url":"https:\/\/lavras.tv\/site\/wp-content\/uploads\/2026\/02\/download-1-272x182.webp"}},"image_meta":{"aperture":"0","credit":"","camera":"","caption":"","created_timestamp":"0","copyright":"","focal_length":"0","iso":"0","shutter_speed":"0","title":"","orientation":"0","keywords":[]}},"post":169270,"source_url":"https:\/\/lavras.tv\/site\/wp-content\/uploads\/2026\/02\/download-1.webp"},"author_meta":{"display_name":"Vinicius Bustamante","author_link":"https:\/\/lavras.tv\/site\/author\/vinicius-bustamante\/"},"featured_img":"https:\/\/lavras.tv\/site\/wp-content\/uploads\/2026\/02\/download-1-470x265.webp","coauthors":[],"tax_additional":{"categories":{"linked":["<a href=\"https:\/\/lavras.tv\/site\/category\/destaques\/\" class=\"advgb-post-tax-term\">Destaques<\/a>","<a href=\"https:\/\/lavras.tv\/site\/category\/noticias\/\" class=\"advgb-post-tax-term\">Not\u00edcias<\/a>"],"unlinked":["<span class=\"advgb-post-tax-term\">Destaques<\/span>","<span class=\"advgb-post-tax-term\">Not\u00edcias<\/span>"]}},"comment_count":"0","relative_dates":{"created":"Publicado 3 meses atr\u00e1s","modified":"Atualizado 3 meses atr\u00e1s"},"absolute_dates":{"created":"Publicado em 9 de fevereiro de 2026","modified":"Atualizado em 9 de fevereiro de 2026"},"absolute_dates_time":{"created":"Publicado em 9 de fevereiro de 2026 19:22","modified":"Atualizado em 9 de fevereiro de 2026 19:22"},"featured_img_caption":"","series_order":"","_links":{"self":[{"href":"https:\/\/lavras.tv\/site\/wp-json\/wp\/v2\/posts\/169270","targetHints":{"allow":["GET"]}}],"collection":[{"href":"https:\/\/lavras.tv\/site\/wp-json\/wp\/v2\/posts"}],"about":[{"href":"https:\/\/lavras.tv\/site\/wp-json\/wp\/v2\/types\/post"}],"author":[{"embeddable":true,"href":"https:\/\/lavras.tv\/site\/wp-json\/wp\/v2\/users\/5"}],"replies":[{"embeddable":true,"href":"https:\/\/lavras.tv\/site\/wp-json\/wp\/v2\/comments?post=169270"}],"version-history":[{"count":1,"href":"https:\/\/lavras.tv\/site\/wp-json\/wp\/v2\/posts\/169270\/revisions"}],"predecessor-version":[{"id":169272,"href":"https:\/\/lavras.tv\/site\/wp-json\/wp\/v2\/posts\/169270\/revisions\/169272"}],"wp:featuredmedia":[{"embeddable":true,"href":"https:\/\/lavras.tv\/site\/wp-json\/wp\/v2\/media\/169271"}],"wp:attachment":[{"href":"https:\/\/lavras.tv\/site\/wp-json\/wp\/v2\/media?parent=169270"}],"wp:term":[{"taxonomy":"category","embeddable":true,"href":"https:\/\/lavras.tv\/site\/wp-json\/wp\/v2\/categories?post=169270"},{"taxonomy":"post_tag","embeddable":true,"href":"https:\/\/lavras.tv\/site\/wp-json\/wp\/v2\/tags?post=169270"}],"curies":[{"name":"wp","href":"https:\/\/api.w.org\/{rel}","templated":true}]}}