{"id":169273,"date":"2026-02-09T19:27:41","date_gmt":"2026-02-09T22:27:41","guid":{"rendered":"https:\/\/lavras.tv\/site\/?p=169273"},"modified":"2026-02-09T19:27:43","modified_gmt":"2026-02-09T22:27:43","slug":"ipva-2026-veja-a-escala-de-pagamento-que-comeca-vencer-em-mg-nesta-segunda","status":"publish","type":"post","link":"https:\/\/lavras.tv\/site\/2026\/02\/09\/ipva-2026-veja-a-escala-de-pagamento-que-comeca-vencer-em-mg-nesta-segunda\/","title":{"rendered":"IPVA 2026: veja a escala de pagamento que come\u00e7a vencer em MG nesta segunda"},"content":{"rendered":"<div class=\"lavra-antes-do-conteudo_2\" id=\"lavra-1544815941\"><div id=\"lavra-slider-27\" class=\"custom-slider lavra-slider-11316491 lavra-slider\"><ul><li><div style=\"margin-left: auto;margin-right: auto;text-align: center;\" id=\"lavra-1872961460\"><a href=\"https:\/\/sistemas.lavras.mg.gov.br\/portalcidadao\/#df1b1a7c7b2a290bcb31e32771e610784662739a88807c0dacac58ede5f391a7530e299dc302d611ee73cb143fc22eaf93592e53e7b5bdb01b00a0b8d28dae460c141dd2ff83412e4dc1c31b16b25f33144a9e5620ea73b13f5bc1c59411d98439ad226e8af03840603796067d87afe130812cf3de24982d0e306f9e61e764e5\" aria-label=\"Lavras-TV&#8211;720x104px (1) (1)\"><img src=\"https:\/\/lavras.tv\/site\/wp-content\/uploads\/2025\/01\/Lavras-TV-720x104px-1-1.png\" alt=\"\"  srcset=\"https:\/\/lavras.tv\/site\/wp-content\/uploads\/2025\/01\/Lavras-TV-720x104px-1-1.png 720w, https:\/\/lavras.tv\/site\/wp-content\/uploads\/2025\/01\/Lavras-TV-720x104px-1-1-470x68.png 470w, https:\/\/lavras.tv\/site\/wp-content\/uploads\/2025\/01\/Lavras-TV-720x104px-1-1-170x25.png 170w, https:\/\/lavras.tv\/site\/wp-content\/uploads\/2025\/01\/Lavras-TV-720x104px-1-1-200x29.png 200w\" sizes=\"(max-width: 720px) 100vw, 720px\" width=\"720\" height=\"104\"  style=\"display: inline-block;\" \/><\/a><\/div><\/li><li><a href=\"https:\/\/sistemas.lavras.mg.gov.br\/portalcidadao\/#df1b1a7c7b2a290bcb31e32771e610784662739a88807c0dacac58ede5f391a7530e299dc302d611ee73cb143fc22eaf93592e53e7b5bdb01b00a0b8d28dae460c141dd2ff83412e4dc1c31b16b25f33144a9e5620ea73b13f5bc1c59411d98439ad226e8af03840603796067d87afe130812cf3de24982d0e306f9e61e764e5\" aria-label=\"Banner_Emprego_PortallavrasTV\"><img src=\"https:\/\/lavras.tv\/site\/wp-content\/uploads\/2025\/03\/Banner_Emprego_PortallavrasTV.png\" alt=\"\"  srcset=\"https:\/\/lavras.tv\/site\/wp-content\/uploads\/2025\/03\/Banner_Emprego_PortallavrasTV.png 720w, https:\/\/lavras.tv\/site\/wp-content\/uploads\/2025\/03\/Banner_Emprego_PortallavrasTV-470x68.png 470w, https:\/\/lavras.tv\/site\/wp-content\/uploads\/2025\/03\/Banner_Emprego_PortallavrasTV-170x25.png 170w, https:\/\/lavras.tv\/site\/wp-content\/uploads\/2025\/03\/Banner_Emprego_PortallavrasTV-200x29.png 200w\" sizes=\"(max-width: 720px) 100vw, 720px\" width=\"720\" height=\"104\"   \/><\/a><\/li><li><a href=\"https:\/\/sistemas.lavras.mg.gov.br\/portalcidadao\/#df1b1a7c7b2a290bcb31e32771e610784662739a88807c0dacac58ede5f391a7530e299dc302d611ee73cb143fc22eaf93592e53e7b5bdb01b00a0b8d28dae460c141dd2ff83412e4dc1c31b16b25f33144a9e5620ea73b13f5bc1c59411d98439ad226e8af03840603796067d87afe130812cf3de24982d0e306f9e61e764e5\" aria-label=\"Banner_Obras_PortallavrasTV\"><img src=\"https:\/\/lavras.tv\/site\/wp-content\/uploads\/2025\/03\/Banner_Obras_PortallavrasTV.png\" alt=\"\"  srcset=\"https:\/\/lavras.tv\/site\/wp-content\/uploads\/2025\/03\/Banner_Obras_PortallavrasTV.png 720w, https:\/\/lavras.tv\/site\/wp-content\/uploads\/2025\/03\/Banner_Obras_PortallavrasTV-470x68.png 470w, https:\/\/lavras.tv\/site\/wp-content\/uploads\/2025\/03\/Banner_Obras_PortallavrasTV-170x25.png 170w, https:\/\/lavras.tv\/site\/wp-content\/uploads\/2025\/03\/Banner_Obras_PortallavrasTV-200x29.png 200w\" sizes=\"(max-width: 720px) 100vw, 720px\" width=\"720\" height=\"104\"   \/><\/a><\/li><li><div style=\"margin-left: auto;margin-right: auto;text-align: center;\" id=\"lavra-688862077\"><a href=\"https:\/\/sistemas.lavras.mg.gov.br\/portalcidadao\/#df1b1a7c7b2a290bcb31e32771e610784662739a88807c0dacac58ede5f391a7530e299dc302d611ee73cb143fc22eaf93592e53e7b5bdb01b00a0b8d28dae460c141dd2ff83412e4dc1c31b16b25f33144a9e5620ea73b13f5bc1c59411d98439ad226e8af03840603796067d87afe130812cf3de24982d0e306f9e61e764e5\" aria-label=\"Banner_Educa\u00e7\u00e3o_PortallavrasTV\"><img src=\"https:\/\/lavras.tv\/site\/wp-content\/uploads\/2025\/01\/Banner_Educacao_PortallavrasTV.png\" alt=\"\"  srcset=\"https:\/\/lavras.tv\/site\/wp-content\/uploads\/2025\/01\/Banner_Educacao_PortallavrasTV.png 720w, https:\/\/lavras.tv\/site\/wp-content\/uploads\/2025\/01\/Banner_Educacao_PortallavrasTV-470x68.png 470w, https:\/\/lavras.tv\/site\/wp-content\/uploads\/2025\/01\/Banner_Educacao_PortallavrasTV-170x25.png 170w, https:\/\/lavras.tv\/site\/wp-content\/uploads\/2025\/01\/Banner_Educacao_PortallavrasTV-200x29.png 200w\" sizes=\"(max-width: 720px) 100vw, 720px\" width=\"720\" height=\"104\"  style=\"display: inline-block;\" \/><\/a><\/div><\/li><li><a href=\"https:\/\/sistemas.lavras.mg.gov.br\/portalcidadao\/#df1b1a7c7b2a290bcb31e32771e610784662739a88807c0dacac58ede5f391a7530e299dc302d611ee73cb143fc22eaf93592e53e7b5bdb01b00a0b8d28dae460c141dd2ff83412e4dc1c31b16b25f33144a9e5620ea73b13f5bc1c59411d98439ad226e8af03840603796067d87afe130812cf3de24982d0e306f9e61e764e5\" aria-label=\"Banner_Sa\u00fade_PortallavrasTV\"><img src=\"https:\/\/lavras.tv\/site\/wp-content\/uploads\/2025\/03\/Banner_Saude_PortallavrasTV.png\" alt=\"\"  srcset=\"https:\/\/lavras.tv\/site\/wp-content\/uploads\/2025\/03\/Banner_Saude_PortallavrasTV.png 720w, https:\/\/lavras.tv\/site\/wp-content\/uploads\/2025\/03\/Banner_Saude_PortallavrasTV-470x68.png 470w, https:\/\/lavras.tv\/site\/wp-content\/uploads\/2025\/03\/Banner_Saude_PortallavrasTV-170x25.png 170w, https:\/\/lavras.tv\/site\/wp-content\/uploads\/2025\/03\/Banner_Saude_PortallavrasTV-200x29.png 200w\" sizes=\"(max-width: 720px) 100vw, 720px\" width=\"720\" height=\"104\"   \/><\/a><\/li><li><div id=\"lavra-1418439826\" style=\"width:720px;height:104px;background-color:#ddd;overflow:scroll;\">\n\t<strong>Sa\u00edda da depura\u00e7\u00e3o de an\u00fancios<\/strong>\n\t<br><br>\n\tO an\u00fancio n\u00e3o \u00e9 exibido na p\u00e1gina<br><br>post atual: IPVA 2026: veja a escala de pagamento que come\u00e7a vencer em MG nesta segunda, ID: 169273<br><br><span style=\"color: red;\">O post atual n\u00e3o \u00e9 id\u00eantico ao post principal.<\/span><br><br>An\u00fancios: ROXO - TOPO INTERNA - ROTATIVO 2 (197)<br \/>Grupo de an\u00fancios: Princ_Meio01_720x104 (27)<br><br>Condi\u00e7\u00f5es de exibi\u00e7\u00e3o<div style=\"margin-bottom: 20px; white-space: pre-wrap; font-family: monospace; width: 100%; background: #ffe9e9;\"><strong>condi\u00e7\u00f5es gerais<\/strong><table border=\"1\"><thead><tr><th><\/th><th>An\u00fancios<\/th><th>wp_the_query<\/th><\/tr><\/thead><tr><td>is_main_query<\/td><td>1<\/td><td>1<\/td><\/tr><tr><td>is_rest_api<\/td><td>0<\/td><td>1<\/td><\/tr><tr><td>page<\/td><td>0<\/td><td>1<\/td><\/tr><tr><td>numpages<\/td><td>0<\/td><td>1<\/td><\/tr><tr><td>is_archive<\/td><td>1<\/td><td><\/td><\/tr><tr><td>is_search<\/td><td>1<\/td><td><\/td><\/tr><tr><td>is_home<\/td><td>1<\/td><td><\/td><\/tr><tr><td>is_404<\/td><td>1<\/td><td><\/td><\/tr><tr><td>is_attachment<\/td><td>1<\/td><td><\/td><\/tr><tr><td>is_singular<\/td><td>1<\/td><td><\/td><\/tr><tr><td>is_front_page<\/td><td>1<\/td><td><\/td><\/tr><tr><td>is_feed<\/td><td>1<\/td><td><\/td><\/tr><\/table><\/div><br><br><span style=\"color: red;\">Seu site usa HTTPS, mas o c\u00f3digo do an\u00fancio cont\u00e9m HTTP e pode n\u00e3o funcionar.<\/span>\t<br><br>\n\t<a style=\"color: green;\" href=\"https:\/\/wpadvancedads.com\/manual\/ad-debug-mode\/?utm_source=advanced-ads&utm_medium=link&utm_campaign=ad-debug-mode\" target=\"_blank\" rel=\"nofollow\">Encontre solu\u00e7\u00f5es no manual<\/a>\n<\/div>\n<\/li><\/ul><\/div><script>( window.advanced_ads_ready || jQuery( document ).ready ).call( null, function() {var $lavraslider11316491 = jQuery( \".lavra-slider-11316491\" );$lavraslider11316491.on( \"unslider.ready\", function() { jQuery( \"div.custom-slider ul li\" ).css( \"display\", \"block\" ); });$lavraslider11316491.unslider({ delay:4000, autoplay:true, nav:false, arrows:false, infinite:true });$lavraslider11316491.on(\"mouseover\", function() {$lavraslider11316491.unslider(\"stop\");}).on(\"mouseout\", function() {$lavraslider11316491.unslider(\"start\");});});<\/script><\/div>\n<h2 class=\"wp-block-heading\">Vencimentos do imposto v\u00e3o at\u00e9 sexta-feira (13), sempre considerando o n\u00famero final da placa<\/h2>\n\n\n\n<figure class=\"wp-block-image size-large\"><img fetchpriority=\"high\" decoding=\"async\" width=\"970\" height=\"546\" src=\"https:\/\/lavras.tv\/site\/wp-content\/uploads\/2026\/02\/download-3-970x546.webp\" alt=\"\" class=\"wp-image-169274\" srcset=\"https:\/\/lavras.tv\/site\/wp-content\/uploads\/2026\/02\/download-3-970x546.webp 970w, https:\/\/lavras.tv\/site\/wp-content\/uploads\/2026\/02\/download-3-470x265.webp 470w, https:\/\/lavras.tv\/site\/wp-content\/uploads\/2026\/02\/download-3-170x96.webp 170w, https:\/\/lavras.tv\/site\/wp-content\/uploads\/2026\/02\/download-3.webp 1000w\" sizes=\"(max-width: 970px) 100vw, 970px\" \/><\/figure>\n\n\n\n<p>O pagamento da primeira parcela do Imposto sobre a Propriedade de Ve\u00edculos Automotores (IPVA) de 2026 come\u00e7a nesta segunda-feira (9) em Minas Gerais, para ve\u00edculos com placas finais 1 e 2.<\/p>\n\n\n\n<p>Os vencimentos v\u00e3o at\u00e9 sexta-feira (13), sempre considerando o n\u00famero final da placa. Quem optar por quitar a cota \u00fanica ter\u00e1 desconto de 3%.<\/p>\n\n\n\n<h2 class=\"wp-block-heading\">Veja o cronograma completo:<\/h2>\n\n\n\n<p><strong>Final de placa 1 e 2<\/strong><br>Cota \u00fanica \/ 1\u00aa parcela: 9 de fevereiro<br>2\u00aa parcela: 9 de mar\u00e7o<br>3\u00aa parcela: 9 de abril<\/p>\n\n\n\n<p><strong>Final de placa 3 e 4<\/strong><br>Cota \u00fanica \/ 1\u00aa parcela: 10 de fevereiro<br>2\u00aa parcela: 10 de mar\u00e7o<br>3\u00aa parcela: 10 de abril<\/p>\n\n\n\n<p><strong>Final de placa 5 e 6<\/strong><br>Cota \u00fanica \/ 1\u00aa parcela: 11 de fevereiro<br>2\u00aa parcela: 11 de mar\u00e7o<br>3\u00aa parcela: 13 de abril<\/p>\n\n\n\n<p><strong>Final de placa 7 e 8<\/strong><br>Cota \u00fanica \/ 1\u00aa parcela: 12 de fevereiro<br>2\u00aa parcela: 12 de mar\u00e7o<br>3\u00aa parcela: 14 de abril<\/p>\n\n\n\n<p><strong>Final de placa 9 e 0<\/strong><br>Cota \u00fanica \/ 1\u00aa parcela: 13 de fevereiro<br>2\u00aa parcela: 13 de mar\u00e7o<br>3\u00aa parcela: 15 de abril<\/p>\n\n\n\n<h2 class=\"wp-block-heading\">Taxa de Renova\u00e7\u00e3o<\/h2>\n\n\n\n<p>A consulta dos valores pode ser feita pelo Renavam do ve\u00edculo, no site da Secretaria de Estado de Fazenda de Minas Gerais (SEF\/MG), pelo telefone 155 do LIGMINAS e no aplicativo MG App.<\/p>\n\n\n\n<p>Em Minas Gerais, a expectativa de arrecada\u00e7\u00e3o do IPVA 2026 \u00e9 de cerca de R$ 12 bilh\u00f5es para uma frota tribut\u00e1vel de mais de 8,5 milh\u00f5es de ve\u00edculos.<\/p>\n\n\n\n<p>Outro tributo que deve ser pago \u00e9 a Taxa de Renova\u00e7\u00e3o do Licenciamento Anual de Ve\u00edculo (TRLAV), no valor de R$ 35,62, cujo vencimento \u00e9 31\/3, independentemente do final da placa.<\/p>\n\n\n\n<h2 class=\"wp-block-heading\">Multa<\/h2>\n\n\n\n<p>O pagamento em atraso do IPVA gera multa de 0,3% ao dia at\u00e9 o 30\u00ba (trig\u00e9simo) dia e de 20% ap\u00f3s o 30\u00ba (trig\u00e9simo) dia, al\u00e9m de juros da Taxa Referencial do Sistema Especial de Liquida\u00e7\u00e3o e de Cust\u00f3dia (Selic).<\/p>\n\n\n\n<p>No caso de atraso da TRLAV, as penalidades s\u00e3o multa de 0,15% ao dia at\u00e9 o 30\u00ba (trig\u00e9simo) dia; de 9% do 31\u00ba at\u00e9 o 60\u00ba dia e de 12% a partir do 61\u00ba dia, al\u00e9m de juros da Taxa Referencial do Sistema Especial de Liquida\u00e7\u00e3o e de Cust\u00f3dia (Selic).<\/p>\n\n\n\n<p>Ve\u00edculos isentos do IPVA devem pagar a Taxa de Licenciamento.<\/p>\n\n\n\n<p><\/p>\n","protected":false},"excerpt":{"rendered":"<p>Vencimentos do imposto v\u00e3o at\u00e9 sexta-feira (13), sempre considerando o n\u00famero final da placa O pagamento da primeira parcela do Imposto sobre a Propriedade de Ve\u00edculos Automotores (IPVA) de 2026 come\u00e7a nesta segunda-feira (9) em Minas Gerais, para ve\u00edculos com placas finais 1 e 2. Os vencimentos v\u00e3o at\u00e9 sexta-feira (13), sempre considerando o n\u00famero [&hellip;]<\/p>\n","protected":false},"author":5,"featured_media":169274,"comment_status":"closed","ping_status":"open","sticky":false,"template":"","format":"standard","meta":{"advgb_blocks_editor_width":"","advgb_blocks_columns_visual_guide":"","_exactmetrics_skip_tracking":false,"_exactmetrics_sitenote_active":false,"_exactmetrics_sitenote_note":"","_exactmetrics_sitenote_category":0,"footnotes":""},"categories":[7,2],"tags":[],"class_list":["post-169273","post","type-post","status-publish","format-standard","has-post-thumbnail","hentry","category-destaques","category-noticias"],"better_featured_image":{"id":169274,"alt_text":"","caption":"","description":"","media_type":"image","media_details":{"width":1000,"height":563,"file":"2026\/02\/download-3.webp","filesize":66114,"sizes":{"medium":{"file":"download-3-470x265.webp","width":470,"height":265,"mime-type":"image\/webp","filesize":16804,"source_url":"https:\/\/lavras.tv\/site\/wp-content\/uploads\/2026\/02\/download-3-470x265.webp"},"large":{"file":"download-3-970x546.webp","width":970,"height":546,"mime-type":"image\/webp","filesize":40696,"source_url":"https:\/\/lavras.tv\/site\/wp-content\/uploads\/2026\/02\/download-3-970x546.webp"},"thumbnail":{"file":"download-3-170x96.webp","width":170,"height":96,"mime-type":"image\/webp","filesize":4156,"source_url":"https:\/\/lavras.tv\/site\/wp-content\/uploads\/2026\/02\/download-3-170x96.webp"},"alm-thumbnail":{"file":"download-3-150x150.webp","width":150,"height":150,"mime-type":"image\/webp","filesize":4354,"source_url":"https:\/\/lavras.tv\/site\/wp-content\/uploads\/2026\/02\/download-3-150x150.webp"},"sow-carousel-default":{"file":"download-3-272x182.webp","width":272,"height":182,"mime-type":"image\/webp","filesize":8180,"source_url":"https:\/\/lavras.tv\/site\/wp-content\/uploads\/2026\/02\/download-3-272x182.webp"}},"image_meta":{"aperture":"0","credit":"","camera":"","caption":"","created_timestamp":"0","copyright":"","focal_length":"0","iso":"0","shutter_speed":"0","title":"","orientation":"0","keywords":[]}},"post":169273,"source_url":"https:\/\/lavras.tv\/site\/wp-content\/uploads\/2026\/02\/download-3.webp"},"author_meta":{"display_name":"Vinicius Bustamante","author_link":"https:\/\/lavras.tv\/site\/author\/vinicius-bustamante\/"},"featured_img":"https:\/\/lavras.tv\/site\/wp-content\/uploads\/2026\/02\/download-3-470x265.webp","coauthors":[],"tax_additional":{"categories":{"linked":["<a href=\"https:\/\/lavras.tv\/site\/category\/destaques\/\" class=\"advgb-post-tax-term\">Destaques<\/a>","<a href=\"https:\/\/lavras.tv\/site\/category\/noticias\/\" class=\"advgb-post-tax-term\">Not\u00edcias<\/a>"],"unlinked":["<span class=\"advgb-post-tax-term\">Destaques<\/span>","<span class=\"advgb-post-tax-term\">Not\u00edcias<\/span>"]}},"comment_count":"0","relative_dates":{"created":"Publicado 3 meses atr\u00e1s","modified":"Atualizado 3 meses atr\u00e1s"},"absolute_dates":{"created":"Publicado em 9 de fevereiro de 2026","modified":"Atualizado em 9 de fevereiro de 2026"},"absolute_dates_time":{"created":"Publicado em 9 de fevereiro de 2026 19:27","modified":"Atualizado em 9 de fevereiro de 2026 19:27"},"featured_img_caption":"","series_order":"","_links":{"self":[{"href":"https:\/\/lavras.tv\/site\/wp-json\/wp\/v2\/posts\/169273","targetHints":{"allow":["GET"]}}],"collection":[{"href":"https:\/\/lavras.tv\/site\/wp-json\/wp\/v2\/posts"}],"about":[{"href":"https:\/\/lavras.tv\/site\/wp-json\/wp\/v2\/types\/post"}],"author":[{"embeddable":true,"href":"https:\/\/lavras.tv\/site\/wp-json\/wp\/v2\/users\/5"}],"replies":[{"embeddable":true,"href":"https:\/\/lavras.tv\/site\/wp-json\/wp\/v2\/comments?post=169273"}],"version-history":[{"count":1,"href":"https:\/\/lavras.tv\/site\/wp-json\/wp\/v2\/posts\/169273\/revisions"}],"predecessor-version":[{"id":169275,"href":"https:\/\/lavras.tv\/site\/wp-json\/wp\/v2\/posts\/169273\/revisions\/169275"}],"wp:featuredmedia":[{"embeddable":true,"href":"https:\/\/lavras.tv\/site\/wp-json\/wp\/v2\/media\/169274"}],"wp:attachment":[{"href":"https:\/\/lavras.tv\/site\/wp-json\/wp\/v2\/media?parent=169273"}],"wp:term":[{"taxonomy":"category","embeddable":true,"href":"https:\/\/lavras.tv\/site\/wp-json\/wp\/v2\/categories?post=169273"},{"taxonomy":"post_tag","embeddable":true,"href":"https:\/\/lavras.tv\/site\/wp-json\/wp\/v2\/tags?post=169273"}],"curies":[{"name":"wp","href":"https:\/\/api.w.org\/{rel}","templated":true}]}}