{"id":169283,"date":"2026-02-10T19:28:22","date_gmt":"2026-02-10T22:28:22","guid":{"rendered":"https:\/\/lavras.tv\/site\/?p=169283"},"modified":"2026-02-10T19:28:23","modified_gmt":"2026-02-10T22:28:23","slug":"governo-de-mg-registra-1a-morte-por-dengue-em-2026-ministerio-da-saude-ja-contabiliza-dois-obitos","status":"publish","type":"post","link":"https:\/\/lavras.tv\/site\/2026\/02\/10\/governo-de-mg-registra-1a-morte-por-dengue-em-2026-ministerio-da-saude-ja-contabiliza-dois-obitos\/","title":{"rendered":"Governo de MG registra 1\u00aa morte por dengue em 2026; Minist\u00e9rio da Sa\u00fade j\u00e1 contabiliza dois \u00f3bitos"},"content":{"rendered":"<div class=\"lavra-antes-do-conteudo_2\" id=\"lavra-3604008237\"><div id=\"lavra-slider-27\" class=\"custom-slider lavra-slider-2448545989 lavra-slider\"><ul><li><div style=\"margin-left: auto;margin-right: auto;text-align: center;\" id=\"lavra-223565982\"><a href=\"https:\/\/sistemas.lavras.mg.gov.br\/portalcidadao\/#df1b1a7c7b2a290bcb31e32771e610784662739a88807c0dacac58ede5f391a7530e299dc302d611ee73cb143fc22eaf93592e53e7b5bdb01b00a0b8d28dae460c141dd2ff83412e4dc1c31b16b25f33144a9e5620ea73b13f5bc1c59411d98439ad226e8af03840603796067d87afe130812cf3de24982d0e306f9e61e764e5\" aria-label=\"Lavras-TV&#8211;720x104px (1) (1)\"><img src=\"https:\/\/lavras.tv\/site\/wp-content\/uploads\/2025\/01\/Lavras-TV-720x104px-1-1.png\" alt=\"\"  srcset=\"https:\/\/lavras.tv\/site\/wp-content\/uploads\/2025\/01\/Lavras-TV-720x104px-1-1.png 720w, https:\/\/lavras.tv\/site\/wp-content\/uploads\/2025\/01\/Lavras-TV-720x104px-1-1-470x68.png 470w, https:\/\/lavras.tv\/site\/wp-content\/uploads\/2025\/01\/Lavras-TV-720x104px-1-1-170x25.png 170w, https:\/\/lavras.tv\/site\/wp-content\/uploads\/2025\/01\/Lavras-TV-720x104px-1-1-200x29.png 200w\" sizes=\"(max-width: 720px) 100vw, 720px\" width=\"720\" height=\"104\"  style=\"display: inline-block;\" \/><\/a><\/div><\/li><li><a href=\"https:\/\/sistemas.lavras.mg.gov.br\/portalcidadao\/#df1b1a7c7b2a290bcb31e32771e610784662739a88807c0dacac58ede5f391a7530e299dc302d611ee73cb143fc22eaf93592e53e7b5bdb01b00a0b8d28dae460c141dd2ff83412e4dc1c31b16b25f33144a9e5620ea73b13f5bc1c59411d98439ad226e8af03840603796067d87afe130812cf3de24982d0e306f9e61e764e5\" aria-label=\"Banner_Emprego_PortallavrasTV\"><img src=\"https:\/\/lavras.tv\/site\/wp-content\/uploads\/2025\/03\/Banner_Emprego_PortallavrasTV.png\" alt=\"\"  srcset=\"https:\/\/lavras.tv\/site\/wp-content\/uploads\/2025\/03\/Banner_Emprego_PortallavrasTV.png 720w, https:\/\/lavras.tv\/site\/wp-content\/uploads\/2025\/03\/Banner_Emprego_PortallavrasTV-470x68.png 470w, https:\/\/lavras.tv\/site\/wp-content\/uploads\/2025\/03\/Banner_Emprego_PortallavrasTV-170x25.png 170w, https:\/\/lavras.tv\/site\/wp-content\/uploads\/2025\/03\/Banner_Emprego_PortallavrasTV-200x29.png 200w\" sizes=\"(max-width: 720px) 100vw, 720px\" width=\"720\" height=\"104\"   \/><\/a><\/li><li><a href=\"https:\/\/sistemas.lavras.mg.gov.br\/portalcidadao\/#df1b1a7c7b2a290bcb31e32771e610784662739a88807c0dacac58ede5f391a7530e299dc302d611ee73cb143fc22eaf93592e53e7b5bdb01b00a0b8d28dae460c141dd2ff83412e4dc1c31b16b25f33144a9e5620ea73b13f5bc1c59411d98439ad226e8af03840603796067d87afe130812cf3de24982d0e306f9e61e764e5\" aria-label=\"Banner_Obras_PortallavrasTV\"><img src=\"https:\/\/lavras.tv\/site\/wp-content\/uploads\/2025\/03\/Banner_Obras_PortallavrasTV.png\" alt=\"\"  srcset=\"https:\/\/lavras.tv\/site\/wp-content\/uploads\/2025\/03\/Banner_Obras_PortallavrasTV.png 720w, https:\/\/lavras.tv\/site\/wp-content\/uploads\/2025\/03\/Banner_Obras_PortallavrasTV-470x68.png 470w, https:\/\/lavras.tv\/site\/wp-content\/uploads\/2025\/03\/Banner_Obras_PortallavrasTV-170x25.png 170w, https:\/\/lavras.tv\/site\/wp-content\/uploads\/2025\/03\/Banner_Obras_PortallavrasTV-200x29.png 200w\" sizes=\"(max-width: 720px) 100vw, 720px\" width=\"720\" height=\"104\"   \/><\/a><\/li><li><div style=\"margin-left: auto;margin-right: auto;text-align: center;\" id=\"lavra-2583308732\"><a href=\"https:\/\/sistemas.lavras.mg.gov.br\/portalcidadao\/#df1b1a7c7b2a290bcb31e32771e610784662739a88807c0dacac58ede5f391a7530e299dc302d611ee73cb143fc22eaf93592e53e7b5bdb01b00a0b8d28dae460c141dd2ff83412e4dc1c31b16b25f33144a9e5620ea73b13f5bc1c59411d98439ad226e8af03840603796067d87afe130812cf3de24982d0e306f9e61e764e5\" aria-label=\"Banner_Educa\u00e7\u00e3o_PortallavrasTV\"><img src=\"https:\/\/lavras.tv\/site\/wp-content\/uploads\/2025\/01\/Banner_Educacao_PortallavrasTV.png\" alt=\"\"  srcset=\"https:\/\/lavras.tv\/site\/wp-content\/uploads\/2025\/01\/Banner_Educacao_PortallavrasTV.png 720w, https:\/\/lavras.tv\/site\/wp-content\/uploads\/2025\/01\/Banner_Educacao_PortallavrasTV-470x68.png 470w, https:\/\/lavras.tv\/site\/wp-content\/uploads\/2025\/01\/Banner_Educacao_PortallavrasTV-170x25.png 170w, https:\/\/lavras.tv\/site\/wp-content\/uploads\/2025\/01\/Banner_Educacao_PortallavrasTV-200x29.png 200w\" sizes=\"(max-width: 720px) 100vw, 720px\" width=\"720\" height=\"104\"  style=\"display: inline-block;\" \/><\/a><\/div><\/li><li><a href=\"https:\/\/sistemas.lavras.mg.gov.br\/portalcidadao\/#df1b1a7c7b2a290bcb31e32771e610784662739a88807c0dacac58ede5f391a7530e299dc302d611ee73cb143fc22eaf93592e53e7b5bdb01b00a0b8d28dae460c141dd2ff83412e4dc1c31b16b25f33144a9e5620ea73b13f5bc1c59411d98439ad226e8af03840603796067d87afe130812cf3de24982d0e306f9e61e764e5\" aria-label=\"Banner_Sa\u00fade_PortallavrasTV\"><img src=\"https:\/\/lavras.tv\/site\/wp-content\/uploads\/2025\/03\/Banner_Saude_PortallavrasTV.png\" alt=\"\"  srcset=\"https:\/\/lavras.tv\/site\/wp-content\/uploads\/2025\/03\/Banner_Saude_PortallavrasTV.png 720w, https:\/\/lavras.tv\/site\/wp-content\/uploads\/2025\/03\/Banner_Saude_PortallavrasTV-470x68.png 470w, https:\/\/lavras.tv\/site\/wp-content\/uploads\/2025\/03\/Banner_Saude_PortallavrasTV-170x25.png 170w, https:\/\/lavras.tv\/site\/wp-content\/uploads\/2025\/03\/Banner_Saude_PortallavrasTV-200x29.png 200w\" sizes=\"(max-width: 720px) 100vw, 720px\" width=\"720\" height=\"104\"   \/><\/a><\/li><li><div id=\"lavra-657219144\" style=\"width:720px;height:104px;background-color:#ddd;overflow:scroll;\">\n\t<strong>Sa\u00edda da depura\u00e7\u00e3o de an\u00fancios<\/strong>\n\t<br><br>\n\tO an\u00fancio n\u00e3o \u00e9 exibido na p\u00e1gina<br><br>post atual: Governo de MG registra 1\u00aa morte por dengue em 2026; Minist\u00e9rio da Sa\u00fade j\u00e1 contabiliza dois \u00f3bitos, ID: 169283<br><br><span style=\"color: red;\">O post atual n\u00e3o \u00e9 id\u00eantico ao post principal.<\/span><br><br>An\u00fancios: ROXO - TOPO INTERNA - ROTATIVO 2 (197)<br \/>Grupo de an\u00fancios: Princ_Meio01_720x104 (27)<br><br>Condi\u00e7\u00f5es de exibi\u00e7\u00e3o<div style=\"margin-bottom: 20px; white-space: pre-wrap; font-family: monospace; width: 100%; background: #ffe9e9;\"><strong>condi\u00e7\u00f5es gerais<\/strong><table border=\"1\"><thead><tr><th><\/th><th>An\u00fancios<\/th><th>wp_the_query<\/th><\/tr><\/thead><tr><td>is_main_query<\/td><td>1<\/td><td>1<\/td><\/tr><tr><td>is_rest_api<\/td><td>0<\/td><td>1<\/td><\/tr><tr><td>page<\/td><td>0<\/td><td>1<\/td><\/tr><tr><td>numpages<\/td><td>0<\/td><td>1<\/td><\/tr><tr><td>is_archive<\/td><td>1<\/td><td><\/td><\/tr><tr><td>is_search<\/td><td>1<\/td><td><\/td><\/tr><tr><td>is_home<\/td><td>1<\/td><td><\/td><\/tr><tr><td>is_404<\/td><td>1<\/td><td><\/td><\/tr><tr><td>is_attachment<\/td><td>1<\/td><td><\/td><\/tr><tr><td>is_singular<\/td><td>1<\/td><td><\/td><\/tr><tr><td>is_front_page<\/td><td>1<\/td><td><\/td><\/tr><tr><td>is_feed<\/td><td>1<\/td><td><\/td><\/tr><\/table><\/div><br><br><span style=\"color: red;\">Seu site usa HTTPS, mas o c\u00f3digo do an\u00fancio cont\u00e9m HTTP e pode n\u00e3o funcionar.<\/span>\t<br><br>\n\t<a style=\"color: green;\" href=\"https:\/\/wpadvancedads.com\/manual\/ad-debug-mode\/?utm_source=advanced-ads&utm_medium=link&utm_campaign=ad-debug-mode\" target=\"_blank\" rel=\"nofollow\">Encontre solu\u00e7\u00f5es no manual<\/a>\n<\/div>\n<\/li><\/ul><\/div><script>( window.advanced_ads_ready || jQuery( document ).ready ).call( null, function() {var $lavraslider2448545989 = jQuery( \".lavra-slider-2448545989\" );$lavraslider2448545989.on( \"unslider.ready\", function() { jQuery( \"div.custom-slider ul li\" ).css( \"display\", \"block\" ); });$lavraslider2448545989.unslider({ delay:4000, autoplay:true, nav:false, arrows:false, infinite:true });$lavraslider2448545989.on(\"mouseover\", function() {$lavraslider2448545989.unslider(\"stop\");}).on(\"mouseout\", function() {$lavraslider2448545989.unslider(\"start\");});});<\/script><\/div>\n<h2 class=\"wp-block-heading\">Segundo o Minist\u00e9rio da Sa\u00fade, Minas Gerais registrou 151 mortes por dengue e quase 167 mil casos prov\u00e1veis da doen\u00e7a no ano passado<\/h2>\n\n\n\n<figure class=\"wp-block-image\"><img decoding=\"async\" src=\"https:\/\/medias.itatiaia.com.br\/dims4\/default\/cc22df6\/2147483647\/strip\/true\/crop\/1204x678+38+0\/resize\/1000x563!\/quality\/90\/?url=https%3A%2F%2Fk2-prod-radio-itatiaia.s3.us-east-1.amazonaws.com%2Fbrightspot%2F26%2Ff2%2F1fd1d5084ee3a127ad1bec9ea9ad%2Fdengue.jpeg\" alt=\"SES-MG manifestou solidariedade aos familiares da v\u00edtima e afirmou que mant\u00e9m monitoramento permanente\"\/><\/figure>\n\n\n\n<p>A Secretaria de Sa\u00fade de Minas Gerais confirmou a primeira morte por dengue no ano de 2026. A v\u00edtima, uma idosa de 93 anos, vivia em Uberl\u00e2ndia, cidade do Tri\u00e2ngulo Mineiro, e morreu na \u00faltima quarta-feira (4). Ainda segundo a pasta, a mulher tinha hist\u00f3rico de comorbidades. Levantamento do Governo Federal, no entanto, d\u00e1 conta de duas mortes.<\/p>\n\n\n\n<p>Em nota, a SES-MG manifestou solidariedade aos familiares da v\u00edtima e afirmou que mant\u00e9m monitoramento permanente do cen\u00e1rio epidemiol\u00f3gico, com apoio aos munic\u00edpios nas a\u00e7\u00f5es de vigil\u00e2ncia, assist\u00eancia e controle do mosquito Aedes aegypti.<\/p>\n\n\n\n<p>Por outro lado, dados do Minist\u00e9rio da Sa\u00fade apontam que em Minas duas pessoas j\u00e1 morreram por complica\u00e7\u00f5es da doen\u00e7a em 2026. Tamb\u00e9m de acordo com o painel de monitoramento das arboviroses do Governo Federal, o estado tem mais de 10 mil casos prov\u00e1veis de dengue e investiga outros 10 \u00f3bitos.<\/p>\n\n\n\n<p>A\u00a0reportagem\u00a0entrou em contato com a SES-MG para apurar e obter mais informa\u00e7\u00f5es sobre a segunda prov\u00e1vel morte por dengue em Minas e at\u00e9 o momento de fechamento desta mat\u00e9ria n\u00e3o obteve retorno. A reportagem tamb\u00e9m perguntou ao Minist\u00e9rio da Sa\u00fade em quais cidades foram registradas as mortes.<\/p>\n\n\n\n<p>No ano passado, ainda segundo o Minist\u00e9rio da Sa\u00fade, Minas Gerais registrou 151 mortes por dengue e quase 167 mil casos prov\u00e1veis da doen\u00e7a. Os n\u00fameros colocaram Minas no ranking dos estados brasileiros com maiores n\u00fameros da dengue, atr\u00e1s apenas de S\u00e3o Paulo.<\/p>\n\n\n\n<p>Al\u00e9m da dengue, o Aedes aegypti tamb\u00e9m pode transmitir doen\u00e7as como a Zika e a Chikungunya. As doen\u00e7as ainda n\u00e3o mataram mineiros em 2026, mas o painel do Governo Federal aponta 995 casos prov\u00e1veis de Chikungunya e outros 9 de Zika no estado.<\/p>\n\n\n\n<p>O per\u00edodo chuvoso exige sempre aten\u00e7\u00e3o das autoridades de sa\u00fade e de toda popula\u00e7\u00e3o. J\u00e1 que, \u00e9 em po\u00e7as de \u00e1gua parada que o mosquito transmissor das arboviroses p\u00f5e seus ovos.<\/p>\n\n\n\n<p>Como preven\u00e7\u00e3o, o Governo de Minas antecipou as medidas de enfrentamento \u00e0s doen\u00e7as antes desse per\u00edodo sazonal de maior transmiss\u00e3o. Segundo a Secretaria de Sa\u00fade, desde setembro de 2025, est\u00e3o sendo antecipados repasses de recursos aos munic\u00edpios. Ainda segundo o \u00f3rg\u00e3o, Minas investe anualmente cerca de R$210 milh\u00f5es no combate \u00e0s arboviroses.<\/p>\n","protected":false},"excerpt":{"rendered":"<p>Segundo o Minist\u00e9rio da Sa\u00fade, Minas Gerais registrou 151 mortes por dengue e quase 167 mil casos prov\u00e1veis da doen\u00e7a no ano passado A Secretaria de Sa\u00fade de Minas Gerais confirmou a primeira morte por dengue no ano de 2026. A v\u00edtima, uma idosa de 93 anos, vivia em Uberl\u00e2ndia, cidade do Tri\u00e2ngulo Mineiro, e [&hellip;]<\/p>\n","protected":false},"author":5,"featured_media":169284,"comment_status":"closed","ping_status":"open","sticky":false,"template":"","format":"standard","meta":{"advgb_blocks_editor_width":"","advgb_blocks_columns_visual_guide":"","_exactmetrics_skip_tracking":false,"_exactmetrics_sitenote_active":false,"_exactmetrics_sitenote_note":"","_exactmetrics_sitenote_category":0,"footnotes":""},"categories":[7,2],"tags":[],"class_list":["post-169283","post","type-post","status-publish","format-standard","has-post-thumbnail","hentry","category-destaques","category-noticias"],"better_featured_image":{"id":169284,"alt_text":"","caption":"","description":"","media_type":"image","media_details":{"width":1000,"height":563,"file":"2026\/02\/download-2-1.webp","filesize":25658,"sizes":{"medium":{"file":"download-2-1-470x265.webp","width":470,"height":265,"mime-type":"image\/webp","filesize":13660,"source_url":"https:\/\/lavras.tv\/site\/wp-content\/uploads\/2026\/02\/download-2-1-470x265.webp"},"large":{"file":"download-2-1-970x546.webp","width":970,"height":546,"mime-type":"image\/webp","filesize":31138,"source_url":"https:\/\/lavras.tv\/site\/wp-content\/uploads\/2026\/02\/download-2-1-970x546.webp"},"thumbnail":{"file":"download-2-1-170x96.webp","width":170,"height":96,"mime-type":"image\/webp","filesize":3354,"source_url":"https:\/\/lavras.tv\/site\/wp-content\/uploads\/2026\/02\/download-2-1-170x96.webp"},"alm-thumbnail":{"file":"download-2-1-150x150.webp","width":150,"height":150,"mime-type":"image\/webp","filesize":4744,"source_url":"https:\/\/lavras.tv\/site\/wp-content\/uploads\/2026\/02\/download-2-1-150x150.webp"},"sow-carousel-default":{"file":"download-2-1-272x182.webp","width":272,"height":182,"mime-type":"image\/webp","filesize":7716,"source_url":"https:\/\/lavras.tv\/site\/wp-content\/uploads\/2026\/02\/download-2-1-272x182.webp"}},"image_meta":{"aperture":"0","credit":"","camera":"","caption":"","created_timestamp":"0","copyright":"","focal_length":"0","iso":"0","shutter_speed":"0","title":"","orientation":"0","keywords":[]}},"post":169283,"source_url":"https:\/\/lavras.tv\/site\/wp-content\/uploads\/2026\/02\/download-2-1.webp"},"author_meta":{"display_name":"Vinicius Bustamante","author_link":"https:\/\/lavras.tv\/site\/author\/vinicius-bustamante\/"},"featured_img":"https:\/\/lavras.tv\/site\/wp-content\/uploads\/2026\/02\/download-2-1-470x265.webp","coauthors":[],"tax_additional":{"categories":{"linked":["<a href=\"https:\/\/lavras.tv\/site\/category\/destaques\/\" class=\"advgb-post-tax-term\">Destaques<\/a>","<a href=\"https:\/\/lavras.tv\/site\/category\/noticias\/\" class=\"advgb-post-tax-term\">Not\u00edcias<\/a>"],"unlinked":["<span class=\"advgb-post-tax-term\">Destaques<\/span>","<span class=\"advgb-post-tax-term\">Not\u00edcias<\/span>"]}},"comment_count":"0","relative_dates":{"created":"Publicado 3 meses atr\u00e1s","modified":"Atualizado 3 meses atr\u00e1s"},"absolute_dates":{"created":"Publicado em 10 de fevereiro de 2026","modified":"Atualizado em 10 de fevereiro de 2026"},"absolute_dates_time":{"created":"Publicado em 10 de fevereiro de 2026 19:28","modified":"Atualizado em 10 de fevereiro de 2026 19:28"},"featured_img_caption":"","series_order":"","_links":{"self":[{"href":"https:\/\/lavras.tv\/site\/wp-json\/wp\/v2\/posts\/169283","targetHints":{"allow":["GET"]}}],"collection":[{"href":"https:\/\/lavras.tv\/site\/wp-json\/wp\/v2\/posts"}],"about":[{"href":"https:\/\/lavras.tv\/site\/wp-json\/wp\/v2\/types\/post"}],"author":[{"embeddable":true,"href":"https:\/\/lavras.tv\/site\/wp-json\/wp\/v2\/users\/5"}],"replies":[{"embeddable":true,"href":"https:\/\/lavras.tv\/site\/wp-json\/wp\/v2\/comments?post=169283"}],"version-history":[{"count":1,"href":"https:\/\/lavras.tv\/site\/wp-json\/wp\/v2\/posts\/169283\/revisions"}],"predecessor-version":[{"id":169285,"href":"https:\/\/lavras.tv\/site\/wp-json\/wp\/v2\/posts\/169283\/revisions\/169285"}],"wp:featuredmedia":[{"embeddable":true,"href":"https:\/\/lavras.tv\/site\/wp-json\/wp\/v2\/media\/169284"}],"wp:attachment":[{"href":"https:\/\/lavras.tv\/site\/wp-json\/wp\/v2\/media?parent=169283"}],"wp:term":[{"taxonomy":"category","embeddable":true,"href":"https:\/\/lavras.tv\/site\/wp-json\/wp\/v2\/categories?post=169283"},{"taxonomy":"post_tag","embeddable":true,"href":"https:\/\/lavras.tv\/site\/wp-json\/wp\/v2\/tags?post=169283"}],"curies":[{"name":"wp","href":"https:\/\/api.w.org\/{rel}","templated":true}]}}