{"id":169286,"date":"2026-02-10T19:33:31","date_gmt":"2026-02-10T22:33:31","guid":{"rendered":"https:\/\/lavras.tv\/site\/?p=169286"},"modified":"2026-02-10T19:33:33","modified_gmt":"2026-02-10T22:33:33","slug":"minas-gerais-e-o-estado-com-mais-acidentes-de-transito-em-2025","status":"publish","type":"post","link":"https:\/\/lavras.tv\/site\/2026\/02\/10\/minas-gerais-e-o-estado-com-mais-acidentes-de-transito-em-2025\/","title":{"rendered":"Minas Gerais \u00e9 o estado com mais acidentes de tr\u00e2nsito em 2025"},"content":{"rendered":"<div class=\"lavra-antes-do-conteudo_2\" id=\"lavra-1287744846\"><div id=\"lavra-slider-27\" class=\"custom-slider lavra-slider-2112621757 lavra-slider\"><ul><li><div style=\"margin-left: auto;margin-right: auto;text-align: center;\" id=\"lavra-776361229\"><a href=\"https:\/\/sistemas.lavras.mg.gov.br\/portalcidadao\/#df1b1a7c7b2a290bcb31e32771e610784662739a88807c0dacac58ede5f391a7530e299dc302d611ee73cb143fc22eaf93592e53e7b5bdb01b00a0b8d28dae460c141dd2ff83412e4dc1c31b16b25f33144a9e5620ea73b13f5bc1c59411d98439ad226e8af03840603796067d87afe130812cf3de24982d0e306f9e61e764e5\" aria-label=\"Lavras-TV&#8211;720x104px (1) (1)\"><img src=\"https:\/\/lavras.tv\/site\/wp-content\/uploads\/2025\/01\/Lavras-TV-720x104px-1-1.png\" alt=\"\"  srcset=\"https:\/\/lavras.tv\/site\/wp-content\/uploads\/2025\/01\/Lavras-TV-720x104px-1-1.png 720w, https:\/\/lavras.tv\/site\/wp-content\/uploads\/2025\/01\/Lavras-TV-720x104px-1-1-470x68.png 470w, https:\/\/lavras.tv\/site\/wp-content\/uploads\/2025\/01\/Lavras-TV-720x104px-1-1-170x25.png 170w, https:\/\/lavras.tv\/site\/wp-content\/uploads\/2025\/01\/Lavras-TV-720x104px-1-1-200x29.png 200w\" sizes=\"(max-width: 720px) 100vw, 720px\" width=\"720\" height=\"104\"  style=\"display: inline-block;\" \/><\/a><\/div><\/li><li><a href=\"https:\/\/sistemas.lavras.mg.gov.br\/portalcidadao\/#df1b1a7c7b2a290bcb31e32771e610784662739a88807c0dacac58ede5f391a7530e299dc302d611ee73cb143fc22eaf93592e53e7b5bdb01b00a0b8d28dae460c141dd2ff83412e4dc1c31b16b25f33144a9e5620ea73b13f5bc1c59411d98439ad226e8af03840603796067d87afe130812cf3de24982d0e306f9e61e764e5\" aria-label=\"Banner_Emprego_PortallavrasTV\"><img src=\"https:\/\/lavras.tv\/site\/wp-content\/uploads\/2025\/03\/Banner_Emprego_PortallavrasTV.png\" alt=\"\"  srcset=\"https:\/\/lavras.tv\/site\/wp-content\/uploads\/2025\/03\/Banner_Emprego_PortallavrasTV.png 720w, https:\/\/lavras.tv\/site\/wp-content\/uploads\/2025\/03\/Banner_Emprego_PortallavrasTV-470x68.png 470w, https:\/\/lavras.tv\/site\/wp-content\/uploads\/2025\/03\/Banner_Emprego_PortallavrasTV-170x25.png 170w, https:\/\/lavras.tv\/site\/wp-content\/uploads\/2025\/03\/Banner_Emprego_PortallavrasTV-200x29.png 200w\" sizes=\"(max-width: 720px) 100vw, 720px\" width=\"720\" height=\"104\"   \/><\/a><\/li><li><a href=\"https:\/\/sistemas.lavras.mg.gov.br\/portalcidadao\/#df1b1a7c7b2a290bcb31e32771e610784662739a88807c0dacac58ede5f391a7530e299dc302d611ee73cb143fc22eaf93592e53e7b5bdb01b00a0b8d28dae460c141dd2ff83412e4dc1c31b16b25f33144a9e5620ea73b13f5bc1c59411d98439ad226e8af03840603796067d87afe130812cf3de24982d0e306f9e61e764e5\" aria-label=\"Banner_Obras_PortallavrasTV\"><img src=\"https:\/\/lavras.tv\/site\/wp-content\/uploads\/2025\/03\/Banner_Obras_PortallavrasTV.png\" alt=\"\"  srcset=\"https:\/\/lavras.tv\/site\/wp-content\/uploads\/2025\/03\/Banner_Obras_PortallavrasTV.png 720w, https:\/\/lavras.tv\/site\/wp-content\/uploads\/2025\/03\/Banner_Obras_PortallavrasTV-470x68.png 470w, https:\/\/lavras.tv\/site\/wp-content\/uploads\/2025\/03\/Banner_Obras_PortallavrasTV-170x25.png 170w, https:\/\/lavras.tv\/site\/wp-content\/uploads\/2025\/03\/Banner_Obras_PortallavrasTV-200x29.png 200w\" sizes=\"(max-width: 720px) 100vw, 720px\" width=\"720\" height=\"104\"   \/><\/a><\/li><li><div style=\"margin-left: auto;margin-right: auto;text-align: center;\" id=\"lavra-2899790968\"><a href=\"https:\/\/sistemas.lavras.mg.gov.br\/portalcidadao\/#df1b1a7c7b2a290bcb31e32771e610784662739a88807c0dacac58ede5f391a7530e299dc302d611ee73cb143fc22eaf93592e53e7b5bdb01b00a0b8d28dae460c141dd2ff83412e4dc1c31b16b25f33144a9e5620ea73b13f5bc1c59411d98439ad226e8af03840603796067d87afe130812cf3de24982d0e306f9e61e764e5\" aria-label=\"Banner_Educa\u00e7\u00e3o_PortallavrasTV\"><img src=\"https:\/\/lavras.tv\/site\/wp-content\/uploads\/2025\/01\/Banner_Educacao_PortallavrasTV.png\" alt=\"\"  srcset=\"https:\/\/lavras.tv\/site\/wp-content\/uploads\/2025\/01\/Banner_Educacao_PortallavrasTV.png 720w, https:\/\/lavras.tv\/site\/wp-content\/uploads\/2025\/01\/Banner_Educacao_PortallavrasTV-470x68.png 470w, https:\/\/lavras.tv\/site\/wp-content\/uploads\/2025\/01\/Banner_Educacao_PortallavrasTV-170x25.png 170w, https:\/\/lavras.tv\/site\/wp-content\/uploads\/2025\/01\/Banner_Educacao_PortallavrasTV-200x29.png 200w\" sizes=\"(max-width: 720px) 100vw, 720px\" width=\"720\" height=\"104\"  style=\"display: inline-block;\" \/><\/a><\/div><\/li><li><a href=\"https:\/\/sistemas.lavras.mg.gov.br\/portalcidadao\/#df1b1a7c7b2a290bcb31e32771e610784662739a88807c0dacac58ede5f391a7530e299dc302d611ee73cb143fc22eaf93592e53e7b5bdb01b00a0b8d28dae460c141dd2ff83412e4dc1c31b16b25f33144a9e5620ea73b13f5bc1c59411d98439ad226e8af03840603796067d87afe130812cf3de24982d0e306f9e61e764e5\" aria-label=\"Banner_Sa\u00fade_PortallavrasTV\"><img src=\"https:\/\/lavras.tv\/site\/wp-content\/uploads\/2025\/03\/Banner_Saude_PortallavrasTV.png\" alt=\"\"  srcset=\"https:\/\/lavras.tv\/site\/wp-content\/uploads\/2025\/03\/Banner_Saude_PortallavrasTV.png 720w, https:\/\/lavras.tv\/site\/wp-content\/uploads\/2025\/03\/Banner_Saude_PortallavrasTV-470x68.png 470w, https:\/\/lavras.tv\/site\/wp-content\/uploads\/2025\/03\/Banner_Saude_PortallavrasTV-170x25.png 170w, https:\/\/lavras.tv\/site\/wp-content\/uploads\/2025\/03\/Banner_Saude_PortallavrasTV-200x29.png 200w\" sizes=\"(max-width: 720px) 100vw, 720px\" width=\"720\" height=\"104\"   \/><\/a><\/li><li><div id=\"lavra-2213261241\" style=\"width:720px;height:104px;background-color:#ddd;overflow:scroll;\">\n\t<strong>Sa\u00edda da depura\u00e7\u00e3o de an\u00fancios<\/strong>\n\t<br><br>\n\tO an\u00fancio n\u00e3o \u00e9 exibido na p\u00e1gina<br><br>post atual: Minas Gerais \u00e9 o estado com mais acidentes de tr\u00e2nsito em 2025, ID: 169286<br><br><span style=\"color: red;\">O post atual n\u00e3o \u00e9 id\u00eantico ao post principal.<\/span><br><br>An\u00fancios: ROXO - TOPO INTERNA - ROTATIVO 2 (197)<br \/>Grupo de an\u00fancios: Princ_Meio01_720x104 (27)<br><br>Condi\u00e7\u00f5es de exibi\u00e7\u00e3o<div style=\"margin-bottom: 20px; white-space: pre-wrap; font-family: monospace; width: 100%; background: #ffe9e9;\"><strong>condi\u00e7\u00f5es gerais<\/strong><table border=\"1\"><thead><tr><th><\/th><th>An\u00fancios<\/th><th>wp_the_query<\/th><\/tr><\/thead><tr><td>is_main_query<\/td><td>1<\/td><td>1<\/td><\/tr><tr><td>is_rest_api<\/td><td>0<\/td><td>1<\/td><\/tr><tr><td>page<\/td><td>0<\/td><td>1<\/td><\/tr><tr><td>numpages<\/td><td>0<\/td><td>1<\/td><\/tr><tr><td>is_archive<\/td><td>1<\/td><td><\/td><\/tr><tr><td>is_search<\/td><td>1<\/td><td><\/td><\/tr><tr><td>is_home<\/td><td>1<\/td><td><\/td><\/tr><tr><td>is_404<\/td><td>1<\/td><td><\/td><\/tr><tr><td>is_attachment<\/td><td>1<\/td><td><\/td><\/tr><tr><td>is_singular<\/td><td>1<\/td><td><\/td><\/tr><tr><td>is_front_page<\/td><td>1<\/td><td><\/td><\/tr><tr><td>is_feed<\/td><td>1<\/td><td><\/td><\/tr><\/table><\/div><br><br><span style=\"color: red;\">Seu site usa HTTPS, mas o c\u00f3digo do an\u00fancio cont\u00e9m HTTP e pode n\u00e3o funcionar.<\/span>\t<br><br>\n\t<a style=\"color: green;\" href=\"https:\/\/wpadvancedads.com\/manual\/ad-debug-mode\/?utm_source=advanced-ads&utm_medium=link&utm_campaign=ad-debug-mode\" target=\"_blank\" rel=\"nofollow\">Encontre solu\u00e7\u00f5es no manual<\/a>\n<\/div>\n<\/li><\/ul><\/div><script>( window.advanced_ads_ready || jQuery( document ).ready ).call( null, function() {var $lavraslider2112621757 = jQuery( \".lavra-slider-2112621757\" );$lavraslider2112621757.on( \"unslider.ready\", function() { jQuery( \"div.custom-slider ul li\" ).css( \"display\", \"block\" ); });$lavraslider2112621757.unslider({ delay:4000, autoplay:true, nav:false, arrows:false, infinite:true });$lavraslider2112621757.on(\"mouseover\", function() {$lavraslider2112621757.unslider(\"stop\");}).on(\"mouseout\", function() {$lavraslider2112621757.unslider(\"start\");});});<\/script><\/div>\n<h2 class=\"wp-block-heading\">Estado registrou mais de 9,5 mil ocorr\u00eancias no Brasil, foram 72,4 mil acidentes e mais de 6 mil mortes<\/h2>\n\n\n\n<figure class=\"wp-block-image\"><img decoding=\"async\" src=\"https:\/\/medias.itatiaia.com.br\/dims4\/default\/41a5203\/2147483647\/strip\/true\/crop\/6720x3783+0+348\/resize\/1000x563!\/quality\/90\/?url=https%3A%2F%2Fk2-prod-radio-itatiaia.s3.us-east-1.amazonaws.com%2Fbrightspot%2Faf%2Fa2%2F9696a34345c2a023d0e11a3a2bd0%2Froad-accident-with-smashed-cars-1.jpg\" alt=\"Minas Gerais \u00e9 o estado com mais acidentes de tr\u00e2nsito em 2025\"\/><\/figure>\n\n\n\n<p>Imagem Ilustrativa | Freepik<\/p>\n\n\n\n<p>Minas Gerais \u00e9 o estado com mais acidentes de tr\u00e2nsito em 2025<\/p>\n\n\n\n<p>O estado de Minas Gerais foi o que registrou o maior n\u00famero de acidentes de tr\u00e2nsito em rodovias federais em 2025, com 9.559 ocorr\u00eancias, segundo dados divulgados nesta ter\u00e7a-feira (10) pela Pol\u00edcia Rodovi\u00e1ria Federal (PRF).<\/p>\n\n\n\n<p>As informa\u00e7\u00f5es foram apresentadas durante uma coletiva de imprensa que detalhou o balan\u00e7o anual da corpora\u00e7\u00e3o. Vale ressaltar que Minas Gerai possui a maior malha vi\u00e1ria do pa\u00eds, com cerca de 272 mil km.<\/p>\n\n\n\n<p>No total, o Brasil contabilizou 72.483 acidentes de tr\u00e2nsito nas estradas federais, dos quais 6.044 resultaram em mortes.<\/p>\n\n\n\n<p><strong>Estados com mais acidentes registrados<\/strong><\/p>\n\n\n\n<ol start=\"1\" class=\"wp-block-list\">\n<li>Minas Gerais \u2013 9.559<\/li>\n\n\n\n<li>Santa Catarina \u2013 8.184<\/li>\n\n\n\n<li>Paran\u00e1 \u2013 7.619<\/li>\n\n\n\n<li>Rio de Janeiro \u2013 6.421<\/li>\n\n\n\n<li>Rio Grande do Sul \u2013 4.899<\/li>\n\n\n\n<li>S\u00e3o Paulo \u2013 4.682<\/li>\n\n\n\n<li>Bahia \u2013 4.108<\/li>\n<\/ol>\n\n\n\n<p><strong>Rodovias federais com mais ocorr\u00eancias<\/strong><\/p>\n\n\n\n<ol start=\"1\" class=\"wp-block-list\">\n<li>BR-101 \u2013 13.009 acidentes<\/li>\n\n\n\n<li>BR-116 \u2013 11.010 acidentes<\/li>\n\n\n\n<li>BR-040 \u2013 3.502 acidentes<\/li>\n<\/ol>\n\n\n\n<p><strong>Principais causas de mortes no tr\u00e2nsito<\/strong><\/p>\n\n\n\n<ul class=\"wp-block-list\">\n<li>Colis\u00e3o frontal \u2013 1.863<\/li>\n\n\n\n<li>Atropelamento de pedestre \u2013 919<\/li>\n\n\n\n<li>Sa\u00edda de leito carro\u00e7\u00e1vel \u2013 699<\/li>\n\n\n\n<li>Colis\u00e3o traseira \u2013 683<\/li>\n\n\n\n<li>Colis\u00e3o transversal \u2013 481<\/li>\n<\/ul>\n","protected":false},"excerpt":{"rendered":"<p>Estado registrou mais de 9,5 mil ocorr\u00eancias no Brasil, foram 72,4 mil acidentes e mais de 6 mil mortes Imagem Ilustrativa | Freepik Minas Gerais \u00e9 o estado com mais acidentes de tr\u00e2nsito em 2025 O estado de Minas Gerais foi o que registrou o maior n\u00famero de acidentes de tr\u00e2nsito em rodovias federais em [&hellip;]<\/p>\n","protected":false},"author":5,"featured_media":169287,"comment_status":"closed","ping_status":"open","sticky":false,"template":"","format":"standard","meta":{"advgb_blocks_editor_width":"","advgb_blocks_columns_visual_guide":"","_exactmetrics_skip_tracking":false,"_exactmetrics_sitenote_active":false,"_exactmetrics_sitenote_note":"","_exactmetrics_sitenote_category":0,"footnotes":""},"categories":[7,2],"tags":[],"class_list":["post-169286","post","type-post","status-publish","format-standard","has-post-thumbnail","hentry","category-destaques","category-noticias"],"better_featured_image":{"id":169287,"alt_text":"","caption":"","description":"","media_type":"image","media_details":{"width":1000,"height":563,"file":"2026\/02\/download-3-1.webp","filesize":110842,"sizes":{"medium":{"file":"download-3-1-470x265.webp","width":470,"height":265,"mime-type":"image\/webp","filesize":25116,"source_url":"https:\/\/lavras.tv\/site\/wp-content\/uploads\/2026\/02\/download-3-1-470x265.webp"},"large":{"file":"download-3-1-970x546.webp","width":970,"height":546,"mime-type":"image\/webp","filesize":67528,"source_url":"https:\/\/lavras.tv\/site\/wp-content\/uploads\/2026\/02\/download-3-1-970x546.webp"},"thumbnail":{"file":"download-3-1-170x96.webp","width":170,"height":96,"mime-type":"image\/webp","filesize":5772,"source_url":"https:\/\/lavras.tv\/site\/wp-content\/uploads\/2026\/02\/download-3-1-170x96.webp"},"alm-thumbnail":{"file":"download-3-1-150x150.webp","width":150,"height":150,"mime-type":"image\/webp","filesize":6556,"source_url":"https:\/\/lavras.tv\/site\/wp-content\/uploads\/2026\/02\/download-3-1-150x150.webp"},"sow-carousel-default":{"file":"download-3-1-272x182.webp","width":272,"height":182,"mime-type":"image\/webp","filesize":12742,"source_url":"https:\/\/lavras.tv\/site\/wp-content\/uploads\/2026\/02\/download-3-1-272x182.webp"}},"image_meta":{"aperture":"0","credit":"","camera":"","caption":"","created_timestamp":"0","copyright":"","focal_length":"0","iso":"0","shutter_speed":"0","title":"","orientation":"0","keywords":[]}},"post":169286,"source_url":"https:\/\/lavras.tv\/site\/wp-content\/uploads\/2026\/02\/download-3-1.webp"},"author_meta":{"display_name":"Vinicius Bustamante","author_link":"https:\/\/lavras.tv\/site\/author\/vinicius-bustamante\/"},"featured_img":"https:\/\/lavras.tv\/site\/wp-content\/uploads\/2026\/02\/download-3-1-470x265.webp","coauthors":[],"tax_additional":{"categories":{"linked":["<a href=\"https:\/\/lavras.tv\/site\/category\/destaques\/\" class=\"advgb-post-tax-term\">Destaques<\/a>","<a href=\"https:\/\/lavras.tv\/site\/category\/noticias\/\" class=\"advgb-post-tax-term\">Not\u00edcias<\/a>"],"unlinked":["<span class=\"advgb-post-tax-term\">Destaques<\/span>","<span class=\"advgb-post-tax-term\">Not\u00edcias<\/span>"]}},"comment_count":"0","relative_dates":{"created":"Publicado 3 meses atr\u00e1s","modified":"Atualizado 3 meses atr\u00e1s"},"absolute_dates":{"created":"Publicado em 10 de fevereiro de 2026","modified":"Atualizado em 10 de fevereiro de 2026"},"absolute_dates_time":{"created":"Publicado em 10 de fevereiro de 2026 19:33","modified":"Atualizado em 10 de fevereiro de 2026 19:33"},"featured_img_caption":"","series_order":"","_links":{"self":[{"href":"https:\/\/lavras.tv\/site\/wp-json\/wp\/v2\/posts\/169286","targetHints":{"allow":["GET"]}}],"collection":[{"href":"https:\/\/lavras.tv\/site\/wp-json\/wp\/v2\/posts"}],"about":[{"href":"https:\/\/lavras.tv\/site\/wp-json\/wp\/v2\/types\/post"}],"author":[{"embeddable":true,"href":"https:\/\/lavras.tv\/site\/wp-json\/wp\/v2\/users\/5"}],"replies":[{"embeddable":true,"href":"https:\/\/lavras.tv\/site\/wp-json\/wp\/v2\/comments?post=169286"}],"version-history":[{"count":1,"href":"https:\/\/lavras.tv\/site\/wp-json\/wp\/v2\/posts\/169286\/revisions"}],"predecessor-version":[{"id":169288,"href":"https:\/\/lavras.tv\/site\/wp-json\/wp\/v2\/posts\/169286\/revisions\/169288"}],"wp:featuredmedia":[{"embeddable":true,"href":"https:\/\/lavras.tv\/site\/wp-json\/wp\/v2\/media\/169287"}],"wp:attachment":[{"href":"https:\/\/lavras.tv\/site\/wp-json\/wp\/v2\/media?parent=169286"}],"wp:term":[{"taxonomy":"category","embeddable":true,"href":"https:\/\/lavras.tv\/site\/wp-json\/wp\/v2\/categories?post=169286"},{"taxonomy":"post_tag","embeddable":true,"href":"https:\/\/lavras.tv\/site\/wp-json\/wp\/v2\/tags?post=169286"}],"curies":[{"name":"wp","href":"https:\/\/api.w.org\/{rel}","templated":true}]}}