{"id":169292,"date":"2026-02-10T19:42:59","date_gmt":"2026-02-10T22:42:59","guid":{"rendered":"https:\/\/lavras.tv\/site\/?p=169292"},"modified":"2026-02-10T19:43:01","modified_gmt":"2026-02-10T22:43:01","slug":"vale-abre-640-vagas-para-jovem-aprendiz-em-2026-minas-gerais-concentra-mais-de-170","status":"publish","type":"post","link":"https:\/\/lavras.tv\/site\/2026\/02\/10\/vale-abre-640-vagas-para-jovem-aprendiz-em-2026-minas-gerais-concentra-mais-de-170\/","title":{"rendered":"Vale abre 640 vagas para Jovem Aprendiz em 2026; Minas Gerais concentra mais de 170"},"content":{"rendered":"<div class=\"lavra-antes-do-conteudo_2\" id=\"lavra-3954496917\"><div id=\"lavra-slider-27\" class=\"custom-slider lavra-slider-57487320 lavra-slider\"><ul><li><div style=\"margin-left: auto;margin-right: auto;text-align: center;\" id=\"lavra-1375465890\"><a href=\"https:\/\/sistemas.lavras.mg.gov.br\/portalcidadao\/#df1b1a7c7b2a290bcb31e32771e610784662739a88807c0dacac58ede5f391a7530e299dc302d611ee73cb143fc22eaf93592e53e7b5bdb01b00a0b8d28dae460c141dd2ff83412e4dc1c31b16b25f33144a9e5620ea73b13f5bc1c59411d98439ad226e8af03840603796067d87afe130812cf3de24982d0e306f9e61e764e5\" aria-label=\"Lavras-TV&#8211;720x104px (1) (1)\"><img src=\"https:\/\/lavras.tv\/site\/wp-content\/uploads\/2025\/01\/Lavras-TV-720x104px-1-1.png\" alt=\"\"  srcset=\"https:\/\/lavras.tv\/site\/wp-content\/uploads\/2025\/01\/Lavras-TV-720x104px-1-1.png 720w, https:\/\/lavras.tv\/site\/wp-content\/uploads\/2025\/01\/Lavras-TV-720x104px-1-1-470x68.png 470w, https:\/\/lavras.tv\/site\/wp-content\/uploads\/2025\/01\/Lavras-TV-720x104px-1-1-170x25.png 170w, https:\/\/lavras.tv\/site\/wp-content\/uploads\/2025\/01\/Lavras-TV-720x104px-1-1-200x29.png 200w\" sizes=\"(max-width: 720px) 100vw, 720px\" width=\"720\" height=\"104\"  style=\"display: inline-block;\" \/><\/a><\/div><\/li><li><a href=\"https:\/\/sistemas.lavras.mg.gov.br\/portalcidadao\/#df1b1a7c7b2a290bcb31e32771e610784662739a88807c0dacac58ede5f391a7530e299dc302d611ee73cb143fc22eaf93592e53e7b5bdb01b00a0b8d28dae460c141dd2ff83412e4dc1c31b16b25f33144a9e5620ea73b13f5bc1c59411d98439ad226e8af03840603796067d87afe130812cf3de24982d0e306f9e61e764e5\" aria-label=\"Banner_Emprego_PortallavrasTV\"><img src=\"https:\/\/lavras.tv\/site\/wp-content\/uploads\/2025\/03\/Banner_Emprego_PortallavrasTV.png\" alt=\"\"  srcset=\"https:\/\/lavras.tv\/site\/wp-content\/uploads\/2025\/03\/Banner_Emprego_PortallavrasTV.png 720w, https:\/\/lavras.tv\/site\/wp-content\/uploads\/2025\/03\/Banner_Emprego_PortallavrasTV-470x68.png 470w, https:\/\/lavras.tv\/site\/wp-content\/uploads\/2025\/03\/Banner_Emprego_PortallavrasTV-170x25.png 170w, https:\/\/lavras.tv\/site\/wp-content\/uploads\/2025\/03\/Banner_Emprego_PortallavrasTV-200x29.png 200w\" sizes=\"(max-width: 720px) 100vw, 720px\" width=\"720\" height=\"104\"   \/><\/a><\/li><li><a href=\"https:\/\/sistemas.lavras.mg.gov.br\/portalcidadao\/#df1b1a7c7b2a290bcb31e32771e610784662739a88807c0dacac58ede5f391a7530e299dc302d611ee73cb143fc22eaf93592e53e7b5bdb01b00a0b8d28dae460c141dd2ff83412e4dc1c31b16b25f33144a9e5620ea73b13f5bc1c59411d98439ad226e8af03840603796067d87afe130812cf3de24982d0e306f9e61e764e5\" aria-label=\"Banner_Obras_PortallavrasTV\"><img src=\"https:\/\/lavras.tv\/site\/wp-content\/uploads\/2025\/03\/Banner_Obras_PortallavrasTV.png\" alt=\"\"  srcset=\"https:\/\/lavras.tv\/site\/wp-content\/uploads\/2025\/03\/Banner_Obras_PortallavrasTV.png 720w, https:\/\/lavras.tv\/site\/wp-content\/uploads\/2025\/03\/Banner_Obras_PortallavrasTV-470x68.png 470w, https:\/\/lavras.tv\/site\/wp-content\/uploads\/2025\/03\/Banner_Obras_PortallavrasTV-170x25.png 170w, https:\/\/lavras.tv\/site\/wp-content\/uploads\/2025\/03\/Banner_Obras_PortallavrasTV-200x29.png 200w\" sizes=\"(max-width: 720px) 100vw, 720px\" width=\"720\" height=\"104\"   \/><\/a><\/li><li><div style=\"margin-left: auto;margin-right: auto;text-align: center;\" id=\"lavra-2761870189\"><a href=\"https:\/\/sistemas.lavras.mg.gov.br\/portalcidadao\/#df1b1a7c7b2a290bcb31e32771e610784662739a88807c0dacac58ede5f391a7530e299dc302d611ee73cb143fc22eaf93592e53e7b5bdb01b00a0b8d28dae460c141dd2ff83412e4dc1c31b16b25f33144a9e5620ea73b13f5bc1c59411d98439ad226e8af03840603796067d87afe130812cf3de24982d0e306f9e61e764e5\" aria-label=\"Banner_Educa\u00e7\u00e3o_PortallavrasTV\"><img src=\"https:\/\/lavras.tv\/site\/wp-content\/uploads\/2025\/01\/Banner_Educacao_PortallavrasTV.png\" alt=\"\"  srcset=\"https:\/\/lavras.tv\/site\/wp-content\/uploads\/2025\/01\/Banner_Educacao_PortallavrasTV.png 720w, https:\/\/lavras.tv\/site\/wp-content\/uploads\/2025\/01\/Banner_Educacao_PortallavrasTV-470x68.png 470w, https:\/\/lavras.tv\/site\/wp-content\/uploads\/2025\/01\/Banner_Educacao_PortallavrasTV-170x25.png 170w, https:\/\/lavras.tv\/site\/wp-content\/uploads\/2025\/01\/Banner_Educacao_PortallavrasTV-200x29.png 200w\" sizes=\"(max-width: 720px) 100vw, 720px\" width=\"720\" height=\"104\"  style=\"display: inline-block;\" \/><\/a><\/div><\/li><li><a href=\"https:\/\/sistemas.lavras.mg.gov.br\/portalcidadao\/#df1b1a7c7b2a290bcb31e32771e610784662739a88807c0dacac58ede5f391a7530e299dc302d611ee73cb143fc22eaf93592e53e7b5bdb01b00a0b8d28dae460c141dd2ff83412e4dc1c31b16b25f33144a9e5620ea73b13f5bc1c59411d98439ad226e8af03840603796067d87afe130812cf3de24982d0e306f9e61e764e5\" aria-label=\"Banner_Sa\u00fade_PortallavrasTV\"><img src=\"https:\/\/lavras.tv\/site\/wp-content\/uploads\/2025\/03\/Banner_Saude_PortallavrasTV.png\" alt=\"\"  srcset=\"https:\/\/lavras.tv\/site\/wp-content\/uploads\/2025\/03\/Banner_Saude_PortallavrasTV.png 720w, https:\/\/lavras.tv\/site\/wp-content\/uploads\/2025\/03\/Banner_Saude_PortallavrasTV-470x68.png 470w, https:\/\/lavras.tv\/site\/wp-content\/uploads\/2025\/03\/Banner_Saude_PortallavrasTV-170x25.png 170w, https:\/\/lavras.tv\/site\/wp-content\/uploads\/2025\/03\/Banner_Saude_PortallavrasTV-200x29.png 200w\" sizes=\"(max-width: 720px) 100vw, 720px\" width=\"720\" height=\"104\"   \/><\/a><\/li><li><div id=\"lavra-338524537\" style=\"width:720px;height:104px;background-color:#ddd;overflow:scroll;\">\n\t<strong>Sa\u00edda da depura\u00e7\u00e3o de an\u00fancios<\/strong>\n\t<br><br>\n\tO an\u00fancio n\u00e3o \u00e9 exibido na p\u00e1gina<br><br>post atual: Vale abre 640 vagas para Jovem Aprendiz em 2026; Minas Gerais concentra mais de 170, ID: 169292<br><br><span style=\"color: red;\">O post atual n\u00e3o \u00e9 id\u00eantico ao post principal.<\/span><br><br>An\u00fancios: ROXO - TOPO INTERNA - ROTATIVO 2 (197)<br \/>Grupo de an\u00fancios: Princ_Meio01_720x104 (27)<br><br>Condi\u00e7\u00f5es de exibi\u00e7\u00e3o<div style=\"margin-bottom: 20px; white-space: pre-wrap; font-family: monospace; width: 100%; background: #ffe9e9;\"><strong>condi\u00e7\u00f5es gerais<\/strong><table border=\"1\"><thead><tr><th><\/th><th>An\u00fancios<\/th><th>wp_the_query<\/th><\/tr><\/thead><tr><td>is_main_query<\/td><td>1<\/td><td>1<\/td><\/tr><tr><td>is_rest_api<\/td><td>0<\/td><td>1<\/td><\/tr><tr><td>page<\/td><td>0<\/td><td>1<\/td><\/tr><tr><td>numpages<\/td><td>0<\/td><td>1<\/td><\/tr><tr><td>is_archive<\/td><td>1<\/td><td><\/td><\/tr><tr><td>is_search<\/td><td>1<\/td><td><\/td><\/tr><tr><td>is_home<\/td><td>1<\/td><td><\/td><\/tr><tr><td>is_404<\/td><td>1<\/td><td><\/td><\/tr><tr><td>is_attachment<\/td><td>1<\/td><td><\/td><\/tr><tr><td>is_singular<\/td><td>1<\/td><td><\/td><\/tr><tr><td>is_front_page<\/td><td>1<\/td><td><\/td><\/tr><tr><td>is_feed<\/td><td>1<\/td><td><\/td><\/tr><\/table><\/div><br><br><span style=\"color: red;\">Seu site usa HTTPS, mas o c\u00f3digo do an\u00fancio cont\u00e9m HTTP e pode n\u00e3o funcionar.<\/span>\t<br><br>\n\t<a style=\"color: green;\" href=\"https:\/\/wpadvancedads.com\/manual\/ad-debug-mode\/?utm_source=advanced-ads&utm_medium=link&utm_campaign=ad-debug-mode\" target=\"_blank\" rel=\"nofollow\">Encontre solu\u00e7\u00f5es no manual<\/a>\n<\/div>\n<\/li><\/ul><\/div><script>( window.advanced_ads_ready || jQuery( document ).ready ).call( null, function() {var $lavraslider57487320 = jQuery( \".lavra-slider-57487320\" );$lavraslider57487320.on( \"unslider.ready\", function() { jQuery( \"div.custom-slider ul li\" ).css( \"display\", \"block\" ); });$lavraslider57487320.unslider({ delay:4000, autoplay:true, nav:false, arrows:false, infinite:true });$lavraslider57487320.on(\"mouseover\", function() {$lavraslider57487320.unslider(\"stop\");}).on(\"mouseout\", function() {$lavraslider57487320.unslider(\"start\");});});<\/script><\/div>\n<h2 class=\"wp-block-heading\">Inscri\u00e7\u00f5es seguem abertas at\u00e9 15 de fevereiro; oportunidades est\u00e3o distribu\u00eddas em cinco estados, com vagas para jovens de 14 a 21 anos e sem limite de idade para pessoas com defici\u00eancia<\/h2>\n\n\n\n<p><img fetchpriority=\"high\" decoding=\"async\" alt=\"Gustavo Ribeiro, 22 anos, admitido em 2025 por meio do Jovem Aprendiz\" width=\"1000\" height=\"563\" src=\"https:\/\/medias.itatiaia.com.br\/dims4\/default\/9bf2da2\/2147483647\/strip\/true\/crop\/1888x1063+1+0\/resize\/1000x563!\/quality\/90\/?url=https%3A%2F%2Fk2-prod-radio-itatiaia.s3.us-east-1.amazonaws.com%2Fbrightspot%2F4b%2Fa5%2F265dd6254ea28f45b45e59fd22d4%2Fitatiaia-image-42.jpg\"><\/p>\n\n\n\n<p>Gustavo Ribeiro<\/p>\n\n\n\n<p>Gustavo Ribeiro, 22 anos, admitido em 2025 por meio do Jovem Aprendiz<\/p>\n\n\n\n<p>A Vale abriu inscri\u00e7\u00f5es para o Programa Jovem Aprendiz 2026, com 640 vagas distribu\u00eddas em cinco estados: Minas Gerais, Esp\u00edrito Santo, Rio de Janeiro, Par\u00e1 e Maranh\u00e3o. O prazo para inscri\u00e7\u00e3o termina em 15 de fevereiro.<\/p>\n\n\n\n<p>Em Minas Gerais, est\u00e3o dispon\u00edveis 172 vagas, com oportunidades nos munic\u00edpios de Bar\u00e3o de Cocais, Brumadinho, Itabira, Itabirito, Mariana e Nova Lima.<\/p>\n\n\n\n<p>O programa tem dura\u00e7\u00e3o de at\u00e9 dois anos e combina atividades te\u00f3ricas e pr\u00e1ticas, em parceria com o SENAI. Os cursos abrangem \u00e1reas como eletromec\u00e2nica, mec\u00e2nica, minera\u00e7\u00e3o, log\u00edstica, tecnologia, seguran\u00e7a do trabalho, soldagem e desenvolvimento de sistemas, entre outras.<\/p>\n\n\n\n<h2 class=\"wp-block-heading\">Sal\u00e1rios e benef\u00edcios<\/h2>\n\n\n\n<p>A remunera\u00e7\u00e3o varia de R$ 1 mil, para jornada di\u00e1ria de quatro horas, a R$ 1.380, para seis horas di\u00e1rias. Os selecionados tamb\u00e9m ter\u00e3o direito a benef\u00edcios como assist\u00eancia m\u00e9dica, seguro de vida, vale-transporte ou transporte local, vale-refei\u00e7\u00e3o ou refeit\u00f3rio na unidade e acesso a programas de apoio psicol\u00f3gico, jur\u00eddico e financeiro.<\/p>\n\n\n\n<h2 class=\"wp-block-heading\">Quem pode participar<\/h2>\n\n\n\n<p>As vagas s\u00e3o destinadas a dois perfis:<\/p>\n\n\n\n<ul class=\"wp-block-list\">\n<li>Jovens de 18 a 21 anos e 11 meses, com ensino m\u00e9dio completo, para aprendizagem com pr\u00e1tica na empresa;<\/li>\n\n\n\n<li>Jovens de 14 a 17 anos e 11 meses, com ensino m\u00e9dio em andamento ou conclu\u00eddo, para aprendizagem com pr\u00e1tica em ambiente simulado do Senai.<\/li>\n<\/ul>\n\n\n\n<p>Para pessoas com defici\u00eancia (PcD), n\u00e3o h\u00e1 limite de idade.<\/p>\n\n\n\n<h2 class=\"wp-block-heading\">Processo seletivo<\/h2>\n\n\n\n<p>A sele\u00e7\u00e3o ser\u00e1 realizada de forma totalmente on-line e inclui provas digitais, din\u00e2micas de grupo, painel com lideran\u00e7as, avalia\u00e7\u00e3o psicol\u00f3gica e exames m\u00e9dicos. Todas as etapas s\u00e3o acompanhadas pela plataforma de inscri\u00e7\u00e3o.<\/p>\n\n\n\n<p>As inscri\u00e7\u00f5es devem ser feitas no&nbsp;<a href=\"https:\/\/vale.com\/pt\/jovem-aprendiz\" target=\"_blank\" rel=\"noreferrer noopener\"><strong>site oficial da empresa<\/strong><\/a>.<\/p>\n","protected":false},"excerpt":{"rendered":"<p>Inscri\u00e7\u00f5es seguem abertas at\u00e9 15 de fevereiro; oportunidades est\u00e3o distribu\u00eddas em cinco estados, com vagas para jovens de 14 a 21 anos e sem limite de idade para pessoas com defici\u00eancia Gustavo Ribeiro Gustavo Ribeiro, 22 anos, admitido em 2025 por meio do Jovem Aprendiz A Vale abriu inscri\u00e7\u00f5es para o Programa Jovem Aprendiz 2026, [&hellip;]<\/p>\n","protected":false},"author":5,"featured_media":169293,"comment_status":"closed","ping_status":"open","sticky":false,"template":"","format":"standard","meta":{"advgb_blocks_editor_width":"","advgb_blocks_columns_visual_guide":"","_exactmetrics_skip_tracking":false,"_exactmetrics_sitenote_active":false,"_exactmetrics_sitenote_note":"","_exactmetrics_sitenote_category":0,"footnotes":""},"categories":[7,2],"tags":[],"class_list":["post-169292","post","type-post","status-publish","format-standard","has-post-thumbnail","hentry","category-destaques","category-noticias"],"better_featured_image":{"id":169293,"alt_text":"","caption":"","description":"","media_type":"image","media_details":{"width":1000,"height":563,"file":"2026\/02\/download-5.webp","filesize":26766,"sizes":{"medium":{"file":"download-5-470x265.webp","width":470,"height":265,"mime-type":"image\/webp","filesize":11340,"source_url":"https:\/\/lavras.tv\/site\/wp-content\/uploads\/2026\/02\/download-5-470x265.webp"},"large":{"file":"download-5-970x546.webp","width":970,"height":546,"mime-type":"image\/webp","filesize":27192,"source_url":"https:\/\/lavras.tv\/site\/wp-content\/uploads\/2026\/02\/download-5-970x546.webp"},"thumbnail":{"file":"download-5-170x96.webp","width":170,"height":96,"mime-type":"image\/webp","filesize":3020,"source_url":"https:\/\/lavras.tv\/site\/wp-content\/uploads\/2026\/02\/download-5-170x96.webp"},"alm-thumbnail":{"file":"download-5-150x150.webp","width":150,"height":150,"mime-type":"image\/webp","filesize":5166,"source_url":"https:\/\/lavras.tv\/site\/wp-content\/uploads\/2026\/02\/download-5-150x150.webp"},"sow-carousel-default":{"file":"download-5-272x182.webp","width":272,"height":182,"mime-type":"image\/webp","filesize":7004,"source_url":"https:\/\/lavras.tv\/site\/wp-content\/uploads\/2026\/02\/download-5-272x182.webp"}},"image_meta":{"aperture":"0","credit":"","camera":"","caption":"","created_timestamp":"0","copyright":"","focal_length":"0","iso":"0","shutter_speed":"0","title":"","orientation":"0","keywords":[]}},"post":169292,"source_url":"https:\/\/lavras.tv\/site\/wp-content\/uploads\/2026\/02\/download-5.webp"},"author_meta":{"display_name":"Vinicius Bustamante","author_link":"https:\/\/lavras.tv\/site\/author\/vinicius-bustamante\/"},"featured_img":"https:\/\/lavras.tv\/site\/wp-content\/uploads\/2026\/02\/download-5-470x265.webp","coauthors":[],"tax_additional":{"categories":{"linked":["<a href=\"https:\/\/lavras.tv\/site\/category\/destaques\/\" class=\"advgb-post-tax-term\">Destaques<\/a>","<a href=\"https:\/\/lavras.tv\/site\/category\/noticias\/\" class=\"advgb-post-tax-term\">Not\u00edcias<\/a>"],"unlinked":["<span class=\"advgb-post-tax-term\">Destaques<\/span>","<span class=\"advgb-post-tax-term\">Not\u00edcias<\/span>"]}},"comment_count":"0","relative_dates":{"created":"Publicado 3 meses atr\u00e1s","modified":"Atualizado 3 meses atr\u00e1s"},"absolute_dates":{"created":"Publicado em 10 de fevereiro de 2026","modified":"Atualizado em 10 de fevereiro de 2026"},"absolute_dates_time":{"created":"Publicado em 10 de fevereiro de 2026 19:42","modified":"Atualizado em 10 de fevereiro de 2026 19:43"},"featured_img_caption":"","series_order":"","_links":{"self":[{"href":"https:\/\/lavras.tv\/site\/wp-json\/wp\/v2\/posts\/169292","targetHints":{"allow":["GET"]}}],"collection":[{"href":"https:\/\/lavras.tv\/site\/wp-json\/wp\/v2\/posts"}],"about":[{"href":"https:\/\/lavras.tv\/site\/wp-json\/wp\/v2\/types\/post"}],"author":[{"embeddable":true,"href":"https:\/\/lavras.tv\/site\/wp-json\/wp\/v2\/users\/5"}],"replies":[{"embeddable":true,"href":"https:\/\/lavras.tv\/site\/wp-json\/wp\/v2\/comments?post=169292"}],"version-history":[{"count":1,"href":"https:\/\/lavras.tv\/site\/wp-json\/wp\/v2\/posts\/169292\/revisions"}],"predecessor-version":[{"id":169294,"href":"https:\/\/lavras.tv\/site\/wp-json\/wp\/v2\/posts\/169292\/revisions\/169294"}],"wp:featuredmedia":[{"embeddable":true,"href":"https:\/\/lavras.tv\/site\/wp-json\/wp\/v2\/media\/169293"}],"wp:attachment":[{"href":"https:\/\/lavras.tv\/site\/wp-json\/wp\/v2\/media?parent=169292"}],"wp:term":[{"taxonomy":"category","embeddable":true,"href":"https:\/\/lavras.tv\/site\/wp-json\/wp\/v2\/categories?post=169292"},{"taxonomy":"post_tag","embeddable":true,"href":"https:\/\/lavras.tv\/site\/wp-json\/wp\/v2\/tags?post=169292"}],"curies":[{"name":"wp","href":"https:\/\/api.w.org\/{rel}","templated":true}]}}