{"id":169295,"date":"2026-02-10T19:45:15","date_gmt":"2026-02-10T22:45:15","guid":{"rendered":"https:\/\/lavras.tv\/site\/?p=169295"},"modified":"2026-02-10T19:45:17","modified_gmt":"2026-02-10T22:45:17","slug":"policia-civil-integra-operacao-blackout-em-combate-ao-crime-organizado","status":"publish","type":"post","link":"https:\/\/lavras.tv\/site\/2026\/02\/10\/policia-civil-integra-operacao-blackout-em-combate-ao-crime-organizado\/","title":{"rendered":"Pol\u00edcia Civil integra opera\u00e7\u00e3o Blackout em combate ao crime organizado"},"content":{"rendered":"<div class=\"lavra-antes-do-conteudo_2\" id=\"lavra-69259056\"><div id=\"lavra-slider-27\" class=\"custom-slider lavra-slider-1568356667 lavra-slider\"><ul><li><div style=\"margin-left: auto;margin-right: auto;text-align: center;\" id=\"lavra-1207788172\"><a href=\"https:\/\/sistemas.lavras.mg.gov.br\/portalcidadao\/#df1b1a7c7b2a290bcb31e32771e610784662739a88807c0dacac58ede5f391a7530e299dc302d611ee73cb143fc22eaf93592e53e7b5bdb01b00a0b8d28dae460c141dd2ff83412e4dc1c31b16b25f33144a9e5620ea73b13f5bc1c59411d98439ad226e8af03840603796067d87afe130812cf3de24982d0e306f9e61e764e5\" aria-label=\"Lavras-TV&#8211;720x104px (1) (1)\"><img src=\"https:\/\/lavras.tv\/site\/wp-content\/uploads\/2025\/01\/Lavras-TV-720x104px-1-1.png\" alt=\"\"  srcset=\"https:\/\/lavras.tv\/site\/wp-content\/uploads\/2025\/01\/Lavras-TV-720x104px-1-1.png 720w, https:\/\/lavras.tv\/site\/wp-content\/uploads\/2025\/01\/Lavras-TV-720x104px-1-1-470x68.png 470w, https:\/\/lavras.tv\/site\/wp-content\/uploads\/2025\/01\/Lavras-TV-720x104px-1-1-170x25.png 170w, https:\/\/lavras.tv\/site\/wp-content\/uploads\/2025\/01\/Lavras-TV-720x104px-1-1-200x29.png 200w\" sizes=\"(max-width: 720px) 100vw, 720px\" width=\"720\" height=\"104\"  style=\"display: inline-block;\" \/><\/a><\/div><\/li><li><a href=\"https:\/\/sistemas.lavras.mg.gov.br\/portalcidadao\/#df1b1a7c7b2a290bcb31e32771e610784662739a88807c0dacac58ede5f391a7530e299dc302d611ee73cb143fc22eaf93592e53e7b5bdb01b00a0b8d28dae460c141dd2ff83412e4dc1c31b16b25f33144a9e5620ea73b13f5bc1c59411d98439ad226e8af03840603796067d87afe130812cf3de24982d0e306f9e61e764e5\" aria-label=\"Banner_Emprego_PortallavrasTV\"><img src=\"https:\/\/lavras.tv\/site\/wp-content\/uploads\/2025\/03\/Banner_Emprego_PortallavrasTV.png\" alt=\"\"  srcset=\"https:\/\/lavras.tv\/site\/wp-content\/uploads\/2025\/03\/Banner_Emprego_PortallavrasTV.png 720w, https:\/\/lavras.tv\/site\/wp-content\/uploads\/2025\/03\/Banner_Emprego_PortallavrasTV-470x68.png 470w, https:\/\/lavras.tv\/site\/wp-content\/uploads\/2025\/03\/Banner_Emprego_PortallavrasTV-170x25.png 170w, https:\/\/lavras.tv\/site\/wp-content\/uploads\/2025\/03\/Banner_Emprego_PortallavrasTV-200x29.png 200w\" sizes=\"(max-width: 720px) 100vw, 720px\" width=\"720\" height=\"104\"   \/><\/a><\/li><li><a href=\"https:\/\/sistemas.lavras.mg.gov.br\/portalcidadao\/#df1b1a7c7b2a290bcb31e32771e610784662739a88807c0dacac58ede5f391a7530e299dc302d611ee73cb143fc22eaf93592e53e7b5bdb01b00a0b8d28dae460c141dd2ff83412e4dc1c31b16b25f33144a9e5620ea73b13f5bc1c59411d98439ad226e8af03840603796067d87afe130812cf3de24982d0e306f9e61e764e5\" aria-label=\"Banner_Obras_PortallavrasTV\"><img src=\"https:\/\/lavras.tv\/site\/wp-content\/uploads\/2025\/03\/Banner_Obras_PortallavrasTV.png\" alt=\"\"  srcset=\"https:\/\/lavras.tv\/site\/wp-content\/uploads\/2025\/03\/Banner_Obras_PortallavrasTV.png 720w, https:\/\/lavras.tv\/site\/wp-content\/uploads\/2025\/03\/Banner_Obras_PortallavrasTV-470x68.png 470w, https:\/\/lavras.tv\/site\/wp-content\/uploads\/2025\/03\/Banner_Obras_PortallavrasTV-170x25.png 170w, https:\/\/lavras.tv\/site\/wp-content\/uploads\/2025\/03\/Banner_Obras_PortallavrasTV-200x29.png 200w\" sizes=\"(max-width: 720px) 100vw, 720px\" width=\"720\" height=\"104\"   \/><\/a><\/li><li><div style=\"margin-left: auto;margin-right: auto;text-align: center;\" id=\"lavra-3235407913\"><a href=\"https:\/\/sistemas.lavras.mg.gov.br\/portalcidadao\/#df1b1a7c7b2a290bcb31e32771e610784662739a88807c0dacac58ede5f391a7530e299dc302d611ee73cb143fc22eaf93592e53e7b5bdb01b00a0b8d28dae460c141dd2ff83412e4dc1c31b16b25f33144a9e5620ea73b13f5bc1c59411d98439ad226e8af03840603796067d87afe130812cf3de24982d0e306f9e61e764e5\" aria-label=\"Banner_Educa\u00e7\u00e3o_PortallavrasTV\"><img src=\"https:\/\/lavras.tv\/site\/wp-content\/uploads\/2025\/01\/Banner_Educacao_PortallavrasTV.png\" alt=\"\"  srcset=\"https:\/\/lavras.tv\/site\/wp-content\/uploads\/2025\/01\/Banner_Educacao_PortallavrasTV.png 720w, https:\/\/lavras.tv\/site\/wp-content\/uploads\/2025\/01\/Banner_Educacao_PortallavrasTV-470x68.png 470w, https:\/\/lavras.tv\/site\/wp-content\/uploads\/2025\/01\/Banner_Educacao_PortallavrasTV-170x25.png 170w, https:\/\/lavras.tv\/site\/wp-content\/uploads\/2025\/01\/Banner_Educacao_PortallavrasTV-200x29.png 200w\" sizes=\"(max-width: 720px) 100vw, 720px\" width=\"720\" height=\"104\"  style=\"display: inline-block;\" \/><\/a><\/div><\/li><li><a href=\"https:\/\/sistemas.lavras.mg.gov.br\/portalcidadao\/#df1b1a7c7b2a290bcb31e32771e610784662739a88807c0dacac58ede5f391a7530e299dc302d611ee73cb143fc22eaf93592e53e7b5bdb01b00a0b8d28dae460c141dd2ff83412e4dc1c31b16b25f33144a9e5620ea73b13f5bc1c59411d98439ad226e8af03840603796067d87afe130812cf3de24982d0e306f9e61e764e5\" aria-label=\"Banner_Sa\u00fade_PortallavrasTV\"><img src=\"https:\/\/lavras.tv\/site\/wp-content\/uploads\/2025\/03\/Banner_Saude_PortallavrasTV.png\" alt=\"\"  srcset=\"https:\/\/lavras.tv\/site\/wp-content\/uploads\/2025\/03\/Banner_Saude_PortallavrasTV.png 720w, https:\/\/lavras.tv\/site\/wp-content\/uploads\/2025\/03\/Banner_Saude_PortallavrasTV-470x68.png 470w, https:\/\/lavras.tv\/site\/wp-content\/uploads\/2025\/03\/Banner_Saude_PortallavrasTV-170x25.png 170w, https:\/\/lavras.tv\/site\/wp-content\/uploads\/2025\/03\/Banner_Saude_PortallavrasTV-200x29.png 200w\" sizes=\"(max-width: 720px) 100vw, 720px\" width=\"720\" height=\"104\"   \/><\/a><\/li><li><div id=\"lavra-4052476276\" style=\"width:720px;height:104px;background-color:#ddd;overflow:scroll;\">\n\t<strong>Sa\u00edda da depura\u00e7\u00e3o de an\u00fancios<\/strong>\n\t<br><br>\n\tO an\u00fancio n\u00e3o \u00e9 exibido na p\u00e1gina<br><br>post atual: Pol\u00edcia Civil integra opera\u00e7\u00e3o Blackout em combate ao crime organizado, ID: 169295<br><br><span style=\"color: red;\">O post atual n\u00e3o \u00e9 id\u00eantico ao post principal.<\/span><br><br>An\u00fancios: ROXO - TOPO INTERNA - ROTATIVO 2 (197)<br \/>Grupo de an\u00fancios: Princ_Meio01_720x104 (27)<br><br>Condi\u00e7\u00f5es de exibi\u00e7\u00e3o<div style=\"margin-bottom: 20px; white-space: pre-wrap; font-family: monospace; width: 100%; background: #ffe9e9;\"><strong>condi\u00e7\u00f5es gerais<\/strong><table border=\"1\"><thead><tr><th><\/th><th>An\u00fancios<\/th><th>wp_the_query<\/th><\/tr><\/thead><tr><td>is_main_query<\/td><td>1<\/td><td>1<\/td><\/tr><tr><td>is_rest_api<\/td><td>0<\/td><td>1<\/td><\/tr><tr><td>page<\/td><td>0<\/td><td>1<\/td><\/tr><tr><td>numpages<\/td><td>0<\/td><td>1<\/td><\/tr><tr><td>is_archive<\/td><td>1<\/td><td><\/td><\/tr><tr><td>is_search<\/td><td>1<\/td><td><\/td><\/tr><tr><td>is_home<\/td><td>1<\/td><td><\/td><\/tr><tr><td>is_404<\/td><td>1<\/td><td><\/td><\/tr><tr><td>is_attachment<\/td><td>1<\/td><td><\/td><\/tr><tr><td>is_singular<\/td><td>1<\/td><td><\/td><\/tr><tr><td>is_front_page<\/td><td>1<\/td><td><\/td><\/tr><tr><td>is_feed<\/td><td>1<\/td><td><\/td><\/tr><\/table><\/div><br><br><span style=\"color: red;\">Seu site usa HTTPS, mas o c\u00f3digo do an\u00fancio cont\u00e9m HTTP e pode n\u00e3o funcionar.<\/span>\t<br><br>\n\t<a style=\"color: green;\" href=\"https:\/\/wpadvancedads.com\/manual\/ad-debug-mode\/?utm_source=advanced-ads&utm_medium=link&utm_campaign=ad-debug-mode\" target=\"_blank\" rel=\"nofollow\">Encontre solu\u00e7\u00f5es no manual<\/a>\n<\/div>\n<\/li><\/ul><\/div><script>( window.advanced_ads_ready || jQuery( document ).ready ).call( null, function() {var $lavraslider1568356667 = jQuery( \".lavra-slider-1568356667\" );$lavraslider1568356667.on( \"unslider.ready\", function() { jQuery( \"div.custom-slider ul li\" ).css( \"display\", \"block\" ); });$lavraslider1568356667.unslider({ delay:4000, autoplay:true, nav:false, arrows:false, infinite:true });$lavraslider1568356667.on(\"mouseover\", function() {$lavraslider1568356667.unslider(\"stop\");}).on(\"mouseout\", function() {$lavraslider1568356667.unslider(\"start\");});});<\/script><\/div>\n<figure class=\"wp-block-image size-large\"><img fetchpriority=\"high\" decoding=\"async\" width=\"970\" height=\"646\" src=\"https:\/\/lavras.tv\/site\/wp-content\/uploads\/2026\/02\/WhatsApp-Image-2026-02-10-at-17.57.32-2-970x646.jpeg\" alt=\"\" class=\"wp-image-169296\" srcset=\"https:\/\/lavras.tv\/site\/wp-content\/uploads\/2026\/02\/WhatsApp-Image-2026-02-10-at-17.57.32-2-970x646.jpeg 970w, https:\/\/lavras.tv\/site\/wp-content\/uploads\/2026\/02\/WhatsApp-Image-2026-02-10-at-17.57.32-2-450x300.jpeg 450w, https:\/\/lavras.tv\/site\/wp-content\/uploads\/2026\/02\/WhatsApp-Image-2026-02-10-at-17.57.32-2-170x113.jpeg 170w, https:\/\/lavras.tv\/site\/wp-content\/uploads\/2026\/02\/WhatsApp-Image-2026-02-10-at-17.57.32-2-1536x1023.jpeg 1536w, https:\/\/lavras.tv\/site\/wp-content\/uploads\/2026\/02\/WhatsApp-Image-2026-02-10-at-17.57.32-2-272x182.jpeg 272w, https:\/\/lavras.tv\/site\/wp-content\/uploads\/2026\/02\/WhatsApp-Image-2026-02-10-at-17.57.32-2.jpeg 1600w\" sizes=\"(max-width: 970px) 100vw, 970px\" \/><\/figure>\n\n\n\n<p>Na manh\u00e3 desta ter\u00e7a-feira (10\/2), a Pol\u00edcia Civil de Minas Gerais (PCMG) integrou a opera\u00e7\u00e3o Blackout, que teve como foco a desarticula\u00e7\u00e3o de uma organiza\u00e7\u00e3o criminosa atuante nos munic\u00edpios de Oliveira e Divin\u00f3polis, regi\u00e3o Centro-Oeste do estado. A opera\u00e7\u00e3o foi conduzida pelo Minist\u00e9rio P\u00fablico, por meio do Grupo de Atua\u00e7\u00e3o Especial de Combate \u00e0s Organiza\u00e7\u00f5es Criminosas (Gaeco) \u2013 n\u00facleo Varginha, em a\u00e7\u00e3o integrada com as pol\u00edcias Militar e Penal.<\/p>\n\n\n\n<p>No total, foram cumpridos 30 mandados de busca e apreens\u00e3o e outros 15 de pris\u00e3o preventiva, al\u00e9m de ordens de sequestro de bens m\u00f3veis, im\u00f3veis e valores financeiros supostamente adquiridos com recursos il\u00edcitos.<\/p>\n\n\n\n<p>As investiga\u00e7\u00f5es, conduzidas pela PCMG, estenderam-se por aproximadamente oito meses, sendo apurados crimes como tr\u00e1fico de drogas, lavagem de dinheiro, porte ilegal de arma de fogo, embara\u00e7o \u00e0 investiga\u00e7\u00e3o e corrup\u00e7\u00e3o policial.<\/p>\n\n\n\n<p>A apura\u00e7\u00e3o teve in\u00edcio ap\u00f3s uma sequ\u00eancia de homic\u00eddios registrados em Oliveira, os quais estariam relacionados a disputas entre grupos criminosos pelo controle do tr\u00e1fico de drogas na regi\u00e3o.<\/p>\n\n\n\n<p>As investiga\u00e7\u00f5es prosseguem.<\/p>\n\n\n\n<figure class=\"wp-block-gallery has-nested-images columns-default is-cropped wp-block-gallery-1 is-layout-flex wp-block-gallery-is-layout-flex\">\n<figure class=\"wp-block-image size-large\"><img decoding=\"async\" width=\"682\" height=\"1024\" data-id=\"169301\" src=\"https:\/\/lavras.tv\/site\/wp-content\/uploads\/2026\/02\/WhatsApp-Image-2026-02-10-at-17.57.31-682x1024.jpeg\" alt=\"\" class=\"wp-image-169301\" srcset=\"https:\/\/lavras.tv\/site\/wp-content\/uploads\/2026\/02\/WhatsApp-Image-2026-02-10-at-17.57.31-682x1024.jpeg 682w, https:\/\/lavras.tv\/site\/wp-content\/uploads\/2026\/02\/WhatsApp-Image-2026-02-10-at-17.57.31-200x300.jpeg 200w, https:\/\/lavras.tv\/site\/wp-content\/uploads\/2026\/02\/WhatsApp-Image-2026-02-10-at-17.57.31-100x150.jpeg 100w, https:\/\/lavras.tv\/site\/wp-content\/uploads\/2026\/02\/WhatsApp-Image-2026-02-10-at-17.57.31-1023x1536.jpeg 1023w, https:\/\/lavras.tv\/site\/wp-content\/uploads\/2026\/02\/WhatsApp-Image-2026-02-10-at-17.57.31.jpeg 1066w\" sizes=\"(max-width: 682px) 100vw, 682px\" \/><\/figure>\n\n\n\n<figure class=\"wp-block-image size-large\"><img decoding=\"async\" width=\"682\" height=\"1024\" data-id=\"169302\" src=\"https:\/\/lavras.tv\/site\/wp-content\/uploads\/2026\/02\/WhatsApp-Image-2026-02-10-at-17.57.31-1-682x1024.jpeg\" alt=\"\" class=\"wp-image-169302\" srcset=\"https:\/\/lavras.tv\/site\/wp-content\/uploads\/2026\/02\/WhatsApp-Image-2026-02-10-at-17.57.31-1-682x1024.jpeg 682w, https:\/\/lavras.tv\/site\/wp-content\/uploads\/2026\/02\/WhatsApp-Image-2026-02-10-at-17.57.31-1-200x300.jpeg 200w, https:\/\/lavras.tv\/site\/wp-content\/uploads\/2026\/02\/WhatsApp-Image-2026-02-10-at-17.57.31-1-100x150.jpeg 100w, https:\/\/lavras.tv\/site\/wp-content\/uploads\/2026\/02\/WhatsApp-Image-2026-02-10-at-17.57.31-1-1023x1536.jpeg 1023w, https:\/\/lavras.tv\/site\/wp-content\/uploads\/2026\/02\/WhatsApp-Image-2026-02-10-at-17.57.31-1.jpeg 1066w\" sizes=\"(max-width: 682px) 100vw, 682px\" \/><\/figure>\n\n\n\n<figure class=\"wp-block-image size-large\"><img loading=\"lazy\" decoding=\"async\" width=\"682\" height=\"1024\" data-id=\"169300\" src=\"https:\/\/lavras.tv\/site\/wp-content\/uploads\/2026\/02\/WhatsApp-Image-2026-02-10-at-17.57.31-2-682x1024.jpeg\" alt=\"\" class=\"wp-image-169300\" srcset=\"https:\/\/lavras.tv\/site\/wp-content\/uploads\/2026\/02\/WhatsApp-Image-2026-02-10-at-17.57.31-2-682x1024.jpeg 682w, https:\/\/lavras.tv\/site\/wp-content\/uploads\/2026\/02\/WhatsApp-Image-2026-02-10-at-17.57.31-2-200x300.jpeg 200w, https:\/\/lavras.tv\/site\/wp-content\/uploads\/2026\/02\/WhatsApp-Image-2026-02-10-at-17.57.31-2-100x150.jpeg 100w, https:\/\/lavras.tv\/site\/wp-content\/uploads\/2026\/02\/WhatsApp-Image-2026-02-10-at-17.57.31-2-1023x1536.jpeg 1023w, https:\/\/lavras.tv\/site\/wp-content\/uploads\/2026\/02\/WhatsApp-Image-2026-02-10-at-17.57.31-2.jpeg 1066w\" sizes=\"(max-width: 682px) 100vw, 682px\" \/><\/figure>\n\n\n\n<figure class=\"wp-block-image size-large\"><img loading=\"lazy\" decoding=\"async\" width=\"682\" height=\"1024\" data-id=\"169299\" src=\"https:\/\/lavras.tv\/site\/wp-content\/uploads\/2026\/02\/WhatsApp-Image-2026-02-10-at-17.57.31-3-682x1024.jpeg\" alt=\"\" class=\"wp-image-169299\" srcset=\"https:\/\/lavras.tv\/site\/wp-content\/uploads\/2026\/02\/WhatsApp-Image-2026-02-10-at-17.57.31-3-682x1024.jpeg 682w, https:\/\/lavras.tv\/site\/wp-content\/uploads\/2026\/02\/WhatsApp-Image-2026-02-10-at-17.57.31-3-200x300.jpeg 200w, https:\/\/lavras.tv\/site\/wp-content\/uploads\/2026\/02\/WhatsApp-Image-2026-02-10-at-17.57.31-3-100x150.jpeg 100w, https:\/\/lavras.tv\/site\/wp-content\/uploads\/2026\/02\/WhatsApp-Image-2026-02-10-at-17.57.31-3-1023x1536.jpeg 1023w, https:\/\/lavras.tv\/site\/wp-content\/uploads\/2026\/02\/WhatsApp-Image-2026-02-10-at-17.57.31-3.jpeg 1066w\" sizes=\"(max-width: 682px) 100vw, 682px\" \/><\/figure>\n\n\n\n<figure class=\"wp-block-image size-large\"><img loading=\"lazy\" decoding=\"async\" width=\"682\" height=\"1024\" data-id=\"169297\" src=\"https:\/\/lavras.tv\/site\/wp-content\/uploads\/2026\/02\/WhatsApp-Image-2026-02-10-at-17.57.32-682x1024.jpeg\" alt=\"\" class=\"wp-image-169297\" srcset=\"https:\/\/lavras.tv\/site\/wp-content\/uploads\/2026\/02\/WhatsApp-Image-2026-02-10-at-17.57.32-682x1024.jpeg 682w, https:\/\/lavras.tv\/site\/wp-content\/uploads\/2026\/02\/WhatsApp-Image-2026-02-10-at-17.57.32-200x300.jpeg 200w, https:\/\/lavras.tv\/site\/wp-content\/uploads\/2026\/02\/WhatsApp-Image-2026-02-10-at-17.57.32-100x150.jpeg 100w, https:\/\/lavras.tv\/site\/wp-content\/uploads\/2026\/02\/WhatsApp-Image-2026-02-10-at-17.57.32-1023x1536.jpeg 1023w, https:\/\/lavras.tv\/site\/wp-content\/uploads\/2026\/02\/WhatsApp-Image-2026-02-10-at-17.57.32.jpeg 1066w\" sizes=\"(max-width: 682px) 100vw, 682px\" \/><\/figure>\n\n\n\n<figure class=\"wp-block-image size-large\"><img loading=\"lazy\" decoding=\"async\" width=\"682\" height=\"1024\" data-id=\"169298\" src=\"https:\/\/lavras.tv\/site\/wp-content\/uploads\/2026\/02\/WhatsApp-Image-2026-02-10-at-17.57.32-1-682x1024.jpeg\" alt=\"\" class=\"wp-image-169298\" srcset=\"https:\/\/lavras.tv\/site\/wp-content\/uploads\/2026\/02\/WhatsApp-Image-2026-02-10-at-17.57.32-1-682x1024.jpeg 682w, https:\/\/lavras.tv\/site\/wp-content\/uploads\/2026\/02\/WhatsApp-Image-2026-02-10-at-17.57.32-1-200x300.jpeg 200w, https:\/\/lavras.tv\/site\/wp-content\/uploads\/2026\/02\/WhatsApp-Image-2026-02-10-at-17.57.32-1-100x150.jpeg 100w, https:\/\/lavras.tv\/site\/wp-content\/uploads\/2026\/02\/WhatsApp-Image-2026-02-10-at-17.57.32-1-1023x1536.jpeg 1023w, https:\/\/lavras.tv\/site\/wp-content\/uploads\/2026\/02\/WhatsApp-Image-2026-02-10-at-17.57.32-1.jpeg 1066w\" sizes=\"(max-width: 682px) 100vw, 682px\" \/><\/figure>\n\n\n\n<figure class=\"wp-block-image size-large\"><img loading=\"lazy\" decoding=\"async\" width=\"970\" height=\"646\" data-id=\"169303\" src=\"https:\/\/lavras.tv\/site\/wp-content\/uploads\/2026\/02\/WhatsApp-Image-2026-02-10-at-17.57.32-3-970x646.jpeg\" alt=\"\" class=\"wp-image-169303\" srcset=\"https:\/\/lavras.tv\/site\/wp-content\/uploads\/2026\/02\/WhatsApp-Image-2026-02-10-at-17.57.32-3-970x646.jpeg 970w, https:\/\/lavras.tv\/site\/wp-content\/uploads\/2026\/02\/WhatsApp-Image-2026-02-10-at-17.57.32-3-450x300.jpeg 450w, https:\/\/lavras.tv\/site\/wp-content\/uploads\/2026\/02\/WhatsApp-Image-2026-02-10-at-17.57.32-3-170x113.jpeg 170w, https:\/\/lavras.tv\/site\/wp-content\/uploads\/2026\/02\/WhatsApp-Image-2026-02-10-at-17.57.32-3-1536x1023.jpeg 1536w, https:\/\/lavras.tv\/site\/wp-content\/uploads\/2026\/02\/WhatsApp-Image-2026-02-10-at-17.57.32-3-272x182.jpeg 272w, https:\/\/lavras.tv\/site\/wp-content\/uploads\/2026\/02\/WhatsApp-Image-2026-02-10-at-17.57.32-3.jpeg 1600w\" sizes=\"(max-width: 970px) 100vw, 970px\" \/><\/figure>\n<\/figure>\n","protected":false},"excerpt":{"rendered":"<p>Na manh\u00e3 desta ter\u00e7a-feira (10\/2), a Pol\u00edcia Civil de Minas Gerais (PCMG) integrou a opera\u00e7\u00e3o Blackout, que teve como foco a desarticula\u00e7\u00e3o de uma organiza\u00e7\u00e3o criminosa atuante nos munic\u00edpios de Oliveira e Divin\u00f3polis, regi\u00e3o Centro-Oeste do estado. A opera\u00e7\u00e3o foi conduzida pelo Minist\u00e9rio P\u00fablico, por meio do Grupo de Atua\u00e7\u00e3o Especial de Combate \u00e0s Organiza\u00e7\u00f5es [&hellip;]<\/p>\n","protected":false},"author":5,"featured_media":169296,"comment_status":"closed","ping_status":"open","sticky":false,"template":"","format":"standard","meta":{"advgb_blocks_editor_width":"","advgb_blocks_columns_visual_guide":"","_exactmetrics_skip_tracking":false,"_exactmetrics_sitenote_active":false,"_exactmetrics_sitenote_note":"","_exactmetrics_sitenote_category":0,"footnotes":""},"categories":[17,2,5760],"tags":[],"class_list":["post-169295","post","type-post","status-publish","format-standard","has-post-thumbnail","hentry","category-jornal-cidade","category-noticias","category-noticias-jornal-cidade"],"better_featured_image":{"id":169296,"alt_text":"","caption":"","description":"","media_type":"image","media_details":{"width":1600,"height":1066,"file":"2026\/02\/WhatsApp-Image-2026-02-10-at-17.57.32-2.jpeg","filesize":385257,"sizes":{"medium":{"file":"WhatsApp-Image-2026-02-10-at-17.57.32-2-450x300.jpeg","width":450,"height":300,"mime-type":"image\/jpeg","filesize":27764,"source_url":"https:\/\/lavras.tv\/site\/wp-content\/uploads\/2026\/02\/WhatsApp-Image-2026-02-10-at-17.57.32-2-450x300.jpeg"},"large":{"file":"WhatsApp-Image-2026-02-10-at-17.57.32-2-970x646.jpeg","width":970,"height":646,"mime-type":"image\/jpeg","filesize":97302,"source_url":"https:\/\/lavras.tv\/site\/wp-content\/uploads\/2026\/02\/WhatsApp-Image-2026-02-10-at-17.57.32-2-970x646.jpeg"},"thumbnail":{"file":"WhatsApp-Image-2026-02-10-at-17.57.32-2-170x113.jpeg","width":170,"height":113,"mime-type":"image\/jpeg","filesize":5958,"source_url":"https:\/\/lavras.tv\/site\/wp-content\/uploads\/2026\/02\/WhatsApp-Image-2026-02-10-at-17.57.32-2-170x113.jpeg"},"1536x1536":{"file":"WhatsApp-Image-2026-02-10-at-17.57.32-2-1536x1023.jpeg","width":1536,"height":1023,"mime-type":"image\/jpeg","filesize":208969,"source_url":"https:\/\/lavras.tv\/site\/wp-content\/uploads\/2026\/02\/WhatsApp-Image-2026-02-10-at-17.57.32-2-1536x1023.jpeg"},"alm-thumbnail":{"file":"WhatsApp-Image-2026-02-10-at-17.57.32-2-150x150.jpeg","width":150,"height":150,"mime-type":"image\/jpeg","filesize":6663,"source_url":"https:\/\/lavras.tv\/site\/wp-content\/uploads\/2026\/02\/WhatsApp-Image-2026-02-10-at-17.57.32-2-150x150.jpeg"},"sow-carousel-default":{"file":"WhatsApp-Image-2026-02-10-at-17.57.32-2-272x182.jpeg","width":272,"height":182,"mime-type":"image\/jpeg","filesize":12145,"source_url":"https:\/\/lavras.tv\/site\/wp-content\/uploads\/2026\/02\/WhatsApp-Image-2026-02-10-at-17.57.32-2-272x182.jpeg"}},"image_meta":{"aperture":"0","credit":"","camera":"","caption":"","created_timestamp":"0","copyright":"","focal_length":"0","iso":"0","shutter_speed":"0","title":"","orientation":"0","keywords":[]}},"post":169295,"source_url":"https:\/\/lavras.tv\/site\/wp-content\/uploads\/2026\/02\/WhatsApp-Image-2026-02-10-at-17.57.32-2.jpeg"},"author_meta":{"display_name":"Vinicius Bustamante","author_link":"https:\/\/lavras.tv\/site\/author\/vinicius-bustamante\/"},"featured_img":"https:\/\/lavras.tv\/site\/wp-content\/uploads\/2026\/02\/WhatsApp-Image-2026-02-10-at-17.57.32-2-450x300.jpeg","coauthors":[],"tax_additional":{"categories":{"linked":["<a href=\"https:\/\/lavras.tv\/site\/category\/sem-categoria\/jornal-cidade\/\" class=\"advgb-post-tax-term\">DESTAQUE PRINCIPAL<\/a>","<a href=\"https:\/\/lavras.tv\/site\/category\/noticias\/\" class=\"advgb-post-tax-term\">Not\u00edcias<\/a>","<a href=\"https:\/\/lavras.tv\/site\/category\/sem-categoria\/jornal-cidade\/noticias-jornal-cidade\/\" class=\"advgb-post-tax-term\">NOT\u00cdCIAS<\/a>"],"unlinked":["<span class=\"advgb-post-tax-term\">DESTAQUE PRINCIPAL<\/span>","<span class=\"advgb-post-tax-term\">Not\u00edcias<\/span>","<span class=\"advgb-post-tax-term\">NOT\u00cdCIAS<\/span>"]}},"comment_count":"0","relative_dates":{"created":"Publicado 3 meses atr\u00e1s","modified":"Atualizado 3 meses atr\u00e1s"},"absolute_dates":{"created":"Publicado em 10 de fevereiro de 2026","modified":"Atualizado em 10 de fevereiro de 2026"},"absolute_dates_time":{"created":"Publicado em 10 de fevereiro de 2026 19:45","modified":"Atualizado em 10 de fevereiro de 2026 19:45"},"featured_img_caption":"","series_order":"","_links":{"self":[{"href":"https:\/\/lavras.tv\/site\/wp-json\/wp\/v2\/posts\/169295","targetHints":{"allow":["GET"]}}],"collection":[{"href":"https:\/\/lavras.tv\/site\/wp-json\/wp\/v2\/posts"}],"about":[{"href":"https:\/\/lavras.tv\/site\/wp-json\/wp\/v2\/types\/post"}],"author":[{"embeddable":true,"href":"https:\/\/lavras.tv\/site\/wp-json\/wp\/v2\/users\/5"}],"replies":[{"embeddable":true,"href":"https:\/\/lavras.tv\/site\/wp-json\/wp\/v2\/comments?post=169295"}],"version-history":[{"count":1,"href":"https:\/\/lavras.tv\/site\/wp-json\/wp\/v2\/posts\/169295\/revisions"}],"predecessor-version":[{"id":169304,"href":"https:\/\/lavras.tv\/site\/wp-json\/wp\/v2\/posts\/169295\/revisions\/169304"}],"wp:featuredmedia":[{"embeddable":true,"href":"https:\/\/lavras.tv\/site\/wp-json\/wp\/v2\/media\/169296"}],"wp:attachment":[{"href":"https:\/\/lavras.tv\/site\/wp-json\/wp\/v2\/media?parent=169295"}],"wp:term":[{"taxonomy":"category","embeddable":true,"href":"https:\/\/lavras.tv\/site\/wp-json\/wp\/v2\/categories?post=169295"},{"taxonomy":"post_tag","embeddable":true,"href":"https:\/\/lavras.tv\/site\/wp-json\/wp\/v2\/tags?post=169295"}],"curies":[{"name":"wp","href":"https:\/\/api.w.org\/{rel}","templated":true}]}}