{"id":169305,"date":"2026-02-10T19:51:41","date_gmt":"2026-02-10T22:51:41","guid":{"rendered":"https:\/\/lavras.tv\/site\/?p=169305"},"modified":"2026-02-10T19:51:43","modified_gmt":"2026-02-10T22:51:43","slug":"hemominas-lanca-campanha-de-carnaval-e-convoca-doadores-para-garantir-os-estoques-de-sangue-durante-a-folia","status":"publish","type":"post","link":"https:\/\/lavras.tv\/site\/2026\/02\/10\/hemominas-lanca-campanha-de-carnaval-e-convoca-doadores-para-garantir-os-estoques-de-sangue-durante-a-folia\/","title":{"rendered":"Hemominas lan\u00e7a campanha de Carnaval e convoca doadores para garantir os estoques de sangue durante a folia"},"content":{"rendered":"<div class=\"lavra-antes-do-conteudo_2\" id=\"lavra-3495286366\"><div id=\"lavra-slider-27\" class=\"custom-slider lavra-slider-2889720381 lavra-slider\"><ul><li><div style=\"margin-left: auto;margin-right: auto;text-align: center;\" id=\"lavra-2386404156\"><a href=\"https:\/\/sistemas.lavras.mg.gov.br\/portalcidadao\/#df1b1a7c7b2a290bcb31e32771e610784662739a88807c0dacac58ede5f391a7530e299dc302d611ee73cb143fc22eaf93592e53e7b5bdb01b00a0b8d28dae460c141dd2ff83412e4dc1c31b16b25f33144a9e5620ea73b13f5bc1c59411d98439ad226e8af03840603796067d87afe130812cf3de24982d0e306f9e61e764e5\" aria-label=\"Lavras-TV&#8211;720x104px (1) (1)\"><img src=\"https:\/\/lavras.tv\/site\/wp-content\/uploads\/2025\/01\/Lavras-TV-720x104px-1-1.png\" alt=\"\"  srcset=\"https:\/\/lavras.tv\/site\/wp-content\/uploads\/2025\/01\/Lavras-TV-720x104px-1-1.png 720w, https:\/\/lavras.tv\/site\/wp-content\/uploads\/2025\/01\/Lavras-TV-720x104px-1-1-470x68.png 470w, https:\/\/lavras.tv\/site\/wp-content\/uploads\/2025\/01\/Lavras-TV-720x104px-1-1-170x25.png 170w, https:\/\/lavras.tv\/site\/wp-content\/uploads\/2025\/01\/Lavras-TV-720x104px-1-1-200x29.png 200w\" sizes=\"(max-width: 720px) 100vw, 720px\" width=\"720\" height=\"104\"  style=\"display: inline-block;\" \/><\/a><\/div><\/li><li><a href=\"https:\/\/sistemas.lavras.mg.gov.br\/portalcidadao\/#df1b1a7c7b2a290bcb31e32771e610784662739a88807c0dacac58ede5f391a7530e299dc302d611ee73cb143fc22eaf93592e53e7b5bdb01b00a0b8d28dae460c141dd2ff83412e4dc1c31b16b25f33144a9e5620ea73b13f5bc1c59411d98439ad226e8af03840603796067d87afe130812cf3de24982d0e306f9e61e764e5\" aria-label=\"Banner_Emprego_PortallavrasTV\"><img src=\"https:\/\/lavras.tv\/site\/wp-content\/uploads\/2025\/03\/Banner_Emprego_PortallavrasTV.png\" alt=\"\"  srcset=\"https:\/\/lavras.tv\/site\/wp-content\/uploads\/2025\/03\/Banner_Emprego_PortallavrasTV.png 720w, https:\/\/lavras.tv\/site\/wp-content\/uploads\/2025\/03\/Banner_Emprego_PortallavrasTV-470x68.png 470w, https:\/\/lavras.tv\/site\/wp-content\/uploads\/2025\/03\/Banner_Emprego_PortallavrasTV-170x25.png 170w, https:\/\/lavras.tv\/site\/wp-content\/uploads\/2025\/03\/Banner_Emprego_PortallavrasTV-200x29.png 200w\" sizes=\"(max-width: 720px) 100vw, 720px\" width=\"720\" height=\"104\"   \/><\/a><\/li><li><a href=\"https:\/\/sistemas.lavras.mg.gov.br\/portalcidadao\/#df1b1a7c7b2a290bcb31e32771e610784662739a88807c0dacac58ede5f391a7530e299dc302d611ee73cb143fc22eaf93592e53e7b5bdb01b00a0b8d28dae460c141dd2ff83412e4dc1c31b16b25f33144a9e5620ea73b13f5bc1c59411d98439ad226e8af03840603796067d87afe130812cf3de24982d0e306f9e61e764e5\" aria-label=\"Banner_Obras_PortallavrasTV\"><img src=\"https:\/\/lavras.tv\/site\/wp-content\/uploads\/2025\/03\/Banner_Obras_PortallavrasTV.png\" alt=\"\"  srcset=\"https:\/\/lavras.tv\/site\/wp-content\/uploads\/2025\/03\/Banner_Obras_PortallavrasTV.png 720w, https:\/\/lavras.tv\/site\/wp-content\/uploads\/2025\/03\/Banner_Obras_PortallavrasTV-470x68.png 470w, https:\/\/lavras.tv\/site\/wp-content\/uploads\/2025\/03\/Banner_Obras_PortallavrasTV-170x25.png 170w, https:\/\/lavras.tv\/site\/wp-content\/uploads\/2025\/03\/Banner_Obras_PortallavrasTV-200x29.png 200w\" sizes=\"(max-width: 720px) 100vw, 720px\" width=\"720\" height=\"104\"   \/><\/a><\/li><li><div style=\"margin-left: auto;margin-right: auto;text-align: center;\" id=\"lavra-3849637225\"><a href=\"https:\/\/sistemas.lavras.mg.gov.br\/portalcidadao\/#df1b1a7c7b2a290bcb31e32771e610784662739a88807c0dacac58ede5f391a7530e299dc302d611ee73cb143fc22eaf93592e53e7b5bdb01b00a0b8d28dae460c141dd2ff83412e4dc1c31b16b25f33144a9e5620ea73b13f5bc1c59411d98439ad226e8af03840603796067d87afe130812cf3de24982d0e306f9e61e764e5\" aria-label=\"Banner_Educa\u00e7\u00e3o_PortallavrasTV\"><img src=\"https:\/\/lavras.tv\/site\/wp-content\/uploads\/2025\/01\/Banner_Educacao_PortallavrasTV.png\" alt=\"\"  srcset=\"https:\/\/lavras.tv\/site\/wp-content\/uploads\/2025\/01\/Banner_Educacao_PortallavrasTV.png 720w, https:\/\/lavras.tv\/site\/wp-content\/uploads\/2025\/01\/Banner_Educacao_PortallavrasTV-470x68.png 470w, https:\/\/lavras.tv\/site\/wp-content\/uploads\/2025\/01\/Banner_Educacao_PortallavrasTV-170x25.png 170w, https:\/\/lavras.tv\/site\/wp-content\/uploads\/2025\/01\/Banner_Educacao_PortallavrasTV-200x29.png 200w\" sizes=\"(max-width: 720px) 100vw, 720px\" width=\"720\" height=\"104\"  style=\"display: inline-block;\" \/><\/a><\/div><\/li><li><a href=\"https:\/\/sistemas.lavras.mg.gov.br\/portalcidadao\/#df1b1a7c7b2a290bcb31e32771e610784662739a88807c0dacac58ede5f391a7530e299dc302d611ee73cb143fc22eaf93592e53e7b5bdb01b00a0b8d28dae460c141dd2ff83412e4dc1c31b16b25f33144a9e5620ea73b13f5bc1c59411d98439ad226e8af03840603796067d87afe130812cf3de24982d0e306f9e61e764e5\" aria-label=\"Banner_Sa\u00fade_PortallavrasTV\"><img src=\"https:\/\/lavras.tv\/site\/wp-content\/uploads\/2025\/03\/Banner_Saude_PortallavrasTV.png\" alt=\"\"  srcset=\"https:\/\/lavras.tv\/site\/wp-content\/uploads\/2025\/03\/Banner_Saude_PortallavrasTV.png 720w, https:\/\/lavras.tv\/site\/wp-content\/uploads\/2025\/03\/Banner_Saude_PortallavrasTV-470x68.png 470w, https:\/\/lavras.tv\/site\/wp-content\/uploads\/2025\/03\/Banner_Saude_PortallavrasTV-170x25.png 170w, https:\/\/lavras.tv\/site\/wp-content\/uploads\/2025\/03\/Banner_Saude_PortallavrasTV-200x29.png 200w\" sizes=\"(max-width: 720px) 100vw, 720px\" width=\"720\" height=\"104\"   \/><\/a><\/li><li><div id=\"lavra-17238465\" style=\"width:720px;height:104px;background-color:#ddd;overflow:scroll;\">\n\t<strong>Sa\u00edda da depura\u00e7\u00e3o de an\u00fancios<\/strong>\n\t<br><br>\n\tO an\u00fancio n\u00e3o \u00e9 exibido na p\u00e1gina<br><br>post atual: Hemominas lan\u00e7a campanha de Carnaval e convoca doadores para garantir os estoques de sangue durante a folia, ID: 169305<br><br><span style=\"color: red;\">O post atual n\u00e3o \u00e9 id\u00eantico ao post principal.<\/span><br><br>An\u00fancios: ROXO - TOPO INTERNA - ROTATIVO 2 (197)<br \/>Grupo de an\u00fancios: Princ_Meio01_720x104 (27)<br><br>Condi\u00e7\u00f5es de exibi\u00e7\u00e3o<div style=\"margin-bottom: 20px; white-space: pre-wrap; font-family: monospace; width: 100%; background: #ffe9e9;\"><strong>condi\u00e7\u00f5es gerais<\/strong><table border=\"1\"><thead><tr><th><\/th><th>An\u00fancios<\/th><th>wp_the_query<\/th><\/tr><\/thead><tr><td>is_main_query<\/td><td>1<\/td><td>1<\/td><\/tr><tr><td>is_rest_api<\/td><td>0<\/td><td>1<\/td><\/tr><tr><td>page<\/td><td>0<\/td><td>1<\/td><\/tr><tr><td>numpages<\/td><td>0<\/td><td>1<\/td><\/tr><tr><td>is_archive<\/td><td>1<\/td><td><\/td><\/tr><tr><td>is_search<\/td><td>1<\/td><td><\/td><\/tr><tr><td>is_home<\/td><td>1<\/td><td><\/td><\/tr><tr><td>is_404<\/td><td>1<\/td><td><\/td><\/tr><tr><td>is_attachment<\/td><td>1<\/td><td><\/td><\/tr><tr><td>is_singular<\/td><td>1<\/td><td><\/td><\/tr><tr><td>is_front_page<\/td><td>1<\/td><td><\/td><\/tr><tr><td>is_feed<\/td><td>1<\/td><td><\/td><\/tr><\/table><\/div><br><br><span style=\"color: red;\">Seu site usa HTTPS, mas o c\u00f3digo do an\u00fancio cont\u00e9m HTTP e pode n\u00e3o funcionar.<\/span>\t<br><br>\n\t<a style=\"color: green;\" href=\"https:\/\/wpadvancedads.com\/manual\/ad-debug-mode\/?utm_source=advanced-ads&utm_medium=link&utm_campaign=ad-debug-mode\" target=\"_blank\" rel=\"nofollow\">Encontre solu\u00e7\u00f5es no manual<\/a>\n<\/div>\n<\/li><\/ul><\/div><script>( window.advanced_ads_ready || jQuery( document ).ready ).call( null, function() {var $lavraslider2889720381 = jQuery( \".lavra-slider-2889720381\" );$lavraslider2889720381.on( \"unslider.ready\", function() { jQuery( \"div.custom-slider ul li\" ).css( \"display\", \"block\" ); });$lavraslider2889720381.unslider({ delay:4000, autoplay:true, nav:false, arrows:false, infinite:true });$lavraslider2889720381.on(\"mouseover\", function() {$lavraslider2889720381.unslider(\"stop\");}).on(\"mouseout\", function() {$lavraslider2889720381.unslider(\"start\");});});<\/script><\/div>\n<figure class=\"wp-block-image\"><img decoding=\"async\" src=\"https:\/\/blobstorage.saude.mg.gov.br\/ses-mg-wp\/2016\/12\/07.12_doacao_de_sangue_hemominas-3cc.jpg\" alt=\"Imagem\"\/><\/figure>\n\n\n\n<p>Sob o tema \u201c<strong>Brinque, extravase e pratique a solidariedade\u201d<\/strong>, a institui\u00e7\u00e3o busca refor\u00e7ar os estoques de todos os tipos sangu\u00edneos neste m\u00eas de fevereiro, per\u00edodo em que historicamente h\u00e1 uma queda no comparecimento dos doadores, devido ao feriado prolongado de Carnaval.<\/p>\n\n\n\n<p>E durante os dias da folia, as unidades da Funda\u00e7\u00e3o Hemominas em todo o estado ter\u00e3o altera\u00e7\u00e3o em seus hor\u00e1rios de atendimento. Confira:<\/p>\n\n\n\n<p><strong>14\/02 \u2013 S\u00e1bado:<\/strong><\/p>\n\n\n\n<p>Hemocentro de Belo Horizonte \u2013 das 7h \u00e0s 12h;<\/p>\n\n\n\n<p>Hemocentro de Governador Valadares \u2013 das 7h10 \u00e0s 11h;<\/p>\n\n\n\n<p>Hemocentro de Juiz de Fora \u2013 das 7h \u00e0s 12h;<\/p>\n\n\n\n<p>Hemocentro de Montes Claros \u2013 das 7h \u00e0s 12h;<\/p>\n\n\n\n<p>Hemocentro de Pouso Alegre \u2013 das 7h30 \u00e0s 12h;<\/p>\n\n\n\n<p>Hemocentro de Uberaba \u2013 das 7h \u00e0s 11h30h;<\/p>\n\n\n\n<p>Hemocentro de Uberl\u00e2ndia \u2013 das 7h \u00e0s 11h30;<\/p>\n\n\n\n<p>Hemon\u00facleo de Divin\u00f3polis \u2013 das 7h \u00e0s 12h;<\/p>\n\n\n\n<p>Hemon\u00facleo de Passos \u2013 das 7h \u00e0s 10h30;<\/p>\n\n\n\n<p>Hemon\u00facleo de Patos de Minas \u2013 das 7h \u00e0s 11h;<\/p>\n\n\n\n<p>Hemon\u00facleo de S\u00e3o Jo\u00e3o del-Rei \u2013 das 7h30 \u00e0s 11h30;<\/p>\n\n\n\n<p>Hemon\u00facleo de Sete Lagoas \u2013 das 7h \u00e0s 12h30;<\/p>\n\n\n\n<p>Unidade de Coleta de Betim \u2013 das 7h \u00e0s 12h;<\/p>\n\n\n\n<p>Unidade de Coleta Esta\u00e7\u00e3o BH \u2013 das 8h \u00e0s 12h30;<\/p>\n\n\n\n<p>Unidade de Coleta J\u00falia Kubitschek (Barreiro) \u2013 das 7h \u00e0s 12h.<\/p>\n\n\n\n<p>Unidade de Coleta de Po\u00e7os de Caldas \u2013 das 7h \u00e0s 11h30.<\/p>\n\n\n\n<p>Os Hemon\u00facleos de Diamantina, Manhua\u00e7u e Ponte Nova n\u00e3o funcionam neste dia.<\/p>\n\n\n\n<p><strong>16\/02 \u2013 Segunda-feira:<\/strong><\/p>\n\n\n\n<p>Hemocentro de Juiz de Fora \u2013 das 7h \u00e0s 12h;<\/p>\n\n\n\n<p>Hemocentro de Uberaba \u2013 das 7h \u00e0s 12h;<\/p>\n\n\n\n<p>Hemocentro de Uberl\u00e2ndia \u2013 das 7h \u00e0s 11h30;<\/p>\n\n\n\n<p>Hemon\u00facleo de Manhua\u00e7u \u2013 das 7h \u00e0s 11h30;<\/p>\n\n\n\n<p>Unidade de Coleta J\u00falia Kubitschek (Barreiro) \u2013 das 7h \u00e0s 12h.<\/p>\n\n\n\n<p>Unidade de Coleta de Po\u00e7os de Caldas \u2013 das 7h \u00e0s 11h30.<\/p>\n\n\n\n<p>Demais unidades estar\u00e3o fechadas neste dia.<\/p>\n\n\n\n<p><strong>17\/02 \u2013 Ter\u00e7a-feira de Carnaval:<\/strong><\/p>\n\n\n\n<p>Todas as unidades estar\u00e3o fechadas neste dia.<\/p>\n\n\n\n<p><strong>18\/02 \u2013 Quarta-feira de Cinzas:<\/strong><\/p>\n\n\n\n<p>Hemocentro de Belo Horizonte \u2013 das 7h \u00e0s 18h;<\/p>\n\n\n\n<p>Hemocentro de Governador Valadares \u2013 das 7h10 \u00e0s 16h;<\/p>\n\n\n\n<p>Hemocentro de Juiz de Fora \u2013 das 7h \u00e0s 18h;<\/p>\n\n\n\n<p>Hemocentro de Montes Claros \u2013 das 7h \u00e0s 17h30;<\/p>\n\n\n\n<p>Hemocentro de Pouso Alegre \u2013 das 7h30 \u00e0s 12h15;<\/p>\n\n\n\n<p>Hemocentro de Uberaba \u2013 das 7h \u00e0s 12h;<\/p>\n\n\n\n<p>Hemocentro de Uberl\u00e2ndia \u2013 das 7h \u00e0s 11h30;<\/p>\n\n\n\n<p>Hemon\u00facleo de Diamantina \u2013 das 7h \u00e0s 12h;<\/p>\n\n\n\n<p>Hemon\u00facleo de Divin\u00f3polis \u2013 das 7h \u00e0s 12h;<\/p>\n\n\n\n<p>Hemon\u00facleo de Manhua\u00e7u \u2013 das 7h \u00e0s 11h30;<\/p>\n\n\n\n<p>Hemon\u00facleo de Passos \u2013 das 7h \u00e0s 11h30;<\/p>\n\n\n\n<p>Hemon\u00facleo de Patos de Minas \u2013 das 7h \u00e0s 11h;<\/p>\n\n\n\n<p>Hemon\u00facleo de Ponte Nova \u2013 das 7h30 \u00e0s 11h30;<\/p>\n\n\n\n<p>Hemon\u00facleo de Sete Lagoas \u2013 das 7h \u00e0s 12h30;<\/p>\n\n\n\n<p>Unidade de Coleta de Betim \u2013 das 7h \u00e0s 11h25;<\/p>\n\n\n\n<p>Unidade de Coleta Esta\u00e7\u00e3o BH \u2013 das 14h \u00e0s 18h30;<\/p>\n\n\n\n<p>Unidade de Coleta J\u00falia Kubitschek (Barreiro) \u2013 das 8h \u00e0s 11h.<\/p>\n\n\n\n<p>Unidade de Coleta de Po\u00e7os de Caldas \u2013 das 7h \u00e0s 11h30.<\/p>\n\n\n\n<p>O Hemon\u00facleo de S\u00e3o Jo\u00e3o del-Rei n\u00e3o funciona neste dia.<\/p>\n\n\n\n<p>Os&nbsp;<a href=\"https:\/\/www.hemominas.mg.gov.br\/rede-hemominas\" target=\"_blank\" rel=\"noreferrer noopener\">endere\u00e7os<\/a>&nbsp;das unidades podem ser consultados no site da Hemominas.<\/p>\n\n\n\n<p><strong>Para doar sangue:<\/strong><\/p>\n\n\n\n<p>Entre os requisitos b\u00e1sicos para doar, \u00e9 necess\u00e1rio:<\/p>\n\n\n\n<ul class=\"wp-block-list\">\n<li>estar em boas condi\u00e7\u00f5es de sa\u00fade;<\/li>\n\n\n\n<li>ter entre 16 e 69 anos;\u00a0<\/li>\n\n\n\n<li>pesar mais de 50 kg;<\/li>\n\n\n\n<li>estar bem descansado no momento da doa\u00e7\u00e3o;<\/li>\n\n\n\n<li>estar alimentado \u2013 ap\u00f3s almo\u00e7o, jantar ou refei\u00e7\u00f5es com conte\u00fado mais gorduroso deve-se aguardar tr\u00eas horas para efetuar a doa\u00e7\u00e3o;<\/li>\n\n\n\n<li>n\u00e3o ingerir bebida alco\u00f3lica 12 horas antes da doa\u00e7\u00e3o;<\/li>\n\n\n\n<li>n\u00e3o ter sido exposto a situa\u00e7\u00e3o de risco para doen\u00e7as transmiss\u00edveis pelo sangue;<\/li>\n\n\n\n<li>n\u00e3o ter tido hepatite ap\u00f3s os 11 anos;<\/li>\n\n\n\n<li>Apresentar documento de identifica\u00e7\u00e3o oficial e original, com foto, filia\u00e7\u00e3o e assinatura, al\u00e9m do CPF.<\/li>\n<\/ul>\n\n\n\n<p>Consulte todas as&nbsp;<a href=\"https:\/\/www.hemominas.mg.gov.br\/condicoes-e-restricoes\" target=\"_blank\" rel=\"noreferrer noopener\">condi\u00e7\u00f5es e restri\u00e7\u00f5es<\/a>&nbsp;para doa\u00e7\u00e3o de sangue.<\/p>\n\n\n\n<p>A doa\u00e7\u00e3o pode ser agendada&nbsp;<a href=\"https:\/\/www.mg.gov.br\/agendamento_servico\/doacao-de-sangue\" target=\"_blank\" rel=\"noreferrer noopener\">online<\/a>&nbsp;ou pelo aplicativo MGapp-Cidad\u00e3o. Tamb\u00e9m \u00e9 poss\u00edvel fazer a doa\u00e7\u00e3o de sangue sem agendamento. Nesse caso, o candidato \u00e0 doa\u00e7\u00e3o ser\u00e1 encaixado nos hor\u00e1rios dispon\u00edveis no dia.<\/p>\n","protected":false},"excerpt":{"rendered":"<p>Sob o tema \u201cBrinque, extravase e pratique a solidariedade\u201d, a institui\u00e7\u00e3o busca refor\u00e7ar os estoques de todos os tipos sangu\u00edneos neste m\u00eas de fevereiro, per\u00edodo em que historicamente h\u00e1 uma queda no comparecimento dos doadores, devido ao feriado prolongado de Carnaval. E durante os dias da folia, as unidades da Funda\u00e7\u00e3o Hemominas em todo o [&hellip;]<\/p>\n","protected":false},"author":5,"featured_media":169306,"comment_status":"closed","ping_status":"open","sticky":false,"template":"","format":"standard","meta":{"advgb_blocks_editor_width":"","advgb_blocks_columns_visual_guide":"","_exactmetrics_skip_tracking":false,"_exactmetrics_sitenote_active":false,"_exactmetrics_sitenote_note":"","_exactmetrics_sitenote_category":0,"footnotes":""},"categories":[7,2],"tags":[],"class_list":["post-169305","post","type-post","status-publish","format-standard","has-post-thumbnail","hentry","category-destaques","category-noticias"],"better_featured_image":{"id":169306,"alt_text":"","caption":"","description":"","media_type":"image","media_details":{"width":800,"height":533,"file":"2026\/02\/07.12_doacao_de_sangue_hemominas-3cc.jpg","filesize":220936,"sizes":{"medium":{"file":"07.12_doacao_de_sangue_hemominas-3cc-450x300.jpg","width":450,"height":300,"mime-type":"image\/jpeg","filesize":29363,"source_url":"https:\/\/lavras.tv\/site\/wp-content\/uploads\/2026\/02\/07.12_doacao_de_sangue_hemominas-3cc-450x300.jpg"},"thumbnail":{"file":"07.12_doacao_de_sangue_hemominas-3cc-170x113.jpg","width":170,"height":113,"mime-type":"image\/jpeg","filesize":14256,"source_url":"https:\/\/lavras.tv\/site\/wp-content\/uploads\/2026\/02\/07.12_doacao_de_sangue_hemominas-3cc-170x113.jpg"},"alm-thumbnail":{"file":"07.12_doacao_de_sangue_hemominas-3cc-150x150.jpg","width":150,"height":150,"mime-type":"image\/jpeg","filesize":14630,"source_url":"https:\/\/lavras.tv\/site\/wp-content\/uploads\/2026\/02\/07.12_doacao_de_sangue_hemominas-3cc-150x150.jpg"},"sow-carousel-default":{"file":"07.12_doacao_de_sangue_hemominas-3cc-272x182.jpg","width":272,"height":182,"mime-type":"image\/jpeg","filesize":18933,"source_url":"https:\/\/lavras.tv\/site\/wp-content\/uploads\/2026\/02\/07.12_doacao_de_sangue_hemominas-3cc-272x182.jpg"}},"image_meta":{"aperture":"2.5","credit":"Carlos Poly","camera":"Canon EOS 7D","caption":"","created_timestamp":"1330353767","copyright":"carlospoly@yahoo.com.br","focal_length":"50","iso":"800","shutter_speed":"0.016666666666667","title":"","orientation":"1","keywords":[]}},"post":169305,"source_url":"https:\/\/lavras.tv\/site\/wp-content\/uploads\/2026\/02\/07.12_doacao_de_sangue_hemominas-3cc.jpg"},"author_meta":{"display_name":"Vinicius Bustamante","author_link":"https:\/\/lavras.tv\/site\/author\/vinicius-bustamante\/"},"featured_img":"https:\/\/lavras.tv\/site\/wp-content\/uploads\/2026\/02\/07.12_doacao_de_sangue_hemominas-3cc-450x300.jpg","coauthors":[],"tax_additional":{"categories":{"linked":["<a href=\"https:\/\/lavras.tv\/site\/category\/destaques\/\" class=\"advgb-post-tax-term\">Destaques<\/a>","<a href=\"https:\/\/lavras.tv\/site\/category\/noticias\/\" class=\"advgb-post-tax-term\">Not\u00edcias<\/a>"],"unlinked":["<span class=\"advgb-post-tax-term\">Destaques<\/span>","<span class=\"advgb-post-tax-term\">Not\u00edcias<\/span>"]}},"comment_count":"0","relative_dates":{"created":"Publicado 3 meses atr\u00e1s","modified":"Atualizado 3 meses atr\u00e1s"},"absolute_dates":{"created":"Publicado em 10 de fevereiro de 2026","modified":"Atualizado em 10 de fevereiro de 2026"},"absolute_dates_time":{"created":"Publicado em 10 de fevereiro de 2026 19:51","modified":"Atualizado em 10 de fevereiro de 2026 19:51"},"featured_img_caption":"","series_order":"","_links":{"self":[{"href":"https:\/\/lavras.tv\/site\/wp-json\/wp\/v2\/posts\/169305","targetHints":{"allow":["GET"]}}],"collection":[{"href":"https:\/\/lavras.tv\/site\/wp-json\/wp\/v2\/posts"}],"about":[{"href":"https:\/\/lavras.tv\/site\/wp-json\/wp\/v2\/types\/post"}],"author":[{"embeddable":true,"href":"https:\/\/lavras.tv\/site\/wp-json\/wp\/v2\/users\/5"}],"replies":[{"embeddable":true,"href":"https:\/\/lavras.tv\/site\/wp-json\/wp\/v2\/comments?post=169305"}],"version-history":[{"count":1,"href":"https:\/\/lavras.tv\/site\/wp-json\/wp\/v2\/posts\/169305\/revisions"}],"predecessor-version":[{"id":169307,"href":"https:\/\/lavras.tv\/site\/wp-json\/wp\/v2\/posts\/169305\/revisions\/169307"}],"wp:featuredmedia":[{"embeddable":true,"href":"https:\/\/lavras.tv\/site\/wp-json\/wp\/v2\/media\/169306"}],"wp:attachment":[{"href":"https:\/\/lavras.tv\/site\/wp-json\/wp\/v2\/media?parent=169305"}],"wp:term":[{"taxonomy":"category","embeddable":true,"href":"https:\/\/lavras.tv\/site\/wp-json\/wp\/v2\/categories?post=169305"},{"taxonomy":"post_tag","embeddable":true,"href":"https:\/\/lavras.tv\/site\/wp-json\/wp\/v2\/tags?post=169305"}],"curies":[{"name":"wp","href":"https:\/\/api.w.org\/{rel}","templated":true}]}}