{"id":169322,"date":"2026-02-11T20:18:54","date_gmt":"2026-02-11T23:18:54","guid":{"rendered":"https:\/\/lavras.tv\/site\/?p=169322"},"modified":"2026-02-11T20:18:56","modified_gmt":"2026-02-11T23:18:56","slug":"exportacoes-de-cafe-do-brasil-recuam-31-em-janeiro-com-estoques-limitados","status":"publish","type":"post","link":"https:\/\/lavras.tv\/site\/2026\/02\/11\/exportacoes-de-cafe-do-brasil-recuam-31-em-janeiro-com-estoques-limitados\/","title":{"rendered":"Exporta\u00e7\u00f5es de caf\u00e9 do Brasil recuam 31% em janeiro com estoques limitados"},"content":{"rendered":"<div class=\"lavra-antes-do-conteudo_2\" id=\"lavra-3574986828\"><div id=\"lavra-slider-27\" class=\"custom-slider lavra-slider-1624467648 lavra-slider\"><ul><li><div style=\"margin-left: auto;margin-right: auto;text-align: center;\" id=\"lavra-3648007522\"><a href=\"https:\/\/sistemas.lavras.mg.gov.br\/portalcidadao\/#df1b1a7c7b2a290bcb31e32771e610784662739a88807c0dacac58ede5f391a7530e299dc302d611ee73cb143fc22eaf93592e53e7b5bdb01b00a0b8d28dae460c141dd2ff83412e4dc1c31b16b25f33144a9e5620ea73b13f5bc1c59411d98439ad226e8af03840603796067d87afe130812cf3de24982d0e306f9e61e764e5\" aria-label=\"Lavras-TV&#8211;720x104px (1) (1)\"><img src=\"https:\/\/lavras.tv\/site\/wp-content\/uploads\/2025\/01\/Lavras-TV-720x104px-1-1.png\" alt=\"\"  srcset=\"https:\/\/lavras.tv\/site\/wp-content\/uploads\/2025\/01\/Lavras-TV-720x104px-1-1.png 720w, https:\/\/lavras.tv\/site\/wp-content\/uploads\/2025\/01\/Lavras-TV-720x104px-1-1-470x68.png 470w, https:\/\/lavras.tv\/site\/wp-content\/uploads\/2025\/01\/Lavras-TV-720x104px-1-1-170x25.png 170w, https:\/\/lavras.tv\/site\/wp-content\/uploads\/2025\/01\/Lavras-TV-720x104px-1-1-200x29.png 200w\" sizes=\"(max-width: 720px) 100vw, 720px\" width=\"720\" height=\"104\"  style=\"display: inline-block;\" \/><\/a><\/div><\/li><li><a href=\"https:\/\/sistemas.lavras.mg.gov.br\/portalcidadao\/#df1b1a7c7b2a290bcb31e32771e610784662739a88807c0dacac58ede5f391a7530e299dc302d611ee73cb143fc22eaf93592e53e7b5bdb01b00a0b8d28dae460c141dd2ff83412e4dc1c31b16b25f33144a9e5620ea73b13f5bc1c59411d98439ad226e8af03840603796067d87afe130812cf3de24982d0e306f9e61e764e5\" aria-label=\"Banner_Emprego_PortallavrasTV\"><img src=\"https:\/\/lavras.tv\/site\/wp-content\/uploads\/2025\/03\/Banner_Emprego_PortallavrasTV.png\" alt=\"\"  srcset=\"https:\/\/lavras.tv\/site\/wp-content\/uploads\/2025\/03\/Banner_Emprego_PortallavrasTV.png 720w, https:\/\/lavras.tv\/site\/wp-content\/uploads\/2025\/03\/Banner_Emprego_PortallavrasTV-470x68.png 470w, https:\/\/lavras.tv\/site\/wp-content\/uploads\/2025\/03\/Banner_Emprego_PortallavrasTV-170x25.png 170w, https:\/\/lavras.tv\/site\/wp-content\/uploads\/2025\/03\/Banner_Emprego_PortallavrasTV-200x29.png 200w\" sizes=\"(max-width: 720px) 100vw, 720px\" width=\"720\" height=\"104\"   \/><\/a><\/li><li><a href=\"https:\/\/sistemas.lavras.mg.gov.br\/portalcidadao\/#df1b1a7c7b2a290bcb31e32771e610784662739a88807c0dacac58ede5f391a7530e299dc302d611ee73cb143fc22eaf93592e53e7b5bdb01b00a0b8d28dae460c141dd2ff83412e4dc1c31b16b25f33144a9e5620ea73b13f5bc1c59411d98439ad226e8af03840603796067d87afe130812cf3de24982d0e306f9e61e764e5\" aria-label=\"Banner_Obras_PortallavrasTV\"><img src=\"https:\/\/lavras.tv\/site\/wp-content\/uploads\/2025\/03\/Banner_Obras_PortallavrasTV.png\" alt=\"\"  srcset=\"https:\/\/lavras.tv\/site\/wp-content\/uploads\/2025\/03\/Banner_Obras_PortallavrasTV.png 720w, https:\/\/lavras.tv\/site\/wp-content\/uploads\/2025\/03\/Banner_Obras_PortallavrasTV-470x68.png 470w, https:\/\/lavras.tv\/site\/wp-content\/uploads\/2025\/03\/Banner_Obras_PortallavrasTV-170x25.png 170w, https:\/\/lavras.tv\/site\/wp-content\/uploads\/2025\/03\/Banner_Obras_PortallavrasTV-200x29.png 200w\" sizes=\"(max-width: 720px) 100vw, 720px\" width=\"720\" height=\"104\"   \/><\/a><\/li><li><div style=\"margin-left: auto;margin-right: auto;text-align: center;\" id=\"lavra-689344421\"><a href=\"https:\/\/sistemas.lavras.mg.gov.br\/portalcidadao\/#df1b1a7c7b2a290bcb31e32771e610784662739a88807c0dacac58ede5f391a7530e299dc302d611ee73cb143fc22eaf93592e53e7b5bdb01b00a0b8d28dae460c141dd2ff83412e4dc1c31b16b25f33144a9e5620ea73b13f5bc1c59411d98439ad226e8af03840603796067d87afe130812cf3de24982d0e306f9e61e764e5\" aria-label=\"Banner_Educa\u00e7\u00e3o_PortallavrasTV\"><img src=\"https:\/\/lavras.tv\/site\/wp-content\/uploads\/2025\/01\/Banner_Educacao_PortallavrasTV.png\" alt=\"\"  srcset=\"https:\/\/lavras.tv\/site\/wp-content\/uploads\/2025\/01\/Banner_Educacao_PortallavrasTV.png 720w, https:\/\/lavras.tv\/site\/wp-content\/uploads\/2025\/01\/Banner_Educacao_PortallavrasTV-470x68.png 470w, https:\/\/lavras.tv\/site\/wp-content\/uploads\/2025\/01\/Banner_Educacao_PortallavrasTV-170x25.png 170w, https:\/\/lavras.tv\/site\/wp-content\/uploads\/2025\/01\/Banner_Educacao_PortallavrasTV-200x29.png 200w\" sizes=\"(max-width: 720px) 100vw, 720px\" width=\"720\" height=\"104\"  style=\"display: inline-block;\" \/><\/a><\/div><\/li><li><a href=\"https:\/\/sistemas.lavras.mg.gov.br\/portalcidadao\/#df1b1a7c7b2a290bcb31e32771e610784662739a88807c0dacac58ede5f391a7530e299dc302d611ee73cb143fc22eaf93592e53e7b5bdb01b00a0b8d28dae460c141dd2ff83412e4dc1c31b16b25f33144a9e5620ea73b13f5bc1c59411d98439ad226e8af03840603796067d87afe130812cf3de24982d0e306f9e61e764e5\" aria-label=\"Banner_Sa\u00fade_PortallavrasTV\"><img src=\"https:\/\/lavras.tv\/site\/wp-content\/uploads\/2025\/03\/Banner_Saude_PortallavrasTV.png\" alt=\"\"  srcset=\"https:\/\/lavras.tv\/site\/wp-content\/uploads\/2025\/03\/Banner_Saude_PortallavrasTV.png 720w, https:\/\/lavras.tv\/site\/wp-content\/uploads\/2025\/03\/Banner_Saude_PortallavrasTV-470x68.png 470w, https:\/\/lavras.tv\/site\/wp-content\/uploads\/2025\/03\/Banner_Saude_PortallavrasTV-170x25.png 170w, https:\/\/lavras.tv\/site\/wp-content\/uploads\/2025\/03\/Banner_Saude_PortallavrasTV-200x29.png 200w\" sizes=\"(max-width: 720px) 100vw, 720px\" width=\"720\" height=\"104\"   \/><\/a><\/li><li><div id=\"lavra-2888467205\" style=\"width:720px;height:104px;background-color:#ddd;overflow:scroll;\">\n\t<strong>Sa\u00edda da depura\u00e7\u00e3o de an\u00fancios<\/strong>\n\t<br><br>\n\tO an\u00fancio n\u00e3o \u00e9 exibido na p\u00e1gina<br><br>post atual: Exporta\u00e7\u00f5es de caf\u00e9 do Brasil recuam 31% em janeiro com estoques limitados, ID: 169322<br><br><span style=\"color: red;\">O post atual n\u00e3o \u00e9 id\u00eantico ao post principal.<\/span><br><br>An\u00fancios: ROXO - TOPO INTERNA - ROTATIVO 2 (197)<br \/>Grupo de an\u00fancios: Princ_Meio01_720x104 (27)<br><br>Condi\u00e7\u00f5es de exibi\u00e7\u00e3o<div style=\"margin-bottom: 20px; white-space: pre-wrap; font-family: monospace; width: 100%; background: #ffe9e9;\"><strong>condi\u00e7\u00f5es gerais<\/strong><table border=\"1\"><thead><tr><th><\/th><th>An\u00fancios<\/th><th>wp_the_query<\/th><\/tr><\/thead><tr><td>is_main_query<\/td><td>1<\/td><td>1<\/td><\/tr><tr><td>is_rest_api<\/td><td>0<\/td><td>1<\/td><\/tr><tr><td>page<\/td><td>0<\/td><td>1<\/td><\/tr><tr><td>numpages<\/td><td>0<\/td><td>1<\/td><\/tr><tr><td>is_archive<\/td><td>1<\/td><td><\/td><\/tr><tr><td>is_search<\/td><td>1<\/td><td><\/td><\/tr><tr><td>is_home<\/td><td>1<\/td><td><\/td><\/tr><tr><td>is_404<\/td><td>1<\/td><td><\/td><\/tr><tr><td>is_attachment<\/td><td>1<\/td><td><\/td><\/tr><tr><td>is_singular<\/td><td>1<\/td><td><\/td><\/tr><tr><td>is_front_page<\/td><td>1<\/td><td><\/td><\/tr><tr><td>is_feed<\/td><td>1<\/td><td><\/td><\/tr><\/table><\/div><br><br><span style=\"color: red;\">Seu site usa HTTPS, mas o c\u00f3digo do an\u00fancio cont\u00e9m HTTP e pode n\u00e3o funcionar.<\/span>\t<br><br>\n\t<a style=\"color: green;\" href=\"https:\/\/wpadvancedads.com\/manual\/ad-debug-mode\/?utm_source=advanced-ads&utm_medium=link&utm_campaign=ad-debug-mode\" target=\"_blank\" rel=\"nofollow\">Encontre solu\u00e7\u00f5es no manual<\/a>\n<\/div>\n<\/li><\/ul><\/div><script>( window.advanced_ads_ready || jQuery( document ).ready ).call( null, function() {var $lavraslider1624467648 = jQuery( \".lavra-slider-1624467648\" );$lavraslider1624467648.on( \"unslider.ready\", function() { jQuery( \"div.custom-slider ul li\" ).css( \"display\", \"block\" ); });$lavraslider1624467648.unslider({ delay:4000, autoplay:true, nav:false, arrows:false, infinite:true });$lavraslider1624467648.on(\"mouseover\", function() {$lavraslider1624467648.unslider(\"stop\");}).on(\"mouseout\", function() {$lavraslider1624467648.unslider(\"start\");});});<\/script><\/div>\n<h2 class=\"wp-block-heading\">Apesar da queda geral, o caf\u00e9 ar\u00e1bica segue como o carro-chefe das exporta\u00e7\u00f5es<\/h2>\n\n\n\n<p><img fetchpriority=\"high\" decoding=\"async\" alt=\"Gr\u00e3os de caf\u00e9\" width=\"1000\" height=\"563\" src=\"https:\/\/medias.itatiaia.com.br\/dims4\/default\/f94fcbd\/2147483647\/strip\/true\/crop\/1458x821+0+50\/resize\/1000x563!\/quality\/90\/?url=https%3A%2F%2Fk2-prod-radio-itatiaia.s3.us-east-1.amazonaws.com%2Fbrightspot%2F27%2F01%2F00f0973c499aba54c49f9e53d0c2%2Fcafe.jpg\"><\/p>\n\n\n\n<p>Marcello Casal Jr.\/Ag\u00eancia Brasil<\/p>\n\n\n\n<p>Queda tamb\u00e9m foi sentida na receita cambial, que somou US$ 1,175 bilh\u00e3o<\/p>\n\n\n\n<p>O setor cafeeiro brasileiro iniciou 2026 com uma retra\u00e7\u00e3o significativa nos embarques internacionais. Segundo o relat\u00f3rio mensal do Conselho dos Exportadores de Caf\u00e9 do Brasil (Cecaf\u00e9), o pa\u00eds exportou&nbsp;<strong>2,780 milh\u00f5es de sacas<\/strong>&nbsp;de 60 kg em janeiro, um volume&nbsp;<strong>30,8% inferior<\/strong>&nbsp;ao registrado no mesmo per\u00edodo de 2025 (4,016 milh\u00f5es de sacas).<\/p>\n\n\n\n<p>A queda tamb\u00e9m foi sentida na receita cambial, que somou\u00a0<strong>US$ 1,175 bilh\u00e3o<\/strong>, um recuo de 11,7% na compara\u00e7\u00e3o anual.<\/p>\n\n\n\n<h2 class=\"wp-block-heading\">Fatores do desaquecimento<\/h2>\n\n\n\n<p>De acordo com M\u00e1rcio Ferreira, presidente do Cecaf\u00e9, o cen\u00e1rio \u00e9 reflexo de uma combina\u00e7\u00e3o de fatores internos e de mercado:<\/p>\n\n\n\n<ul class=\"wp-block-list\">\n<li><strong>Entressafra e estoques:<\/strong>\u00a0o per\u00edodo de entressafra \u2014 entre o fim de uma safra e o in\u00edcio de uma nova lavoura \u2014 apresenta estoques limitados da variedade ar\u00e1bica.<\/li>\n\n\n\n<li><strong>Produtores capitalizados:<\/strong>\u00a0gra\u00e7as aos bons pre\u00e7os dos \u00faltimos anos, o produtor brasileiro n\u00e3o tem pressa em vender, aguardando melhores oportunidades.<\/li>\n\n\n\n<li><strong>Mercado interno:<\/strong>\u00a0os caf\u00e9s can\u00e9foras (conilon e robusta) est\u00e3o sendo direcionados prioritariamente para suprir a demanda dom\u00e9stica.<\/li>\n\n\n\n<li><strong>Expectativa de safra:<\/strong>\u00a0a previs\u00e3o de uma boa recupera\u00e7\u00e3o para a safra 2026\/27 gerou um movimento de baixa nos pre\u00e7os internacionais, desestimulando novos neg\u00f3cios no curto prazo.<\/li>\n<\/ul>\n\n\n\n<p>\u201cA falta de competitividade deve manter os volumes apertados at\u00e9 a chegada da pr\u00f3xima safra, em maio para o conilon e julho para o ar\u00e1bica\u201d, projetaou Ferreira.<\/p>\n\n\n\n<h2 class=\"wp-block-heading\">Desempenho por variedade<\/h2>\n\n\n\n<p>Apesar da queda geral, o&nbsp;<strong>caf\u00e9 ar\u00e1bica<\/strong>&nbsp;segue como o carro-chefe das exporta\u00e7\u00f5es, representando&nbsp;<strong>84,4%<\/strong>&nbsp;do volume total.<\/p>\n\n\n\n<figure class=\"wp-block-table\"><table class=\"has-fixed-layout\"><tbody><tr><td><strong>Tipo de Caf\u00e9<\/strong><\/td><td><strong>Sacas Exportadas (Jan\/26)<\/strong><\/td><td><strong>Varia\u00e7\u00e3o (ante Jan\/25)<\/strong><\/td><\/tr><tr><td><strong>Ar\u00e1bica<\/strong><\/td><td>2,347 milh\u00f5es<\/td><td>-29,1%<\/td><\/tr><tr><td><strong>Sol\u00favel<\/strong><\/td><td>249.148<\/td><td>-32,0%<\/td><\/tr><tr><td><strong>Can\u00e9foras (Conilon\/Robusta)<\/strong><\/td><td>181.559<\/td><td>-45,6%<\/td><\/tr><tr><td><strong>Torrado\/Mo\u00eddo<\/strong><\/td><td>2.317<\/td><td>-53,8%<\/td><\/tr><\/tbody><\/table><\/figure>\n\n\n\n<h2 class=\"wp-block-heading\">Destinos e log\u00edstica<\/h2>\n\n\n\n<p>A&nbsp;<a href=\"https:\/\/www.itatiaia.com.br\/agro\/reviravolta-no-cafe-alemanha-supera-eua-e-se-torna-a-maior-compradora-do-brasil\"><strong>Alemanha<\/strong>&nbsp;retomou o posto de principal destino do caf\u00e9 brasileiro<\/a>, importando 391.704 sacas, seguida de perto pelos&nbsp;<strong>Estados Unidos<\/strong>&nbsp;(385.841 sacas). A&nbsp;<strong>It\u00e1lia<\/strong>&nbsp;foi o destaque positivo entre os grandes compradores, apresentando um crescimento de&nbsp;<strong>6%<\/strong>&nbsp;nas aquisi\u00e7\u00f5es.<\/p>\n\n\n\n<p>No campo log\u00edstico, o&nbsp;<strong>Porto de Santos<\/strong>&nbsp;consolidou sua lideran\u00e7a absoluta, sendo respons\u00e1vel pelo escoamento de&nbsp;<strong>81%<\/strong>&nbsp;de todo o caf\u00e9 exportado pelo Brasil no primeiro m\u00eas do ano.<\/p>\n\n\n\n<h2 class=\"wp-block-heading\">Caf\u00e9s diferenciados<\/h2>\n\n\n\n<p>O segmento de caf\u00e9s especiais (com qualidade superior ou certificados de sustentabilidade) representou&nbsp;<strong>21,2%<\/strong>&nbsp;dos embarques totais. Embora o volume tenha ca\u00eddo 41,9%, o pre\u00e7o m\u00e9dio por saca nestas opera\u00e7\u00f5es foi de&nbsp;<strong>US$ 463,53<\/strong>, valor consideravelmente superior \u00e0 m\u00e9dia do mercado convencional.<\/p>\n\n\n\n<h2 class=\"wp-block-heading\">Acumulado da safra 2025\/26<\/h2>\n\n\n\n<p>No balan\u00e7o dos primeiros sete meses do ciclo atual (julho\/25 a janeiro\/26), o Brasil j\u00e1 embarcou&nbsp;<strong>23,406 milh\u00f5es de sacas<\/strong>. Apesar do volume ser 22,5% menor que o ciclo anterior, a receita cambial de&nbsp;<strong>US$ 9,235 bilh\u00f5es<\/strong>&nbsp;representa uma&nbsp;<strong>alta de 8,1%<\/strong>, refletindo a valoriza\u00e7\u00e3o do produto no mercado global ao longo do per\u00edodo.<\/p>\n","protected":false},"excerpt":{"rendered":"<p>Apesar da queda geral, o caf\u00e9 ar\u00e1bica segue como o carro-chefe das exporta\u00e7\u00f5es Marcello Casal Jr.\/Ag\u00eancia Brasil Queda tamb\u00e9m foi sentida na receita cambial, que somou US$ 1,175 bilh\u00e3o O setor cafeeiro brasileiro iniciou 2026 com uma retra\u00e7\u00e3o significativa nos embarques internacionais. Segundo o relat\u00f3rio mensal do Conselho dos Exportadores de Caf\u00e9 do Brasil (Cecaf\u00e9), [&hellip;]<\/p>\n","protected":false},"author":5,"featured_media":169323,"comment_status":"closed","ping_status":"open","sticky":false,"template":"","format":"standard","meta":{"advgb_blocks_editor_width":"","advgb_blocks_columns_visual_guide":"","_exactmetrics_skip_tracking":false,"_exactmetrics_sitenote_active":false,"_exactmetrics_sitenote_note":"","_exactmetrics_sitenote_category":0,"footnotes":""},"categories":[7,2],"tags":[],"class_list":["post-169322","post","type-post","status-publish","format-standard","has-post-thumbnail","hentry","category-destaques","category-noticias"],"better_featured_image":{"id":169323,"alt_text":"","caption":"","description":"","media_type":"image","media_details":{"width":1000,"height":563,"file":"2026\/02\/download-1-1.webp","filesize":44694,"sizes":{"medium":{"file":"download-1-1-470x265.webp","width":470,"height":265,"mime-type":"image\/webp","filesize":22144,"source_url":"https:\/\/lavras.tv\/site\/wp-content\/uploads\/2026\/02\/download-1-1-470x265.webp"},"large":{"file":"download-1-1-970x546.webp","width":970,"height":546,"mime-type":"image\/webp","filesize":48398,"source_url":"https:\/\/lavras.tv\/site\/wp-content\/uploads\/2026\/02\/download-1-1-970x546.webp"},"thumbnail":{"file":"download-1-1-170x96.webp","width":170,"height":96,"mime-type":"image\/webp","filesize":5508,"source_url":"https:\/\/lavras.tv\/site\/wp-content\/uploads\/2026\/02\/download-1-1-170x96.webp"},"alm-thumbnail":{"file":"download-1-1-150x150.webp","width":150,"height":150,"mime-type":"image\/webp","filesize":7262,"source_url":"https:\/\/lavras.tv\/site\/wp-content\/uploads\/2026\/02\/download-1-1-150x150.webp"},"sow-carousel-default":{"file":"download-1-1-272x182.webp","width":272,"height":182,"mime-type":"image\/webp","filesize":12210,"source_url":"https:\/\/lavras.tv\/site\/wp-content\/uploads\/2026\/02\/download-1-1-272x182.webp"}},"image_meta":{"aperture":"0","credit":"","camera":"","caption":"","created_timestamp":"0","copyright":"","focal_length":"0","iso":"0","shutter_speed":"0","title":"","orientation":"0","keywords":[]}},"post":169322,"source_url":"https:\/\/lavras.tv\/site\/wp-content\/uploads\/2026\/02\/download-1-1.webp"},"author_meta":{"display_name":"Vinicius Bustamante","author_link":"https:\/\/lavras.tv\/site\/author\/vinicius-bustamante\/"},"featured_img":"https:\/\/lavras.tv\/site\/wp-content\/uploads\/2026\/02\/download-1-1-470x265.webp","coauthors":[],"tax_additional":{"categories":{"linked":["<a href=\"https:\/\/lavras.tv\/site\/category\/destaques\/\" class=\"advgb-post-tax-term\">Destaques<\/a>","<a href=\"https:\/\/lavras.tv\/site\/category\/noticias\/\" class=\"advgb-post-tax-term\">Not\u00edcias<\/a>"],"unlinked":["<span class=\"advgb-post-tax-term\">Destaques<\/span>","<span class=\"advgb-post-tax-term\">Not\u00edcias<\/span>"]}},"comment_count":"0","relative_dates":{"created":"Publicado 3 meses atr\u00e1s","modified":"Atualizado 3 meses atr\u00e1s"},"absolute_dates":{"created":"Publicado em 11 de fevereiro de 2026","modified":"Atualizado em 11 de fevereiro de 2026"},"absolute_dates_time":{"created":"Publicado em 11 de fevereiro de 2026 20:18","modified":"Atualizado em 11 de fevereiro de 2026 20:18"},"featured_img_caption":"","series_order":"","_links":{"self":[{"href":"https:\/\/lavras.tv\/site\/wp-json\/wp\/v2\/posts\/169322","targetHints":{"allow":["GET"]}}],"collection":[{"href":"https:\/\/lavras.tv\/site\/wp-json\/wp\/v2\/posts"}],"about":[{"href":"https:\/\/lavras.tv\/site\/wp-json\/wp\/v2\/types\/post"}],"author":[{"embeddable":true,"href":"https:\/\/lavras.tv\/site\/wp-json\/wp\/v2\/users\/5"}],"replies":[{"embeddable":true,"href":"https:\/\/lavras.tv\/site\/wp-json\/wp\/v2\/comments?post=169322"}],"version-history":[{"count":1,"href":"https:\/\/lavras.tv\/site\/wp-json\/wp\/v2\/posts\/169322\/revisions"}],"predecessor-version":[{"id":169324,"href":"https:\/\/lavras.tv\/site\/wp-json\/wp\/v2\/posts\/169322\/revisions\/169324"}],"wp:featuredmedia":[{"embeddable":true,"href":"https:\/\/lavras.tv\/site\/wp-json\/wp\/v2\/media\/169323"}],"wp:attachment":[{"href":"https:\/\/lavras.tv\/site\/wp-json\/wp\/v2\/media?parent=169322"}],"wp:term":[{"taxonomy":"category","embeddable":true,"href":"https:\/\/lavras.tv\/site\/wp-json\/wp\/v2\/categories?post=169322"},{"taxonomy":"post_tag","embeddable":true,"href":"https:\/\/lavras.tv\/site\/wp-json\/wp\/v2\/tags?post=169322"}],"curies":[{"name":"wp","href":"https:\/\/api.w.org\/{rel}","templated":true}]}}