{"id":169332,"date":"2026-02-12T16:54:57","date_gmt":"2026-02-12T19:54:57","guid":{"rendered":"https:\/\/lavras.tv\/site\/?p=169332"},"modified":"2026-02-12T16:54:59","modified_gmt":"2026-02-12T19:54:59","slug":"atletico-comunica-saida-do-tecnico-jorge-sampaoli","status":"publish","type":"post","link":"https:\/\/lavras.tv\/site\/2026\/02\/12\/atletico-comunica-saida-do-tecnico-jorge-sampaoli\/","title":{"rendered":"Atl\u00e9tico comunica sa\u00edda do t\u00e9cnico Jorge Sampaoli"},"content":{"rendered":"<div class=\"lavra-antes-do-conteudo_2\" id=\"lavra-3710716536\"><div id=\"lavra-slider-27\" class=\"custom-slider lavra-slider-4281525144 lavra-slider\"><ul><li><div style=\"margin-left: auto;margin-right: auto;text-align: center;\" id=\"lavra-1266575819\"><a href=\"https:\/\/sistemas.lavras.mg.gov.br\/portalcidadao\/#df1b1a7c7b2a290bcb31e32771e610784662739a88807c0dacac58ede5f391a7530e299dc302d611ee73cb143fc22eaf93592e53e7b5bdb01b00a0b8d28dae460c141dd2ff83412e4dc1c31b16b25f33144a9e5620ea73b13f5bc1c59411d98439ad226e8af03840603796067d87afe130812cf3de24982d0e306f9e61e764e5\" aria-label=\"Lavras-TV&#8211;720x104px (1) (1)\"><img src=\"https:\/\/lavras.tv\/site\/wp-content\/uploads\/2025\/01\/Lavras-TV-720x104px-1-1.png\" alt=\"\"  srcset=\"https:\/\/lavras.tv\/site\/wp-content\/uploads\/2025\/01\/Lavras-TV-720x104px-1-1.png 720w, https:\/\/lavras.tv\/site\/wp-content\/uploads\/2025\/01\/Lavras-TV-720x104px-1-1-470x68.png 470w, https:\/\/lavras.tv\/site\/wp-content\/uploads\/2025\/01\/Lavras-TV-720x104px-1-1-170x25.png 170w, https:\/\/lavras.tv\/site\/wp-content\/uploads\/2025\/01\/Lavras-TV-720x104px-1-1-200x29.png 200w\" sizes=\"(max-width: 720px) 100vw, 720px\" width=\"720\" height=\"104\"  style=\"display: inline-block;\" \/><\/a><\/div><\/li><li><a href=\"https:\/\/sistemas.lavras.mg.gov.br\/portalcidadao\/#df1b1a7c7b2a290bcb31e32771e610784662739a88807c0dacac58ede5f391a7530e299dc302d611ee73cb143fc22eaf93592e53e7b5bdb01b00a0b8d28dae460c141dd2ff83412e4dc1c31b16b25f33144a9e5620ea73b13f5bc1c59411d98439ad226e8af03840603796067d87afe130812cf3de24982d0e306f9e61e764e5\" aria-label=\"Banner_Emprego_PortallavrasTV\"><img src=\"https:\/\/lavras.tv\/site\/wp-content\/uploads\/2025\/03\/Banner_Emprego_PortallavrasTV.png\" alt=\"\"  srcset=\"https:\/\/lavras.tv\/site\/wp-content\/uploads\/2025\/03\/Banner_Emprego_PortallavrasTV.png 720w, https:\/\/lavras.tv\/site\/wp-content\/uploads\/2025\/03\/Banner_Emprego_PortallavrasTV-470x68.png 470w, https:\/\/lavras.tv\/site\/wp-content\/uploads\/2025\/03\/Banner_Emprego_PortallavrasTV-170x25.png 170w, https:\/\/lavras.tv\/site\/wp-content\/uploads\/2025\/03\/Banner_Emprego_PortallavrasTV-200x29.png 200w\" sizes=\"(max-width: 720px) 100vw, 720px\" width=\"720\" height=\"104\"   \/><\/a><\/li><li><a href=\"https:\/\/sistemas.lavras.mg.gov.br\/portalcidadao\/#df1b1a7c7b2a290bcb31e32771e610784662739a88807c0dacac58ede5f391a7530e299dc302d611ee73cb143fc22eaf93592e53e7b5bdb01b00a0b8d28dae460c141dd2ff83412e4dc1c31b16b25f33144a9e5620ea73b13f5bc1c59411d98439ad226e8af03840603796067d87afe130812cf3de24982d0e306f9e61e764e5\" aria-label=\"Banner_Obras_PortallavrasTV\"><img src=\"https:\/\/lavras.tv\/site\/wp-content\/uploads\/2025\/03\/Banner_Obras_PortallavrasTV.png\" alt=\"\"  srcset=\"https:\/\/lavras.tv\/site\/wp-content\/uploads\/2025\/03\/Banner_Obras_PortallavrasTV.png 720w, https:\/\/lavras.tv\/site\/wp-content\/uploads\/2025\/03\/Banner_Obras_PortallavrasTV-470x68.png 470w, https:\/\/lavras.tv\/site\/wp-content\/uploads\/2025\/03\/Banner_Obras_PortallavrasTV-170x25.png 170w, https:\/\/lavras.tv\/site\/wp-content\/uploads\/2025\/03\/Banner_Obras_PortallavrasTV-200x29.png 200w\" sizes=\"(max-width: 720px) 100vw, 720px\" width=\"720\" height=\"104\"   \/><\/a><\/li><li><div style=\"margin-left: auto;margin-right: auto;text-align: center;\" id=\"lavra-573935896\"><a href=\"https:\/\/sistemas.lavras.mg.gov.br\/portalcidadao\/#df1b1a7c7b2a290bcb31e32771e610784662739a88807c0dacac58ede5f391a7530e299dc302d611ee73cb143fc22eaf93592e53e7b5bdb01b00a0b8d28dae460c141dd2ff83412e4dc1c31b16b25f33144a9e5620ea73b13f5bc1c59411d98439ad226e8af03840603796067d87afe130812cf3de24982d0e306f9e61e764e5\" aria-label=\"Banner_Educa\u00e7\u00e3o_PortallavrasTV\"><img src=\"https:\/\/lavras.tv\/site\/wp-content\/uploads\/2025\/01\/Banner_Educacao_PortallavrasTV.png\" alt=\"\"  srcset=\"https:\/\/lavras.tv\/site\/wp-content\/uploads\/2025\/01\/Banner_Educacao_PortallavrasTV.png 720w, https:\/\/lavras.tv\/site\/wp-content\/uploads\/2025\/01\/Banner_Educacao_PortallavrasTV-470x68.png 470w, https:\/\/lavras.tv\/site\/wp-content\/uploads\/2025\/01\/Banner_Educacao_PortallavrasTV-170x25.png 170w, https:\/\/lavras.tv\/site\/wp-content\/uploads\/2025\/01\/Banner_Educacao_PortallavrasTV-200x29.png 200w\" sizes=\"(max-width: 720px) 100vw, 720px\" width=\"720\" height=\"104\"  style=\"display: inline-block;\" \/><\/a><\/div><\/li><li><a href=\"https:\/\/sistemas.lavras.mg.gov.br\/portalcidadao\/#df1b1a7c7b2a290bcb31e32771e610784662739a88807c0dacac58ede5f391a7530e299dc302d611ee73cb143fc22eaf93592e53e7b5bdb01b00a0b8d28dae460c141dd2ff83412e4dc1c31b16b25f33144a9e5620ea73b13f5bc1c59411d98439ad226e8af03840603796067d87afe130812cf3de24982d0e306f9e61e764e5\" aria-label=\"Banner_Sa\u00fade_PortallavrasTV\"><img src=\"https:\/\/lavras.tv\/site\/wp-content\/uploads\/2025\/03\/Banner_Saude_PortallavrasTV.png\" alt=\"\"  srcset=\"https:\/\/lavras.tv\/site\/wp-content\/uploads\/2025\/03\/Banner_Saude_PortallavrasTV.png 720w, https:\/\/lavras.tv\/site\/wp-content\/uploads\/2025\/03\/Banner_Saude_PortallavrasTV-470x68.png 470w, https:\/\/lavras.tv\/site\/wp-content\/uploads\/2025\/03\/Banner_Saude_PortallavrasTV-170x25.png 170w, https:\/\/lavras.tv\/site\/wp-content\/uploads\/2025\/03\/Banner_Saude_PortallavrasTV-200x29.png 200w\" sizes=\"(max-width: 720px) 100vw, 720px\" width=\"720\" height=\"104\"   \/><\/a><\/li><li><div id=\"lavra-3727589369\" style=\"width:720px;height:104px;background-color:#ddd;overflow:scroll;\">\n\t<strong>Sa\u00edda da depura\u00e7\u00e3o de an\u00fancios<\/strong>\n\t<br><br>\n\tO an\u00fancio n\u00e3o \u00e9 exibido na p\u00e1gina<br><br>post atual: Atl\u00e9tico comunica sa\u00edda do t\u00e9cnico Jorge Sampaoli, ID: 169332<br><br><span style=\"color: red;\">O post atual n\u00e3o \u00e9 id\u00eantico ao post principal.<\/span><br><br>An\u00fancios: ROXO - TOPO INTERNA - ROTATIVO 2 (197)<br \/>Grupo de an\u00fancios: Princ_Meio01_720x104 (27)<br><br>Condi\u00e7\u00f5es de exibi\u00e7\u00e3o<div style=\"margin-bottom: 20px; white-space: pre-wrap; font-family: monospace; width: 100%; background: #ffe9e9;\"><strong>condi\u00e7\u00f5es gerais<\/strong><table border=\"1\"><thead><tr><th><\/th><th>An\u00fancios<\/th><th>wp_the_query<\/th><\/tr><\/thead><tr><td>is_main_query<\/td><td>1<\/td><td>1<\/td><\/tr><tr><td>is_rest_api<\/td><td>0<\/td><td>1<\/td><\/tr><tr><td>page<\/td><td>0<\/td><td>1<\/td><\/tr><tr><td>numpages<\/td><td>0<\/td><td>1<\/td><\/tr><tr><td>is_archive<\/td><td>1<\/td><td><\/td><\/tr><tr><td>is_search<\/td><td>1<\/td><td><\/td><\/tr><tr><td>is_home<\/td><td>1<\/td><td><\/td><\/tr><tr><td>is_404<\/td><td>1<\/td><td><\/td><\/tr><tr><td>is_attachment<\/td><td>1<\/td><td><\/td><\/tr><tr><td>is_singular<\/td><td>1<\/td><td><\/td><\/tr><tr><td>is_front_page<\/td><td>1<\/td><td><\/td><\/tr><tr><td>is_feed<\/td><td>1<\/td><td><\/td><\/tr><\/table><\/div><br><br><span style=\"color: red;\">Seu site usa HTTPS, mas o c\u00f3digo do an\u00fancio cont\u00e9m HTTP e pode n\u00e3o funcionar.<\/span>\t<br><br>\n\t<a style=\"color: green;\" href=\"https:\/\/wpadvancedads.com\/manual\/ad-debug-mode\/?utm_source=advanced-ads&utm_medium=link&utm_campaign=ad-debug-mode\" target=\"_blank\" rel=\"nofollow\">Encontre solu\u00e7\u00f5es no manual<\/a>\n<\/div>\n<\/li><\/ul><\/div><script>( window.advanced_ads_ready || jQuery( document ).ready ).call( null, function() {var $lavraslider4281525144 = jQuery( \".lavra-slider-4281525144\" );$lavraslider4281525144.on( \"unslider.ready\", function() { jQuery( \"div.custom-slider ul li\" ).css( \"display\", \"block\" ); });$lavraslider4281525144.unslider({ delay:4000, autoplay:true, nav:false, arrows:false, infinite:true });$lavraslider4281525144.on(\"mouseover\", function() {$lavraslider4281525144.unslider(\"stop\");}).on(\"mouseout\", function() {$lavraslider4281525144.unslider(\"start\");});});<\/script><\/div>\n<h2 class=\"wp-block-heading\">Treinador n\u00e3o resistiu \u00e0 sequ\u00eancia ruim de resultados na temporada<\/h2>\n\n\n\n<p><img fetchpriority=\"high\" decoding=\"async\" alt=\"Sampaoli na chegada a Arena MRV\" width=\"1000\" height=\"563\" src=\"https:\/\/medias.itatiaia.com.br\/dims4\/default\/743791c\/2147483647\/strip\/true\/crop\/1000x563+0+0\/resize\/1000x563!\/quality\/90\/?url=https%3A%2F%2Fk2-prod-radio-itatiaia.s3.us-east-1.amazonaws.com%2Fbrightspot%2Fd4%2F29%2F42f72e654fa989d50ce3ec2d33cc%2Fsampaoli-galo.jpg\"><\/p>\n\n\n\n<p>Pedro Souza\/Atl\u00e9tico<\/p>\n\n\n\n<p>Sampaoli na chegada a Arena MRV<\/p>\n\n\n\n<p>O&nbsp;<a href=\"https:\/\/www.itatiaia.com.br\/esportes\/futebol\/futebol-nacional\/futebol-mineiro\/atletico\"><strong>Atl\u00e9tico<\/strong><\/a>&nbsp;comunicou na tarde desta quinta-feira (12) a sa\u00edda do treinador argentino Jorge Sampaoli. Segundo o clube, a decis\u00e3o foi tomada ap\u00f3s reuni\u00e3o na Cidade do Galo e ambas as partes chegarem a um entendimento pelo encerramento do trabalho.<\/p>\n\n\n\n<p>Em nota, o Alvinegro anunciou que Lucas Gon\u00e7alves comandar\u00e1 a equipe contra o Itabirito no pr\u00f3ximo s\u00e1bado (14), no Castor Cifuentes, em Nova Lima, pelo&nbsp;<a href=\"https:\/\/www.itatiaia.com.br\/esportes\/futebol\/futebol-nacional\/campeonato-mineiro\"><strong>Campeonato Mineiro<\/strong><\/a>.<\/p>\n\n\n\n<p>O treinador argentino se despede da sua passagem pelo Galo com 32 jogos disputados, dez vit\u00f3rias, 15 empates e sete derrotas. A sequ\u00eancia recente de resultados pesou para o fim da trajet\u00f3ria do treinador no clube. Foram apenas tr\u00eas vit\u00f3rias nas \u00faltimas 17 partidas.<\/p>\n\n\n\n<p>Nessa quarta-feira (11),\u00a0<a href=\"https:\/\/www.itatiaia.com.br\/esportes\/futebol\/futebol-nacional\/brasileirao-serie-a\/atletico-marca-no-ultimo-lance-empata-com-remo-e-e-vaiado-na-arena-mrv\"><strong>o Atl\u00e9tico empatou por 3 a 3 com o Remo<\/strong><\/a>, na Arena MRV, em Belo Horizonte, pela S\u00e9rie A do Campeonato Brasileiro. Atualmente, o time alvinegro ocupa a 14\u00aa coloca\u00e7\u00e3o do torneio &#8211; com dois pontos conquistados em nove poss\u00edveis.<\/p>\n\n\n\n<h2 class=\"wp-block-heading\"><strong>Passagem sem destaque<\/strong><\/h2>\n\n\n\n<p>Cercado de expectativas e respaldado pela torcida ap\u00f3s passagem de destaque pelo Atl\u00e9tico em 2020, Sampaoli n\u00e3o deslanchou no retorno ao clube.<\/p>\n\n\n\n<p>Contratado em setembro de 2025 ap\u00f3s demiss\u00e3o de Cuca, o argentino assumiu a equipe em busca de evitar o rebaixamento no Brasileir\u00e3o e de olho na Copa Sul-Americana.<\/p>\n\n\n\n<p>No torneio internacional, o Alvinegro chegou \u00e0 grande decis\u00e3o, mas foi derrotado pelo Lan\u00fas nos p\u00eanaltis, por 5 a 4.<\/p>\n\n\n\n<p>J\u00e1 no Brasileir\u00e3o, o Atl\u00e9tico terminou o campeonato no 11\u00ba lugar, com 48 pontos.<\/p>\n\n\n\n<p>Na Copa do Brasil, por sua vez, a trajet\u00f3ria n\u00e3o foi de destaque. O argentino assumiu a equipe dias depois da demiss\u00e3o de Cuca, que, no jogo de ida das quartas de final do torneio, havia sido derrotado pelo Cruzeiro, por 2 a 0, na Arena MRV. No compromisso de volta, j\u00e1 sob a batuta de Sampaoli, o Galo novamente foi derrotado, por 2 a 0, no Mineir\u00e3o, e deu adeus ao sonho do tricampeonato.<\/p>\n\n\n\n<p>Contudo, apesar das \u201cmetas cumpridas\u201d em 2025, o time n\u00e3o se destacava em campo e causava preocupa\u00e7\u00e3o.<\/p>\n\n\n\n<h2 class=\"wp-block-heading\"><strong>Sequ\u00eancia recente negativa<\/strong><\/h2>\n\n\n\n<p>O Atl\u00e9tico vive uma sequ\u00eancia de resultados negativa. Nos \u00faltimos 17 jogos disputados pela equipe, foram apenas tr\u00eas vit\u00f3rias, dez empates e quatro derrotas.<\/p>\n\n\n\n<p>O \u00faltimo rev\u00e9s pelo time atleticano foi para o RB Bragantino, por 1 a 0, pelo Campeonato Brasileiro.<\/p>\n\n\n\n<p>J\u00e1 no Campeonato Mineiro, o momento tamb\u00e9m n\u00e3o \u00e9 positivo. O Galo ocupa apenas o segundo lugar do Grupo A do torneio, com 11 pontos, e pode ser eliminado ainda na primeira fase. Cabe lembrar que avan\u00e7am para o mata-mata do Estadual os l\u00edderes de cada grupo e o melhor segundo colocado geral.<\/p>\n\n\n\n<h2 class=\"wp-block-heading\"><strong>N\u00fameros da segunda passagem de Sampaoli pelo Atl\u00e9tico<\/strong><\/h2>\n\n\n\n<ul class=\"wp-block-list\">\n<li>32 jogos<\/li>\n\n\n\n<li>10 vit\u00f3rias<\/li>\n\n\n\n<li>15 empates<\/li>\n\n\n\n<li>7 derrotas<\/li>\n<\/ul>\n\n\n\n<h2 class=\"wp-block-heading\">Veja nota oficial do Atl\u00e9tico<\/h2>\n\n\n\n<p><em>Ap\u00f3s reuni\u00e3o na Cidade do Galo, no in\u00edcio da tarde desta quinta-feira (12\/2), as partes chegaram a um entendimento para encerramento do trabalho do t\u00e9cnico. Para a partida diante do Itabirito, neste s\u00e1bado (14\/2), em Nova Lima, a equipe ser\u00e1 comandada pelo auxiliar t\u00e9cnico Lucas Gon\u00e7alves. O Clube agradece a Jorge Sampaoli e sua comiss\u00e3o t\u00e9cnica pelos servi\u00e7os prestados e deseja sucesso na sequ\u00eancia de sua trajet\u00f3ria profissional.<\/em><\/p>\n","protected":false},"excerpt":{"rendered":"<p>Treinador n\u00e3o resistiu \u00e0 sequ\u00eancia ruim de resultados na temporada Pedro Souza\/Atl\u00e9tico Sampaoli na chegada a Arena MRV O&nbsp;Atl\u00e9tico&nbsp;comunicou na tarde desta quinta-feira (12) a sa\u00edda do treinador argentino Jorge Sampaoli. Segundo o clube, a decis\u00e3o foi tomada ap\u00f3s reuni\u00e3o na Cidade do Galo e ambas as partes chegarem a um entendimento pelo encerramento do [&hellip;]<\/p>\n","protected":false},"author":5,"featured_media":169333,"comment_status":"closed","ping_status":"open","sticky":false,"template":"","format":"standard","meta":{"advgb_blocks_editor_width":"","advgb_blocks_columns_visual_guide":"","_exactmetrics_skip_tracking":false,"_exactmetrics_sitenote_active":false,"_exactmetrics_sitenote_note":"","_exactmetrics_sitenote_category":0,"footnotes":""},"categories":[17,2,5760],"tags":[],"class_list":["post-169332","post","type-post","status-publish","format-standard","has-post-thumbnail","hentry","category-jornal-cidade","category-noticias","category-noticias-jornal-cidade"],"better_featured_image":{"id":169333,"alt_text":"","caption":"","description":"","media_type":"image","media_details":{"width":1000,"height":563,"file":"2026\/02\/download-2-3.webp","filesize":75942,"sizes":{"medium":{"file":"download-2-3-470x265.webp","width":470,"height":265,"mime-type":"image\/webp","filesize":19040,"source_url":"https:\/\/lavras.tv\/site\/wp-content\/uploads\/2026\/02\/download-2-3-470x265.webp"},"large":{"file":"download-2-3-970x546.webp","width":970,"height":546,"mime-type":"image\/webp","filesize":43082,"source_url":"https:\/\/lavras.tv\/site\/wp-content\/uploads\/2026\/02\/download-2-3-970x546.webp"},"thumbnail":{"file":"download-2-3-170x96.webp","width":170,"height":96,"mime-type":"image\/webp","filesize":4842,"source_url":"https:\/\/lavras.tv\/site\/wp-content\/uploads\/2026\/02\/download-2-3-170x96.webp"},"alm-thumbnail":{"file":"download-2-3-150x150.webp","width":150,"height":150,"mime-type":"image\/webp","filesize":5616,"source_url":"https:\/\/lavras.tv\/site\/wp-content\/uploads\/2026\/02\/download-2-3-150x150.webp"},"sow-carousel-default":{"file":"download-2-3-272x182.webp","width":272,"height":182,"mime-type":"image\/webp","filesize":10096,"source_url":"https:\/\/lavras.tv\/site\/wp-content\/uploads\/2026\/02\/download-2-3-272x182.webp"}},"image_meta":{"aperture":"0","credit":"","camera":"","caption":"","created_timestamp":"0","copyright":"","focal_length":"0","iso":"0","shutter_speed":"0","title":"","orientation":"0","keywords":[]}},"post":169332,"source_url":"https:\/\/lavras.tv\/site\/wp-content\/uploads\/2026\/02\/download-2-3.webp"},"author_meta":{"display_name":"Vinicius Bustamante","author_link":"https:\/\/lavras.tv\/site\/author\/vinicius-bustamante\/"},"featured_img":"https:\/\/lavras.tv\/site\/wp-content\/uploads\/2026\/02\/download-2-3-470x265.webp","coauthors":[],"tax_additional":{"categories":{"linked":["<a href=\"https:\/\/lavras.tv\/site\/category\/sem-categoria\/jornal-cidade\/\" class=\"advgb-post-tax-term\">DESTAQUE PRINCIPAL<\/a>","<a href=\"https:\/\/lavras.tv\/site\/category\/noticias\/\" class=\"advgb-post-tax-term\">Not\u00edcias<\/a>","<a href=\"https:\/\/lavras.tv\/site\/category\/sem-categoria\/jornal-cidade\/noticias-jornal-cidade\/\" class=\"advgb-post-tax-term\">NOT\u00cdCIAS<\/a>"],"unlinked":["<span class=\"advgb-post-tax-term\">DESTAQUE PRINCIPAL<\/span>","<span class=\"advgb-post-tax-term\">Not\u00edcias<\/span>","<span class=\"advgb-post-tax-term\">NOT\u00cdCIAS<\/span>"]}},"comment_count":"0","relative_dates":{"created":"Publicado 3 meses atr\u00e1s","modified":"Atualizado 3 meses atr\u00e1s"},"absolute_dates":{"created":"Publicado em 12 de fevereiro de 2026","modified":"Atualizado em 12 de fevereiro de 2026"},"absolute_dates_time":{"created":"Publicado em 12 de fevereiro de 2026 16:54","modified":"Atualizado em 12 de fevereiro de 2026 16:54"},"featured_img_caption":"","series_order":"","_links":{"self":[{"href":"https:\/\/lavras.tv\/site\/wp-json\/wp\/v2\/posts\/169332","targetHints":{"allow":["GET"]}}],"collection":[{"href":"https:\/\/lavras.tv\/site\/wp-json\/wp\/v2\/posts"}],"about":[{"href":"https:\/\/lavras.tv\/site\/wp-json\/wp\/v2\/types\/post"}],"author":[{"embeddable":true,"href":"https:\/\/lavras.tv\/site\/wp-json\/wp\/v2\/users\/5"}],"replies":[{"embeddable":true,"href":"https:\/\/lavras.tv\/site\/wp-json\/wp\/v2\/comments?post=169332"}],"version-history":[{"count":1,"href":"https:\/\/lavras.tv\/site\/wp-json\/wp\/v2\/posts\/169332\/revisions"}],"predecessor-version":[{"id":169334,"href":"https:\/\/lavras.tv\/site\/wp-json\/wp\/v2\/posts\/169332\/revisions\/169334"}],"wp:featuredmedia":[{"embeddable":true,"href":"https:\/\/lavras.tv\/site\/wp-json\/wp\/v2\/media\/169333"}],"wp:attachment":[{"href":"https:\/\/lavras.tv\/site\/wp-json\/wp\/v2\/media?parent=169332"}],"wp:term":[{"taxonomy":"category","embeddable":true,"href":"https:\/\/lavras.tv\/site\/wp-json\/wp\/v2\/categories?post=169332"},{"taxonomy":"post_tag","embeddable":true,"href":"https:\/\/lavras.tv\/site\/wp-json\/wp\/v2\/tags?post=169332"}],"curies":[{"name":"wp","href":"https:\/\/api.w.org\/{rel}","templated":true}]}}