{"id":169335,"date":"2026-02-13T09:55:30","date_gmt":"2026-02-13T12:55:30","guid":{"rendered":"https:\/\/lavras.tv\/site\/?p=169335"},"modified":"2026-02-13T09:55:32","modified_gmt":"2026-02-13T12:55:32","slug":"vai-descansar-no-carnaval-veja-as-dicas-da-cemig-para-um-feriadao-com-seguranca-em-relacao-a-eletricidade","status":"publish","type":"post","link":"https:\/\/lavras.tv\/site\/2026\/02\/13\/vai-descansar-no-carnaval-veja-as-dicas-da-cemig-para-um-feriadao-com-seguranca-em-relacao-a-eletricidade\/","title":{"rendered":"Vai descansar no carnaval? Veja as dicas da Cemig para um feriad\u00e3o com seguran\u00e7a em rela\u00e7\u00e3o \u00e0 eletricidade"},"content":{"rendered":"<div class=\"lavra-antes-do-conteudo_2\" id=\"lavra-513142477\"><div id=\"lavra-slider-27\" class=\"custom-slider lavra-slider-3066358657 lavra-slider\"><ul><li><div style=\"margin-left: auto;margin-right: auto;text-align: center;\" id=\"lavra-2956578087\"><a href=\"https:\/\/sistemas.lavras.mg.gov.br\/portalcidadao\/#df1b1a7c7b2a290bcb31e32771e610784662739a88807c0dacac58ede5f391a7530e299dc302d611ee73cb143fc22eaf93592e53e7b5bdb01b00a0b8d28dae460c141dd2ff83412e4dc1c31b16b25f33144a9e5620ea73b13f5bc1c59411d98439ad226e8af03840603796067d87afe130812cf3de24982d0e306f9e61e764e5\" aria-label=\"Lavras-TV&#8211;720x104px (1) (1)\"><img src=\"https:\/\/lavras.tv\/site\/wp-content\/uploads\/2025\/01\/Lavras-TV-720x104px-1-1.png\" alt=\"\"  srcset=\"https:\/\/lavras.tv\/site\/wp-content\/uploads\/2025\/01\/Lavras-TV-720x104px-1-1.png 720w, https:\/\/lavras.tv\/site\/wp-content\/uploads\/2025\/01\/Lavras-TV-720x104px-1-1-470x68.png 470w, https:\/\/lavras.tv\/site\/wp-content\/uploads\/2025\/01\/Lavras-TV-720x104px-1-1-170x25.png 170w, https:\/\/lavras.tv\/site\/wp-content\/uploads\/2025\/01\/Lavras-TV-720x104px-1-1-200x29.png 200w\" sizes=\"(max-width: 720px) 100vw, 720px\" width=\"720\" height=\"104\"  style=\"display: inline-block;\" \/><\/a><\/div><\/li><li><a href=\"https:\/\/sistemas.lavras.mg.gov.br\/portalcidadao\/#df1b1a7c7b2a290bcb31e32771e610784662739a88807c0dacac58ede5f391a7530e299dc302d611ee73cb143fc22eaf93592e53e7b5bdb01b00a0b8d28dae460c141dd2ff83412e4dc1c31b16b25f33144a9e5620ea73b13f5bc1c59411d98439ad226e8af03840603796067d87afe130812cf3de24982d0e306f9e61e764e5\" aria-label=\"Banner_Emprego_PortallavrasTV\"><img src=\"https:\/\/lavras.tv\/site\/wp-content\/uploads\/2025\/03\/Banner_Emprego_PortallavrasTV.png\" alt=\"\"  srcset=\"https:\/\/lavras.tv\/site\/wp-content\/uploads\/2025\/03\/Banner_Emprego_PortallavrasTV.png 720w, https:\/\/lavras.tv\/site\/wp-content\/uploads\/2025\/03\/Banner_Emprego_PortallavrasTV-470x68.png 470w, https:\/\/lavras.tv\/site\/wp-content\/uploads\/2025\/03\/Banner_Emprego_PortallavrasTV-170x25.png 170w, https:\/\/lavras.tv\/site\/wp-content\/uploads\/2025\/03\/Banner_Emprego_PortallavrasTV-200x29.png 200w\" sizes=\"(max-width: 720px) 100vw, 720px\" width=\"720\" height=\"104\"   \/><\/a><\/li><li><a href=\"https:\/\/sistemas.lavras.mg.gov.br\/portalcidadao\/#df1b1a7c7b2a290bcb31e32771e610784662739a88807c0dacac58ede5f391a7530e299dc302d611ee73cb143fc22eaf93592e53e7b5bdb01b00a0b8d28dae460c141dd2ff83412e4dc1c31b16b25f33144a9e5620ea73b13f5bc1c59411d98439ad226e8af03840603796067d87afe130812cf3de24982d0e306f9e61e764e5\" aria-label=\"Banner_Obras_PortallavrasTV\"><img src=\"https:\/\/lavras.tv\/site\/wp-content\/uploads\/2025\/03\/Banner_Obras_PortallavrasTV.png\" alt=\"\"  srcset=\"https:\/\/lavras.tv\/site\/wp-content\/uploads\/2025\/03\/Banner_Obras_PortallavrasTV.png 720w, https:\/\/lavras.tv\/site\/wp-content\/uploads\/2025\/03\/Banner_Obras_PortallavrasTV-470x68.png 470w, https:\/\/lavras.tv\/site\/wp-content\/uploads\/2025\/03\/Banner_Obras_PortallavrasTV-170x25.png 170w, https:\/\/lavras.tv\/site\/wp-content\/uploads\/2025\/03\/Banner_Obras_PortallavrasTV-200x29.png 200w\" sizes=\"(max-width: 720px) 100vw, 720px\" width=\"720\" height=\"104\"   \/><\/a><\/li><li><div style=\"margin-left: auto;margin-right: auto;text-align: center;\" id=\"lavra-237718963\"><a href=\"https:\/\/sistemas.lavras.mg.gov.br\/portalcidadao\/#df1b1a7c7b2a290bcb31e32771e610784662739a88807c0dacac58ede5f391a7530e299dc302d611ee73cb143fc22eaf93592e53e7b5bdb01b00a0b8d28dae460c141dd2ff83412e4dc1c31b16b25f33144a9e5620ea73b13f5bc1c59411d98439ad226e8af03840603796067d87afe130812cf3de24982d0e306f9e61e764e5\" aria-label=\"Banner_Educa\u00e7\u00e3o_PortallavrasTV\"><img src=\"https:\/\/lavras.tv\/site\/wp-content\/uploads\/2025\/01\/Banner_Educacao_PortallavrasTV.png\" alt=\"\"  srcset=\"https:\/\/lavras.tv\/site\/wp-content\/uploads\/2025\/01\/Banner_Educacao_PortallavrasTV.png 720w, https:\/\/lavras.tv\/site\/wp-content\/uploads\/2025\/01\/Banner_Educacao_PortallavrasTV-470x68.png 470w, https:\/\/lavras.tv\/site\/wp-content\/uploads\/2025\/01\/Banner_Educacao_PortallavrasTV-170x25.png 170w, https:\/\/lavras.tv\/site\/wp-content\/uploads\/2025\/01\/Banner_Educacao_PortallavrasTV-200x29.png 200w\" sizes=\"(max-width: 720px) 100vw, 720px\" width=\"720\" height=\"104\"  style=\"display: inline-block;\" \/><\/a><\/div><\/li><li><a href=\"https:\/\/sistemas.lavras.mg.gov.br\/portalcidadao\/#df1b1a7c7b2a290bcb31e32771e610784662739a88807c0dacac58ede5f391a7530e299dc302d611ee73cb143fc22eaf93592e53e7b5bdb01b00a0b8d28dae460c141dd2ff83412e4dc1c31b16b25f33144a9e5620ea73b13f5bc1c59411d98439ad226e8af03840603796067d87afe130812cf3de24982d0e306f9e61e764e5\" aria-label=\"Banner_Sa\u00fade_PortallavrasTV\"><img src=\"https:\/\/lavras.tv\/site\/wp-content\/uploads\/2025\/03\/Banner_Saude_PortallavrasTV.png\" alt=\"\"  srcset=\"https:\/\/lavras.tv\/site\/wp-content\/uploads\/2025\/03\/Banner_Saude_PortallavrasTV.png 720w, https:\/\/lavras.tv\/site\/wp-content\/uploads\/2025\/03\/Banner_Saude_PortallavrasTV-470x68.png 470w, https:\/\/lavras.tv\/site\/wp-content\/uploads\/2025\/03\/Banner_Saude_PortallavrasTV-170x25.png 170w, https:\/\/lavras.tv\/site\/wp-content\/uploads\/2025\/03\/Banner_Saude_PortallavrasTV-200x29.png 200w\" sizes=\"(max-width: 720px) 100vw, 720px\" width=\"720\" height=\"104\"   \/><\/a><\/li><li><div id=\"lavra-971306600\" style=\"width:720px;height:104px;background-color:#ddd;overflow:scroll;\">\n\t<strong>Sa\u00edda da depura\u00e7\u00e3o de an\u00fancios<\/strong>\n\t<br><br>\n\tO an\u00fancio n\u00e3o \u00e9 exibido na p\u00e1gina<br><br>post atual: Vai descansar no carnaval? Veja as dicas da Cemig para um feriad\u00e3o com seguran\u00e7a em rela\u00e7\u00e3o \u00e0 eletricidade, ID: 169335<br><br><span style=\"color: red;\">O post atual n\u00e3o \u00e9 id\u00eantico ao post principal.<\/span><br><br>An\u00fancios: ROXO - TOPO INTERNA - ROTATIVO 2 (197)<br \/>Grupo de an\u00fancios: Princ_Meio01_720x104 (27)<br><br>Condi\u00e7\u00f5es de exibi\u00e7\u00e3o<div style=\"margin-bottom: 20px; white-space: pre-wrap; font-family: monospace; width: 100%; background: #ffe9e9;\"><strong>condi\u00e7\u00f5es gerais<\/strong><table border=\"1\"><thead><tr><th><\/th><th>An\u00fancios<\/th><th>wp_the_query<\/th><\/tr><\/thead><tr><td>is_main_query<\/td><td>1<\/td><td>1<\/td><\/tr><tr><td>is_rest_api<\/td><td>0<\/td><td>1<\/td><\/tr><tr><td>page<\/td><td>0<\/td><td>1<\/td><\/tr><tr><td>numpages<\/td><td>0<\/td><td>1<\/td><\/tr><tr><td>is_archive<\/td><td>1<\/td><td><\/td><\/tr><tr><td>is_search<\/td><td>1<\/td><td><\/td><\/tr><tr><td>is_home<\/td><td>1<\/td><td><\/td><\/tr><tr><td>is_404<\/td><td>1<\/td><td><\/td><\/tr><tr><td>is_attachment<\/td><td>1<\/td><td><\/td><\/tr><tr><td>is_singular<\/td><td>1<\/td><td><\/td><\/tr><tr><td>is_front_page<\/td><td>1<\/td><td><\/td><\/tr><tr><td>is_feed<\/td><td>1<\/td><td><\/td><\/tr><\/table><\/div><br><br><span style=\"color: red;\">Seu site usa HTTPS, mas o c\u00f3digo do an\u00fancio cont\u00e9m HTTP e pode n\u00e3o funcionar.<\/span>\t<br><br>\n\t<a style=\"color: green;\" href=\"https:\/\/wpadvancedads.com\/manual\/ad-debug-mode\/?utm_source=advanced-ads&utm_medium=link&utm_campaign=ad-debug-mode\" target=\"_blank\" rel=\"nofollow\">Encontre solu\u00e7\u00f5es no manual<\/a>\n<\/div>\n<\/li><\/ul><\/div><script>( window.advanced_ads_ready || jQuery( document ).ready ).call( null, function() {var $lavraslider3066358657 = jQuery( \".lavra-slider-3066358657\" );$lavraslider3066358657.on( \"unslider.ready\", function() { jQuery( \"div.custom-slider ul li\" ).css( \"display\", \"block\" ); });$lavraslider3066358657.unslider({ delay:4000, autoplay:true, nav:false, arrows:false, infinite:true });$lavraslider3066358657.on(\"mouseover\", function() {$lavraslider3066358657.unslider(\"stop\");}).on(\"mouseout\", function() {$lavraslider3066358657.unslider(\"start\");});});<\/script><\/div>\n<p><em><strong>Cuidados\u00a0com a rede el\u00e9trica s\u00e3o essenciais para quem vai passar o carnaval em casas de descanso e \u00e1reas rurais<\/strong><\/em><\/p>\n\n\n\n<figure class=\"wp-block-image size-large is-resized\"><img fetchpriority=\"high\" decoding=\"async\" width=\"970\" height=\"675\" src=\"https:\/\/lavras.tv\/site\/wp-content\/uploads\/2026\/02\/WhatsApp-Image-2026-02-12-at-13.39.39-970x675.jpeg\" alt=\"\" class=\"wp-image-169336\" style=\"aspect-ratio:1.4366648850881882;width:504px;height:auto\" srcset=\"https:\/\/lavras.tv\/site\/wp-content\/uploads\/2026\/02\/WhatsApp-Image-2026-02-12-at-13.39.39-970x675.jpeg 970w, https:\/\/lavras.tv\/site\/wp-content\/uploads\/2026\/02\/WhatsApp-Image-2026-02-12-at-13.39.39-431x300.jpeg 431w, https:\/\/lavras.tv\/site\/wp-content\/uploads\/2026\/02\/WhatsApp-Image-2026-02-12-at-13.39.39-170x118.jpeg 170w, https:\/\/lavras.tv\/site\/wp-content\/uploads\/2026\/02\/WhatsApp-Image-2026-02-12-at-13.39.39-1536x1069.jpeg 1536w, https:\/\/lavras.tv\/site\/wp-content\/uploads\/2026\/02\/WhatsApp-Image-2026-02-12-at-13.39.39.jpeg 1599w\" sizes=\"(max-width: 970px) 100vw, 970px\" \/><\/figure>\n\n\n\n<p>Mesmo durante o per\u00edodo do carnaval, quando parte da popula\u00e7\u00e3o opta por permanecer longe das aglomera\u00e7\u00f5es, \u00e9 fundamental manter a aten\u00e7\u00e3o \u00e0s situa\u00e7\u00f5es que envolvem riscos el\u00e9tricos, especialmente em resid\u00eancias de veraneio, s\u00edtios, ch\u00e1caras e \u00e1reas rurais. Com o objetivo de contribuir para a preven\u00e7\u00e3o de acidentes, a Cemig refor\u00e7a algumas orienta\u00e7\u00f5es de seguran\u00e7a el\u00e9trica que devem ser observadas durante o feriado.<\/p>\n\n\n\n<p>Confira cinco dicas da Cemig para evitar acidentes com a rede el\u00e9trica durante o carnaval, per\u00edodo em que muitas pessoas optam por descansar longe da folia.<\/p>\n\n\n\n<figure class=\"wp-block-video\"><video height=\"476\" style=\"aspect-ratio: 848 \/ 476;\" width=\"848\" controls src=\"https:\/\/lavras.tv\/site\/wp-content\/uploads\/2026\/02\/WhatsApp-Video-2026-02-13-at-09.29.39.mp4\"><\/video><\/figure>\n\n\n\n<p>1 &#8211; Verifica\u00e7\u00e3o das instala\u00e7\u00f5es el\u00e9tricas<\/p>\n\n\n\n<p>Antes da utiliza\u00e7\u00e3o do im\u00f3vel, recomenda-se realizar uma avalia\u00e7\u00e3o das condi\u00e7\u00f5es das instala\u00e7\u00f5es el\u00e9tricas, observando a inexist\u00eancia de fia\u00e7\u00e3o exposta, tomadas danificadas ou outros ind\u00edcios de irregularidades.<\/p>\n\n\n\n<p>Im\u00f3veis que permanecem desocupados por longos per\u00edodos demandam aten\u00e7\u00e3o especial, uma vez que falhas el\u00e9tricas podem n\u00e3o ser percebidas de imediato, aumentando o risco de acidentes durante&nbsp;a utiliza\u00e7\u00e3o.<\/p>\n\n\n\n<p>2 &#8211; Proibi\u00e7\u00e3o de gambiarras e uso inadequado de tomadas<\/p>\n\n\n\n<p>N\u00e3o \u00e9 recomendado o uso de extens\u00f5es, adaptadores, \u201cT\u201d ou benjamins para a liga\u00e7\u00e3o simult\u00e2nea de diversos equipamentos em uma \u00fanica tomada.<\/p>\n\n\n\n<p>Esse tipo de pr\u00e1tica pode ocasionar sobrecarga el\u00e9trica, curtos-circuitos e inc\u00eandios. Quando houver necessidade de alimentar mais de um equipamento, deve-se priorizar o uso de filtros de linha certificados, dotados de dispositivos de prote\u00e7\u00e3o contra sobrecarga.<\/p>\n\n\n\n<p>3 &#8211; Uso seguro de equipamentos el\u00e9tricos<\/p>\n\n\n\n<p>Deve-se evitar a utiliza\u00e7\u00e3o de equipamentos el\u00e9tricos com o corpo molhado, bem como o uso de eletrodom\u00e9sticos pr\u00f3ximos a \u00e1reas molhadas, tais como banheiros, \u00e1reas externas e piscinas.<\/p>\n\n\n\n<p>A combina\u00e7\u00e3o de eletricidade e umidade representa alto risco de choque el\u00e9trico e deve ser evitada.<\/p>\n\n\n\n<p>4 &#8211; Cuidados durante tempestades com raios<\/p>\n\n\n\n<p>Em caso de tempestades com descargas atmosf\u00e9ricas, a orienta\u00e7\u00e3o \u00e9 permanecer longe de \u00e1reas abertas ou descampadas e procurar abrigo em locais fechados, como edifica\u00e7\u00f5es de alvenaria.<\/p>\n\n\n\n<p>Durante tempestades, n\u00e3o \u00e9 recomend\u00e1vel permanecer sob \u00e1rvores, postes ou estruturas met\u00e1licas, pois esses elementos podem atrair descargas el\u00e9tricas. Na impossibilidade de abrigo, a pessoa precisa se afastar de pontos elevados, adotando medidas que reduzam a exposi\u00e7\u00e3o ao risco, como manter os p\u00e9s juntos e agachar-se at\u00e9 a tempestade passar.<\/p>\n\n\n\n<p>5 &#8211; Cuidados com crian\u00e7as<\/p>\n\n\n\n<p>Crian\u00e7as devem ser mantidas sob&nbsp;supervis\u00e3o constante, especialmente em ambientes com risco el\u00e9trico. Tomadas desprotegidas, fios expostos, extens\u00f5es improvisadas e equipamentos energizados ao alcance aumentam significativamente a possibilidade de acidentes.<\/p>\n\n\n\n<p>Recomenda-se a utiliza\u00e7\u00e3o de dispositivos de prote\u00e7\u00e3o em tomadas e a ado\u00e7\u00e3o de medidas preventivas que restrinjam o acesso das crian\u00e7as a fontes de energia el\u00e9trica.<\/p>\n","protected":false},"excerpt":{"rendered":"<p>Cuidados\u00a0com a rede el\u00e9trica s\u00e3o essenciais para quem vai passar o carnaval em casas de descanso e \u00e1reas rurais Mesmo durante o per\u00edodo do carnaval, quando parte da popula\u00e7\u00e3o opta por permanecer longe das aglomera\u00e7\u00f5es, \u00e9 fundamental manter a aten\u00e7\u00e3o \u00e0s situa\u00e7\u00f5es que envolvem riscos el\u00e9tricos, especialmente em resid\u00eancias de veraneio, s\u00edtios, ch\u00e1caras e \u00e1reas [&hellip;]<\/p>\n","protected":false},"author":5,"featured_media":169336,"comment_status":"closed","ping_status":"open","sticky":false,"template":"","format":"standard","meta":{"advgb_blocks_editor_width":"","advgb_blocks_columns_visual_guide":"","_exactmetrics_skip_tracking":false,"_exactmetrics_sitenote_active":false,"_exactmetrics_sitenote_note":"","_exactmetrics_sitenote_category":0,"footnotes":""},"categories":[7,2],"tags":[],"class_list":["post-169335","post","type-post","status-publish","format-standard","has-post-thumbnail","hentry","category-destaques","category-noticias"],"better_featured_image":{"id":169336,"alt_text":"","caption":"","description":"","media_type":"image","media_details":{"width":1599,"height":1113,"file":"2026\/02\/WhatsApp-Image-2026-02-12-at-13.39.39.jpeg","filesize":156559,"sizes":{"medium":{"file":"WhatsApp-Image-2026-02-12-at-13.39.39-431x300.jpeg","width":431,"height":300,"mime-type":"image\/jpeg","filesize":24149,"source_url":"https:\/\/lavras.tv\/site\/wp-content\/uploads\/2026\/02\/WhatsApp-Image-2026-02-12-at-13.39.39-431x300.jpeg"},"large":{"file":"WhatsApp-Image-2026-02-12-at-13.39.39-970x675.jpeg","width":970,"height":675,"mime-type":"image\/jpeg","filesize":87000,"source_url":"https:\/\/lavras.tv\/site\/wp-content\/uploads\/2026\/02\/WhatsApp-Image-2026-02-12-at-13.39.39-970x675.jpeg"},"thumbnail":{"file":"WhatsApp-Image-2026-02-12-at-13.39.39-170x118.jpeg","width":170,"height":118,"mime-type":"image\/jpeg","filesize":5399,"source_url":"https:\/\/lavras.tv\/site\/wp-content\/uploads\/2026\/02\/WhatsApp-Image-2026-02-12-at-13.39.39-170x118.jpeg"},"1536x1536":{"file":"WhatsApp-Image-2026-02-12-at-13.39.39-1536x1069.jpeg","width":1536,"height":1069,"mime-type":"image\/jpeg","filesize":172722,"source_url":"https:\/\/lavras.tv\/site\/wp-content\/uploads\/2026\/02\/WhatsApp-Image-2026-02-12-at-13.39.39-1536x1069.jpeg"},"alm-thumbnail":{"file":"WhatsApp-Image-2026-02-12-at-13.39.39-150x150.jpeg","width":150,"height":150,"mime-type":"image\/jpeg","filesize":5994,"source_url":"https:\/\/lavras.tv\/site\/wp-content\/uploads\/2026\/02\/WhatsApp-Image-2026-02-12-at-13.39.39-150x150.jpeg"},"sow-carousel-default":{"file":"WhatsApp-Image-2026-02-12-at-13.39.39-272x182.jpeg","width":272,"height":182,"mime-type":"image\/jpeg","filesize":11118,"source_url":"https:\/\/lavras.tv\/site\/wp-content\/uploads\/2026\/02\/WhatsApp-Image-2026-02-12-at-13.39.39-272x182.jpeg"}},"image_meta":{"aperture":"0","credit":"","camera":"","caption":"","created_timestamp":"0","copyright":"","focal_length":"0","iso":"0","shutter_speed":"0","title":"","orientation":"0","keywords":[]}},"post":169335,"source_url":"https:\/\/lavras.tv\/site\/wp-content\/uploads\/2026\/02\/WhatsApp-Image-2026-02-12-at-13.39.39.jpeg"},"author_meta":{"display_name":"Vinicius Bustamante","author_link":"https:\/\/lavras.tv\/site\/author\/vinicius-bustamante\/"},"featured_img":"https:\/\/lavras.tv\/site\/wp-content\/uploads\/2026\/02\/WhatsApp-Image-2026-02-12-at-13.39.39-431x300.jpeg","coauthors":[],"tax_additional":{"categories":{"linked":["<a href=\"https:\/\/lavras.tv\/site\/category\/destaques\/\" class=\"advgb-post-tax-term\">Destaques<\/a>","<a href=\"https:\/\/lavras.tv\/site\/category\/noticias\/\" class=\"advgb-post-tax-term\">Not\u00edcias<\/a>"],"unlinked":["<span class=\"advgb-post-tax-term\">Destaques<\/span>","<span class=\"advgb-post-tax-term\">Not\u00edcias<\/span>"]}},"comment_count":"0","relative_dates":{"created":"Publicado 3 meses atr\u00e1s","modified":"Atualizado 3 meses atr\u00e1s"},"absolute_dates":{"created":"Publicado em 13 de fevereiro de 2026","modified":"Atualizado em 13 de fevereiro de 2026"},"absolute_dates_time":{"created":"Publicado em 13 de fevereiro de 2026 09:55","modified":"Atualizado em 13 de fevereiro de 2026 09:55"},"featured_img_caption":"","series_order":"","_links":{"self":[{"href":"https:\/\/lavras.tv\/site\/wp-json\/wp\/v2\/posts\/169335","targetHints":{"allow":["GET"]}}],"collection":[{"href":"https:\/\/lavras.tv\/site\/wp-json\/wp\/v2\/posts"}],"about":[{"href":"https:\/\/lavras.tv\/site\/wp-json\/wp\/v2\/types\/post"}],"author":[{"embeddable":true,"href":"https:\/\/lavras.tv\/site\/wp-json\/wp\/v2\/users\/5"}],"replies":[{"embeddable":true,"href":"https:\/\/lavras.tv\/site\/wp-json\/wp\/v2\/comments?post=169335"}],"version-history":[{"count":1,"href":"https:\/\/lavras.tv\/site\/wp-json\/wp\/v2\/posts\/169335\/revisions"}],"predecessor-version":[{"id":169338,"href":"https:\/\/lavras.tv\/site\/wp-json\/wp\/v2\/posts\/169335\/revisions\/169338"}],"wp:featuredmedia":[{"embeddable":true,"href":"https:\/\/lavras.tv\/site\/wp-json\/wp\/v2\/media\/169336"}],"wp:attachment":[{"href":"https:\/\/lavras.tv\/site\/wp-json\/wp\/v2\/media?parent=169335"}],"wp:term":[{"taxonomy":"category","embeddable":true,"href":"https:\/\/lavras.tv\/site\/wp-json\/wp\/v2\/categories?post=169335"},{"taxonomy":"post_tag","embeddable":true,"href":"https:\/\/lavras.tv\/site\/wp-json\/wp\/v2\/tags?post=169335"}],"curies":[{"name":"wp","href":"https:\/\/api.w.org\/{rel}","templated":true}]}}