{"id":169355,"date":"2026-02-13T20:38:19","date_gmt":"2026-02-13T23:38:19","guid":{"rendered":"https:\/\/lavras.tv\/site\/?p=169355"},"modified":"2026-02-13T20:38:21","modified_gmt":"2026-02-13T23:38:21","slug":"urmicro-conquista-certificacao-iso-90012015-e-consolida-padrao-internacional-de-qualidade-na-ufla","status":"publish","type":"post","link":"https:\/\/lavras.tv\/site\/2026\/02\/13\/urmicro-conquista-certificacao-iso-90012015-e-consolida-padrao-internacional-de-qualidade-na-ufla\/","title":{"rendered":"URMICRO conquista certifica\u00e7\u00e3o ISO 9001:2015 e consolida padr\u00e3o internacional de qualidade na UFLA"},"content":{"rendered":"<div class=\"lavra-antes-do-conteudo_2\" id=\"lavra-4049095965\"><div id=\"lavra-slider-27\" class=\"custom-slider lavra-slider-799297440 lavra-slider\"><ul><li><div style=\"margin-left: auto;margin-right: auto;text-align: center;\" id=\"lavra-751430861\"><a href=\"https:\/\/sistemas.lavras.mg.gov.br\/portalcidadao\/#df1b1a7c7b2a290bcb31e32771e610784662739a88807c0dacac58ede5f391a7530e299dc302d611ee73cb143fc22eaf93592e53e7b5bdb01b00a0b8d28dae460c141dd2ff83412e4dc1c31b16b25f33144a9e5620ea73b13f5bc1c59411d98439ad226e8af03840603796067d87afe130812cf3de24982d0e306f9e61e764e5\" aria-label=\"Lavras-TV&#8211;720x104px (1) (1)\"><img src=\"https:\/\/lavras.tv\/site\/wp-content\/uploads\/2025\/01\/Lavras-TV-720x104px-1-1.png\" alt=\"\"  srcset=\"https:\/\/lavras.tv\/site\/wp-content\/uploads\/2025\/01\/Lavras-TV-720x104px-1-1.png 720w, https:\/\/lavras.tv\/site\/wp-content\/uploads\/2025\/01\/Lavras-TV-720x104px-1-1-470x68.png 470w, https:\/\/lavras.tv\/site\/wp-content\/uploads\/2025\/01\/Lavras-TV-720x104px-1-1-170x25.png 170w, https:\/\/lavras.tv\/site\/wp-content\/uploads\/2025\/01\/Lavras-TV-720x104px-1-1-200x29.png 200w\" sizes=\"(max-width: 720px) 100vw, 720px\" width=\"720\" height=\"104\"  style=\"display: inline-block;\" \/><\/a><\/div><\/li><li><a href=\"https:\/\/sistemas.lavras.mg.gov.br\/portalcidadao\/#df1b1a7c7b2a290bcb31e32771e610784662739a88807c0dacac58ede5f391a7530e299dc302d611ee73cb143fc22eaf93592e53e7b5bdb01b00a0b8d28dae460c141dd2ff83412e4dc1c31b16b25f33144a9e5620ea73b13f5bc1c59411d98439ad226e8af03840603796067d87afe130812cf3de24982d0e306f9e61e764e5\" aria-label=\"Banner_Emprego_PortallavrasTV\"><img src=\"https:\/\/lavras.tv\/site\/wp-content\/uploads\/2025\/03\/Banner_Emprego_PortallavrasTV.png\" alt=\"\"  srcset=\"https:\/\/lavras.tv\/site\/wp-content\/uploads\/2025\/03\/Banner_Emprego_PortallavrasTV.png 720w, https:\/\/lavras.tv\/site\/wp-content\/uploads\/2025\/03\/Banner_Emprego_PortallavrasTV-470x68.png 470w, https:\/\/lavras.tv\/site\/wp-content\/uploads\/2025\/03\/Banner_Emprego_PortallavrasTV-170x25.png 170w, https:\/\/lavras.tv\/site\/wp-content\/uploads\/2025\/03\/Banner_Emprego_PortallavrasTV-200x29.png 200w\" sizes=\"(max-width: 720px) 100vw, 720px\" width=\"720\" height=\"104\"   \/><\/a><\/li><li><a href=\"https:\/\/sistemas.lavras.mg.gov.br\/portalcidadao\/#df1b1a7c7b2a290bcb31e32771e610784662739a88807c0dacac58ede5f391a7530e299dc302d611ee73cb143fc22eaf93592e53e7b5bdb01b00a0b8d28dae460c141dd2ff83412e4dc1c31b16b25f33144a9e5620ea73b13f5bc1c59411d98439ad226e8af03840603796067d87afe130812cf3de24982d0e306f9e61e764e5\" aria-label=\"Banner_Obras_PortallavrasTV\"><img src=\"https:\/\/lavras.tv\/site\/wp-content\/uploads\/2025\/03\/Banner_Obras_PortallavrasTV.png\" alt=\"\"  srcset=\"https:\/\/lavras.tv\/site\/wp-content\/uploads\/2025\/03\/Banner_Obras_PortallavrasTV.png 720w, https:\/\/lavras.tv\/site\/wp-content\/uploads\/2025\/03\/Banner_Obras_PortallavrasTV-470x68.png 470w, https:\/\/lavras.tv\/site\/wp-content\/uploads\/2025\/03\/Banner_Obras_PortallavrasTV-170x25.png 170w, https:\/\/lavras.tv\/site\/wp-content\/uploads\/2025\/03\/Banner_Obras_PortallavrasTV-200x29.png 200w\" sizes=\"(max-width: 720px) 100vw, 720px\" width=\"720\" height=\"104\"   \/><\/a><\/li><li><div style=\"margin-left: auto;margin-right: auto;text-align: center;\" id=\"lavra-3896378558\"><a href=\"https:\/\/sistemas.lavras.mg.gov.br\/portalcidadao\/#df1b1a7c7b2a290bcb31e32771e610784662739a88807c0dacac58ede5f391a7530e299dc302d611ee73cb143fc22eaf93592e53e7b5bdb01b00a0b8d28dae460c141dd2ff83412e4dc1c31b16b25f33144a9e5620ea73b13f5bc1c59411d98439ad226e8af03840603796067d87afe130812cf3de24982d0e306f9e61e764e5\" aria-label=\"Banner_Educa\u00e7\u00e3o_PortallavrasTV\"><img src=\"https:\/\/lavras.tv\/site\/wp-content\/uploads\/2025\/01\/Banner_Educacao_PortallavrasTV.png\" alt=\"\"  srcset=\"https:\/\/lavras.tv\/site\/wp-content\/uploads\/2025\/01\/Banner_Educacao_PortallavrasTV.png 720w, https:\/\/lavras.tv\/site\/wp-content\/uploads\/2025\/01\/Banner_Educacao_PortallavrasTV-470x68.png 470w, https:\/\/lavras.tv\/site\/wp-content\/uploads\/2025\/01\/Banner_Educacao_PortallavrasTV-170x25.png 170w, https:\/\/lavras.tv\/site\/wp-content\/uploads\/2025\/01\/Banner_Educacao_PortallavrasTV-200x29.png 200w\" sizes=\"(max-width: 720px) 100vw, 720px\" width=\"720\" height=\"104\"  style=\"display: inline-block;\" \/><\/a><\/div><\/li><li><a href=\"https:\/\/sistemas.lavras.mg.gov.br\/portalcidadao\/#df1b1a7c7b2a290bcb31e32771e610784662739a88807c0dacac58ede5f391a7530e299dc302d611ee73cb143fc22eaf93592e53e7b5bdb01b00a0b8d28dae460c141dd2ff83412e4dc1c31b16b25f33144a9e5620ea73b13f5bc1c59411d98439ad226e8af03840603796067d87afe130812cf3de24982d0e306f9e61e764e5\" aria-label=\"Banner_Sa\u00fade_PortallavrasTV\"><img src=\"https:\/\/lavras.tv\/site\/wp-content\/uploads\/2025\/03\/Banner_Saude_PortallavrasTV.png\" alt=\"\"  srcset=\"https:\/\/lavras.tv\/site\/wp-content\/uploads\/2025\/03\/Banner_Saude_PortallavrasTV.png 720w, https:\/\/lavras.tv\/site\/wp-content\/uploads\/2025\/03\/Banner_Saude_PortallavrasTV-470x68.png 470w, https:\/\/lavras.tv\/site\/wp-content\/uploads\/2025\/03\/Banner_Saude_PortallavrasTV-170x25.png 170w, https:\/\/lavras.tv\/site\/wp-content\/uploads\/2025\/03\/Banner_Saude_PortallavrasTV-200x29.png 200w\" sizes=\"(max-width: 720px) 100vw, 720px\" width=\"720\" height=\"104\"   \/><\/a><\/li><li><div id=\"lavra-1817176677\" style=\"width:720px;height:104px;background-color:#ddd;overflow:scroll;\">\n\t<strong>Sa\u00edda da depura\u00e7\u00e3o de an\u00fancios<\/strong>\n\t<br><br>\n\tO an\u00fancio n\u00e3o \u00e9 exibido na p\u00e1gina<br><br>post atual: URMICRO conquista certifica\u00e7\u00e3o ISO 9001:2015 e consolida padr\u00e3o internacional de qualidade na UFLA, ID: 169355<br><br><span style=\"color: red;\">O post atual n\u00e3o \u00e9 id\u00eantico ao post principal.<\/span><br><br>An\u00fancios: ROXO - TOPO INTERNA - ROTATIVO 2 (197)<br \/>Grupo de an\u00fancios: Princ_Meio01_720x104 (27)<br><br>Condi\u00e7\u00f5es de exibi\u00e7\u00e3o<div style=\"margin-bottom: 20px; white-space: pre-wrap; font-family: monospace; width: 100%; background: #ffe9e9;\"><strong>condi\u00e7\u00f5es gerais<\/strong><table border=\"1\"><thead><tr><th><\/th><th>An\u00fancios<\/th><th>wp_the_query<\/th><\/tr><\/thead><tr><td>is_main_query<\/td><td>1<\/td><td>1<\/td><\/tr><tr><td>is_rest_api<\/td><td>0<\/td><td>1<\/td><\/tr><tr><td>page<\/td><td>0<\/td><td>1<\/td><\/tr><tr><td>numpages<\/td><td>0<\/td><td>1<\/td><\/tr><tr><td>is_archive<\/td><td>1<\/td><td><\/td><\/tr><tr><td>is_search<\/td><td>1<\/td><td><\/td><\/tr><tr><td>is_home<\/td><td>1<\/td><td><\/td><\/tr><tr><td>is_404<\/td><td>1<\/td><td><\/td><\/tr><tr><td>is_attachment<\/td><td>1<\/td><td><\/td><\/tr><tr><td>is_singular<\/td><td>1<\/td><td><\/td><\/tr><tr><td>is_front_page<\/td><td>1<\/td><td><\/td><\/tr><tr><td>is_feed<\/td><td>1<\/td><td><\/td><\/tr><\/table><\/div><br><br><span style=\"color: red;\">Seu site usa HTTPS, mas o c\u00f3digo do an\u00fancio cont\u00e9m HTTP e pode n\u00e3o funcionar.<\/span>\t<br><br>\n\t<a style=\"color: green;\" href=\"https:\/\/wpadvancedads.com\/manual\/ad-debug-mode\/?utm_source=advanced-ads&utm_medium=link&utm_campaign=ad-debug-mode\" target=\"_blank\" rel=\"nofollow\">Encontre solu\u00e7\u00f5es no manual<\/a>\n<\/div>\n<\/li><\/ul><\/div><script>( window.advanced_ads_ready || jQuery( document ).ready ).call( null, function() {var $lavraslider799297440 = jQuery( \".lavra-slider-799297440\" );$lavraslider799297440.on( \"unslider.ready\", function() { jQuery( \"div.custom-slider ul li\" ).css( \"display\", \"block\" ); });$lavraslider799297440.unslider({ delay:4000, autoplay:true, nav:false, arrows:false, infinite:true });$lavraslider799297440.on(\"mouseover\", function() {$lavraslider799297440.unslider(\"stop\");}).on(\"mouseout\", function() {$lavraslider799297440.unslider(\"start\");});});<\/script><\/div>\n<figure class=\"wp-block-image\"><img decoding=\"async\" src=\"https:\/\/fundecc.org.br\/wp-content\/uploads\/2026\/02\/20260213_114436-1-600x540.jpg\" alt=\"\"\/><\/figure>\n\n\n\n<p><em>Por<\/em>&nbsp;Simone Paiva \u2013 Analista de Comunica\u00e7\u00e3o da FUNDECC \u2013 13 de fevereiro de 2026.<\/p>\n\n\n\n<p>Uma das cole\u00e7\u00f5es de microrganismos da Universidade Federal de Lavras (UFLA), a Unidade de Recursos Microbiol\u00f3gicos URMICRO\/UFLA, conquistou a certifica\u00e7\u00e3o ISO 9001:2015, norma internacional que atesta sistemas de gest\u00e3o da qualidade. A URMICRO\/UFLA sediada no Centro de Biodiversidade e Patrim\u00f4nio Gen\u00e9tico (CEBIOMinas\/UFLA), um conjunto de laborat\u00f3rios multiusu\u00e1rios, passa a integrar o grupo restrito de laborat\u00f3rios brasileiros com esse reconhecimento e \u00e9 a \u00fanica certificada em Minas Gerais.<\/p>\n\n\n\n<p>A auditoria foi conduzida pela DNV (<strong>Det Norske Veritas<\/strong>), certificadora internacional de origem norueguesa, que avaliou protocolos t\u00e9cnicos, rastreabilidade de insumos, controle de equipamentos e organiza\u00e7\u00e3o documental.<\/p>\n\n\n\n<p>Coordenado pelo professor e pr\u00f3-reitor de Pesquisa e Inova\u00e7\u00e3o da UFLA, doutor em Ci\u00eancia dos Alimentos, Lu\u00eds Roberto Batista, o laborat\u00f3rio alcan\u00e7a a certifica\u00e7\u00e3o ap\u00f3s 8 anos de estrutura\u00e7\u00e3o e adequa\u00e7\u00f5es.<\/p>\n\n\n\n<figure class=\"wp-block-image\"><img decoding=\"async\" src=\"https:\/\/fundecc.org.br\/wp-content\/uploads\/2026\/02\/20260213_113558-768x1024.jpg\" alt=\"\" class=\"wp-image-11129\"\/><\/figure>\n\n\n\n<p>\u201c<em>N\u00e3o \u00e9 apenas um certificado. A ISO 9001:2015 comprova que nossos processos seguem padr\u00f5es internacionais. Cada procedimento \u00e9 documentado, cada reagente tem origem comprovada e cada resultado pode ser auditado. Isso fortalece a credibilidade cient\u00edfica<\/em>\u201d, afirma.<\/p>\n\n\n\n<p>A ISO 9001:2015 certifica o sistema que sustenta a produ\u00e7\u00e3o cient\u00edfica. Na URMICRO, isso significa controle rigoroso desde a entrada de insumos at\u00e9 a preserva\u00e7\u00e3o e disponibiliza\u00e7\u00e3o dos microrganismos.<\/p>\n\n\n\n<p>\u201c<em>N\u00f3s desenvolvemos e ampliamos protocolos, intensificamos o monitoramento dos equipamentos e estruturamos a rastreabilidade completa dos materiais. A qualidade deixa de ser apenas t\u00e9cnica e passa a ser institucional<\/em>\u201d, explica Batista.<\/p>\n\n\n\n<p>Criada em 2010, no Departamento de Ci\u00eancia dos Alimentos (DCA) a cole\u00e7\u00e3o j\u00e1 operava com boas pr\u00e1ticas de laborat\u00f3rio. Em 2015, tornou-se Fiel Deposit\u00e1ria junto ao Minist\u00e9rio do Meio Ambiente e passou a integrar a Federa\u00e7\u00e3o Mundial de Cole\u00e7\u00f5es de Cultura. A decis\u00e3o de buscar a certifica\u00e7\u00e3o amadureceu ap\u00f3s experi\u00eancias internacionais e da necessidade de alinhar o laborat\u00f3rio aos padr\u00f5es globais.<\/p>\n\n\n\n<p>O processo foi viabilizado com financiamento da Financiadora de Estudos e Projetos (FINEP) e da Funda\u00e7\u00e3o de Amparo \u00e0 Pesquisa do Estado de Minas Gerais (FAPEMIG). A Funda\u00e7\u00e3o de Desenvolvimento Cient\u00edfico e Cultural (FUNDECC), funda\u00e7\u00e3o de apoio \u00e0 UFLA, atuou na gest\u00e3o administrativa dos recursos, aquisi\u00e7\u00e3o de insumos e organiza\u00e7\u00e3o documental exigida pela norma.<\/p>\n\n\n\n<p>\u201c<em>A certifica\u00e7\u00e3o exige rastreabilidade inclusive nas compras. Sem gest\u00e3o adequada, ela n\u00e3o acontece. O apoio da FUNDECC foi fundamental nesse processo<\/em>\u201d, destaca o professor.<\/p>\n\n\n\n<p>Hoje, o URMICRO preserva cerca de 1.500 isolados de fungos filamentos e leveduras e possui capacidade para armazenar at\u00e9 30 mil amostras a menos 80 graus Celsius. A cole\u00e7\u00e3o sustenta pesquisas em biodiversidade microbiana, biotecnologia, controle biol\u00f3gico e microbiologia de alimentos, al\u00e9m de ter contribu\u00eddo para estudos que apoiaram a regulamenta\u00e7\u00e3o do Queijo Minas Artesanal Casca Florida Natural que \u00e9 produzido com leite cru e para o reconhecimento dos \u201c<em>Os Modos de Fazer o Queijo Minas Artesanal<\/em>\u201d fossem reconhecidos como Patrim\u00f4nio Cultural Imaterial da Humanidade pela UNESCO em dezembro de 2024. A URMICRO conta tamb\u00e9m com um Banco de Queijos Artesanais, preservados a -80\u00baC.<\/p>\n\n\n\n<p>\u201c<em>A cole\u00e7\u00e3o n\u00e3o \u00e9 um dep\u00f3sito de microrganismos. Ela contribui para a preserva\u00e7\u00e3o da hist\u00f3ria, cultura e patrim\u00f4nio gen\u00e9tico brasileiro, para a\u00e7\u00f5es governamentais voltadas para regulamenta\u00e7\u00e3o de alimentos, para o conhecimento da biodiversidade brasileira, para a forma\u00e7\u00e3o de recursos humanos qualificados e sustenta pesquisas que impactam diretamente a sociedade<\/em>\u201d, refor\u00e7a Batista.<\/p>\n\n\n\n<p>Enquanto auditorias confirmam padr\u00f5es e relat\u00f3rios organizam processos, os ultrafreezers continuam funcionando dia e noite. Ali est\u00e3o preservados os queijos artesanais e microrganismos que podem responder a desafios cient\u00edficos futuros.<\/p>\n\n\n\n<p>Mais do que um reconhecimento, a certifica\u00e7\u00e3o consolida um compromisso permanente com qualidade, responsabilidade e preserva\u00e7\u00e3o para as pr\u00f3ximas gera\u00e7\u00f5es.<\/p>\n\n\n\n<p><strong>Confira alguns registros fotogr\u00e1ficos dessa reportagem<\/strong>:<\/p>\n\n\n\n<figure class=\"wp-block-gallery has-nested-images columns-default is-cropped wp-block-gallery-1 is-layout-flex wp-block-gallery-is-layout-flex\">\n<figure class=\"wp-block-image size-large\"><img fetchpriority=\"high\" decoding=\"async\" width=\"768\" height=\"1024\" data-id=\"169357\" src=\"https:\/\/lavras.tv\/site\/wp-content\/uploads\/2026\/02\/WhatsApp-Image-2026-02-13-at-16.24.49-768x1024.jpeg\" alt=\"\" class=\"wp-image-169357\" srcset=\"https:\/\/lavras.tv\/site\/wp-content\/uploads\/2026\/02\/WhatsApp-Image-2026-02-13-at-16.24.49-768x1024.jpeg 768w, https:\/\/lavras.tv\/site\/wp-content\/uploads\/2026\/02\/WhatsApp-Image-2026-02-13-at-16.24.49-225x300.jpeg 225w, https:\/\/lavras.tv\/site\/wp-content\/uploads\/2026\/02\/WhatsApp-Image-2026-02-13-at-16.24.49-113x150.jpeg 113w, https:\/\/lavras.tv\/site\/wp-content\/uploads\/2026\/02\/WhatsApp-Image-2026-02-13-at-16.24.49-1152x1536.jpeg 1152w, https:\/\/lavras.tv\/site\/wp-content\/uploads\/2026\/02\/WhatsApp-Image-2026-02-13-at-16.24.49.jpeg 1200w\" sizes=\"(max-width: 768px) 100vw, 768px\" \/><\/figure>\n\n\n\n<figure class=\"wp-block-image size-large\"><img decoding=\"async\" width=\"768\" height=\"1024\" data-id=\"169358\" src=\"https:\/\/lavras.tv\/site\/wp-content\/uploads\/2026\/02\/WhatsApp-Image-2026-02-13-at-16.24.49-1-768x1024.jpeg\" alt=\"\" class=\"wp-image-169358\" srcset=\"https:\/\/lavras.tv\/site\/wp-content\/uploads\/2026\/02\/WhatsApp-Image-2026-02-13-at-16.24.49-1-768x1024.jpeg 768w, https:\/\/lavras.tv\/site\/wp-content\/uploads\/2026\/02\/WhatsApp-Image-2026-02-13-at-16.24.49-1-225x300.jpeg 225w, https:\/\/lavras.tv\/site\/wp-content\/uploads\/2026\/02\/WhatsApp-Image-2026-02-13-at-16.24.49-1-113x150.jpeg 113w, https:\/\/lavras.tv\/site\/wp-content\/uploads\/2026\/02\/WhatsApp-Image-2026-02-13-at-16.24.49-1-1152x1536.jpeg 1152w, https:\/\/lavras.tv\/site\/wp-content\/uploads\/2026\/02\/WhatsApp-Image-2026-02-13-at-16.24.49-1.jpeg 1200w\" sizes=\"(max-width: 768px) 100vw, 768px\" \/><\/figure>\n\n\n\n<figure class=\"wp-block-image size-large\"><img decoding=\"async\" width=\"768\" height=\"1024\" data-id=\"169359\" src=\"https:\/\/lavras.tv\/site\/wp-content\/uploads\/2026\/02\/WhatsApp-Image-2026-02-13-at-16.24.49-2-768x1024.jpeg\" alt=\"\" class=\"wp-image-169359\" srcset=\"https:\/\/lavras.tv\/site\/wp-content\/uploads\/2026\/02\/WhatsApp-Image-2026-02-13-at-16.24.49-2-768x1024.jpeg 768w, https:\/\/lavras.tv\/site\/wp-content\/uploads\/2026\/02\/WhatsApp-Image-2026-02-13-at-16.24.49-2-225x300.jpeg 225w, https:\/\/lavras.tv\/site\/wp-content\/uploads\/2026\/02\/WhatsApp-Image-2026-02-13-at-16.24.49-2-113x150.jpeg 113w, https:\/\/lavras.tv\/site\/wp-content\/uploads\/2026\/02\/WhatsApp-Image-2026-02-13-at-16.24.49-2-1152x1536.jpeg 1152w, https:\/\/lavras.tv\/site\/wp-content\/uploads\/2026\/02\/WhatsApp-Image-2026-02-13-at-16.24.49-2.jpeg 1200w\" sizes=\"(max-width: 768px) 100vw, 768px\" \/><\/figure>\n\n\n\n<figure class=\"wp-block-image size-large\"><img loading=\"lazy\" decoding=\"async\" width=\"970\" height=\"728\" data-id=\"169360\" src=\"https:\/\/lavras.tv\/site\/wp-content\/uploads\/2026\/02\/WhatsApp-Image-2026-02-13-at-16.24.50-970x728.jpeg\" alt=\"\" class=\"wp-image-169360\" srcset=\"https:\/\/lavras.tv\/site\/wp-content\/uploads\/2026\/02\/WhatsApp-Image-2026-02-13-at-16.24.50-970x728.jpeg 970w, https:\/\/lavras.tv\/site\/wp-content\/uploads\/2026\/02\/WhatsApp-Image-2026-02-13-at-16.24.50-400x300.jpeg 400w, https:\/\/lavras.tv\/site\/wp-content\/uploads\/2026\/02\/WhatsApp-Image-2026-02-13-at-16.24.50-170x128.jpeg 170w, https:\/\/lavras.tv\/site\/wp-content\/uploads\/2026\/02\/WhatsApp-Image-2026-02-13-at-16.24.50-1536x1152.jpeg 1536w, https:\/\/lavras.tv\/site\/wp-content\/uploads\/2026\/02\/WhatsApp-Image-2026-02-13-at-16.24.50.jpeg 1600w\" sizes=\"(max-width: 970px) 100vw, 970px\" \/><\/figure>\n<\/figure>\n","protected":false},"excerpt":{"rendered":"<p>Por&nbsp;Simone Paiva \u2013 Analista de Comunica\u00e7\u00e3o da FUNDECC \u2013 13 de fevereiro de 2026. Uma das cole\u00e7\u00f5es de microrganismos da Universidade Federal de Lavras (UFLA), a Unidade de Recursos Microbiol\u00f3gicos URMICRO\/UFLA, conquistou a certifica\u00e7\u00e3o ISO 9001:2015, norma internacional que atesta sistemas de gest\u00e3o da qualidade. A URMICRO\/UFLA sediada no Centro de Biodiversidade e Patrim\u00f4nio Gen\u00e9tico [&hellip;]<\/p>\n","protected":false},"author":5,"featured_media":169356,"comment_status":"closed","ping_status":"open","sticky":false,"template":"","format":"standard","meta":{"advgb_blocks_editor_width":"","advgb_blocks_columns_visual_guide":"","_exactmetrics_skip_tracking":false,"_exactmetrics_sitenote_active":false,"_exactmetrics_sitenote_note":"","_exactmetrics_sitenote_category":0,"footnotes":""},"categories":[7,2],"tags":[],"class_list":["post-169355","post","type-post","status-publish","format-standard","has-post-thumbnail","hentry","category-destaques","category-noticias"],"better_featured_image":{"id":169356,"alt_text":"","caption":"","description":"","media_type":"image","media_details":{"width":1600,"height":1200,"file":"2026\/02\/WhatsApp-Image-2026-02-13-at-16.24.50-1.jpeg","filesize":409957,"sizes":{"medium":{"file":"WhatsApp-Image-2026-02-13-at-16.24.50-1-400x300.jpeg","width":400,"height":300,"mime-type":"image\/jpeg","filesize":23662,"source_url":"https:\/\/lavras.tv\/site\/wp-content\/uploads\/2026\/02\/WhatsApp-Image-2026-02-13-at-16.24.50-1-400x300.jpeg"},"large":{"file":"WhatsApp-Image-2026-02-13-at-16.24.50-1-970x728.jpeg","width":970,"height":728,"mime-type":"image\/jpeg","filesize":98152,"source_url":"https:\/\/lavras.tv\/site\/wp-content\/uploads\/2026\/02\/WhatsApp-Image-2026-02-13-at-16.24.50-1-970x728.jpeg"},"thumbnail":{"file":"WhatsApp-Image-2026-02-13-at-16.24.50-1-170x128.jpeg","width":170,"height":128,"mime-type":"image\/jpeg","filesize":6332,"source_url":"https:\/\/lavras.tv\/site\/wp-content\/uploads\/2026\/02\/WhatsApp-Image-2026-02-13-at-16.24.50-1-170x128.jpeg"},"1536x1536":{"file":"WhatsApp-Image-2026-02-13-at-16.24.50-1-1536x1152.jpeg","width":1536,"height":1152,"mime-type":"image\/jpeg","filesize":212576,"source_url":"https:\/\/lavras.tv\/site\/wp-content\/uploads\/2026\/02\/WhatsApp-Image-2026-02-13-at-16.24.50-1-1536x1152.jpeg"},"alm-thumbnail":{"file":"WhatsApp-Image-2026-02-13-at-16.24.50-1-150x150.jpeg","width":150,"height":150,"mime-type":"image\/jpeg","filesize":6288,"source_url":"https:\/\/lavras.tv\/site\/wp-content\/uploads\/2026\/02\/WhatsApp-Image-2026-02-13-at-16.24.50-1-150x150.jpeg"},"sow-carousel-default":{"file":"WhatsApp-Image-2026-02-13-at-16.24.50-1-272x182.jpeg","width":272,"height":182,"mime-type":"image\/jpeg","filesize":12162,"source_url":"https:\/\/lavras.tv\/site\/wp-content\/uploads\/2026\/02\/WhatsApp-Image-2026-02-13-at-16.24.50-1-272x182.jpeg"}},"image_meta":{"aperture":"0","credit":"","camera":"","caption":"","created_timestamp":"0","copyright":"","focal_length":"0","iso":"0","shutter_speed":"0","title":"","orientation":"0","keywords":[]}},"post":169355,"source_url":"https:\/\/lavras.tv\/site\/wp-content\/uploads\/2026\/02\/WhatsApp-Image-2026-02-13-at-16.24.50-1.jpeg"},"author_meta":{"display_name":"Vinicius Bustamante","author_link":"https:\/\/lavras.tv\/site\/author\/vinicius-bustamante\/"},"featured_img":"https:\/\/lavras.tv\/site\/wp-content\/uploads\/2026\/02\/WhatsApp-Image-2026-02-13-at-16.24.50-1-400x300.jpeg","coauthors":[],"tax_additional":{"categories":{"linked":["<a href=\"https:\/\/lavras.tv\/site\/category\/destaques\/\" class=\"advgb-post-tax-term\">Destaques<\/a>","<a href=\"https:\/\/lavras.tv\/site\/category\/noticias\/\" class=\"advgb-post-tax-term\">Not\u00edcias<\/a>"],"unlinked":["<span class=\"advgb-post-tax-term\">Destaques<\/span>","<span class=\"advgb-post-tax-term\">Not\u00edcias<\/span>"]}},"comment_count":"0","relative_dates":{"created":"Publicado 3 meses atr\u00e1s","modified":"Atualizado 3 meses atr\u00e1s"},"absolute_dates":{"created":"Publicado em 13 de fevereiro de 2026","modified":"Atualizado em 13 de fevereiro de 2026"},"absolute_dates_time":{"created":"Publicado em 13 de fevereiro de 2026 20:38","modified":"Atualizado em 13 de fevereiro de 2026 20:38"},"featured_img_caption":"","series_order":"","_links":{"self":[{"href":"https:\/\/lavras.tv\/site\/wp-json\/wp\/v2\/posts\/169355","targetHints":{"allow":["GET"]}}],"collection":[{"href":"https:\/\/lavras.tv\/site\/wp-json\/wp\/v2\/posts"}],"about":[{"href":"https:\/\/lavras.tv\/site\/wp-json\/wp\/v2\/types\/post"}],"author":[{"embeddable":true,"href":"https:\/\/lavras.tv\/site\/wp-json\/wp\/v2\/users\/5"}],"replies":[{"embeddable":true,"href":"https:\/\/lavras.tv\/site\/wp-json\/wp\/v2\/comments?post=169355"}],"version-history":[{"count":1,"href":"https:\/\/lavras.tv\/site\/wp-json\/wp\/v2\/posts\/169355\/revisions"}],"predecessor-version":[{"id":169361,"href":"https:\/\/lavras.tv\/site\/wp-json\/wp\/v2\/posts\/169355\/revisions\/169361"}],"wp:featuredmedia":[{"embeddable":true,"href":"https:\/\/lavras.tv\/site\/wp-json\/wp\/v2\/media\/169356"}],"wp:attachment":[{"href":"https:\/\/lavras.tv\/site\/wp-json\/wp\/v2\/media?parent=169355"}],"wp:term":[{"taxonomy":"category","embeddable":true,"href":"https:\/\/lavras.tv\/site\/wp-json\/wp\/v2\/categories?post=169355"},{"taxonomy":"post_tag","embeddable":true,"href":"https:\/\/lavras.tv\/site\/wp-json\/wp\/v2\/tags?post=169355"}],"curies":[{"name":"wp","href":"https:\/\/api.w.org\/{rel}","templated":true}]}}