{"id":169374,"date":"2026-02-19T12:50:29","date_gmt":"2026-02-19T15:50:29","guid":{"rendered":"https:\/\/lavras.tv\/site\/?p=169374"},"modified":"2026-02-19T12:50:30","modified_gmt":"2026-02-19T15:50:30","slug":"ufla-recebe-equipamento-inedito-e-da-salto-nas-pesquisas-em-bioenergia","status":"publish","type":"post","link":"https:\/\/lavras.tv\/site\/2026\/02\/19\/ufla-recebe-equipamento-inedito-e-da-salto-nas-pesquisas-em-bioenergia\/","title":{"rendered":"UFLA recebe equipamento in\u00e9dito e d\u00e1 salto nas pesquisas em bioenergia"},"content":{"rendered":"<div class=\"lavra-antes-do-conteudo_2\" id=\"lavra-2392357536\"><div id=\"lavra-slider-27\" class=\"custom-slider lavra-slider-725493912 lavra-slider\"><ul><li><div style=\"margin-left: auto;margin-right: auto;text-align: center;\" id=\"lavra-3078581303\"><a href=\"https:\/\/sistemas.lavras.mg.gov.br\/portalcidadao\/#df1b1a7c7b2a290bcb31e32771e610784662739a88807c0dacac58ede5f391a7530e299dc302d611ee73cb143fc22eaf93592e53e7b5bdb01b00a0b8d28dae460c141dd2ff83412e4dc1c31b16b25f33144a9e5620ea73b13f5bc1c59411d98439ad226e8af03840603796067d87afe130812cf3de24982d0e306f9e61e764e5\" aria-label=\"Lavras-TV&#8211;720x104px (1) (1)\"><img src=\"https:\/\/lavras.tv\/site\/wp-content\/uploads\/2025\/01\/Lavras-TV-720x104px-1-1.png\" alt=\"\"  srcset=\"https:\/\/lavras.tv\/site\/wp-content\/uploads\/2025\/01\/Lavras-TV-720x104px-1-1.png 720w, https:\/\/lavras.tv\/site\/wp-content\/uploads\/2025\/01\/Lavras-TV-720x104px-1-1-470x68.png 470w, https:\/\/lavras.tv\/site\/wp-content\/uploads\/2025\/01\/Lavras-TV-720x104px-1-1-170x25.png 170w, https:\/\/lavras.tv\/site\/wp-content\/uploads\/2025\/01\/Lavras-TV-720x104px-1-1-200x29.png 200w\" sizes=\"(max-width: 720px) 100vw, 720px\" width=\"720\" height=\"104\"  style=\"display: inline-block;\" \/><\/a><\/div><\/li><li><a href=\"https:\/\/sistemas.lavras.mg.gov.br\/portalcidadao\/#df1b1a7c7b2a290bcb31e32771e610784662739a88807c0dacac58ede5f391a7530e299dc302d611ee73cb143fc22eaf93592e53e7b5bdb01b00a0b8d28dae460c141dd2ff83412e4dc1c31b16b25f33144a9e5620ea73b13f5bc1c59411d98439ad226e8af03840603796067d87afe130812cf3de24982d0e306f9e61e764e5\" aria-label=\"Banner_Emprego_PortallavrasTV\"><img src=\"https:\/\/lavras.tv\/site\/wp-content\/uploads\/2025\/03\/Banner_Emprego_PortallavrasTV.png\" alt=\"\"  srcset=\"https:\/\/lavras.tv\/site\/wp-content\/uploads\/2025\/03\/Banner_Emprego_PortallavrasTV.png 720w, https:\/\/lavras.tv\/site\/wp-content\/uploads\/2025\/03\/Banner_Emprego_PortallavrasTV-470x68.png 470w, https:\/\/lavras.tv\/site\/wp-content\/uploads\/2025\/03\/Banner_Emprego_PortallavrasTV-170x25.png 170w, https:\/\/lavras.tv\/site\/wp-content\/uploads\/2025\/03\/Banner_Emprego_PortallavrasTV-200x29.png 200w\" sizes=\"(max-width: 720px) 100vw, 720px\" width=\"720\" height=\"104\"   \/><\/a><\/li><li><a href=\"https:\/\/sistemas.lavras.mg.gov.br\/portalcidadao\/#df1b1a7c7b2a290bcb31e32771e610784662739a88807c0dacac58ede5f391a7530e299dc302d611ee73cb143fc22eaf93592e53e7b5bdb01b00a0b8d28dae460c141dd2ff83412e4dc1c31b16b25f33144a9e5620ea73b13f5bc1c59411d98439ad226e8af03840603796067d87afe130812cf3de24982d0e306f9e61e764e5\" aria-label=\"Banner_Obras_PortallavrasTV\"><img src=\"https:\/\/lavras.tv\/site\/wp-content\/uploads\/2025\/03\/Banner_Obras_PortallavrasTV.png\" alt=\"\"  srcset=\"https:\/\/lavras.tv\/site\/wp-content\/uploads\/2025\/03\/Banner_Obras_PortallavrasTV.png 720w, https:\/\/lavras.tv\/site\/wp-content\/uploads\/2025\/03\/Banner_Obras_PortallavrasTV-470x68.png 470w, https:\/\/lavras.tv\/site\/wp-content\/uploads\/2025\/03\/Banner_Obras_PortallavrasTV-170x25.png 170w, https:\/\/lavras.tv\/site\/wp-content\/uploads\/2025\/03\/Banner_Obras_PortallavrasTV-200x29.png 200w\" sizes=\"(max-width: 720px) 100vw, 720px\" width=\"720\" height=\"104\"   \/><\/a><\/li><li><div style=\"margin-left: auto;margin-right: auto;text-align: center;\" id=\"lavra-3944333408\"><a href=\"https:\/\/sistemas.lavras.mg.gov.br\/portalcidadao\/#df1b1a7c7b2a290bcb31e32771e610784662739a88807c0dacac58ede5f391a7530e299dc302d611ee73cb143fc22eaf93592e53e7b5bdb01b00a0b8d28dae460c141dd2ff83412e4dc1c31b16b25f33144a9e5620ea73b13f5bc1c59411d98439ad226e8af03840603796067d87afe130812cf3de24982d0e306f9e61e764e5\" aria-label=\"Banner_Educa\u00e7\u00e3o_PortallavrasTV\"><img src=\"https:\/\/lavras.tv\/site\/wp-content\/uploads\/2025\/01\/Banner_Educacao_PortallavrasTV.png\" alt=\"\"  srcset=\"https:\/\/lavras.tv\/site\/wp-content\/uploads\/2025\/01\/Banner_Educacao_PortallavrasTV.png 720w, https:\/\/lavras.tv\/site\/wp-content\/uploads\/2025\/01\/Banner_Educacao_PortallavrasTV-470x68.png 470w, https:\/\/lavras.tv\/site\/wp-content\/uploads\/2025\/01\/Banner_Educacao_PortallavrasTV-170x25.png 170w, https:\/\/lavras.tv\/site\/wp-content\/uploads\/2025\/01\/Banner_Educacao_PortallavrasTV-200x29.png 200w\" sizes=\"(max-width: 720px) 100vw, 720px\" width=\"720\" height=\"104\"  style=\"display: inline-block;\" \/><\/a><\/div><\/li><li><a href=\"https:\/\/sistemas.lavras.mg.gov.br\/portalcidadao\/#df1b1a7c7b2a290bcb31e32771e610784662739a88807c0dacac58ede5f391a7530e299dc302d611ee73cb143fc22eaf93592e53e7b5bdb01b00a0b8d28dae460c141dd2ff83412e4dc1c31b16b25f33144a9e5620ea73b13f5bc1c59411d98439ad226e8af03840603796067d87afe130812cf3de24982d0e306f9e61e764e5\" aria-label=\"Banner_Sa\u00fade_PortallavrasTV\"><img src=\"https:\/\/lavras.tv\/site\/wp-content\/uploads\/2025\/03\/Banner_Saude_PortallavrasTV.png\" alt=\"\"  srcset=\"https:\/\/lavras.tv\/site\/wp-content\/uploads\/2025\/03\/Banner_Saude_PortallavrasTV.png 720w, https:\/\/lavras.tv\/site\/wp-content\/uploads\/2025\/03\/Banner_Saude_PortallavrasTV-470x68.png 470w, https:\/\/lavras.tv\/site\/wp-content\/uploads\/2025\/03\/Banner_Saude_PortallavrasTV-170x25.png 170w, https:\/\/lavras.tv\/site\/wp-content\/uploads\/2025\/03\/Banner_Saude_PortallavrasTV-200x29.png 200w\" sizes=\"(max-width: 720px) 100vw, 720px\" width=\"720\" height=\"104\"   \/><\/a><\/li><li><div id=\"lavra-4052039668\" style=\"width:720px;height:104px;background-color:#ddd;overflow:scroll;\">\n\t<strong>Sa\u00edda da depura\u00e7\u00e3o de an\u00fancios<\/strong>\n\t<br><br>\n\tO an\u00fancio n\u00e3o \u00e9 exibido na p\u00e1gina<br><br>post atual: UFLA recebe equipamento in\u00e9dito e d\u00e1 salto nas pesquisas em bioenergia, ID: 169374<br><br><span style=\"color: red;\">O post atual n\u00e3o \u00e9 id\u00eantico ao post principal.<\/span><br><br>An\u00fancios: ROXO - TOPO INTERNA - ROTATIVO 2 (197)<br \/>Grupo de an\u00fancios: Princ_Meio01_720x104 (27)<br><br>Condi\u00e7\u00f5es de exibi\u00e7\u00e3o<div style=\"margin-bottom: 20px; white-space: pre-wrap; font-family: monospace; width: 100%; background: #ffe9e9;\"><strong>condi\u00e7\u00f5es gerais<\/strong><table border=\"1\"><thead><tr><th><\/th><th>An\u00fancios<\/th><th>wp_the_query<\/th><\/tr><\/thead><tr><td>is_main_query<\/td><td>1<\/td><td>1<\/td><\/tr><tr><td>is_rest_api<\/td><td>0<\/td><td>1<\/td><\/tr><tr><td>page<\/td><td>0<\/td><td>1<\/td><\/tr><tr><td>numpages<\/td><td>0<\/td><td>1<\/td><\/tr><tr><td>is_archive<\/td><td>1<\/td><td><\/td><\/tr><tr><td>is_search<\/td><td>1<\/td><td><\/td><\/tr><tr><td>is_home<\/td><td>1<\/td><td><\/td><\/tr><tr><td>is_404<\/td><td>1<\/td><td><\/td><\/tr><tr><td>is_attachment<\/td><td>1<\/td><td><\/td><\/tr><tr><td>is_singular<\/td><td>1<\/td><td><\/td><\/tr><tr><td>is_front_page<\/td><td>1<\/td><td><\/td><\/tr><tr><td>is_feed<\/td><td>1<\/td><td><\/td><\/tr><\/table><\/div><br><br><span style=\"color: red;\">Seu site usa HTTPS, mas o c\u00f3digo do an\u00fancio cont\u00e9m HTTP e pode n\u00e3o funcionar.<\/span>\t<br><br>\n\t<a style=\"color: green;\" href=\"https:\/\/wpadvancedads.com\/manual\/ad-debug-mode\/?utm_source=advanced-ads&utm_medium=link&utm_campaign=ad-debug-mode\" target=\"_blank\" rel=\"nofollow\">Encontre solu\u00e7\u00f5es no manual<\/a>\n<\/div>\n<\/li><\/ul><\/div><script>( window.advanced_ads_ready || jQuery( document ).ready ).call( null, function() {var $lavraslider725493912 = jQuery( \".lavra-slider-725493912\" );$lavraslider725493912.on( \"unslider.ready\", function() { jQuery( \"div.custom-slider ul li\" ).css( \"display\", \"block\" ); });$lavraslider725493912.unslider({ delay:4000, autoplay:true, nav:false, arrows:false, infinite:true });$lavraslider725493912.on(\"mouseover\", function() {$lavraslider725493912.unslider(\"stop\");}).on(\"mouseout\", function() {$lavraslider725493912.unslider(\"start\");});});<\/script><\/div>\n<p><em><strong>Sistema de alta precis\u00e3o permite \u201cenxergar\u201d mol\u00e9culas da biomassa e amplia desenvolvimento de biocombust\u00edveis e produtos sustent\u00e1veis<\/strong><\/em><\/p>\n\n\n\n<figure class=\"wp-block-image size-large\"><img fetchpriority=\"high\" decoding=\"async\" width=\"970\" height=\"646\" src=\"https:\/\/lavras.tv\/site\/wp-content\/uploads\/2026\/02\/WhatsApp-Image-2026-02-19-at-12.35.02-970x646.jpeg\" alt=\"\" class=\"wp-image-169375\" srcset=\"https:\/\/lavras.tv\/site\/wp-content\/uploads\/2026\/02\/WhatsApp-Image-2026-02-19-at-12.35.02-970x646.jpeg 970w, https:\/\/lavras.tv\/site\/wp-content\/uploads\/2026\/02\/WhatsApp-Image-2026-02-19-at-12.35.02-450x300.jpeg 450w, https:\/\/lavras.tv\/site\/wp-content\/uploads\/2026\/02\/WhatsApp-Image-2026-02-19-at-12.35.02-170x113.jpeg 170w, https:\/\/lavras.tv\/site\/wp-content\/uploads\/2026\/02\/WhatsApp-Image-2026-02-19-at-12.35.02-1536x1023.jpeg 1536w, https:\/\/lavras.tv\/site\/wp-content\/uploads\/2026\/02\/WhatsApp-Image-2026-02-19-at-12.35.02-272x182.jpeg 272w, https:\/\/lavras.tv\/site\/wp-content\/uploads\/2026\/02\/WhatsApp-Image-2026-02-19-at-12.35.02.jpeg 1600w\" sizes=\"(max-width: 970px) 100vw, 970px\" \/><\/figure>\n\n\n\n<p>A ci\u00eancia da bioenergia na Universidade Federal de Lavras (UFLA) acaba de dar um passo decisivo. Um equipamento in\u00e9dito na institui\u00e7\u00e3o \u2014 capaz de identificar, em poucos minutos, a composi\u00e7\u00e3o qu\u00edmica da biomassa \u2014 come\u00e7a a operar no Laborat\u00f3rio Multiusu\u00e1rio de Biomateriais e Energia da Biomassa (LAMBEB).<\/p>\n\n\n\n<p>Trata-se de um Sistema de Cromatografia Gasosa acoplada \u00e0 Espectrometria de Massas com pir\u00f3lise (PY-GC\/MS). Em termos simples: uma tecnologia que permite analisar, no n\u00edvel molecular, tudo o que \u00e9 gerado quando a biomassa \u00e9 submetida ao calor.<\/p>\n\n\n\n<p>A aquisi\u00e7\u00e3o foi viabilizada com recursos da Funda\u00e7\u00e3o de Amparo \u00e0 Pesquisa do Estado de Minas Gerais (FAPEMIG), com gest\u00e3o administrativa da Funda\u00e7\u00e3o de Desenvolvimento Cient\u00edfico e Cultural (FUNDECC). O investimento total, incluindo infraestrutura e insumos, se aproxima de R$ 900 mil.<\/p>\n\n\n\n<figure class=\"wp-block-image size-large\"><img decoding=\"async\" width=\"970\" height=\"646\" src=\"https:\/\/lavras.tv\/site\/wp-content\/uploads\/2026\/02\/WhatsApp-Image-2026-02-19-at-12.35.02-2-970x646.jpeg\" alt=\"\" class=\"wp-image-169376\" srcset=\"https:\/\/lavras.tv\/site\/wp-content\/uploads\/2026\/02\/WhatsApp-Image-2026-02-19-at-12.35.02-2-970x646.jpeg 970w, https:\/\/lavras.tv\/site\/wp-content\/uploads\/2026\/02\/WhatsApp-Image-2026-02-19-at-12.35.02-2-450x300.jpeg 450w, https:\/\/lavras.tv\/site\/wp-content\/uploads\/2026\/02\/WhatsApp-Image-2026-02-19-at-12.35.02-2-170x113.jpeg 170w, https:\/\/lavras.tv\/site\/wp-content\/uploads\/2026\/02\/WhatsApp-Image-2026-02-19-at-12.35.02-2-1536x1023.jpeg 1536w, https:\/\/lavras.tv\/site\/wp-content\/uploads\/2026\/02\/WhatsApp-Image-2026-02-19-at-12.35.02-2-272x182.jpeg 272w, https:\/\/lavras.tv\/site\/wp-content\/uploads\/2026\/02\/WhatsApp-Image-2026-02-19-at-12.35.02-2.jpeg 1600w\" sizes=\"(max-width: 970px) 100vw, 970px\" \/><\/figure>\n\n\n\n<p><strong>O que esse equipamento muda na pr\u00e1tica?<\/strong><\/p>\n\n\n\n<p>Muda a escala da pesquisa.<\/p>\n\n\n\n<p>O pirolisador funciona como um forno de alt\u00edssima precis\u00e3o. Pequenas amostras de biomassa s\u00e3o aquecidas e liberam vapores. Esses vapores seguem imediatamente para an\u00e1lise, permitindo identificar exatamente quais compostos qu\u00edmicos est\u00e3o presentes.<\/p>\n\n\n\n<figure class=\"wp-block-image size-large\"><img decoding=\"async\" width=\"970\" height=\"646\" src=\"https:\/\/lavras.tv\/site\/wp-content\/uploads\/2026\/02\/WhatsApp-Image-2026-02-19-at-12.35.03-2-970x646.jpeg\" alt=\"\" class=\"wp-image-169377\" srcset=\"https:\/\/lavras.tv\/site\/wp-content\/uploads\/2026\/02\/WhatsApp-Image-2026-02-19-at-12.35.03-2-970x646.jpeg 970w, https:\/\/lavras.tv\/site\/wp-content\/uploads\/2026\/02\/WhatsApp-Image-2026-02-19-at-12.35.03-2-450x300.jpeg 450w, https:\/\/lavras.tv\/site\/wp-content\/uploads\/2026\/02\/WhatsApp-Image-2026-02-19-at-12.35.03-2-170x113.jpeg 170w, https:\/\/lavras.tv\/site\/wp-content\/uploads\/2026\/02\/WhatsApp-Image-2026-02-19-at-12.35.03-2-1536x1023.jpeg 1536w, https:\/\/lavras.tv\/site\/wp-content\/uploads\/2026\/02\/WhatsApp-Image-2026-02-19-at-12.35.03-2-272x182.jpeg 272w, https:\/\/lavras.tv\/site\/wp-content\/uploads\/2026\/02\/WhatsApp-Image-2026-02-19-at-12.35.03-2.jpeg 1600w\" sizes=\"(max-width: 970px) 100vw, 970px\" \/><\/figure>\n\n\n\n<p>\u00c9 como transformar fuma\u00e7a em informa\u00e7\u00e3o.<\/p>\n\n\n\n<p>Segundo o professor Thiago Prot\u00e1sio, coordenador do projeto, o equipamento representa um salto t\u00e9cnico importante.<br><\/p>\n\n\n\n<p>\u201cA ci\u00eancia evolui rapidamente e exige ferramentas cada vez mais sofisticadas. N\u00e3o podemos permanecer apenas com m\u00e9todos cl\u00e1ssicos. Esse equipamento nos permite avan\u00e7ar em n\u00edvel molecular e ampliar muito a qualidade das nossas an\u00e1lises.\u201d<\/p>\n\n\n\n<figure class=\"wp-block-image size-large\"><img loading=\"lazy\" decoding=\"async\" width=\"970\" height=\"646\" src=\"https:\/\/lavras.tv\/site\/wp-content\/uploads\/2026\/02\/WhatsApp-Image-2026-02-19-at-12.35.02-1-970x646.jpeg\" alt=\"\" class=\"wp-image-169378\" srcset=\"https:\/\/lavras.tv\/site\/wp-content\/uploads\/2026\/02\/WhatsApp-Image-2026-02-19-at-12.35.02-1-970x646.jpeg 970w, https:\/\/lavras.tv\/site\/wp-content\/uploads\/2026\/02\/WhatsApp-Image-2026-02-19-at-12.35.02-1-450x300.jpeg 450w, https:\/\/lavras.tv\/site\/wp-content\/uploads\/2026\/02\/WhatsApp-Image-2026-02-19-at-12.35.02-1-170x113.jpeg 170w, https:\/\/lavras.tv\/site\/wp-content\/uploads\/2026\/02\/WhatsApp-Image-2026-02-19-at-12.35.02-1-1536x1023.jpeg 1536w, https:\/\/lavras.tv\/site\/wp-content\/uploads\/2026\/02\/WhatsApp-Image-2026-02-19-at-12.35.02-1-272x182.jpeg 272w, https:\/\/lavras.tv\/site\/wp-content\/uploads\/2026\/02\/WhatsApp-Image-2026-02-19-at-12.35.02-1.jpeg 1600w\" sizes=\"(max-width: 970px) 100vw, 970px\" \/><\/figure>\n\n\n\n<p>Na pr\u00e1tica, o sistema permitir\u00e1:<br>\u2022 Identificar os compostos presentes no bio-\u00f3leo gerado durante a pir\u00f3lise;<br>\u2022 Analisar os vapores formados na produ\u00e7\u00e3o de carv\u00e3o vegetal;<br>\u2022 Caracterizar combust\u00edveis l\u00edquidos obtidos a partir de res\u00edduos agr\u00edcolas e florestais;<br>\u2022 Desenvolver produtos de maior valor agregado a partir da biomassa.<\/p>\n\n\n\n<figure class=\"wp-block-image size-large\"><img loading=\"lazy\" decoding=\"async\" width=\"768\" height=\"1024\" src=\"https:\/\/lavras.tv\/site\/wp-content\/uploads\/2026\/02\/WhatsApp-Image-2026-02-19-at-12.35.03-3-768x1024.jpeg\" alt=\"\" class=\"wp-image-169379\" srcset=\"https:\/\/lavras.tv\/site\/wp-content\/uploads\/2026\/02\/WhatsApp-Image-2026-02-19-at-12.35.03-3-768x1024.jpeg 768w, https:\/\/lavras.tv\/site\/wp-content\/uploads\/2026\/02\/WhatsApp-Image-2026-02-19-at-12.35.03-3-225x300.jpeg 225w, https:\/\/lavras.tv\/site\/wp-content\/uploads\/2026\/02\/WhatsApp-Image-2026-02-19-at-12.35.03-3-113x150.jpeg 113w, https:\/\/lavras.tv\/site\/wp-content\/uploads\/2026\/02\/WhatsApp-Image-2026-02-19-at-12.35.03-3-1152x1536.jpeg 1152w, https:\/\/lavras.tv\/site\/wp-content\/uploads\/2026\/02\/WhatsApp-Image-2026-02-19-at-12.35.03-3.jpeg 1200w\" sizes=\"(max-width: 768px) 100vw, 768px\" \/><\/figure>\n\n\n\n<p>\u201cCada pico no gr\u00e1fico representa uma subst\u00e2ncia qu\u00edmica. A partir da\u00ed, conseguimos comparar com bibliotecas internacionais e saber exatamente o que est\u00e1 ali\u201d, explica o professor.<\/p>\n\n\n\n<figure class=\"wp-block-image size-large\"><img loading=\"lazy\" decoding=\"async\" width=\"970\" height=\"647\" src=\"https:\/\/lavras.tv\/site\/wp-content\/uploads\/2026\/02\/WhatsApp-Image-2026-02-19-at-12.35.03-1-970x647.jpeg\" alt=\"\" class=\"wp-image-169380\" srcset=\"https:\/\/lavras.tv\/site\/wp-content\/uploads\/2026\/02\/WhatsApp-Image-2026-02-19-at-12.35.03-1-970x647.jpeg 970w, https:\/\/lavras.tv\/site\/wp-content\/uploads\/2026\/02\/WhatsApp-Image-2026-02-19-at-12.35.03-1-450x300.jpeg 450w, https:\/\/lavras.tv\/site\/wp-content\/uploads\/2026\/02\/WhatsApp-Image-2026-02-19-at-12.35.03-1-170x113.jpeg 170w, https:\/\/lavras.tv\/site\/wp-content\/uploads\/2026\/02\/WhatsApp-Image-2026-02-19-at-12.35.03-1-272x182.jpeg 272w, https:\/\/lavras.tv\/site\/wp-content\/uploads\/2026\/02\/WhatsApp-Image-2026-02-19-at-12.35.03-1.jpeg 1152w\" sizes=\"(max-width: 970px) 100vw, 970px\" \/><\/figure>\n\n\n\n<p><\/p>\n\n\n\n<p><strong>Da casca de caf\u00e9 ao n\u00edvel molecular<\/strong><\/p>\n\n\n\n<p>Nos \u00faltimos meses, o laborat\u00f3rio j\u00e1 vinha chamando aten\u00e7\u00e3o com pesquisas que transformam res\u00edduos como a casca de caf\u00e9 em pellets \u2014 pequenos cilindros compactados que concentram energia e facilitam transporte e armazenamento.<\/p>\n\n\n\n<p>O que antes era descartado passa a ter valor energ\u00e9tico.<\/p>\n\n\n\n<p>Agora, com o novo sistema, o trabalho avan\u00e7a para uma etapa ainda mais estrat\u00e9gica: entender, com precis\u00e3o, o que acontece quimicamente durante o processo.<\/p>\n\n\n\n<p>Al\u00e9m de produzir pellets, briquetes e carv\u00e3o vegetal, os pesquisadores poder\u00e3o analisar detalhadamente os compostos formados na pir\u00f3lise, ampliando as possibilidades de cria\u00e7\u00e3o de biocombust\u00edveis e coprodutos capazes de substituir derivados do petr\u00f3leo.<\/p>\n\n\n\n<p>O professor Jo\u00e3o Moreira Neto, do Departamento de Engenharia Qu\u00edmica e de Materiais e integrante da equipe, resume a proposta com uma compara\u00e7\u00e3o direta:<\/p>\n\n\n\n<p>\u201c\u00c9 como uma refinaria. Mas, em vez de petr\u00f3leo, usamos biomassa. A ideia \u00e9 aproveitar integralmente os res\u00edduos agr\u00edcolas e florestais para gerar produtos mais sustent\u00e1veis e de maior valor agregado.\u201d<\/p>\n\n\n\n<figure class=\"wp-block-image size-large\"><img loading=\"lazy\" decoding=\"async\" width=\"970\" height=\"728\" src=\"https:\/\/lavras.tv\/site\/wp-content\/uploads\/2026\/02\/WhatsApp-Image-2026-02-19-at-12.35.03-970x728.jpeg\" alt=\"\" class=\"wp-image-169381\" srcset=\"https:\/\/lavras.tv\/site\/wp-content\/uploads\/2026\/02\/WhatsApp-Image-2026-02-19-at-12.35.03-970x728.jpeg 970w, https:\/\/lavras.tv\/site\/wp-content\/uploads\/2026\/02\/WhatsApp-Image-2026-02-19-at-12.35.03-400x300.jpeg 400w, https:\/\/lavras.tv\/site\/wp-content\/uploads\/2026\/02\/WhatsApp-Image-2026-02-19-at-12.35.03-170x128.jpeg 170w, https:\/\/lavras.tv\/site\/wp-content\/uploads\/2026\/02\/WhatsApp-Image-2026-02-19-at-12.35.03-1536x1152.jpeg 1536w, https:\/\/lavras.tv\/site\/wp-content\/uploads\/2026\/02\/WhatsApp-Image-2026-02-19-at-12.35.03.jpeg 1600w\" sizes=\"(max-width: 970px) 100vw, 970px\" \/><\/figure>\n\n\n\n<p><\/p>\n\n\n\n<p><strong>Impacto na forma\u00e7\u00e3o de estudantes<\/strong><\/p>\n\n\n\n<p>O equipamento tamb\u00e9m tem papel estrat\u00e9gico na forma\u00e7\u00e3o acad\u00eamica.<\/p>\n\n\n\n<p>A doutora em Qu\u00edmica Van\u00fazia Rodrigues, coordenadora t\u00e9cnica do laborat\u00f3rio, explica que a equipe est\u00e1 passando por treinamento operacional e de aplica\u00e7\u00e3o.<\/p>\n\n\n\n<p>\u201c\u00c9 um sistema sofisticado. Nosso trabalho ser\u00e1 auxiliar alunos e pesquisadores na cria\u00e7\u00e3o de m\u00e9todos, no preparo das amostras e na interpreta\u00e7\u00e3o dos resultados. Isso eleva o n\u00edvel da forma\u00e7\u00e3o cient\u00edfica.\u201d<\/p>\n\n\n\n<p>O sistema ser\u00e1 incorporado \u00e0s disciplinas de gradua\u00e7\u00e3o e p\u00f3s-gradua\u00e7\u00e3o, fortalecendo a infraestrutura da UFLA na \u00e1rea de bioenergia e ampliando a qualifica\u00e7\u00e3o de futuros pesquisadores e profissionais.<\/p>\n\n\n\n<p>Para o professor Tiago Jos\u00e9 Pires de Oliveira, tamb\u00e9m integrante do projeto, o impacto \u00e9 amplo.<\/p>\n\n\n\n<p>\u201cEstamos falando de um equipamento de \u00faltima gera\u00e7\u00e3o que fortalece a pesquisa, a inova\u00e7\u00e3o e a forma\u00e7\u00e3o de profissionais preparados para atuar em uma \u00e1rea estrat\u00e9gica para o pa\u00eds.\u201d<\/p>\n\n\n\n<p><\/p>\n\n\n\n<p><strong>Processo t\u00e9cnico e importa\u00e7\u00e3o especializada<\/strong><\/p>\n\n\n\n<p>A chegada do equipamento envolveu uma opera\u00e7\u00e3o complexa, incluindo importa\u00e7\u00e3o internacional, adequa\u00e7\u00e3o estrutural do laborat\u00f3rio e aquisi\u00e7\u00e3o de gases anal\u00edticos espec\u00edficos.<\/p>\n\n\n\n<p>Cristiane Figueiredo Fialho, coordenadora do setor de Compras, P\u00f3s-Compras e Importa\u00e7\u00e3o da FUNDECC, explica que o sistema era uma das principais demandas do projeto.<\/p>\n\n\n\n<p>\u201cFoi um processo que exigiu acompanhamento constante. A importa\u00e7\u00e3o levou tempo, mas conseguimos viabilizar a entrega no final de dezembro de 2025. Agora os t\u00e9cnicos realizam o treinamento e a etapa de aplica\u00e7\u00e3o.\u201d<\/p>\n\n\n\n<p>Com a nova estrutura, a UFLA amplia sua capacidade de produzir conhecimento cient\u00edfico de ponta em bioenergia, consolidando-se como refer\u00eancia em pesquisa voltada ao aproveitamento sustent\u00e1vel de res\u00edduos agr\u00edcolas e florestais.<\/p>\n\n\n\n<figure class=\"wp-block-gallery has-nested-images columns-default is-cropped wp-block-gallery-1 is-layout-flex wp-block-gallery-is-layout-flex\">\n<figure class=\"wp-block-image size-large\"><img loading=\"lazy\" decoding=\"async\" width=\"970\" height=\"646\" data-id=\"169382\" src=\"https:\/\/lavras.tv\/site\/wp-content\/uploads\/2026\/02\/WhatsApp-Image-2026-02-19-at-12.35.02-2-1-970x646.jpeg\" alt=\"\" class=\"wp-image-169382\" srcset=\"https:\/\/lavras.tv\/site\/wp-content\/uploads\/2026\/02\/WhatsApp-Image-2026-02-19-at-12.35.02-2-1-970x646.jpeg 970w, https:\/\/lavras.tv\/site\/wp-content\/uploads\/2026\/02\/WhatsApp-Image-2026-02-19-at-12.35.02-2-1-450x300.jpeg 450w, https:\/\/lavras.tv\/site\/wp-content\/uploads\/2026\/02\/WhatsApp-Image-2026-02-19-at-12.35.02-2-1-170x113.jpeg 170w, https:\/\/lavras.tv\/site\/wp-content\/uploads\/2026\/02\/WhatsApp-Image-2026-02-19-at-12.35.02-2-1-1536x1023.jpeg 1536w, https:\/\/lavras.tv\/site\/wp-content\/uploads\/2026\/02\/WhatsApp-Image-2026-02-19-at-12.35.02-2-1-272x182.jpeg 272w, https:\/\/lavras.tv\/site\/wp-content\/uploads\/2026\/02\/WhatsApp-Image-2026-02-19-at-12.35.02-2-1.jpeg 1600w\" sizes=\"(max-width: 970px) 100vw, 970px\" \/><\/figure>\n\n\n\n<figure class=\"wp-block-image size-large\"><img loading=\"lazy\" decoding=\"async\" width=\"768\" height=\"1024\" data-id=\"169383\" src=\"https:\/\/lavras.tv\/site\/wp-content\/uploads\/2026\/02\/WhatsApp-Image-2026-02-19-at-12.35.04-768x1024.jpeg\" alt=\"\" class=\"wp-image-169383\" srcset=\"https:\/\/lavras.tv\/site\/wp-content\/uploads\/2026\/02\/WhatsApp-Image-2026-02-19-at-12.35.04-768x1024.jpeg 768w, https:\/\/lavras.tv\/site\/wp-content\/uploads\/2026\/02\/WhatsApp-Image-2026-02-19-at-12.35.04-225x300.jpeg 225w, https:\/\/lavras.tv\/site\/wp-content\/uploads\/2026\/02\/WhatsApp-Image-2026-02-19-at-12.35.04-113x150.jpeg 113w, https:\/\/lavras.tv\/site\/wp-content\/uploads\/2026\/02\/WhatsApp-Image-2026-02-19-at-12.35.04-1152x1536.jpeg 1152w, https:\/\/lavras.tv\/site\/wp-content\/uploads\/2026\/02\/WhatsApp-Image-2026-02-19-at-12.35.04.jpeg 1200w\" sizes=\"(max-width: 768px) 100vw, 768px\" \/><\/figure>\n<\/figure>\n","protected":false},"excerpt":{"rendered":"<p>Sistema de alta precis\u00e3o permite \u201cenxergar\u201d mol\u00e9culas da biomassa e amplia desenvolvimento de biocombust\u00edveis e produtos sustent\u00e1veis A ci\u00eancia da bioenergia na Universidade Federal de Lavras (UFLA) acaba de dar um passo decisivo. Um equipamento in\u00e9dito na institui\u00e7\u00e3o \u2014 capaz de identificar, em poucos minutos, a composi\u00e7\u00e3o qu\u00edmica da biomassa \u2014 come\u00e7a a operar no [&hellip;]<\/p>\n","protected":false},"author":5,"featured_media":169376,"comment_status":"closed","ping_status":"open","sticky":false,"template":"","format":"standard","meta":{"advgb_blocks_editor_width":"","advgb_blocks_columns_visual_guide":"","_exactmetrics_skip_tracking":false,"_exactmetrics_sitenote_active":false,"_exactmetrics_sitenote_note":"","_exactmetrics_sitenote_category":0,"footnotes":""},"categories":[17,2,5760],"tags":[],"class_list":["post-169374","post","type-post","status-publish","format-standard","has-post-thumbnail","hentry","category-jornal-cidade","category-noticias","category-noticias-jornal-cidade"],"better_featured_image":{"id":169376,"alt_text":"","caption":"","description":"","media_type":"image","media_details":{"width":1600,"height":1066,"file":"2026\/02\/WhatsApp-Image-2026-02-19-at-12.35.02-2.jpeg","filesize":267916,"sizes":{"medium":{"file":"WhatsApp-Image-2026-02-19-at-12.35.02-2-450x300.jpeg","width":450,"height":300,"mime-type":"image\/jpeg","filesize":22203,"source_url":"https:\/\/lavras.tv\/site\/wp-content\/uploads\/2026\/02\/WhatsApp-Image-2026-02-19-at-12.35.02-2-450x300.jpeg"},"large":{"file":"WhatsApp-Image-2026-02-19-at-12.35.02-2-970x646.jpeg","width":970,"height":646,"mime-type":"image\/jpeg","filesize":70303,"source_url":"https:\/\/lavras.tv\/site\/wp-content\/uploads\/2026\/02\/WhatsApp-Image-2026-02-19-at-12.35.02-2-970x646.jpeg"},"thumbnail":{"file":"WhatsApp-Image-2026-02-19-at-12.35.02-2-170x113.jpeg","width":170,"height":113,"mime-type":"image\/jpeg","filesize":5461,"source_url":"https:\/\/lavras.tv\/site\/wp-content\/uploads\/2026\/02\/WhatsApp-Image-2026-02-19-at-12.35.02-2-170x113.jpeg"},"1536x1536":{"file":"WhatsApp-Image-2026-02-19-at-12.35.02-2-1536x1023.jpeg","width":1536,"height":1023,"mime-type":"image\/jpeg","filesize":142848,"source_url":"https:\/\/lavras.tv\/site\/wp-content\/uploads\/2026\/02\/WhatsApp-Image-2026-02-19-at-12.35.02-2-1536x1023.jpeg"},"alm-thumbnail":{"file":"WhatsApp-Image-2026-02-19-at-12.35.02-2-150x150.jpeg","width":150,"height":150,"mime-type":"image\/jpeg","filesize":6039,"source_url":"https:\/\/lavras.tv\/site\/wp-content\/uploads\/2026\/02\/WhatsApp-Image-2026-02-19-at-12.35.02-2-150x150.jpeg"},"sow-carousel-default":{"file":"WhatsApp-Image-2026-02-19-at-12.35.02-2-272x182.jpeg","width":272,"height":182,"mime-type":"image\/jpeg","filesize":10335,"source_url":"https:\/\/lavras.tv\/site\/wp-content\/uploads\/2026\/02\/WhatsApp-Image-2026-02-19-at-12.35.02-2-272x182.jpeg"}},"image_meta":{"aperture":"0","credit":"","camera":"","caption":"","created_timestamp":"0","copyright":"","focal_length":"0","iso":"0","shutter_speed":"0","title":"","orientation":"0","keywords":[]}},"post":169374,"source_url":"https:\/\/lavras.tv\/site\/wp-content\/uploads\/2026\/02\/WhatsApp-Image-2026-02-19-at-12.35.02-2.jpeg"},"author_meta":{"display_name":"Vinicius Bustamante","author_link":"https:\/\/lavras.tv\/site\/author\/vinicius-bustamante\/"},"featured_img":"https:\/\/lavras.tv\/site\/wp-content\/uploads\/2026\/02\/WhatsApp-Image-2026-02-19-at-12.35.02-2-450x300.jpeg","coauthors":[],"tax_additional":{"categories":{"linked":["<a href=\"https:\/\/lavras.tv\/site\/category\/sem-categoria\/jornal-cidade\/\" class=\"advgb-post-tax-term\">DESTAQUE PRINCIPAL<\/a>","<a href=\"https:\/\/lavras.tv\/site\/category\/noticias\/\" class=\"advgb-post-tax-term\">Not\u00edcias<\/a>","<a href=\"https:\/\/lavras.tv\/site\/category\/sem-categoria\/jornal-cidade\/noticias-jornal-cidade\/\" class=\"advgb-post-tax-term\">NOT\u00cdCIAS<\/a>"],"unlinked":["<span class=\"advgb-post-tax-term\">DESTAQUE PRINCIPAL<\/span>","<span class=\"advgb-post-tax-term\">Not\u00edcias<\/span>","<span class=\"advgb-post-tax-term\">NOT\u00cdCIAS<\/span>"]}},"comment_count":"0","relative_dates":{"created":"Publicado 2 meses atr\u00e1s","modified":"Atualizado 2 meses atr\u00e1s"},"absolute_dates":{"created":"Publicado em 19 de fevereiro de 2026","modified":"Atualizado em 19 de fevereiro de 2026"},"absolute_dates_time":{"created":"Publicado em 19 de fevereiro de 2026 12:50","modified":"Atualizado em 19 de fevereiro de 2026 12:50"},"featured_img_caption":"","series_order":"","_links":{"self":[{"href":"https:\/\/lavras.tv\/site\/wp-json\/wp\/v2\/posts\/169374","targetHints":{"allow":["GET"]}}],"collection":[{"href":"https:\/\/lavras.tv\/site\/wp-json\/wp\/v2\/posts"}],"about":[{"href":"https:\/\/lavras.tv\/site\/wp-json\/wp\/v2\/types\/post"}],"author":[{"embeddable":true,"href":"https:\/\/lavras.tv\/site\/wp-json\/wp\/v2\/users\/5"}],"replies":[{"embeddable":true,"href":"https:\/\/lavras.tv\/site\/wp-json\/wp\/v2\/comments?post=169374"}],"version-history":[{"count":1,"href":"https:\/\/lavras.tv\/site\/wp-json\/wp\/v2\/posts\/169374\/revisions"}],"predecessor-version":[{"id":169384,"href":"https:\/\/lavras.tv\/site\/wp-json\/wp\/v2\/posts\/169374\/revisions\/169384"}],"wp:featuredmedia":[{"embeddable":true,"href":"https:\/\/lavras.tv\/site\/wp-json\/wp\/v2\/media\/169376"}],"wp:attachment":[{"href":"https:\/\/lavras.tv\/site\/wp-json\/wp\/v2\/media?parent=169374"}],"wp:term":[{"taxonomy":"category","embeddable":true,"href":"https:\/\/lavras.tv\/site\/wp-json\/wp\/v2\/categories?post=169374"},{"taxonomy":"post_tag","embeddable":true,"href":"https:\/\/lavras.tv\/site\/wp-json\/wp\/v2\/tags?post=169374"}],"curies":[{"name":"wp","href":"https:\/\/api.w.org\/{rel}","templated":true}]}}