{"id":16938,"date":"2018-07-09T08:27:54","date_gmt":"2018-07-09T11:27:54","guid":{"rendered":"http:\/\/lavras.tv\/site\/?p=16938"},"modified":"2018-07-09T08:27:54","modified_gmt":"2018-07-09T11:27:54","slug":"lavras-tera-representacao-na-etapa-estadual-do-jemg-depois-de-10-anos","status":"publish","type":"post","link":"https:\/\/lavras.tv\/site\/2018\/07\/09\/lavras-tera-representacao-na-etapa-estadual-do-jemg-depois-de-10-anos\/","title":{"rendered":"Lavras ter\u00e1 representa\u00e7\u00e3o na etapa Estadual do JEMG depois de 10 anos"},"content":{"rendered":"<div class=\"lavra-antes-do-conteudo_2\" id=\"lavra-2664689388\"><div id=\"lavra-slider-27\" class=\"custom-slider lavra-slider-334394073 lavra-slider\"><ul><li><div style=\"margin-left: auto;margin-right: auto;text-align: center;\" id=\"lavra-407514751\"><a href=\"https:\/\/sistemas.lavras.mg.gov.br\/portalcidadao\/#df1b1a7c7b2a290bcb31e32771e610784662739a88807c0dacac58ede5f391a7530e299dc302d611ee73cb143fc22eaf93592e53e7b5bdb01b00a0b8d28dae460c141dd2ff83412e4dc1c31b16b25f33144a9e5620ea73b13f5bc1c59411d98439ad226e8af03840603796067d87afe130812cf3de24982d0e306f9e61e764e5\" aria-label=\"Lavras-TV&#8211;720x104px (1) (1)\"><img src=\"https:\/\/lavras.tv\/site\/wp-content\/uploads\/2025\/01\/Lavras-TV-720x104px-1-1.png\" alt=\"\"  srcset=\"https:\/\/lavras.tv\/site\/wp-content\/uploads\/2025\/01\/Lavras-TV-720x104px-1-1.png 720w, https:\/\/lavras.tv\/site\/wp-content\/uploads\/2025\/01\/Lavras-TV-720x104px-1-1-470x68.png 470w, https:\/\/lavras.tv\/site\/wp-content\/uploads\/2025\/01\/Lavras-TV-720x104px-1-1-170x25.png 170w, https:\/\/lavras.tv\/site\/wp-content\/uploads\/2025\/01\/Lavras-TV-720x104px-1-1-200x29.png 200w\" sizes=\"(max-width: 720px) 100vw, 720px\" width=\"720\" height=\"104\"  style=\"display: inline-block;\" \/><\/a><\/div><\/li><li><a href=\"https:\/\/sistemas.lavras.mg.gov.br\/portalcidadao\/#df1b1a7c7b2a290bcb31e32771e610784662739a88807c0dacac58ede5f391a7530e299dc302d611ee73cb143fc22eaf93592e53e7b5bdb01b00a0b8d28dae460c141dd2ff83412e4dc1c31b16b25f33144a9e5620ea73b13f5bc1c59411d98439ad226e8af03840603796067d87afe130812cf3de24982d0e306f9e61e764e5\" aria-label=\"Banner_Emprego_PortallavrasTV\"><img src=\"https:\/\/lavras.tv\/site\/wp-content\/uploads\/2025\/03\/Banner_Emprego_PortallavrasTV.png\" alt=\"\"  srcset=\"https:\/\/lavras.tv\/site\/wp-content\/uploads\/2025\/03\/Banner_Emprego_PortallavrasTV.png 720w, https:\/\/lavras.tv\/site\/wp-content\/uploads\/2025\/03\/Banner_Emprego_PortallavrasTV-470x68.png 470w, https:\/\/lavras.tv\/site\/wp-content\/uploads\/2025\/03\/Banner_Emprego_PortallavrasTV-170x25.png 170w, https:\/\/lavras.tv\/site\/wp-content\/uploads\/2025\/03\/Banner_Emprego_PortallavrasTV-200x29.png 200w\" sizes=\"(max-width: 720px) 100vw, 720px\" width=\"720\" height=\"104\"   \/><\/a><\/li><li><a href=\"https:\/\/sistemas.lavras.mg.gov.br\/portalcidadao\/#df1b1a7c7b2a290bcb31e32771e610784662739a88807c0dacac58ede5f391a7530e299dc302d611ee73cb143fc22eaf93592e53e7b5bdb01b00a0b8d28dae460c141dd2ff83412e4dc1c31b16b25f33144a9e5620ea73b13f5bc1c59411d98439ad226e8af03840603796067d87afe130812cf3de24982d0e306f9e61e764e5\" aria-label=\"Banner_Obras_PortallavrasTV\"><img src=\"https:\/\/lavras.tv\/site\/wp-content\/uploads\/2025\/03\/Banner_Obras_PortallavrasTV.png\" alt=\"\"  srcset=\"https:\/\/lavras.tv\/site\/wp-content\/uploads\/2025\/03\/Banner_Obras_PortallavrasTV.png 720w, https:\/\/lavras.tv\/site\/wp-content\/uploads\/2025\/03\/Banner_Obras_PortallavrasTV-470x68.png 470w, https:\/\/lavras.tv\/site\/wp-content\/uploads\/2025\/03\/Banner_Obras_PortallavrasTV-170x25.png 170w, https:\/\/lavras.tv\/site\/wp-content\/uploads\/2025\/03\/Banner_Obras_PortallavrasTV-200x29.png 200w\" sizes=\"(max-width: 720px) 100vw, 720px\" width=\"720\" height=\"104\"   \/><\/a><\/li><li><div style=\"margin-left: auto;margin-right: auto;text-align: center;\" id=\"lavra-3745777844\"><a href=\"https:\/\/sistemas.lavras.mg.gov.br\/portalcidadao\/#df1b1a7c7b2a290bcb31e32771e610784662739a88807c0dacac58ede5f391a7530e299dc302d611ee73cb143fc22eaf93592e53e7b5bdb01b00a0b8d28dae460c141dd2ff83412e4dc1c31b16b25f33144a9e5620ea73b13f5bc1c59411d98439ad226e8af03840603796067d87afe130812cf3de24982d0e306f9e61e764e5\" aria-label=\"Banner_Educa\u00e7\u00e3o_PortallavrasTV\"><img src=\"https:\/\/lavras.tv\/site\/wp-content\/uploads\/2025\/01\/Banner_Educacao_PortallavrasTV.png\" alt=\"\"  srcset=\"https:\/\/lavras.tv\/site\/wp-content\/uploads\/2025\/01\/Banner_Educacao_PortallavrasTV.png 720w, https:\/\/lavras.tv\/site\/wp-content\/uploads\/2025\/01\/Banner_Educacao_PortallavrasTV-470x68.png 470w, https:\/\/lavras.tv\/site\/wp-content\/uploads\/2025\/01\/Banner_Educacao_PortallavrasTV-170x25.png 170w, https:\/\/lavras.tv\/site\/wp-content\/uploads\/2025\/01\/Banner_Educacao_PortallavrasTV-200x29.png 200w\" sizes=\"(max-width: 720px) 100vw, 720px\" width=\"720\" height=\"104\"  style=\"display: inline-block;\" \/><\/a><\/div><\/li><li><a href=\"https:\/\/sistemas.lavras.mg.gov.br\/portalcidadao\/#df1b1a7c7b2a290bcb31e32771e610784662739a88807c0dacac58ede5f391a7530e299dc302d611ee73cb143fc22eaf93592e53e7b5bdb01b00a0b8d28dae460c141dd2ff83412e4dc1c31b16b25f33144a9e5620ea73b13f5bc1c59411d98439ad226e8af03840603796067d87afe130812cf3de24982d0e306f9e61e764e5\" aria-label=\"Banner_Sa\u00fade_PortallavrasTV\"><img src=\"https:\/\/lavras.tv\/site\/wp-content\/uploads\/2025\/03\/Banner_Saude_PortallavrasTV.png\" alt=\"\"  srcset=\"https:\/\/lavras.tv\/site\/wp-content\/uploads\/2025\/03\/Banner_Saude_PortallavrasTV.png 720w, https:\/\/lavras.tv\/site\/wp-content\/uploads\/2025\/03\/Banner_Saude_PortallavrasTV-470x68.png 470w, https:\/\/lavras.tv\/site\/wp-content\/uploads\/2025\/03\/Banner_Saude_PortallavrasTV-170x25.png 170w, https:\/\/lavras.tv\/site\/wp-content\/uploads\/2025\/03\/Banner_Saude_PortallavrasTV-200x29.png 200w\" sizes=\"(max-width: 720px) 100vw, 720px\" width=\"720\" height=\"104\"   \/><\/a><\/li><li><div id=\"lavra-4224439984\" style=\"width:720px;height:104px;background-color:#ddd;overflow:scroll;\">\n\t<strong>Sa\u00edda da depura\u00e7\u00e3o de an\u00fancios<\/strong>\n\t<br><br>\n\tO an\u00fancio n\u00e3o \u00e9 exibido na p\u00e1gina<br><br>post atual: Lavras ter\u00e1 representa\u00e7\u00e3o na etapa Estadual do JEMG depois de 10 anos, ID: 16938<br><br><span style=\"color: red;\">O post atual n\u00e3o \u00e9 id\u00eantico ao post principal.<\/span><br><br>An\u00fancios: ROXO - TOPO INTERNA - ROTATIVO 2 (197)<br \/>Grupo de an\u00fancios: Princ_Meio01_720x104 (27)<br><br>Condi\u00e7\u00f5es de exibi\u00e7\u00e3o<div style=\"margin-bottom: 20px; white-space: pre-wrap; font-family: monospace; width: 100%; background: #ffe9e9;\"><strong>condi\u00e7\u00f5es gerais<\/strong><table border=\"1\"><thead><tr><th><\/th><th>An\u00fancios<\/th><th>wp_the_query<\/th><\/tr><\/thead><tr><td>is_main_query<\/td><td>1<\/td><td>1<\/td><\/tr><tr><td>is_rest_api<\/td><td>0<\/td><td>1<\/td><\/tr><tr><td>page<\/td><td>0<\/td><td>1<\/td><\/tr><tr><td>numpages<\/td><td>0<\/td><td>1<\/td><\/tr><tr><td>is_archive<\/td><td>1<\/td><td><\/td><\/tr><tr><td>is_search<\/td><td>1<\/td><td><\/td><\/tr><tr><td>is_home<\/td><td>1<\/td><td><\/td><\/tr><tr><td>is_404<\/td><td>1<\/td><td><\/td><\/tr><tr><td>is_attachment<\/td><td>1<\/td><td><\/td><\/tr><tr><td>is_singular<\/td><td>1<\/td><td><\/td><\/tr><tr><td>is_front_page<\/td><td>1<\/td><td><\/td><\/tr><tr><td>is_feed<\/td><td>1<\/td><td><\/td><\/tr><\/table><\/div><br><br><span style=\"color: red;\">Seu site usa HTTPS, mas o c\u00f3digo do an\u00fancio cont\u00e9m HTTP e pode n\u00e3o funcionar.<\/span>\t<br><br>\n\t<a style=\"color: green;\" href=\"https:\/\/wpadvancedads.com\/manual\/ad-debug-mode\/?utm_source=advanced-ads&utm_medium=link&utm_campaign=ad-debug-mode\" target=\"_blank\" rel=\"nofollow\">Encontre solu\u00e7\u00f5es no manual<\/a>\n<\/div>\n<\/li><\/ul><\/div><script>( window.advanced_ads_ready || jQuery( document ).ready ).call( null, function() {var $lavraslider334394073 = jQuery( \".lavra-slider-334394073\" );$lavraslider334394073.on( \"unslider.ready\", function() { jQuery( \"div.custom-slider ul li\" ).css( \"display\", \"block\" ); });$lavraslider334394073.unslider({ delay:4000, autoplay:true, nav:false, arrows:false, infinite:true });$lavraslider334394073.on(\"mouseover\", function() {$lavraslider334394073.unslider(\"stop\");}).on(\"mouseout\", function() {$lavraslider334394073.unslider(\"start\");});});<\/script><\/div><p><span style=\"font-weight: 400;\">No \u00faltimo final de semana aconteceram as disputas de mais uma etapa do JEMG 2018. A etapa regional aconteceu em 6 munic\u00edpios do Estado, com as competi\u00e7\u00f5es de basquetebol, futsal, handebol, peteca, voleibol, v\u00f4lei de praia e xadrez. Os vencedores dessa etapa disputam o Estadual. <\/span><!--more--><\/p>\n<p><span style=\"font-weight: 400;\">O Futsal do Col\u00e9gio Unilavras sagrou-se campe\u00e3o da etapa vencendo a equipe de Po\u00e7os de Caldas por 4X0. \u00c9 importante ressaltar que a cidade de Lavras ter\u00e1 representa\u00e7\u00e3o nos jogos na etapa estadual depois de um per\u00edodo de dez anos sem seguir adiante na competi\u00e7\u00e3o nesta modalidade. \u201cEstamos muito felizes com o resultado. J\u00e1 \u00e9 uma grande vit\u00f3ria vencer essa etapa, nossa equipe vem se superando a cada ano. Saber que representaremos a cidade depois de tantos anos sem uma equipe nessa modalidade, nos motiva a seguir com mais vontade\u201d, falou o Jo\u00e3o Carlos Gouveia, t\u00e9cnico da equipe de Futsal do Col\u00e9gio Unilavras.<\/span><\/p>\n<p><img fetchpriority=\"high\" decoding=\"async\" class=\"alignnone size-full wp-image-16939 aligncenter\" src=\"http:\/\/lavras.tv\/site\/wp-content\/uploads\/2018\/07\/futsal_vence_jemg.jpg\" alt=\"futsal_vence_jemg\" width=\"1032\" height=\"774\" srcset=\"https:\/\/lavras.tv\/site\/wp-content\/uploads\/2018\/07\/futsal_vence_jemg.jpg 1032w, https:\/\/lavras.tv\/site\/wp-content\/uploads\/2018\/07\/futsal_vence_jemg-150x113.jpg 150w, https:\/\/lavras.tv\/site\/wp-content\/uploads\/2018\/07\/futsal_vence_jemg-300x225.jpg 300w, https:\/\/lavras.tv\/site\/wp-content\/uploads\/2018\/07\/futsal_vence_jemg-1024x768.jpg 1024w, https:\/\/lavras.tv\/site\/wp-content\/uploads\/2018\/07\/futsal_vence_jemg-640x480.jpg 640w\" sizes=\"(max-width: 1032px) 100vw, 1032px\" \/><\/p>\n<p><span style=\"font-weight: 400;\">Al\u00e9m do Futsal masculino, a peteca feminino terminou a etapa em 2\u00ba lugar, o handebol masculino em 4\u00ba lugar. Para o Diretor do Col\u00e9gio Unilavras Prof. Claudinei Vicente essa \u00e9 uma conquista importante. \u201cGostaria de ressaltar que o trabalho desenvolvido no Col\u00e9gio \u00e9 em prol do desenvolvimento humano. Envolver esses jovens no esporte \u00e9 uma ferramenta pedag\u00f3gica, de inser\u00e7\u00e3o social. Estamos muito felizes com o sucesso das nossas equipes. Parab\u00e9ns a todos que independente do resultado\u201d.<\/span><\/p>\n<p><span style=\"font-weight: 400;\">Os campe\u00f5es da \u00faltima fase do JEMG representam Minas Gerais nos Jogos Escolares da Juventude e Paralimp\u00edadas Escolares, eventos realizados, respectivamente, pelo Comit\u00ea Ol\u00edmpico do Brasil (COB) e Comit\u00ea Paral\u00edmpico Brasileiro (CPB).<\/span><\/p>\n<p>Fonte e foto: Unilavras<\/p>\n","protected":false},"excerpt":{"rendered":"<p>No \u00faltimo final de semana aconteceram as disputas de mais uma etapa do JEMG 2018. A etapa regional aconteceu em 6 munic\u00edpios do Estado, com as competi\u00e7\u00f5es de basquetebol, futsal, handebol, peteca, voleibol, v\u00f4lei de praia e xadrez. Os vencedores dessa etapa disputam o Estadual.<\/p>\n","protected":false},"author":2,"featured_media":16939,"comment_status":"closed","ping_status":"open","sticky":false,"template":"","format":"standard","meta":{"advgb_blocks_editor_width":"","advgb_blocks_columns_visual_guide":"","_exactmetrics_skip_tracking":false,"_exactmetrics_sitenote_active":false,"_exactmetrics_sitenote_note":"","_exactmetrics_sitenote_category":0,"footnotes":""},"categories":[7,3],"tags":[1930,1034,193,3010,34,530,405],"class_list":["post-16938","post","type-post","status-publish","format-standard","has-post-thumbnail","hentry","category-destaques","category-esportes","tag-1930","tag-futsal","tag-jemg","tag-jogos-escolares","tag-lavras","tag-minas-gerais","tag-unilavras"],"better_featured_image":{"id":16939,"alt_text":"","caption":"","description":"","media_type":"image","media_details":{"width":1032,"height":774,"file":"2018\/07\/futsal_vence_jemg.jpg","sizes":{"thumbnail":{"file":"futsal_vence_jemg-150x113.jpg","width":150,"height":113,"mime-type":"image\/jpeg","source_url":"https:\/\/lavras.tv\/site\/wp-content\/uploads\/2018\/07\/futsal_vence_jemg-150x113.jpg"},"medium":{"file":"futsal_vence_jemg-300x225.jpg","width":300,"height":225,"mime-type":"image\/jpeg","source_url":"https:\/\/lavras.tv\/site\/wp-content\/uploads\/2018\/07\/futsal_vence_jemg-300x225.jpg"},"large":{"file":"futsal_vence_jemg-1024x768.jpg","width":1024,"height":768,"mime-type":"image\/jpeg","source_url":"https:\/\/lavras.tv\/site\/wp-content\/uploads\/2018\/07\/futsal_vence_jemg-1024x768.jpg"},"featured-slider-img":{"file":"futsal_vence_jemg-640x480.jpg","width":640,"height":480,"mime-type":"image\/jpeg","source_url":"https:\/\/lavras.tv\/site\/wp-content\/uploads\/2018\/07\/futsal_vence_jemg-640x480.jpg"},"featured-post-img":{"file":"futsal_vence_jemg-480x320.jpg","width":480,"height":320,"mime-type":"image\/jpeg","source_url":"https:\/\/lavras.tv\/site\/wp-content\/uploads\/2018\/07\/futsal_vence_jemg-480x320.jpg"},"sow-carousel-default":{"file":"futsal_vence_jemg-272x182.jpg","width":272,"height":182,"mime-type":"image\/jpeg","source_url":"https:\/\/lavras.tv\/site\/wp-content\/uploads\/2018\/07\/futsal_vence_jemg-272x182.jpg"}},"image_meta":{"aperture":"0","credit":"","camera":"","caption":"","created_timestamp":"0","copyright":"","focal_length":"0","iso":"0","shutter_speed":"0","title":"","orientation":"0","keywords":[]}},"post":16938,"source_url":"https:\/\/lavras.tv\/site\/wp-content\/uploads\/2018\/07\/futsal_vence_jemg.jpg"},"author_meta":{"display_name":"Lavras TV","author_link":"https:\/\/lavras.tv\/site\/author\/lavrastv\/"},"featured_img":"https:\/\/lavras.tv\/site\/wp-content\/uploads\/2018\/07\/futsal_vence_jemg-300x225.jpg","coauthors":[],"tax_additional":{"categories":{"linked":["<a href=\"https:\/\/lavras.tv\/site\/category\/destaques\/\" class=\"advgb-post-tax-term\">Destaques<\/a>","<a href=\"https:\/\/lavras.tv\/site\/category\/esportes\/\" class=\"advgb-post-tax-term\">Esportes<\/a>"],"unlinked":["<span class=\"advgb-post-tax-term\">Destaques<\/span>","<span class=\"advgb-post-tax-term\">Esportes<\/span>"]},"tags":{"linked":["<a href=\"https:\/\/lavras.tv\/site\/category\/esportes\/\" class=\"advgb-post-tax-term\">2018<\/a>","<a href=\"https:\/\/lavras.tv\/site\/category\/esportes\/\" class=\"advgb-post-tax-term\">Futsal<\/a>","<a href=\"https:\/\/lavras.tv\/site\/category\/esportes\/\" class=\"advgb-post-tax-term\">jemg<\/a>","<a href=\"https:\/\/lavras.tv\/site\/category\/esportes\/\" class=\"advgb-post-tax-term\">Jogos Escolares<\/a>","<a href=\"https:\/\/lavras.tv\/site\/category\/esportes\/\" class=\"advgb-post-tax-term\">lavras<\/a>","<a href=\"https:\/\/lavras.tv\/site\/category\/esportes\/\" class=\"advgb-post-tax-term\">minas gerais<\/a>","<a href=\"https:\/\/lavras.tv\/site\/category\/esportes\/\" class=\"advgb-post-tax-term\">unilavras<\/a>"],"unlinked":["<span class=\"advgb-post-tax-term\">2018<\/span>","<span class=\"advgb-post-tax-term\">Futsal<\/span>","<span class=\"advgb-post-tax-term\">jemg<\/span>","<span class=\"advgb-post-tax-term\">Jogos Escolares<\/span>","<span class=\"advgb-post-tax-term\">lavras<\/span>","<span class=\"advgb-post-tax-term\">minas gerais<\/span>","<span class=\"advgb-post-tax-term\">unilavras<\/span>"]}},"comment_count":"0","relative_dates":{"created":"Publicado 8 anos atr\u00e1s","modified":"Atualizado 8 anos atr\u00e1s"},"absolute_dates":{"created":"Publicado em 9 de julho de 2018","modified":"Atualizado em 9 de julho de 2018"},"absolute_dates_time":{"created":"Publicado em 9 de julho de 2018 08:27","modified":"Atualizado em 9 de julho de 2018 08:27"},"featured_img_caption":"","series_order":"","_links":{"self":[{"href":"https:\/\/lavras.tv\/site\/wp-json\/wp\/v2\/posts\/16938","targetHints":{"allow":["GET"]}}],"collection":[{"href":"https:\/\/lavras.tv\/site\/wp-json\/wp\/v2\/posts"}],"about":[{"href":"https:\/\/lavras.tv\/site\/wp-json\/wp\/v2\/types\/post"}],"author":[{"embeddable":true,"href":"https:\/\/lavras.tv\/site\/wp-json\/wp\/v2\/users\/2"}],"replies":[{"embeddable":true,"href":"https:\/\/lavras.tv\/site\/wp-json\/wp\/v2\/comments?post=16938"}],"version-history":[{"count":1,"href":"https:\/\/lavras.tv\/site\/wp-json\/wp\/v2\/posts\/16938\/revisions"}],"predecessor-version":[{"id":16940,"href":"https:\/\/lavras.tv\/site\/wp-json\/wp\/v2\/posts\/16938\/revisions\/16940"}],"wp:featuredmedia":[{"embeddable":true,"href":"https:\/\/lavras.tv\/site\/wp-json\/wp\/v2\/media\/16939"}],"wp:attachment":[{"href":"https:\/\/lavras.tv\/site\/wp-json\/wp\/v2\/media?parent=16938"}],"wp:term":[{"taxonomy":"category","embeddable":true,"href":"https:\/\/lavras.tv\/site\/wp-json\/wp\/v2\/categories?post=16938"},{"taxonomy":"post_tag","embeddable":true,"href":"https:\/\/lavras.tv\/site\/wp-json\/wp\/v2\/tags?post=16938"}],"curies":[{"name":"wp","href":"https:\/\/api.w.org\/{rel}","templated":true}]}}