{"id":169398,"date":"2026-02-20T13:07:31","date_gmt":"2026-02-20T16:07:31","guid":{"rendered":"http:\/\/lavras.tv\/site\/?p=169398"},"modified":"2026-02-20T13:07:32","modified_gmt":"2026-02-20T16:07:32","slug":"ipsemg-notifica-pensionistas-que-nao-realizaram-a-prova-de-vida-anual","status":"publish","type":"post","link":"https:\/\/lavras.tv\/site\/2026\/02\/20\/ipsemg-notifica-pensionistas-que-nao-realizaram-a-prova-de-vida-anual\/","title":{"rendered":"Ipsemg notifica pensionistas que n\u00e3o realizaram a prova de vida anual"},"content":{"rendered":"<div class=\"lavra-antes-do-conteudo_2\" id=\"lavra-2790573288\"><div id=\"lavra-slider-27\" class=\"custom-slider lavra-slider-605993020 lavra-slider\"><ul><li><div style=\"margin-left: auto;margin-right: auto;text-align: center;\" id=\"lavra-1781019981\"><a href=\"https:\/\/sistemas.lavras.mg.gov.br\/portalcidadao\/#df1b1a7c7b2a290bcb31e32771e610784662739a88807c0dacac58ede5f391a7530e299dc302d611ee73cb143fc22eaf93592e53e7b5bdb01b00a0b8d28dae460c141dd2ff83412e4dc1c31b16b25f33144a9e5620ea73b13f5bc1c59411d98439ad226e8af03840603796067d87afe130812cf3de24982d0e306f9e61e764e5\" aria-label=\"Lavras-TV&#8211;720x104px (1) (1)\"><img src=\"https:\/\/lavras.tv\/site\/wp-content\/uploads\/2025\/01\/Lavras-TV-720x104px-1-1.png\" alt=\"\"  srcset=\"https:\/\/lavras.tv\/site\/wp-content\/uploads\/2025\/01\/Lavras-TV-720x104px-1-1.png 720w, https:\/\/lavras.tv\/site\/wp-content\/uploads\/2025\/01\/Lavras-TV-720x104px-1-1-470x68.png 470w, https:\/\/lavras.tv\/site\/wp-content\/uploads\/2025\/01\/Lavras-TV-720x104px-1-1-170x25.png 170w, https:\/\/lavras.tv\/site\/wp-content\/uploads\/2025\/01\/Lavras-TV-720x104px-1-1-200x29.png 200w\" sizes=\"(max-width: 720px) 100vw, 720px\" width=\"720\" height=\"104\"  style=\"display: inline-block;\" \/><\/a><\/div><\/li><li><a href=\"https:\/\/sistemas.lavras.mg.gov.br\/portalcidadao\/#df1b1a7c7b2a290bcb31e32771e610784662739a88807c0dacac58ede5f391a7530e299dc302d611ee73cb143fc22eaf93592e53e7b5bdb01b00a0b8d28dae460c141dd2ff83412e4dc1c31b16b25f33144a9e5620ea73b13f5bc1c59411d98439ad226e8af03840603796067d87afe130812cf3de24982d0e306f9e61e764e5\" aria-label=\"Banner_Emprego_PortallavrasTV\"><img src=\"https:\/\/lavras.tv\/site\/wp-content\/uploads\/2025\/03\/Banner_Emprego_PortallavrasTV.png\" alt=\"\"  srcset=\"https:\/\/lavras.tv\/site\/wp-content\/uploads\/2025\/03\/Banner_Emprego_PortallavrasTV.png 720w, https:\/\/lavras.tv\/site\/wp-content\/uploads\/2025\/03\/Banner_Emprego_PortallavrasTV-470x68.png 470w, https:\/\/lavras.tv\/site\/wp-content\/uploads\/2025\/03\/Banner_Emprego_PortallavrasTV-170x25.png 170w, https:\/\/lavras.tv\/site\/wp-content\/uploads\/2025\/03\/Banner_Emprego_PortallavrasTV-200x29.png 200w\" sizes=\"(max-width: 720px) 100vw, 720px\" width=\"720\" height=\"104\"   \/><\/a><\/li><li><a href=\"https:\/\/sistemas.lavras.mg.gov.br\/portalcidadao\/#df1b1a7c7b2a290bcb31e32771e610784662739a88807c0dacac58ede5f391a7530e299dc302d611ee73cb143fc22eaf93592e53e7b5bdb01b00a0b8d28dae460c141dd2ff83412e4dc1c31b16b25f33144a9e5620ea73b13f5bc1c59411d98439ad226e8af03840603796067d87afe130812cf3de24982d0e306f9e61e764e5\" aria-label=\"Banner_Obras_PortallavrasTV\"><img src=\"https:\/\/lavras.tv\/site\/wp-content\/uploads\/2025\/03\/Banner_Obras_PortallavrasTV.png\" alt=\"\"  srcset=\"https:\/\/lavras.tv\/site\/wp-content\/uploads\/2025\/03\/Banner_Obras_PortallavrasTV.png 720w, https:\/\/lavras.tv\/site\/wp-content\/uploads\/2025\/03\/Banner_Obras_PortallavrasTV-470x68.png 470w, https:\/\/lavras.tv\/site\/wp-content\/uploads\/2025\/03\/Banner_Obras_PortallavrasTV-170x25.png 170w, https:\/\/lavras.tv\/site\/wp-content\/uploads\/2025\/03\/Banner_Obras_PortallavrasTV-200x29.png 200w\" sizes=\"(max-width: 720px) 100vw, 720px\" width=\"720\" height=\"104\"   \/><\/a><\/li><li><div style=\"margin-left: auto;margin-right: auto;text-align: center;\" id=\"lavra-1937776007\"><a href=\"https:\/\/sistemas.lavras.mg.gov.br\/portalcidadao\/#df1b1a7c7b2a290bcb31e32771e610784662739a88807c0dacac58ede5f391a7530e299dc302d611ee73cb143fc22eaf93592e53e7b5bdb01b00a0b8d28dae460c141dd2ff83412e4dc1c31b16b25f33144a9e5620ea73b13f5bc1c59411d98439ad226e8af03840603796067d87afe130812cf3de24982d0e306f9e61e764e5\" aria-label=\"Banner_Educa\u00e7\u00e3o_PortallavrasTV\"><img src=\"https:\/\/lavras.tv\/site\/wp-content\/uploads\/2025\/01\/Banner_Educacao_PortallavrasTV.png\" alt=\"\"  srcset=\"https:\/\/lavras.tv\/site\/wp-content\/uploads\/2025\/01\/Banner_Educacao_PortallavrasTV.png 720w, https:\/\/lavras.tv\/site\/wp-content\/uploads\/2025\/01\/Banner_Educacao_PortallavrasTV-470x68.png 470w, https:\/\/lavras.tv\/site\/wp-content\/uploads\/2025\/01\/Banner_Educacao_PortallavrasTV-170x25.png 170w, https:\/\/lavras.tv\/site\/wp-content\/uploads\/2025\/01\/Banner_Educacao_PortallavrasTV-200x29.png 200w\" sizes=\"(max-width: 720px) 100vw, 720px\" width=\"720\" height=\"104\"  style=\"display: inline-block;\" \/><\/a><\/div><\/li><li><a href=\"https:\/\/sistemas.lavras.mg.gov.br\/portalcidadao\/#df1b1a7c7b2a290bcb31e32771e610784662739a88807c0dacac58ede5f391a7530e299dc302d611ee73cb143fc22eaf93592e53e7b5bdb01b00a0b8d28dae460c141dd2ff83412e4dc1c31b16b25f33144a9e5620ea73b13f5bc1c59411d98439ad226e8af03840603796067d87afe130812cf3de24982d0e306f9e61e764e5\" aria-label=\"Banner_Sa\u00fade_PortallavrasTV\"><img src=\"https:\/\/lavras.tv\/site\/wp-content\/uploads\/2025\/03\/Banner_Saude_PortallavrasTV.png\" alt=\"\"  srcset=\"https:\/\/lavras.tv\/site\/wp-content\/uploads\/2025\/03\/Banner_Saude_PortallavrasTV.png 720w, https:\/\/lavras.tv\/site\/wp-content\/uploads\/2025\/03\/Banner_Saude_PortallavrasTV-470x68.png 470w, https:\/\/lavras.tv\/site\/wp-content\/uploads\/2025\/03\/Banner_Saude_PortallavrasTV-170x25.png 170w, https:\/\/lavras.tv\/site\/wp-content\/uploads\/2025\/03\/Banner_Saude_PortallavrasTV-200x29.png 200w\" sizes=\"(max-width: 720px) 100vw, 720px\" width=\"720\" height=\"104\"   \/><\/a><\/li><li><div id=\"lavra-1006576415\" style=\"width:720px;height:104px;background-color:#ddd;overflow:scroll;\">\n\t<strong>Sa\u00edda da depura\u00e7\u00e3o de an\u00fancios<\/strong>\n\t<br><br>\n\tO an\u00fancio n\u00e3o \u00e9 exibido na p\u00e1gina<br><br>post atual: Ipsemg notifica pensionistas que n\u00e3o realizaram a prova de vida anual, ID: 169398<br><br><span style=\"color: red;\">O post atual n\u00e3o \u00e9 id\u00eantico ao post principal.<\/span><br><br>An\u00fancios: ROXO - TOPO INTERNA - ROTATIVO 2 (197)<br \/>Grupo de an\u00fancios: Princ_Meio01_720x104 (27)<br><br>Condi\u00e7\u00f5es de exibi\u00e7\u00e3o<div style=\"margin-bottom: 20px; white-space: pre-wrap; font-family: monospace; width: 100%; background: #ffe9e9;\"><strong>condi\u00e7\u00f5es gerais<\/strong><table border=\"1\"><thead><tr><th><\/th><th>An\u00fancios<\/th><th>wp_the_query<\/th><\/tr><\/thead><tr><td>is_main_query<\/td><td>1<\/td><td>1<\/td><\/tr><tr><td>is_rest_api<\/td><td>0<\/td><td>1<\/td><\/tr><tr><td>page<\/td><td>0<\/td><td>1<\/td><\/tr><tr><td>numpages<\/td><td>0<\/td><td>1<\/td><\/tr><tr><td>is_archive<\/td><td>1<\/td><td><\/td><\/tr><tr><td>is_search<\/td><td>1<\/td><td><\/td><\/tr><tr><td>is_home<\/td><td>1<\/td><td><\/td><\/tr><tr><td>is_404<\/td><td>1<\/td><td><\/td><\/tr><tr><td>is_attachment<\/td><td>1<\/td><td><\/td><\/tr><tr><td>is_singular<\/td><td>1<\/td><td><\/td><\/tr><tr><td>is_front_page<\/td><td>1<\/td><td><\/td><\/tr><tr><td>is_feed<\/td><td>1<\/td><td><\/td><\/tr><\/table><\/div><br><br><span style=\"color: red;\">Seu site usa HTTPS, mas o c\u00f3digo do an\u00fancio cont\u00e9m HTTP e pode n\u00e3o funcionar.<\/span>\t<br><br>\n\t<a style=\"color: green;\" href=\"https:\/\/wpadvancedads.com\/manual\/ad-debug-mode\/?utm_source=advanced-ads&utm_medium=link&utm_campaign=ad-debug-mode\" target=\"_blank\" rel=\"nofollow\">Encontre solu\u00e7\u00f5es no manual<\/a>\n<\/div>\n<\/li><\/ul><\/div><script>( window.advanced_ads_ready || jQuery( document ).ready ).call( null, function() {var $lavraslider605993020 = jQuery( \".lavra-slider-605993020\" );$lavraslider605993020.on( \"unslider.ready\", function() { jQuery( \"div.custom-slider ul li\" ).css( \"display\", \"block\" ); });$lavraslider605993020.unslider({ delay:4000, autoplay:true, nav:false, arrows:false, infinite:true });$lavraslider605993020.on(\"mouseover\", function() {$lavraslider605993020.unslider(\"stop\");}).on(\"mouseout\", function() {$lavraslider605993020.unslider(\"start\");});});<\/script><\/div>\n<h2 class=\"wp-block-heading\">Mais de 600 benefici\u00e1rios precisam regularizar a situa\u00e7\u00e3o para recebimento do pagamento &nbsp;<\/h2>\n\n\n\n<figure class=\"wp-block-image\"><img decoding=\"async\" src=\"https:\/\/www.agenciaminas.mg.gov.br\/system\/news\/images\/000\/129\/100\/large\/Ipsemg_%281%29.jpg?1771513848\" alt=\"imagem de destaque\"\/><\/figure>\n\n\n\n<p>O&nbsp;<a href=\"https:\/\/www.ipsemg.mg.gov.br\/\" target=\"_blank\" rel=\"noreferrer noopener\">Instituto de Previd\u00eancia dos Servidores do Estado de Minas Gerais (Ipsemg)<\/a>&nbsp;notifica 653 pensionistas aniversariantes de janeiro que ainda n\u00e3o realizaram a&nbsp;<a href=\"https:\/\/www.ipsemg.mg.gov.br\/servicos\/prova-de-vida-de-pensionistas-1\" target=\"_blank\" rel=\"noreferrer noopener\">prova de vida anual<\/a>.<\/p>\n\n\n\n<p>O Ipsemg destaca que o n\u00e3o comparecimento at\u00e9 o \u00faltimo dia \u00fatil de fevereiro leva \u00e0 reten\u00e7\u00e3o preventiva do pagamento da pens\u00e3o at\u00e9 a execu\u00e7\u00e3o da prova de vida.<\/p>\n\n\n\n<p>Os pensionistas devem comparecer presencialmente a uma das unidades regionais do Ipsemg para realizar a prova de vida, munidos de documento de identifica\u00e7\u00e3o que conste foto e CPF.<\/p>\n\n\n\n<p>Nos casos de pensionistas tutelados, menores de 18 anos ou menores sob guarda, \u00e9 necess\u00e1ria a presen\u00e7a de seu representante legal, que tamb\u00e9m precisa portar documentos de identifica\u00e7\u00e3o. A prova de vida de pensionistas curatelados pode ser realizada pelo seu representante legal sem a presen\u00e7a do pensionista.<\/p>\n\n\n\n<p>Local sem unidade do Ipsemg&nbsp;<\/p>\n\n\n\n<p>\u00c9 poss\u00edvel realizar a prova de vida digitalmente pelo aplicativo gov.br se o pensionista possuir biometria cadastrada no Tribunal Superior Eleitoral (TSE), no Departamento Nacional de Tr\u00e2nsito (Denatran) ou na Carteira de Identidade Nacional (CIN). A modalidade digital fica dispon\u00edvel para o benefici\u00e1rio at\u00e9 o final do m\u00eas subsequente ao m\u00eas de anivers\u00e1rio.<\/p>\n\n\n\n<p>Pensionistas residentes em locais em que n\u00e3o existem unidades regionais do Ipsemg ou que moram fora de Minas Gerais dever\u00e3o preencher o&nbsp;<a href=\"https:\/\/gestordeconteudo.ipsemg.mg.gov.br\/publico\/img\/upload\/files\/Previd%C3%AAncia\/DECREB\/Declara%C3%A7%C3%A3o%20de%20Vida%20e%20Resid%C3%AAncia.pdf\" target=\"_blank\" rel=\"noreferrer noopener\">Formul\u00e1rio de Declara\u00e7\u00e3o de Vida e Resid\u00eancia<\/a>.<\/p>\n\n\n\n<p>&nbsp;A declara\u00e7\u00e3o dever\u00e1 ser assinada pelo pensionista ou curador (com firma reconhecida, por autenticidade, em cart\u00f3rio) e assinatura simples de duas testemunhas. O formul\u00e1rio deve ser enviado ao Ipsemg, de forma f\u00edsica, para o Departamento de Controle de Benef\u00edcios (Decob).&nbsp;<\/p>\n\n\n\n<p>Pensionistas no exterior tamb\u00e9m devem preencher o formul\u00e1rio Declara\u00e7\u00e3o de Vida e Resid\u00eancia e solicitar a autentica\u00e7\u00e3o do consulado do Brasil. O documento deve ser enviado ao Ipsemg de forma f\u00edsica, tamb\u00e9m para o Decob.&nbsp;<\/p>\n\n\n\n<p>A lista de pensionistas que ainda n\u00e3o realizaram a prova de vida est\u00e1 dispon\u00edvel na edi\u00e7\u00e3o do&nbsp;<a href=\"https:\/\/www.jornalminasgerais.mg.gov.br\/edicao-do-dia?dados=%7B%22cronogramas%22:%7B%222026-02-03%22:%5B0%5D,%222026-02-04%22:%5B0%5D,%222026-02-05%22:%5B0%5D,%222026-02-06%22:%5B0%5D,%222026-02-07%22:%5B0%5D,%222026-02-10%22:%5B0%5D,%222026-02-11%22:%5B0%5D,%222026-02-12%22:%5B0%5D%7D,%22idCadernoEdicaoSelecionado%22:326682,%22edicaoSelecionada%22:%7B%22id%22:326682,%22descricao%22:%22Di%C3%A1rio%20do%20Executivo%22,%22ordem%22:100%7D,%22dataPublicacaoSelecionada%22:%222026-02-12T03:00:00.000Z%22%7D\" target=\"_blank\" rel=\"noreferrer noopener\">Di\u00e1rio Oficial de Minas Gerais&nbsp;de 12\/2<\/a>, p\u00e1ginas 19 a 21.<\/p>\n\n\n\n<p>Mais informa\u00e7\u00f5es est\u00e3o dispon\u00edveis nos n\u00fameros 155 (chamadas gratuitas de qualquer regi\u00e3o de Minas Gerais) e 31&nbsp;3069-6601 (chamadas tarifadas fora do estado), ou no site do Ipsemg.<\/p>\n","protected":false},"excerpt":{"rendered":"<p>Mais de 600 benefici\u00e1rios precisam regularizar a situa\u00e7\u00e3o para recebimento do pagamento &nbsp; O&nbsp;Instituto de Previd\u00eancia dos Servidores do Estado de Minas Gerais (Ipsemg)&nbsp;notifica 653 pensionistas aniversariantes de janeiro que ainda n\u00e3o realizaram a&nbsp;prova de vida anual. O Ipsemg destaca que o n\u00e3o comparecimento at\u00e9 o \u00faltimo dia \u00fatil de fevereiro leva \u00e0 reten\u00e7\u00e3o preventiva [&hellip;]<\/p>\n","protected":false},"author":5,"featured_media":169399,"comment_status":"closed","ping_status":"open","sticky":false,"template":"","format":"standard","meta":{"advgb_blocks_editor_width":"","advgb_blocks_columns_visual_guide":"","_exactmetrics_skip_tracking":false,"_exactmetrics_sitenote_active":false,"_exactmetrics_sitenote_note":"","_exactmetrics_sitenote_category":0,"footnotes":""},"categories":[7,2],"tags":[],"class_list":["post-169398","post","type-post","status-publish","format-standard","has-post-thumbnail","hentry","category-destaques","category-noticias"],"better_featured_image":{"id":169399,"alt_text":"","caption":"","description":"","media_type":"image","media_details":{"width":2448,"height":1248,"file":"2026\/02\/Ipsemg_1.jpg","filesize":2491538,"sizes":{"medium":{"file":"Ipsemg_1-470x240.jpg","width":470,"height":240,"mime-type":"image\/jpeg","filesize":32112,"source_url":"https:\/\/lavras.tv\/site\/wp-content\/uploads\/2026\/02\/Ipsemg_1-470x240.jpg"},"large":{"file":"Ipsemg_1-970x495.jpg","width":970,"height":495,"mime-type":"image\/jpeg","filesize":118258,"source_url":"https:\/\/lavras.tv\/site\/wp-content\/uploads\/2026\/02\/Ipsemg_1-970x495.jpg"},"thumbnail":{"file":"Ipsemg_1-170x87.jpg","width":170,"height":87,"mime-type":"image\/jpeg","filesize":6116,"source_url":"https:\/\/lavras.tv\/site\/wp-content\/uploads\/2026\/02\/Ipsemg_1-170x87.jpg"},"1536x1536":{"file":"Ipsemg_1-1536x783.jpg","width":1536,"height":783,"mime-type":"image\/jpeg","filesize":264329,"source_url":"https:\/\/lavras.tv\/site\/wp-content\/uploads\/2026\/02\/Ipsemg_1-1536x783.jpg"},"2048x2048":{"file":"Ipsemg_1-2048x1044.jpg","width":2048,"height":1044,"mime-type":"image\/jpeg","filesize":428309,"source_url":"https:\/\/lavras.tv\/site\/wp-content\/uploads\/2026\/02\/Ipsemg_1-2048x1044.jpg"},"alm-thumbnail":{"file":"Ipsemg_1-150x150.jpg","width":150,"height":150,"mime-type":"image\/jpeg","filesize":8298,"source_url":"https:\/\/lavras.tv\/site\/wp-content\/uploads\/2026\/02\/Ipsemg_1-150x150.jpg"},"sow-carousel-default":{"file":"Ipsemg_1-272x182.jpg","width":272,"height":182,"mime-type":"image\/jpeg","filesize":15977,"source_url":"https:\/\/lavras.tv\/site\/wp-content\/uploads\/2026\/02\/Ipsemg_1-272x182.jpg"}},"image_meta":{"aperture":"0","credit":"","camera":"","caption":"","created_timestamp":"0","copyright":"","focal_length":"0","iso":"0","shutter_speed":"0","title":"","orientation":"0","keywords":[]}},"post":169398,"source_url":"https:\/\/lavras.tv\/site\/wp-content\/uploads\/2026\/02\/Ipsemg_1.jpg"},"author_meta":{"display_name":"Vinicius Bustamante","author_link":"https:\/\/lavras.tv\/site\/author\/vinicius-bustamante\/"},"featured_img":"https:\/\/lavras.tv\/site\/wp-content\/uploads\/2026\/02\/Ipsemg_1-470x240.jpg","coauthors":[],"tax_additional":{"categories":{"linked":["<a href=\"https:\/\/lavras.tv\/site\/category\/destaques\/\" class=\"advgb-post-tax-term\">Destaques<\/a>","<a href=\"https:\/\/lavras.tv\/site\/category\/noticias\/\" class=\"advgb-post-tax-term\">Not\u00edcias<\/a>"],"unlinked":["<span class=\"advgb-post-tax-term\">Destaques<\/span>","<span class=\"advgb-post-tax-term\">Not\u00edcias<\/span>"]}},"comment_count":"0","relative_dates":{"created":"Publicado 2 meses atr\u00e1s","modified":"Atualizado 2 meses atr\u00e1s"},"absolute_dates":{"created":"Publicado em 20 de fevereiro de 2026","modified":"Atualizado em 20 de fevereiro de 2026"},"absolute_dates_time":{"created":"Publicado em 20 de fevereiro de 2026 13:07","modified":"Atualizado em 20 de fevereiro de 2026 13:07"},"featured_img_caption":"","series_order":"","_links":{"self":[{"href":"https:\/\/lavras.tv\/site\/wp-json\/wp\/v2\/posts\/169398","targetHints":{"allow":["GET"]}}],"collection":[{"href":"https:\/\/lavras.tv\/site\/wp-json\/wp\/v2\/posts"}],"about":[{"href":"https:\/\/lavras.tv\/site\/wp-json\/wp\/v2\/types\/post"}],"author":[{"embeddable":true,"href":"https:\/\/lavras.tv\/site\/wp-json\/wp\/v2\/users\/5"}],"replies":[{"embeddable":true,"href":"https:\/\/lavras.tv\/site\/wp-json\/wp\/v2\/comments?post=169398"}],"version-history":[{"count":1,"href":"https:\/\/lavras.tv\/site\/wp-json\/wp\/v2\/posts\/169398\/revisions"}],"predecessor-version":[{"id":169400,"href":"https:\/\/lavras.tv\/site\/wp-json\/wp\/v2\/posts\/169398\/revisions\/169400"}],"wp:featuredmedia":[{"embeddable":true,"href":"https:\/\/lavras.tv\/site\/wp-json\/wp\/v2\/media\/169399"}],"wp:attachment":[{"href":"https:\/\/lavras.tv\/site\/wp-json\/wp\/v2\/media?parent=169398"}],"wp:term":[{"taxonomy":"category","embeddable":true,"href":"https:\/\/lavras.tv\/site\/wp-json\/wp\/v2\/categories?post=169398"},{"taxonomy":"post_tag","embeddable":true,"href":"https:\/\/lavras.tv\/site\/wp-json\/wp\/v2\/tags?post=169398"}],"curies":[{"name":"wp","href":"https:\/\/api.w.org\/{rel}","templated":true}]}}