{"id":169426,"date":"2026-02-23T17:45:41","date_gmt":"2026-02-23T20:45:41","guid":{"rendered":"https:\/\/lavras.tv\/site\/?p=169426"},"modified":"2026-02-23T17:45:43","modified_gmt":"2026-02-23T20:45:43","slug":"o-carnaval-ja-era-confira-os-proximos-feriados-de-2026-para-programar-sua-viagem","status":"publish","type":"post","link":"https:\/\/lavras.tv\/site\/2026\/02\/23\/o-carnaval-ja-era-confira-os-proximos-feriados-de-2026-para-programar-sua-viagem\/","title":{"rendered":"O Carnaval j\u00e1 era! Confira os pr\u00f3ximos feriados de 2026 para programar sua viagem"},"content":{"rendered":"<div class=\"lavra-antes-do-conteudo_2\" id=\"lavra-2442018837\"><div id=\"lavra-slider-27\" class=\"custom-slider lavra-slider-28220697 lavra-slider\"><ul><li><div style=\"margin-left: auto;margin-right: auto;text-align: center;\" id=\"lavra-4236638927\"><a href=\"https:\/\/sistemas.lavras.mg.gov.br\/portalcidadao\/#df1b1a7c7b2a290bcb31e32771e610784662739a88807c0dacac58ede5f391a7530e299dc302d611ee73cb143fc22eaf93592e53e7b5bdb01b00a0b8d28dae460c141dd2ff83412e4dc1c31b16b25f33144a9e5620ea73b13f5bc1c59411d98439ad226e8af03840603796067d87afe130812cf3de24982d0e306f9e61e764e5\" aria-label=\"Lavras-TV&#8211;720x104px (1) (1)\"><img src=\"https:\/\/lavras.tv\/site\/wp-content\/uploads\/2025\/01\/Lavras-TV-720x104px-1-1.png\" alt=\"\"  srcset=\"https:\/\/lavras.tv\/site\/wp-content\/uploads\/2025\/01\/Lavras-TV-720x104px-1-1.png 720w, https:\/\/lavras.tv\/site\/wp-content\/uploads\/2025\/01\/Lavras-TV-720x104px-1-1-470x68.png 470w, https:\/\/lavras.tv\/site\/wp-content\/uploads\/2025\/01\/Lavras-TV-720x104px-1-1-170x25.png 170w, https:\/\/lavras.tv\/site\/wp-content\/uploads\/2025\/01\/Lavras-TV-720x104px-1-1-200x29.png 200w\" sizes=\"(max-width: 720px) 100vw, 720px\" width=\"720\" height=\"104\"  style=\"display: inline-block;\" \/><\/a><\/div><\/li><li><a href=\"https:\/\/sistemas.lavras.mg.gov.br\/portalcidadao\/#df1b1a7c7b2a290bcb31e32771e610784662739a88807c0dacac58ede5f391a7530e299dc302d611ee73cb143fc22eaf93592e53e7b5bdb01b00a0b8d28dae460c141dd2ff83412e4dc1c31b16b25f33144a9e5620ea73b13f5bc1c59411d98439ad226e8af03840603796067d87afe130812cf3de24982d0e306f9e61e764e5\" aria-label=\"Banner_Emprego_PortallavrasTV\"><img src=\"https:\/\/lavras.tv\/site\/wp-content\/uploads\/2025\/03\/Banner_Emprego_PortallavrasTV.png\" alt=\"\"  srcset=\"https:\/\/lavras.tv\/site\/wp-content\/uploads\/2025\/03\/Banner_Emprego_PortallavrasTV.png 720w, https:\/\/lavras.tv\/site\/wp-content\/uploads\/2025\/03\/Banner_Emprego_PortallavrasTV-470x68.png 470w, https:\/\/lavras.tv\/site\/wp-content\/uploads\/2025\/03\/Banner_Emprego_PortallavrasTV-170x25.png 170w, https:\/\/lavras.tv\/site\/wp-content\/uploads\/2025\/03\/Banner_Emprego_PortallavrasTV-200x29.png 200w\" sizes=\"(max-width: 720px) 100vw, 720px\" width=\"720\" height=\"104\"   \/><\/a><\/li><li><a href=\"https:\/\/sistemas.lavras.mg.gov.br\/portalcidadao\/#df1b1a7c7b2a290bcb31e32771e610784662739a88807c0dacac58ede5f391a7530e299dc302d611ee73cb143fc22eaf93592e53e7b5bdb01b00a0b8d28dae460c141dd2ff83412e4dc1c31b16b25f33144a9e5620ea73b13f5bc1c59411d98439ad226e8af03840603796067d87afe130812cf3de24982d0e306f9e61e764e5\" aria-label=\"Banner_Obras_PortallavrasTV\"><img src=\"https:\/\/lavras.tv\/site\/wp-content\/uploads\/2025\/03\/Banner_Obras_PortallavrasTV.png\" alt=\"\"  srcset=\"https:\/\/lavras.tv\/site\/wp-content\/uploads\/2025\/03\/Banner_Obras_PortallavrasTV.png 720w, https:\/\/lavras.tv\/site\/wp-content\/uploads\/2025\/03\/Banner_Obras_PortallavrasTV-470x68.png 470w, https:\/\/lavras.tv\/site\/wp-content\/uploads\/2025\/03\/Banner_Obras_PortallavrasTV-170x25.png 170w, https:\/\/lavras.tv\/site\/wp-content\/uploads\/2025\/03\/Banner_Obras_PortallavrasTV-200x29.png 200w\" sizes=\"(max-width: 720px) 100vw, 720px\" width=\"720\" height=\"104\"   \/><\/a><\/li><li><div style=\"margin-left: auto;margin-right: auto;text-align: center;\" id=\"lavra-130978473\"><a href=\"https:\/\/sistemas.lavras.mg.gov.br\/portalcidadao\/#df1b1a7c7b2a290bcb31e32771e610784662739a88807c0dacac58ede5f391a7530e299dc302d611ee73cb143fc22eaf93592e53e7b5bdb01b00a0b8d28dae460c141dd2ff83412e4dc1c31b16b25f33144a9e5620ea73b13f5bc1c59411d98439ad226e8af03840603796067d87afe130812cf3de24982d0e306f9e61e764e5\" aria-label=\"Banner_Educa\u00e7\u00e3o_PortallavrasTV\"><img src=\"https:\/\/lavras.tv\/site\/wp-content\/uploads\/2025\/01\/Banner_Educacao_PortallavrasTV.png\" alt=\"\"  srcset=\"https:\/\/lavras.tv\/site\/wp-content\/uploads\/2025\/01\/Banner_Educacao_PortallavrasTV.png 720w, https:\/\/lavras.tv\/site\/wp-content\/uploads\/2025\/01\/Banner_Educacao_PortallavrasTV-470x68.png 470w, https:\/\/lavras.tv\/site\/wp-content\/uploads\/2025\/01\/Banner_Educacao_PortallavrasTV-170x25.png 170w, https:\/\/lavras.tv\/site\/wp-content\/uploads\/2025\/01\/Banner_Educacao_PortallavrasTV-200x29.png 200w\" sizes=\"(max-width: 720px) 100vw, 720px\" width=\"720\" height=\"104\"  style=\"display: inline-block;\" \/><\/a><\/div><\/li><li><a href=\"https:\/\/sistemas.lavras.mg.gov.br\/portalcidadao\/#df1b1a7c7b2a290bcb31e32771e610784662739a88807c0dacac58ede5f391a7530e299dc302d611ee73cb143fc22eaf93592e53e7b5bdb01b00a0b8d28dae460c141dd2ff83412e4dc1c31b16b25f33144a9e5620ea73b13f5bc1c59411d98439ad226e8af03840603796067d87afe130812cf3de24982d0e306f9e61e764e5\" aria-label=\"Banner_Sa\u00fade_PortallavrasTV\"><img src=\"https:\/\/lavras.tv\/site\/wp-content\/uploads\/2025\/03\/Banner_Saude_PortallavrasTV.png\" alt=\"\"  srcset=\"https:\/\/lavras.tv\/site\/wp-content\/uploads\/2025\/03\/Banner_Saude_PortallavrasTV.png 720w, https:\/\/lavras.tv\/site\/wp-content\/uploads\/2025\/03\/Banner_Saude_PortallavrasTV-470x68.png 470w, https:\/\/lavras.tv\/site\/wp-content\/uploads\/2025\/03\/Banner_Saude_PortallavrasTV-170x25.png 170w, https:\/\/lavras.tv\/site\/wp-content\/uploads\/2025\/03\/Banner_Saude_PortallavrasTV-200x29.png 200w\" sizes=\"(max-width: 720px) 100vw, 720px\" width=\"720\" height=\"104\"   \/><\/a><\/li><li><div id=\"lavra-2306091984\" style=\"width:720px;height:104px;background-color:#ddd;overflow:scroll;\">\n\t<strong>Sa\u00edda da depura\u00e7\u00e3o de an\u00fancios<\/strong>\n\t<br><br>\n\tO an\u00fancio n\u00e3o \u00e9 exibido na p\u00e1gina<br><br>post atual: O Carnaval j\u00e1 era! Confira os pr\u00f3ximos feriados de 2026 para programar sua viagem, ID: 169426<br><br><span style=\"color: red;\">O post atual n\u00e3o \u00e9 id\u00eantico ao post principal.<\/span><br><br>An\u00fancios: ROXO - TOPO INTERNA - ROTATIVO 2 (197)<br \/>Grupo de an\u00fancios: Princ_Meio01_720x104 (27)<br><br>Condi\u00e7\u00f5es de exibi\u00e7\u00e3o<div style=\"margin-bottom: 20px; white-space: pre-wrap; font-family: monospace; width: 100%; background: #ffe9e9;\"><strong>condi\u00e7\u00f5es gerais<\/strong><table border=\"1\"><thead><tr><th><\/th><th>An\u00fancios<\/th><th>wp_the_query<\/th><\/tr><\/thead><tr><td>is_main_query<\/td><td>1<\/td><td>1<\/td><\/tr><tr><td>is_rest_api<\/td><td>0<\/td><td>1<\/td><\/tr><tr><td>page<\/td><td>0<\/td><td>1<\/td><\/tr><tr><td>numpages<\/td><td>0<\/td><td>1<\/td><\/tr><tr><td>is_archive<\/td><td>1<\/td><td><\/td><\/tr><tr><td>is_search<\/td><td>1<\/td><td><\/td><\/tr><tr><td>is_home<\/td><td>1<\/td><td><\/td><\/tr><tr><td>is_404<\/td><td>1<\/td><td><\/td><\/tr><tr><td>is_attachment<\/td><td>1<\/td><td><\/td><\/tr><tr><td>is_singular<\/td><td>1<\/td><td><\/td><\/tr><tr><td>is_front_page<\/td><td>1<\/td><td><\/td><\/tr><tr><td>is_feed<\/td><td>1<\/td><td><\/td><\/tr><\/table><\/div><br><br><span style=\"color: red;\">Seu site usa HTTPS, mas o c\u00f3digo do an\u00fancio cont\u00e9m HTTP e pode n\u00e3o funcionar.<\/span>\t<br><br>\n\t<a style=\"color: green;\" href=\"https:\/\/wpadvancedads.com\/manual\/ad-debug-mode\/?utm_source=advanced-ads&utm_medium=link&utm_campaign=ad-debug-mode\" target=\"_blank\" rel=\"nofollow\">Encontre solu\u00e7\u00f5es no manual<\/a>\n<\/div>\n<\/li><\/ul><\/div><script>( window.advanced_ads_ready || jQuery( document ).ready ).call( null, function() {var $lavraslider28220697 = jQuery( \".lavra-slider-28220697\" );$lavraslider28220697.on( \"unslider.ready\", function() { jQuery( \"div.custom-slider ul li\" ).css( \"display\", \"block\" ); });$lavraslider28220697.unslider({ delay:4000, autoplay:true, nav:false, arrows:false, infinite:true });$lavraslider28220697.on(\"mouseover\", function() {$lavraslider28220697.unslider(\"stop\");}).on(\"mouseout\", function() {$lavraslider28220697.unslider(\"start\");});});<\/script><\/div>\n<h2 class=\"wp-block-heading\">De abril a dezembro, confira as datas que podem render fins de semana prolongados; com organiza\u00e7\u00e3o e anteced\u00eancia, os pr\u00f3ximos feriados nacionais podem virar \u00f3timas chances de descanso<\/h2>\n\n\n\n<figure class=\"wp-block-image\"><img decoding=\"async\" src=\"https:\/\/medias.itatiaia.com.br\/dims4\/default\/c0e76fd\/2147483647\/strip\/true\/crop\/1000x563+0+52\/resize\/1000x563!\/quality\/90\/?url=https%3A%2F%2Fk2-prod-radio-itatiaia.s3.us-east-1.amazonaws.com%2Fbrightspot%2F5a%2F2c%2F17fefc714413b940f46abbfcfa0d%2Fcomo-viajar-com-animais.jpg\" alt=\"Como viajar com animais\"\/><\/figure>\n\n\n\n<p>Depois da folia, muita gente j\u00e1 come\u00e7a a se perguntar: quando ser\u00e1 a pr\u00f3xima chance de viajar? Se o Carnaval ficou para tr\u00e1s, ainda h\u00e1 boas oportunidades no calend\u00e1rio de 2026 para organizar uma escapada \u2014 seja um bate-volta, um feriad\u00e3o prolongado ou at\u00e9 uma viagem internacional.<\/p>\n\n\n\n<p>Confira os principais feriados nacionais de 2026 e como eles podem render dias extras de descanso:<\/p>\n\n\n\n<h2 class=\"wp-block-heading\">Pr\u00f3ximos feriados nacionais de 2026<\/h2>\n\n\n\n<h3 class=\"wp-block-heading\">Sexta-feira Santa \u2013 3 de abril (sexta-feira)<\/h3>\n\n\n\n<p>\u00d3tima oportunidade para um fim de semana prolongado, ideal para viagens curtas.<\/p>\n\n\n\n<h3 class=\"wp-block-heading\">Tiradentes \u2013 21 de abril (ter\u00e7a-feira)<\/h3>\n\n\n\n<p>Com possibilidade de emendar na segunda-feira, pode virar um feriad\u00e3o de quatro dias.<\/p>\n\n\n\n<h3 class=\"wp-block-heading\">Dia do Trabalho \u2013 1\u00ba de maio (sexta-feira)<\/h3>\n\n\n\n<p>Perfeito para um fim de semana estendido sem precisar gastar dias de f\u00e9rias.<\/p>\n\n\n\n<h3 class=\"wp-block-heading\">Corpus Christi \u2013 4 de junho (quinta-feira)*<\/h3>\n\n\n\n<p>Apesar de ser ponto facultativo, muitas cidades adotam folga. Com a sexta-feira livre, vira feriad\u00e3o.<\/p>\n\n\n\n<h3 class=\"wp-block-heading\">Independ\u00eancia do Brasil \u2013 7 de setembro (segunda-feira)<\/h3>\n\n\n\n<p>Fim de semana prolongado garantido.<\/p>\n\n\n\n<h3 class=\"wp-block-heading\">Nossa Senhora Aparecida \u2013 12 de outubro (segunda-feira)<\/h3>\n\n\n\n<p>Mais uma boa chance para viagens r\u00e1pidas.<\/p>\n\n\n\n<h3 class=\"wp-block-heading\">Finados \u2013 2 de novembro (segunda-feira)<\/h3>\n\n\n\n<p>Ideal para aproveitar destinos pr\u00f3ximos.<\/p>\n\n\n\n<h3 class=\"wp-block-heading\">Proclama\u00e7\u00e3o da Rep\u00fablica \u2013 15 de novembro (domingo)<\/h3>\n\n\n\n<p>Cai no domingo, sem possibilidade de emenda.<\/p>\n\n\n\n<h3 class=\"wp-block-heading\">Natal \u2013 25 de dezembro (sexta-feira)<\/h3>\n\n\n\n<p>Perfeito para estender o descanso at\u00e9 o fim de semana.<\/p>\n\n\n\n<h2 class=\"wp-block-heading\">Dicas para aproveitar melhor os feriados<\/h2>\n\n\n\n<ul class=\"wp-block-list\">\n<li>Planeje com anteced\u00eancia: passagens e hospedagens ficam mais caras perto da data.<\/li>\n\n\n\n<li>Considere destinos alternativos: lugares menos \u00f3bvios costumam ter pre\u00e7os mais atrativos.<\/li>\n\n\n\n<li>Use milhas e pontos: feriados s\u00e3o \u00f3timas oportunidades para emitir passagens com anteced\u00eancia.<\/li>\n\n\n\n<li>Fique atento aos feriados estaduais e municipais: eles podem render dias extras dependendo de onde voc\u00ea mora.<\/li>\n<\/ul>\n","protected":false},"excerpt":{"rendered":"<p>De abril a dezembro, confira as datas que podem render fins de semana prolongados; com organiza\u00e7\u00e3o e anteced\u00eancia, os pr\u00f3ximos feriados nacionais podem virar \u00f3timas chances de descanso Depois da folia, muita gente j\u00e1 come\u00e7a a se perguntar: quando ser\u00e1 a pr\u00f3xima chance de viajar? Se o Carnaval ficou para tr\u00e1s, ainda h\u00e1 boas oportunidades [&hellip;]<\/p>\n","protected":false},"author":5,"featured_media":169427,"comment_status":"closed","ping_status":"open","sticky":false,"template":"","format":"standard","meta":{"advgb_blocks_editor_width":"","advgb_blocks_columns_visual_guide":"","_exactmetrics_skip_tracking":false,"_exactmetrics_sitenote_active":false,"_exactmetrics_sitenote_note":"","_exactmetrics_sitenote_category":0,"footnotes":""},"categories":[7,2],"tags":[],"class_list":["post-169426","post","type-post","status-publish","format-standard","has-post-thumbnail","hentry","category-destaques","category-noticias"],"better_featured_image":{"id":169427,"alt_text":"","caption":"","description":"","media_type":"image","media_details":{"width":1000,"height":563,"file":"2026\/02\/download-3-2.webp","filesize":89994,"sizes":{"medium":{"file":"download-3-2-470x265.webp","width":470,"height":265,"mime-type":"image\/webp","filesize":28466,"source_url":"https:\/\/lavras.tv\/site\/wp-content\/uploads\/2026\/02\/download-3-2-470x265.webp"},"large":{"file":"download-3-2-970x546.webp","width":970,"height":546,"mime-type":"image\/webp","filesize":69798,"source_url":"https:\/\/lavras.tv\/site\/wp-content\/uploads\/2026\/02\/download-3-2-970x546.webp"},"thumbnail":{"file":"download-3-2-170x96.webp","width":170,"height":96,"mime-type":"image\/webp","filesize":6662,"source_url":"https:\/\/lavras.tv\/site\/wp-content\/uploads\/2026\/02\/download-3-2-170x96.webp"},"alm-thumbnail":{"file":"download-3-2-150x150.webp","width":150,"height":150,"mime-type":"image\/webp","filesize":7632,"source_url":"https:\/\/lavras.tv\/site\/wp-content\/uploads\/2026\/02\/download-3-2-150x150.webp"},"sow-carousel-default":{"file":"download-3-2-272x182.webp","width":272,"height":182,"mime-type":"image\/webp","filesize":14644,"source_url":"https:\/\/lavras.tv\/site\/wp-content\/uploads\/2026\/02\/download-3-2-272x182.webp"}},"image_meta":{"aperture":"0","credit":"","camera":"","caption":"","created_timestamp":"0","copyright":"","focal_length":"0","iso":"0","shutter_speed":"0","title":"","orientation":"0","keywords":[]}},"post":169426,"source_url":"https:\/\/lavras.tv\/site\/wp-content\/uploads\/2026\/02\/download-3-2.webp"},"author_meta":{"display_name":"Vinicius Bustamante","author_link":"https:\/\/lavras.tv\/site\/author\/vinicius-bustamante\/"},"featured_img":"https:\/\/lavras.tv\/site\/wp-content\/uploads\/2026\/02\/download-3-2-470x265.webp","coauthors":[],"tax_additional":{"categories":{"linked":["<a href=\"https:\/\/lavras.tv\/site\/category\/destaques\/\" class=\"advgb-post-tax-term\">Destaques<\/a>","<a href=\"https:\/\/lavras.tv\/site\/category\/noticias\/\" class=\"advgb-post-tax-term\">Not\u00edcias<\/a>"],"unlinked":["<span class=\"advgb-post-tax-term\">Destaques<\/span>","<span class=\"advgb-post-tax-term\">Not\u00edcias<\/span>"]}},"comment_count":"0","relative_dates":{"created":"Publicado 2 meses atr\u00e1s","modified":"Atualizado 2 meses atr\u00e1s"},"absolute_dates":{"created":"Publicado em 23 de fevereiro de 2026","modified":"Atualizado em 23 de fevereiro de 2026"},"absolute_dates_time":{"created":"Publicado em 23 de fevereiro de 2026 17:45","modified":"Atualizado em 23 de fevereiro de 2026 17:45"},"featured_img_caption":"","series_order":"","_links":{"self":[{"href":"https:\/\/lavras.tv\/site\/wp-json\/wp\/v2\/posts\/169426","targetHints":{"allow":["GET"]}}],"collection":[{"href":"https:\/\/lavras.tv\/site\/wp-json\/wp\/v2\/posts"}],"about":[{"href":"https:\/\/lavras.tv\/site\/wp-json\/wp\/v2\/types\/post"}],"author":[{"embeddable":true,"href":"https:\/\/lavras.tv\/site\/wp-json\/wp\/v2\/users\/5"}],"replies":[{"embeddable":true,"href":"https:\/\/lavras.tv\/site\/wp-json\/wp\/v2\/comments?post=169426"}],"version-history":[{"count":1,"href":"https:\/\/lavras.tv\/site\/wp-json\/wp\/v2\/posts\/169426\/revisions"}],"predecessor-version":[{"id":169428,"href":"https:\/\/lavras.tv\/site\/wp-json\/wp\/v2\/posts\/169426\/revisions\/169428"}],"wp:featuredmedia":[{"embeddable":true,"href":"https:\/\/lavras.tv\/site\/wp-json\/wp\/v2\/media\/169427"}],"wp:attachment":[{"href":"https:\/\/lavras.tv\/site\/wp-json\/wp\/v2\/media?parent=169426"}],"wp:term":[{"taxonomy":"category","embeddable":true,"href":"https:\/\/lavras.tv\/site\/wp-json\/wp\/v2\/categories?post=169426"},{"taxonomy":"post_tag","embeddable":true,"href":"https:\/\/lavras.tv\/site\/wp-json\/wp\/v2\/tags?post=169426"}],"curies":[{"name":"wp","href":"https:\/\/api.w.org\/{rel}","templated":true}]}}