{"id":169429,"date":"2026-02-23T17:49:40","date_gmt":"2026-02-23T20:49:40","guid":{"rendered":"https:\/\/lavras.tv\/site\/?p=169429"},"modified":"2026-02-23T17:49:42","modified_gmt":"2026-02-23T20:49:42","slug":"mba-em-gestao-de-pessoas-do-senac-prepara-profissionais-para-desafios-reais-da-lideranca","status":"publish","type":"post","link":"https:\/\/lavras.tv\/site\/2026\/02\/23\/mba-em-gestao-de-pessoas-do-senac-prepara-profissionais-para-desafios-reais-da-lideranca\/","title":{"rendered":"MBA em Gest\u00e3o de Pessoas do Senac prepara profissionais para desafios reais da lideran\u00e7a"},"content":{"rendered":"<div class=\"lavra-antes-do-conteudo_2\" id=\"lavra-3007097034\"><div id=\"lavra-slider-27\" class=\"custom-slider lavra-slider-2861843420 lavra-slider\"><ul><li><div style=\"margin-left: auto;margin-right: auto;text-align: center;\" id=\"lavra-539208233\"><a href=\"https:\/\/sistemas.lavras.mg.gov.br\/portalcidadao\/#df1b1a7c7b2a290bcb31e32771e610784662739a88807c0dacac58ede5f391a7530e299dc302d611ee73cb143fc22eaf93592e53e7b5bdb01b00a0b8d28dae460c141dd2ff83412e4dc1c31b16b25f33144a9e5620ea73b13f5bc1c59411d98439ad226e8af03840603796067d87afe130812cf3de24982d0e306f9e61e764e5\" aria-label=\"Lavras-TV&#8211;720x104px (1) (1)\"><img src=\"https:\/\/lavras.tv\/site\/wp-content\/uploads\/2025\/01\/Lavras-TV-720x104px-1-1.png\" alt=\"\"  srcset=\"https:\/\/lavras.tv\/site\/wp-content\/uploads\/2025\/01\/Lavras-TV-720x104px-1-1.png 720w, https:\/\/lavras.tv\/site\/wp-content\/uploads\/2025\/01\/Lavras-TV-720x104px-1-1-470x68.png 470w, https:\/\/lavras.tv\/site\/wp-content\/uploads\/2025\/01\/Lavras-TV-720x104px-1-1-170x25.png 170w, https:\/\/lavras.tv\/site\/wp-content\/uploads\/2025\/01\/Lavras-TV-720x104px-1-1-200x29.png 200w\" sizes=\"(max-width: 720px) 100vw, 720px\" width=\"720\" height=\"104\"  style=\"display: inline-block;\" \/><\/a><\/div><\/li><li><a href=\"https:\/\/sistemas.lavras.mg.gov.br\/portalcidadao\/#df1b1a7c7b2a290bcb31e32771e610784662739a88807c0dacac58ede5f391a7530e299dc302d611ee73cb143fc22eaf93592e53e7b5bdb01b00a0b8d28dae460c141dd2ff83412e4dc1c31b16b25f33144a9e5620ea73b13f5bc1c59411d98439ad226e8af03840603796067d87afe130812cf3de24982d0e306f9e61e764e5\" aria-label=\"Banner_Emprego_PortallavrasTV\"><img src=\"https:\/\/lavras.tv\/site\/wp-content\/uploads\/2025\/03\/Banner_Emprego_PortallavrasTV.png\" alt=\"\"  srcset=\"https:\/\/lavras.tv\/site\/wp-content\/uploads\/2025\/03\/Banner_Emprego_PortallavrasTV.png 720w, https:\/\/lavras.tv\/site\/wp-content\/uploads\/2025\/03\/Banner_Emprego_PortallavrasTV-470x68.png 470w, https:\/\/lavras.tv\/site\/wp-content\/uploads\/2025\/03\/Banner_Emprego_PortallavrasTV-170x25.png 170w, https:\/\/lavras.tv\/site\/wp-content\/uploads\/2025\/03\/Banner_Emprego_PortallavrasTV-200x29.png 200w\" sizes=\"(max-width: 720px) 100vw, 720px\" width=\"720\" height=\"104\"   \/><\/a><\/li><li><a href=\"https:\/\/sistemas.lavras.mg.gov.br\/portalcidadao\/#df1b1a7c7b2a290bcb31e32771e610784662739a88807c0dacac58ede5f391a7530e299dc302d611ee73cb143fc22eaf93592e53e7b5bdb01b00a0b8d28dae460c141dd2ff83412e4dc1c31b16b25f33144a9e5620ea73b13f5bc1c59411d98439ad226e8af03840603796067d87afe130812cf3de24982d0e306f9e61e764e5\" aria-label=\"Banner_Obras_PortallavrasTV\"><img src=\"https:\/\/lavras.tv\/site\/wp-content\/uploads\/2025\/03\/Banner_Obras_PortallavrasTV.png\" alt=\"\"  srcset=\"https:\/\/lavras.tv\/site\/wp-content\/uploads\/2025\/03\/Banner_Obras_PortallavrasTV.png 720w, https:\/\/lavras.tv\/site\/wp-content\/uploads\/2025\/03\/Banner_Obras_PortallavrasTV-470x68.png 470w, https:\/\/lavras.tv\/site\/wp-content\/uploads\/2025\/03\/Banner_Obras_PortallavrasTV-170x25.png 170w, https:\/\/lavras.tv\/site\/wp-content\/uploads\/2025\/03\/Banner_Obras_PortallavrasTV-200x29.png 200w\" sizes=\"(max-width: 720px) 100vw, 720px\" width=\"720\" height=\"104\"   \/><\/a><\/li><li><div style=\"margin-left: auto;margin-right: auto;text-align: center;\" id=\"lavra-1960200117\"><a href=\"https:\/\/sistemas.lavras.mg.gov.br\/portalcidadao\/#df1b1a7c7b2a290bcb31e32771e610784662739a88807c0dacac58ede5f391a7530e299dc302d611ee73cb143fc22eaf93592e53e7b5bdb01b00a0b8d28dae460c141dd2ff83412e4dc1c31b16b25f33144a9e5620ea73b13f5bc1c59411d98439ad226e8af03840603796067d87afe130812cf3de24982d0e306f9e61e764e5\" aria-label=\"Banner_Educa\u00e7\u00e3o_PortallavrasTV\"><img src=\"https:\/\/lavras.tv\/site\/wp-content\/uploads\/2025\/01\/Banner_Educacao_PortallavrasTV.png\" alt=\"\"  srcset=\"https:\/\/lavras.tv\/site\/wp-content\/uploads\/2025\/01\/Banner_Educacao_PortallavrasTV.png 720w, https:\/\/lavras.tv\/site\/wp-content\/uploads\/2025\/01\/Banner_Educacao_PortallavrasTV-470x68.png 470w, https:\/\/lavras.tv\/site\/wp-content\/uploads\/2025\/01\/Banner_Educacao_PortallavrasTV-170x25.png 170w, https:\/\/lavras.tv\/site\/wp-content\/uploads\/2025\/01\/Banner_Educacao_PortallavrasTV-200x29.png 200w\" sizes=\"(max-width: 720px) 100vw, 720px\" width=\"720\" height=\"104\"  style=\"display: inline-block;\" \/><\/a><\/div><\/li><li><a href=\"https:\/\/sistemas.lavras.mg.gov.br\/portalcidadao\/#df1b1a7c7b2a290bcb31e32771e610784662739a88807c0dacac58ede5f391a7530e299dc302d611ee73cb143fc22eaf93592e53e7b5bdb01b00a0b8d28dae460c141dd2ff83412e4dc1c31b16b25f33144a9e5620ea73b13f5bc1c59411d98439ad226e8af03840603796067d87afe130812cf3de24982d0e306f9e61e764e5\" aria-label=\"Banner_Sa\u00fade_PortallavrasTV\"><img src=\"https:\/\/lavras.tv\/site\/wp-content\/uploads\/2025\/03\/Banner_Saude_PortallavrasTV.png\" alt=\"\"  srcset=\"https:\/\/lavras.tv\/site\/wp-content\/uploads\/2025\/03\/Banner_Saude_PortallavrasTV.png 720w, https:\/\/lavras.tv\/site\/wp-content\/uploads\/2025\/03\/Banner_Saude_PortallavrasTV-470x68.png 470w, https:\/\/lavras.tv\/site\/wp-content\/uploads\/2025\/03\/Banner_Saude_PortallavrasTV-170x25.png 170w, https:\/\/lavras.tv\/site\/wp-content\/uploads\/2025\/03\/Banner_Saude_PortallavrasTV-200x29.png 200w\" sizes=\"(max-width: 720px) 100vw, 720px\" width=\"720\" height=\"104\"   \/><\/a><\/li><li><div id=\"lavra-1497885384\" style=\"width:720px;height:104px;background-color:#ddd;overflow:scroll;\">\n\t<strong>Sa\u00edda da depura\u00e7\u00e3o de an\u00fancios<\/strong>\n\t<br><br>\n\tO an\u00fancio n\u00e3o \u00e9 exibido na p\u00e1gina<br><br>post atual: MBA em Gest\u00e3o de Pessoas do Senac prepara profissionais para desafios reais da lideran\u00e7a, ID: 169429<br><br><span style=\"color: red;\">O post atual n\u00e3o \u00e9 id\u00eantico ao post principal.<\/span><br><br>An\u00fancios: ROXO - TOPO INTERNA - ROTATIVO 2 (197)<br \/>Grupo de an\u00fancios: Princ_Meio01_720x104 (27)<br><br>Condi\u00e7\u00f5es de exibi\u00e7\u00e3o<div style=\"margin-bottom: 20px; white-space: pre-wrap; font-family: monospace; width: 100%; background: #ffe9e9;\"><strong>condi\u00e7\u00f5es gerais<\/strong><table border=\"1\"><thead><tr><th><\/th><th>An\u00fancios<\/th><th>wp_the_query<\/th><\/tr><\/thead><tr><td>is_main_query<\/td><td>1<\/td><td>1<\/td><\/tr><tr><td>is_rest_api<\/td><td>0<\/td><td>1<\/td><\/tr><tr><td>page<\/td><td>0<\/td><td>1<\/td><\/tr><tr><td>numpages<\/td><td>0<\/td><td>1<\/td><\/tr><tr><td>is_archive<\/td><td>1<\/td><td><\/td><\/tr><tr><td>is_search<\/td><td>1<\/td><td><\/td><\/tr><tr><td>is_home<\/td><td>1<\/td><td><\/td><\/tr><tr><td>is_404<\/td><td>1<\/td><td><\/td><\/tr><tr><td>is_attachment<\/td><td>1<\/td><td><\/td><\/tr><tr><td>is_singular<\/td><td>1<\/td><td><\/td><\/tr><tr><td>is_front_page<\/td><td>1<\/td><td><\/td><\/tr><tr><td>is_feed<\/td><td>1<\/td><td><\/td><\/tr><\/table><\/div><br><br><span style=\"color: red;\">Seu site usa HTTPS, mas o c\u00f3digo do an\u00fancio cont\u00e9m HTTP e pode n\u00e3o funcionar.<\/span>\t<br><br>\n\t<a style=\"color: green;\" href=\"https:\/\/wpadvancedads.com\/manual\/ad-debug-mode\/?utm_source=advanced-ads&utm_medium=link&utm_campaign=ad-debug-mode\" target=\"_blank\" rel=\"nofollow\">Encontre solu\u00e7\u00f5es no manual<\/a>\n<\/div>\n<\/li><\/ul><\/div><script>( window.advanced_ads_ready || jQuery( document ).ready ).call( null, function() {var $lavraslider2861843420 = jQuery( \".lavra-slider-2861843420\" );$lavraslider2861843420.on( \"unslider.ready\", function() { jQuery( \"div.custom-slider ul li\" ).css( \"display\", \"block\" ); });$lavraslider2861843420.unslider({ delay:4000, autoplay:true, nav:false, arrows:false, infinite:true });$lavraslider2861843420.on(\"mouseover\", function() {$lavraslider2861843420.unslider(\"stop\");}).on(\"mouseout\", function() {$lavraslider2861843420.unslider(\"start\");});});<\/script><\/div>\n<p><em><strong>Forma\u00e7\u00e3o presencial come\u00e7a em abril e oferece carga hor\u00e1ria ampla, metodologia pr\u00e1tica e excelente custo-benef\u00edcio<\/strong><\/em><\/p>\n\n\n\n<figure class=\"wp-block-image size-large\"><img fetchpriority=\"high\" decoding=\"async\" width=\"970\" height=\"728\" src=\"https:\/\/lavras.tv\/site\/wp-content\/uploads\/2026\/02\/e31cdd02-2b1e-44dc-b84c-9158e1af2691-970x728.jpg\" alt=\"\" class=\"wp-image-169430\" srcset=\"https:\/\/lavras.tv\/site\/wp-content\/uploads\/2026\/02\/e31cdd02-2b1e-44dc-b84c-9158e1af2691-970x728.jpg 970w, https:\/\/lavras.tv\/site\/wp-content\/uploads\/2026\/02\/e31cdd02-2b1e-44dc-b84c-9158e1af2691-400x300.jpg 400w, https:\/\/lavras.tv\/site\/wp-content\/uploads\/2026\/02\/e31cdd02-2b1e-44dc-b84c-9158e1af2691-170x128.jpg 170w, https:\/\/lavras.tv\/site\/wp-content\/uploads\/2026\/02\/e31cdd02-2b1e-44dc-b84c-9158e1af2691-1536x1152.jpg 1536w, https:\/\/lavras.tv\/site\/wp-content\/uploads\/2026\/02\/e31cdd02-2b1e-44dc-b84c-9158e1af2691.jpg 1600w\" sizes=\"(max-width: 970px) 100vw, 970px\" \/><\/figure>\n\n\n\n<p>O Senac em Lavras, que faz parte do Sistema Fecom\u00e9rcio MG, est\u00e1 nos \u00faltimos dias de inscri\u00e7\u00e3o para o MBA em Gest\u00e3o de Pessoas, forma\u00e7\u00e3o presencial que come\u00e7a no dia 6 de abril e foi estruturada para quem deseja assumir fun\u00e7\u00f5es de lideran\u00e7a ou se tornar mais estrat\u00e9gico no trabalho. As aulas acontecem \u00e0s segundas e ter\u00e7as-feiras, em uma turma exclusiva com vagas limitadas. O curso combina pr\u00e1tica, aprofundamento te\u00f3rico e estudo de situa\u00e7\u00f5es reais, oferecendo uma forma\u00e7\u00e3o s\u00f3lida em um momento em que empresas de diferentes setores buscam profissionais preparados para lidar com pessoas e decis\u00f5es complexas.<\/p>\n\n\n\n<p>Com 424 horas de carga hor\u00e1ria, o MBA foi pensado para quem j\u00e1 atua com gest\u00e3o, quem deseja migrar para a \u00e1rea ou quem lidera equipes mesmo sem ter forma\u00e7\u00e3o formal em recursos humanos. O programa re\u00fane docentes com experi\u00eancia pr\u00e1tica e trajet\u00f3ria acad\u00eamica consolidada, permitindo ao aluno discutir problemas reais de organiza\u00e7\u00f5es e construir solu\u00e7\u00f5es aplic\u00e1veis ao dia a dia. A metodologia privilegia din\u00e2micas, estudos de caso e debates, sempre alinhados \u00e0s demandas atuais das empresas.<\/p>\n\n\n\n<p>O MBA tamb\u00e9m atende profissionais que desejam fortalecer a gest\u00e3o do pr\u00f3prio neg\u00f3cio, j\u00e1 que o curso aborda temas que envolvem desde cultura organizacional at\u00e9 o impacto da lideran\u00e7a nas metas e no clima de trabalho.<\/p>\n\n\n\n<p>Segundo a diretora da unidade, Madelon Bueno Borges, o diferencial do MBA est\u00e1 na combina\u00e7\u00e3o entre qualidade de ensino e investimento acess\u00edvel. Com 80 anos de experi\u00eancia na forma\u00e7\u00e3o profissional, o Senac estruturou o curso com conte\u00fado atualizado e focado no desenvolvimento de habilidades valorizadas pelo mercado. \u201c\u00c9 uma forma\u00e7\u00e3o que ajuda o aluno a entender pessoas, equipes e estrat\u00e9gias, ampliando as chances de crescimento em qualquer \u00e1rea\u201d, afirma.<\/p>\n\n\n\n<p>Servi\u00e7o \u2013 MBA em Gest\u00e3o de Pessoas<\/p>\n\n\n\n<p>In\u00edcio: 2 de mar\u00e7o<br>Hor\u00e1rio: 18h \u00e0s 22h<br>Formato: presencial<br>Local: unidade Senac \u2013 Avenida Comandante Soares J\u00fanior, 68 \u2013 Arthur Bernardes, de segunda a sexta, das 8h \u00e0s 22h<\/p>\n\n\n\n<p>Informa\u00e7\u00f5es sobre o curso: WhatsApp (31) 3057-8600<\/p>\n\n\n\n<p>Sobre a Fecom\u00e9rcio MG e o Senac em Lavras<br>A Federa\u00e7\u00e3o do Com\u00e9rcio de Bens, Servi\u00e7os e Turismo de Minas Gerais (Fecom\u00e9rcio MG) \u00e9 a principal entidade representativa do setor do com\u00e9rcio de bens, servi\u00e7os e turismo no estado, abrangendo mais de 750 mil empresas e 54 sindicatos. Sob a presid\u00eancia de Nadim Elias Donato Filho, a Fecom\u00e9rcio MG atua como porta-voz das demandas do empresariado, buscando solu\u00e7\u00f5es atrav\u00e9s do di\u00e1logo com o governo e a sociedade, h\u00e1 87 anos. Outra importante atribui\u00e7\u00e3o da entidade \u00e9 a administra\u00e7\u00e3o do Servi\u00e7o Social do Com\u00e9rcio (Sesc) e do Servi\u00e7o Nacional de Aprendizagem Comercial (Senac) em Minas Gerais. A atua\u00e7\u00e3o integrada das tr\u00eas casas fortalece a promo\u00e7\u00e3o de servi\u00e7os que beneficiam comerci\u00e1rios(as), empres\u00e1rios(as) e a comunidade em geral, a partir de suas diversas unidades distribu\u00eddas pelo estado.<\/p>\n\n\n\n<p>O Senac em Lavras \u00e9 refer\u00eancia em ensino e qualifica\u00e7\u00e3o profissional na regi\u00e3o e possui um amplo portf\u00f3lio de cursos t\u00e9cnicos, \u00e1geis, Aprendizagem Comercial e MBA, al\u00e9m de ser polo de Educa\u00e7\u00e3o a Dist\u00e2ncia (EAD). Presente na regi\u00e3o desde 2015, a unidade tem atua\u00e7\u00e3o pr\u00f3xima com a comunidade, com uma programa\u00e7\u00e3o frequente de workshops e palestras.<\/p>\n\n\n\n<p>A Fecom\u00e9rcio MG tamb\u00e9m trabalha em estreita colabora\u00e7\u00e3o com a Confedera\u00e7\u00e3o Nacional do Com\u00e9rcio (CNC), presidida por Jos\u00e9 Roberto Tadros, para defender os interesses do setor nos \u00e2mbitos municipal, estadual e federal. Com 87 anos de atua\u00e7\u00e3o, a Fecom\u00e9rcio MG \u00e9 fundamental para transformar a vida de cidad\u00e3os e cidad\u00e3s e impulsionar a economia mineira.<\/p>\n","protected":false},"excerpt":{"rendered":"<p>Forma\u00e7\u00e3o presencial come\u00e7a em abril e oferece carga hor\u00e1ria ampla, metodologia pr\u00e1tica e excelente custo-benef\u00edcio O Senac em Lavras, que faz parte do Sistema Fecom\u00e9rcio MG, est\u00e1 nos \u00faltimos dias de inscri\u00e7\u00e3o para o MBA em Gest\u00e3o de Pessoas, forma\u00e7\u00e3o presencial que come\u00e7a no dia 6 de abril e foi estruturada para quem deseja assumir [&hellip;]<\/p>\n","protected":false},"author":5,"featured_media":169430,"comment_status":"closed","ping_status":"open","sticky":false,"template":"","format":"standard","meta":{"advgb_blocks_editor_width":"","advgb_blocks_columns_visual_guide":"","_exactmetrics_skip_tracking":false,"_exactmetrics_sitenote_active":false,"_exactmetrics_sitenote_note":"","_exactmetrics_sitenote_category":0,"footnotes":""},"categories":[7,2],"tags":[],"class_list":["post-169429","post","type-post","status-publish","format-standard","has-post-thumbnail","hentry","category-destaques","category-noticias"],"better_featured_image":{"id":169430,"alt_text":"","caption":"","description":"","media_type":"image","media_details":{"width":1600,"height":1200,"file":"2026\/02\/e31cdd02-2b1e-44dc-b84c-9158e1af2691.jpg","filesize":482164,"sizes":{"medium":{"file":"e31cdd02-2b1e-44dc-b84c-9158e1af2691-400x300.jpg","width":400,"height":300,"mime-type":"image\/jpeg","filesize":27275,"source_url":"https:\/\/lavras.tv\/site\/wp-content\/uploads\/2026\/02\/e31cdd02-2b1e-44dc-b84c-9158e1af2691-400x300.jpg"},"large":{"file":"e31cdd02-2b1e-44dc-b84c-9158e1af2691-970x728.jpg","width":970,"height":728,"mime-type":"image\/jpeg","filesize":106460,"source_url":"https:\/\/lavras.tv\/site\/wp-content\/uploads\/2026\/02\/e31cdd02-2b1e-44dc-b84c-9158e1af2691-970x728.jpg"},"thumbnail":{"file":"e31cdd02-2b1e-44dc-b84c-9158e1af2691-170x128.jpg","width":170,"height":128,"mime-type":"image\/jpeg","filesize":7552,"source_url":"https:\/\/lavras.tv\/site\/wp-content\/uploads\/2026\/02\/e31cdd02-2b1e-44dc-b84c-9158e1af2691-170x128.jpg"},"1536x1536":{"file":"e31cdd02-2b1e-44dc-b84c-9158e1af2691-1536x1152.jpg","width":1536,"height":1152,"mime-type":"image\/jpeg","filesize":220918,"source_url":"https:\/\/lavras.tv\/site\/wp-content\/uploads\/2026\/02\/e31cdd02-2b1e-44dc-b84c-9158e1af2691-1536x1152.jpg"},"alm-thumbnail":{"file":"e31cdd02-2b1e-44dc-b84c-9158e1af2691-150x150.jpg","width":150,"height":150,"mime-type":"image\/jpeg","filesize":7593,"source_url":"https:\/\/lavras.tv\/site\/wp-content\/uploads\/2026\/02\/e31cdd02-2b1e-44dc-b84c-9158e1af2691-150x150.jpg"},"sow-carousel-default":{"file":"e31cdd02-2b1e-44dc-b84c-9158e1af2691-272x182.jpg","width":272,"height":182,"mime-type":"image\/jpeg","filesize":14465,"source_url":"https:\/\/lavras.tv\/site\/wp-content\/uploads\/2026\/02\/e31cdd02-2b1e-44dc-b84c-9158e1af2691-272x182.jpg"}},"image_meta":{"aperture":"0","credit":"","camera":"","caption":"","created_timestamp":"0","copyright":"","focal_length":"0","iso":"0","shutter_speed":"0","title":"","orientation":"1","keywords":[]}},"post":169429,"source_url":"https:\/\/lavras.tv\/site\/wp-content\/uploads\/2026\/02\/e31cdd02-2b1e-44dc-b84c-9158e1af2691.jpg"},"author_meta":{"display_name":"Vinicius Bustamante","author_link":"https:\/\/lavras.tv\/site\/author\/vinicius-bustamante\/"},"featured_img":"https:\/\/lavras.tv\/site\/wp-content\/uploads\/2026\/02\/e31cdd02-2b1e-44dc-b84c-9158e1af2691-400x300.jpg","coauthors":[],"tax_additional":{"categories":{"linked":["<a href=\"https:\/\/lavras.tv\/site\/category\/destaques\/\" class=\"advgb-post-tax-term\">Destaques<\/a>","<a href=\"https:\/\/lavras.tv\/site\/category\/noticias\/\" class=\"advgb-post-tax-term\">Not\u00edcias<\/a>"],"unlinked":["<span class=\"advgb-post-tax-term\">Destaques<\/span>","<span class=\"advgb-post-tax-term\">Not\u00edcias<\/span>"]}},"comment_count":"0","relative_dates":{"created":"Publicado 2 meses atr\u00e1s","modified":"Atualizado 2 meses atr\u00e1s"},"absolute_dates":{"created":"Publicado em 23 de fevereiro de 2026","modified":"Atualizado em 23 de fevereiro de 2026"},"absolute_dates_time":{"created":"Publicado em 23 de fevereiro de 2026 17:49","modified":"Atualizado em 23 de fevereiro de 2026 17:49"},"featured_img_caption":"","series_order":"","_links":{"self":[{"href":"https:\/\/lavras.tv\/site\/wp-json\/wp\/v2\/posts\/169429","targetHints":{"allow":["GET"]}}],"collection":[{"href":"https:\/\/lavras.tv\/site\/wp-json\/wp\/v2\/posts"}],"about":[{"href":"https:\/\/lavras.tv\/site\/wp-json\/wp\/v2\/types\/post"}],"author":[{"embeddable":true,"href":"https:\/\/lavras.tv\/site\/wp-json\/wp\/v2\/users\/5"}],"replies":[{"embeddable":true,"href":"https:\/\/lavras.tv\/site\/wp-json\/wp\/v2\/comments?post=169429"}],"version-history":[{"count":1,"href":"https:\/\/lavras.tv\/site\/wp-json\/wp\/v2\/posts\/169429\/revisions"}],"predecessor-version":[{"id":169431,"href":"https:\/\/lavras.tv\/site\/wp-json\/wp\/v2\/posts\/169429\/revisions\/169431"}],"wp:featuredmedia":[{"embeddable":true,"href":"https:\/\/lavras.tv\/site\/wp-json\/wp\/v2\/media\/169430"}],"wp:attachment":[{"href":"https:\/\/lavras.tv\/site\/wp-json\/wp\/v2\/media?parent=169429"}],"wp:term":[{"taxonomy":"category","embeddable":true,"href":"https:\/\/lavras.tv\/site\/wp-json\/wp\/v2\/categories?post=169429"},{"taxonomy":"post_tag","embeddable":true,"href":"https:\/\/lavras.tv\/site\/wp-json\/wp\/v2\/tags?post=169429"}],"curies":[{"name":"wp","href":"https:\/\/api.w.org\/{rel}","templated":true}]}}