{"id":169432,"date":"2026-02-23T17:54:00","date_gmt":"2026-02-23T20:54:00","guid":{"rendered":"https:\/\/lavras.tv\/site\/?p=169432"},"modified":"2026-02-23T17:54:02","modified_gmt":"2026-02-23T20:54:02","slug":"trilhas-de-futuro-alcanca-marca-historica-de-100-mil-profissionais-formados-em-minas-gerais","status":"publish","type":"post","link":"https:\/\/lavras.tv\/site\/2026\/02\/23\/trilhas-de-futuro-alcanca-marca-historica-de-100-mil-profissionais-formados-em-minas-gerais\/","title":{"rendered":"Trilhas de Futuro alcan\u00e7a marca hist\u00f3rica de 100 mil profissionais formados em Minas Gerais"},"content":{"rendered":"<div class=\"lavra-antes-do-conteudo_2\" id=\"lavra-1448836916\"><div id=\"lavra-slider-27\" class=\"custom-slider lavra-slider-2755310961 lavra-slider\"><ul><li><div style=\"margin-left: auto;margin-right: auto;text-align: center;\" id=\"lavra-3680462923\"><a href=\"https:\/\/sistemas.lavras.mg.gov.br\/portalcidadao\/#df1b1a7c7b2a290bcb31e32771e610784662739a88807c0dacac58ede5f391a7530e299dc302d611ee73cb143fc22eaf93592e53e7b5bdb01b00a0b8d28dae460c141dd2ff83412e4dc1c31b16b25f33144a9e5620ea73b13f5bc1c59411d98439ad226e8af03840603796067d87afe130812cf3de24982d0e306f9e61e764e5\" aria-label=\"Lavras-TV&#8211;720x104px (1) (1)\"><img src=\"https:\/\/lavras.tv\/site\/wp-content\/uploads\/2025\/01\/Lavras-TV-720x104px-1-1.png\" alt=\"\"  srcset=\"https:\/\/lavras.tv\/site\/wp-content\/uploads\/2025\/01\/Lavras-TV-720x104px-1-1.png 720w, https:\/\/lavras.tv\/site\/wp-content\/uploads\/2025\/01\/Lavras-TV-720x104px-1-1-470x68.png 470w, https:\/\/lavras.tv\/site\/wp-content\/uploads\/2025\/01\/Lavras-TV-720x104px-1-1-170x25.png 170w, https:\/\/lavras.tv\/site\/wp-content\/uploads\/2025\/01\/Lavras-TV-720x104px-1-1-200x29.png 200w\" sizes=\"(max-width: 720px) 100vw, 720px\" width=\"720\" height=\"104\"  style=\"display: inline-block;\" \/><\/a><\/div><\/li><li><a href=\"https:\/\/sistemas.lavras.mg.gov.br\/portalcidadao\/#df1b1a7c7b2a290bcb31e32771e610784662739a88807c0dacac58ede5f391a7530e299dc302d611ee73cb143fc22eaf93592e53e7b5bdb01b00a0b8d28dae460c141dd2ff83412e4dc1c31b16b25f33144a9e5620ea73b13f5bc1c59411d98439ad226e8af03840603796067d87afe130812cf3de24982d0e306f9e61e764e5\" aria-label=\"Banner_Emprego_PortallavrasTV\"><img src=\"https:\/\/lavras.tv\/site\/wp-content\/uploads\/2025\/03\/Banner_Emprego_PortallavrasTV.png\" alt=\"\"  srcset=\"https:\/\/lavras.tv\/site\/wp-content\/uploads\/2025\/03\/Banner_Emprego_PortallavrasTV.png 720w, https:\/\/lavras.tv\/site\/wp-content\/uploads\/2025\/03\/Banner_Emprego_PortallavrasTV-470x68.png 470w, https:\/\/lavras.tv\/site\/wp-content\/uploads\/2025\/03\/Banner_Emprego_PortallavrasTV-170x25.png 170w, https:\/\/lavras.tv\/site\/wp-content\/uploads\/2025\/03\/Banner_Emprego_PortallavrasTV-200x29.png 200w\" sizes=\"(max-width: 720px) 100vw, 720px\" width=\"720\" height=\"104\"   \/><\/a><\/li><li><a href=\"https:\/\/sistemas.lavras.mg.gov.br\/portalcidadao\/#df1b1a7c7b2a290bcb31e32771e610784662739a88807c0dacac58ede5f391a7530e299dc302d611ee73cb143fc22eaf93592e53e7b5bdb01b00a0b8d28dae460c141dd2ff83412e4dc1c31b16b25f33144a9e5620ea73b13f5bc1c59411d98439ad226e8af03840603796067d87afe130812cf3de24982d0e306f9e61e764e5\" aria-label=\"Banner_Obras_PortallavrasTV\"><img src=\"https:\/\/lavras.tv\/site\/wp-content\/uploads\/2025\/03\/Banner_Obras_PortallavrasTV.png\" alt=\"\"  srcset=\"https:\/\/lavras.tv\/site\/wp-content\/uploads\/2025\/03\/Banner_Obras_PortallavrasTV.png 720w, https:\/\/lavras.tv\/site\/wp-content\/uploads\/2025\/03\/Banner_Obras_PortallavrasTV-470x68.png 470w, https:\/\/lavras.tv\/site\/wp-content\/uploads\/2025\/03\/Banner_Obras_PortallavrasTV-170x25.png 170w, https:\/\/lavras.tv\/site\/wp-content\/uploads\/2025\/03\/Banner_Obras_PortallavrasTV-200x29.png 200w\" sizes=\"(max-width: 720px) 100vw, 720px\" width=\"720\" height=\"104\"   \/><\/a><\/li><li><div style=\"margin-left: auto;margin-right: auto;text-align: center;\" id=\"lavra-2518814363\"><a href=\"https:\/\/sistemas.lavras.mg.gov.br\/portalcidadao\/#df1b1a7c7b2a290bcb31e32771e610784662739a88807c0dacac58ede5f391a7530e299dc302d611ee73cb143fc22eaf93592e53e7b5bdb01b00a0b8d28dae460c141dd2ff83412e4dc1c31b16b25f33144a9e5620ea73b13f5bc1c59411d98439ad226e8af03840603796067d87afe130812cf3de24982d0e306f9e61e764e5\" aria-label=\"Banner_Educa\u00e7\u00e3o_PortallavrasTV\"><img src=\"https:\/\/lavras.tv\/site\/wp-content\/uploads\/2025\/01\/Banner_Educacao_PortallavrasTV.png\" alt=\"\"  srcset=\"https:\/\/lavras.tv\/site\/wp-content\/uploads\/2025\/01\/Banner_Educacao_PortallavrasTV.png 720w, https:\/\/lavras.tv\/site\/wp-content\/uploads\/2025\/01\/Banner_Educacao_PortallavrasTV-470x68.png 470w, https:\/\/lavras.tv\/site\/wp-content\/uploads\/2025\/01\/Banner_Educacao_PortallavrasTV-170x25.png 170w, https:\/\/lavras.tv\/site\/wp-content\/uploads\/2025\/01\/Banner_Educacao_PortallavrasTV-200x29.png 200w\" sizes=\"(max-width: 720px) 100vw, 720px\" width=\"720\" height=\"104\"  style=\"display: inline-block;\" \/><\/a><\/div><\/li><li><a href=\"https:\/\/sistemas.lavras.mg.gov.br\/portalcidadao\/#df1b1a7c7b2a290bcb31e32771e610784662739a88807c0dacac58ede5f391a7530e299dc302d611ee73cb143fc22eaf93592e53e7b5bdb01b00a0b8d28dae460c141dd2ff83412e4dc1c31b16b25f33144a9e5620ea73b13f5bc1c59411d98439ad226e8af03840603796067d87afe130812cf3de24982d0e306f9e61e764e5\" aria-label=\"Banner_Sa\u00fade_PortallavrasTV\"><img src=\"https:\/\/lavras.tv\/site\/wp-content\/uploads\/2025\/03\/Banner_Saude_PortallavrasTV.png\" alt=\"\"  srcset=\"https:\/\/lavras.tv\/site\/wp-content\/uploads\/2025\/03\/Banner_Saude_PortallavrasTV.png 720w, https:\/\/lavras.tv\/site\/wp-content\/uploads\/2025\/03\/Banner_Saude_PortallavrasTV-470x68.png 470w, https:\/\/lavras.tv\/site\/wp-content\/uploads\/2025\/03\/Banner_Saude_PortallavrasTV-170x25.png 170w, https:\/\/lavras.tv\/site\/wp-content\/uploads\/2025\/03\/Banner_Saude_PortallavrasTV-200x29.png 200w\" sizes=\"(max-width: 720px) 100vw, 720px\" width=\"720\" height=\"104\"   \/><\/a><\/li><li><div id=\"lavra-3256188107\" style=\"width:720px;height:104px;background-color:#ddd;overflow:scroll;\">\n\t<strong>Sa\u00edda da depura\u00e7\u00e3o de an\u00fancios<\/strong>\n\t<br><br>\n\tO an\u00fancio n\u00e3o \u00e9 exibido na p\u00e1gina<br><br>post atual: Trilhas de Futuro alcan\u00e7a marca hist\u00f3rica de 100 mil profissionais formados em Minas Gerais, ID: 169432<br><br><span style=\"color: red;\">O post atual n\u00e3o \u00e9 id\u00eantico ao post principal.<\/span><br><br>An\u00fancios: ROXO - TOPO INTERNA - ROTATIVO 2 (197)<br \/>Grupo de an\u00fancios: Princ_Meio01_720x104 (27)<br><br>Condi\u00e7\u00f5es de exibi\u00e7\u00e3o<div style=\"margin-bottom: 20px; white-space: pre-wrap; font-family: monospace; width: 100%; background: #ffe9e9;\"><strong>condi\u00e7\u00f5es gerais<\/strong><table border=\"1\"><thead><tr><th><\/th><th>An\u00fancios<\/th><th>wp_the_query<\/th><\/tr><\/thead><tr><td>is_main_query<\/td><td>1<\/td><td>1<\/td><\/tr><tr><td>is_rest_api<\/td><td>0<\/td><td>1<\/td><\/tr><tr><td>page<\/td><td>0<\/td><td>1<\/td><\/tr><tr><td>numpages<\/td><td>0<\/td><td>1<\/td><\/tr><tr><td>is_archive<\/td><td>1<\/td><td><\/td><\/tr><tr><td>is_search<\/td><td>1<\/td><td><\/td><\/tr><tr><td>is_home<\/td><td>1<\/td><td><\/td><\/tr><tr><td>is_404<\/td><td>1<\/td><td><\/td><\/tr><tr><td>is_attachment<\/td><td>1<\/td><td><\/td><\/tr><tr><td>is_singular<\/td><td>1<\/td><td><\/td><\/tr><tr><td>is_front_page<\/td><td>1<\/td><td><\/td><\/tr><tr><td>is_feed<\/td><td>1<\/td><td><\/td><\/tr><\/table><\/div><br><br><span style=\"color: red;\">Seu site usa HTTPS, mas o c\u00f3digo do an\u00fancio cont\u00e9m HTTP e pode n\u00e3o funcionar.<\/span>\t<br><br>\n\t<a style=\"color: green;\" href=\"https:\/\/wpadvancedads.com\/manual\/ad-debug-mode\/?utm_source=advanced-ads&utm_medium=link&utm_campaign=ad-debug-mode\" target=\"_blank\" rel=\"nofollow\">Encontre solu\u00e7\u00f5es no manual<\/a>\n<\/div>\n<\/li><\/ul><\/div><script>( window.advanced_ads_ready || jQuery( document ).ready ).call( null, function() {var $lavraslider2755310961 = jQuery( \".lavra-slider-2755310961\" );$lavraslider2755310961.on( \"unslider.ready\", function() { jQuery( \"div.custom-slider ul li\" ).css( \"display\", \"block\" ); });$lavraslider2755310961.unslider({ delay:4000, autoplay:true, nav:false, arrows:false, infinite:true });$lavraslider2755310961.on(\"mouseover\", function() {$lavraslider2755310961.unslider(\"stop\");}).on(\"mouseout\", function() {$lavraslider2755310961.unslider(\"start\");});});<\/script><\/div>\n<h2 class=\"wp-block-heading\">Programa do Governo de Minas tem impacto direto na empregabilidade e gera\u00e7\u00e3o de oportunidades para os mineiros<\/h2>\n\n\n\n<figure class=\"wp-block-image\"><img decoding=\"async\" src=\"https:\/\/www.agenciaminas.mg.gov.br\/system\/news\/images\/000\/129\/074\/large\/_MG_8328_%281%29.jpg?1771007637\" alt=\"imagem de destaque\"\/><\/figure>\n\n\n\n<p>O&nbsp;<a href=\"https:\/\/www.trilhasdefuturo.mg.gov.br\/\" target=\"_blank\" rel=\"noreferrer noopener\">Trilhas de Futuro<\/a>, maior programa estadual em Educa\u00e7\u00e3o Profissional do Brasil na atualidade, alcan\u00e7ou um marco hist\u00f3rico: 100 mil estudantes j\u00e1 conclu\u00edram cursos t\u00e9cnicos gratuitos por meio da iniciativa.<\/p>\n\n\n\n<p>Criado pelo&nbsp;<a href=\"https:\/\/www.mg.gov.br\/\" target=\"_blank\" rel=\"noreferrer noopener\">Governo de Minas<\/a>, por meio da&nbsp;<a href=\"https:\/\/www.educacao.mg.gov.br\/\" target=\"_blank\" rel=\"noreferrer noopener\">Secretaria de Estado de Educa\u00e7\u00e3o (SEE\/MG)<\/a>, o programa amplia oportunidades, fortalece a empregabilidade e contribui diretamente para o desenvolvimento econ\u00f4mico e social do estado.<\/p>\n\n\n\n<p>O programa tamb\u00e9m fortalece parcerias com institui\u00e7\u00f5es de ensino e com o setor produtivo, promovendo inova\u00e7\u00e3o, qualifica\u00e7\u00e3o e gera\u00e7\u00e3o de oportunidades.<\/p>\n\n\n\n<p>\u201c\u00c9 um orgulho muito grande para nossa gest\u00e3o alcan\u00e7ar esta marca. O Trilhas de Futuro \u00e9 um programa refer\u00eancia em todo o Brasil, que tem o poder de transformar a realidade dos mineiros por meio da capacita\u00e7\u00e3o profissional e do emprego. Seguiremos trabalhando para que o Trilhas continue crescendo e forme muitos outros profissionais no nosso estado\u201d, diz o governador Romeu Zema.<\/p>\n\n\n\n<p>Atualmente em sua sexta edi\u00e7\u00e3o, o Trilhas de Futuro j\u00e1 soma mais de R$ 2 bilh\u00f5es em investimentos desde o seu lan\u00e7amento, consolidando-se como uma das maiores pol\u00edticas p\u00fablicas de qualifica\u00e7\u00e3o profissional do pa\u00eds. Desde 2021, o programa j\u00e1 ofereceu cerca de 374 mil vagas em cursos t\u00e9cnicos gratuitos em diversas \u00e1reas.<\/p>\n\n\n\n<p>Nesta edi\u00e7\u00e3o, est\u00e3o sendo disponibilizadas 50 mil vagas, distribu\u00eddas em 143 munic\u00edpios mineiros, com 98 op\u00e7\u00f5es de cursos t\u00e9cnicos, entre eles Farm\u00e1cia, Enfermagem, Inform\u00e1tica, Design Gr\u00e1fico e Edifica\u00e7\u00f5es, contemplando diferentes perfis e voca\u00e7\u00f5es regionais.<\/p>\n\n\n\n<p>\u201cO Trilhas \u00e9 um dos maiores motivos de orgulho meu e do governador Romeu Zema. Mais do que capacitarmos os jovens para exercerem atividades que realmente s\u00e3o demandadas pelo mercado de trabalho, permitimos que cada um escolha o curso que quer fazer. O resultado n\u00e3o poderia ser diferente: sucesso em todas as regi\u00f5es do Estado e mudan\u00e7a de vida para milhares de mineiros\u201d, avalia o vice-governador Mateus Sim\u00f5es.<\/p>\n\n\n\n<p>Atualmente, al\u00e9m dos 100 mil formados, o programa conta com mais de 115 mil estudantes em forma\u00e7\u00e3o, ampliando ainda mais o impacto da iniciativa em todo o estado.<\/p>\n\n\n\n<p>\u201cO alcance de 100 mil profissionais formados pelo Trilhas de Futuro mostra a for\u00e7a de uma pol\u00edtica p\u00fablica que transforma vidas por meio da educa\u00e7\u00e3o. Estamos falando de oportunidades reais para os jovens e trabalhadores mineiros, que passam a ter mais qualifica\u00e7\u00e3o e perspectivas de futuro\u201d, afirma a secret\u00e1ria de Estado de Educa\u00e7\u00e3o em exerc\u00edcio, Stephanie Carvalho.<\/p>\n\n\n\n<p><strong>Apoio para perman\u00eancia e conclus\u00e3o<\/strong><\/p>\n\n\n\n<p>Com presen\u00e7a em todas as regi\u00f5es de Minas Gerais, o programa tem transformado a realidade de milhares de estudantes, abrindo portas para o primeiro emprego, recoloca\u00e7\u00e3o profissional e aumento de renda.<\/p>\n\n\n\n<p>Para apoiar os estudos e garantir a perman\u00eancia, o programa oferece uma ajuda de custo de R$ 20 por dia para alimenta\u00e7\u00e3o e transporte, mediante comprova\u00e7\u00e3o de frequ\u00eancia nas aulas.<\/p>\n\n\n\n<p>Daniel Rodrigues, 19 anos, participou da quinta edi\u00e7\u00e3o do Trilhas de Futuro, fazendo o curso t\u00e9cnico em Administra\u00e7\u00e3o enquanto ainda estava no 3\u00ba ano do ensino m\u00e9dio. Sempre dedicado nas aulas, ele chamou a aten\u00e7\u00e3o da institui\u00e7\u00e3o onde estudava, a Conhecer Escola T\u00e9cnica, que realizou um processo seletivo e o contratou.<\/p>\n\n\n\n<p>Hoje, Daniel atua como auxiliar t\u00e9cnico na mesma escola, mostrando na pr\u00e1tica como o Trilhas de Futuro abre portas para oportunidades reais no mercado de trabalho.<\/p>\n\n\n\n<p>\u201cO Trilhas me proporcionou um acesso gratuito \u00e0 uma forma\u00e7\u00e3o t\u00e9cnica de qualidade, algo que talvez eu n\u00e3o conseguiria realizar naquele momento sem apoio do programa. Al\u00e9m disso, o aux\u00edlio para transporte e alimenta\u00e7\u00e3o foi fundamental para que eu pudesse permanecer no curso com tranquilidade e dedica\u00e7\u00e3o\u201d, afirma Daniel.<\/p>\n\n\n\n<p>Ele ressalta ainda que, com professores extremamente qualificados, aprendeu n\u00e3o apenas conte\u00fados t\u00e9cnicos, mas tamb\u00e9m ampliou sua vis\u00e3o sobre o funcionamento de empresas e o mercado de trabalho.<\/p>\n\n\n\n<p>\u201cO curso me deu perspectiva de futuro. Antecipou minha entrada no mercado e aumentou minhas chances de empregabilidade, e tamb\u00e9m me proporcionou autonomia financeira. Mais que um certificado, eu adquiri experi\u00eancia e postura profissional de confian\u00e7a\u201d, relata.<\/p>\n\n\n\n<p>A SEE\/MG segue investindo na expans\u00e3o e no aperfei\u00e7oamento do Trilhas de Futuro, reafirmando o compromisso do Governo de Minas com a forma\u00e7\u00e3o profissional, a empregabilidade e o desenvolvimento dos mineiros.<\/p>\n","protected":false},"excerpt":{"rendered":"<p>Programa do Governo de Minas tem impacto direto na empregabilidade e gera\u00e7\u00e3o de oportunidades para os mineiros O&nbsp;Trilhas de Futuro, maior programa estadual em Educa\u00e7\u00e3o Profissional do Brasil na atualidade, alcan\u00e7ou um marco hist\u00f3rico: 100 mil estudantes j\u00e1 conclu\u00edram cursos t\u00e9cnicos gratuitos por meio da iniciativa. Criado pelo&nbsp;Governo de Minas, por meio da&nbsp;Secretaria de Estado [&hellip;]<\/p>\n","protected":false},"author":5,"featured_media":169433,"comment_status":"closed","ping_status":"open","sticky":false,"template":"","format":"standard","meta":{"advgb_blocks_editor_width":"","advgb_blocks_columns_visual_guide":"","_exactmetrics_skip_tracking":false,"_exactmetrics_sitenote_active":false,"_exactmetrics_sitenote_note":"","_exactmetrics_sitenote_category":0,"footnotes":""},"categories":[7,2],"tags":[],"class_list":["post-169432","post","type-post","status-publish","format-standard","has-post-thumbnail","hentry","category-destaques","category-noticias"],"better_featured_image":{"id":169433,"alt_text":"","caption":"","description":"","media_type":"image","media_details":{"width":2400,"height":1600,"file":"2026\/02\/MG_8328_1.jpg","filesize":910171,"sizes":{"medium":{"file":"MG_8328_1-450x300.jpg","width":450,"height":300,"mime-type":"image\/jpeg","filesize":56282,"source_url":"https:\/\/lavras.tv\/site\/wp-content\/uploads\/2026\/02\/MG_8328_1-450x300.jpg"},"large":{"file":"MG_8328_1-970x647.jpg","width":970,"height":647,"mime-type":"image\/jpeg","filesize":145341,"source_url":"https:\/\/lavras.tv\/site\/wp-content\/uploads\/2026\/02\/MG_8328_1-970x647.jpg"},"thumbnail":{"file":"MG_8328_1-170x113.jpg","width":170,"height":113,"mime-type":"image\/jpeg","filesize":23520,"source_url":"https:\/\/lavras.tv\/site\/wp-content\/uploads\/2026\/02\/MG_8328_1-170x113.jpg"},"1536x1536":{"file":"MG_8328_1-1536x1024.jpg","width":1536,"height":1024,"mime-type":"image\/jpeg","filesize":275432,"source_url":"https:\/\/lavras.tv\/site\/wp-content\/uploads\/2026\/02\/MG_8328_1-1536x1024.jpg"},"2048x2048":{"file":"MG_8328_1-2048x1365.jpg","width":2048,"height":1365,"mime-type":"image\/jpeg","filesize":428272,"source_url":"https:\/\/lavras.tv\/site\/wp-content\/uploads\/2026\/02\/MG_8328_1-2048x1365.jpg"},"alm-thumbnail":{"file":"MG_8328_1-150x150.jpg","width":150,"height":150,"mime-type":"image\/jpeg","filesize":24085,"source_url":"https:\/\/lavras.tv\/site\/wp-content\/uploads\/2026\/02\/MG_8328_1-150x150.jpg"},"sow-carousel-default":{"file":"MG_8328_1-272x182.jpg","width":272,"height":182,"mime-type":"image\/jpeg","filesize":33345,"source_url":"https:\/\/lavras.tv\/site\/wp-content\/uploads\/2026\/02\/MG_8328_1-272x182.jpg"}},"image_meta":{"aperture":"6.3","credit":"","camera":"Canon EOS 6D Mark II","caption":"","created_timestamp":"1730926835","copyright":"","focal_length":"70","iso":"4000","shutter_speed":"0.00625","title":"","orientation":"0","keywords":[]}},"post":169432,"source_url":"https:\/\/lavras.tv\/site\/wp-content\/uploads\/2026\/02\/MG_8328_1.jpg"},"author_meta":{"display_name":"Vinicius Bustamante","author_link":"https:\/\/lavras.tv\/site\/author\/vinicius-bustamante\/"},"featured_img":"https:\/\/lavras.tv\/site\/wp-content\/uploads\/2026\/02\/MG_8328_1-450x300.jpg","coauthors":[],"tax_additional":{"categories":{"linked":["<a href=\"https:\/\/lavras.tv\/site\/category\/destaques\/\" class=\"advgb-post-tax-term\">Destaques<\/a>","<a href=\"https:\/\/lavras.tv\/site\/category\/noticias\/\" class=\"advgb-post-tax-term\">Not\u00edcias<\/a>"],"unlinked":["<span class=\"advgb-post-tax-term\">Destaques<\/span>","<span class=\"advgb-post-tax-term\">Not\u00edcias<\/span>"]}},"comment_count":"0","relative_dates":{"created":"Publicado 2 meses atr\u00e1s","modified":"Atualizado 2 meses atr\u00e1s"},"absolute_dates":{"created":"Publicado em 23 de fevereiro de 2026","modified":"Atualizado em 23 de fevereiro de 2026"},"absolute_dates_time":{"created":"Publicado em 23 de fevereiro de 2026 17:54","modified":"Atualizado em 23 de fevereiro de 2026 17:54"},"featured_img_caption":"","series_order":"","_links":{"self":[{"href":"https:\/\/lavras.tv\/site\/wp-json\/wp\/v2\/posts\/169432","targetHints":{"allow":["GET"]}}],"collection":[{"href":"https:\/\/lavras.tv\/site\/wp-json\/wp\/v2\/posts"}],"about":[{"href":"https:\/\/lavras.tv\/site\/wp-json\/wp\/v2\/types\/post"}],"author":[{"embeddable":true,"href":"https:\/\/lavras.tv\/site\/wp-json\/wp\/v2\/users\/5"}],"replies":[{"embeddable":true,"href":"https:\/\/lavras.tv\/site\/wp-json\/wp\/v2\/comments?post=169432"}],"version-history":[{"count":1,"href":"https:\/\/lavras.tv\/site\/wp-json\/wp\/v2\/posts\/169432\/revisions"}],"predecessor-version":[{"id":169434,"href":"https:\/\/lavras.tv\/site\/wp-json\/wp\/v2\/posts\/169432\/revisions\/169434"}],"wp:featuredmedia":[{"embeddable":true,"href":"https:\/\/lavras.tv\/site\/wp-json\/wp\/v2\/media\/169433"}],"wp:attachment":[{"href":"https:\/\/lavras.tv\/site\/wp-json\/wp\/v2\/media?parent=169432"}],"wp:term":[{"taxonomy":"category","embeddable":true,"href":"https:\/\/lavras.tv\/site\/wp-json\/wp\/v2\/categories?post=169432"},{"taxonomy":"post_tag","embeddable":true,"href":"https:\/\/lavras.tv\/site\/wp-json\/wp\/v2\/tags?post=169432"}],"curies":[{"name":"wp","href":"https:\/\/api.w.org\/{rel}","templated":true}]}}